{"id":20344,"date":"2012-11-27T00:00:00","date_gmt":"2012-11-27T00:00:00","guid":{"rendered":""},"modified":"-0001-11-30T00:00:00","modified_gmt":"-0001-11-30T03:00:00","slug":"atenc-o-professores-as-da-uerj","status":"publish","type":"post","link":"https:\/\/www.sinpro-rio.org.br\/principal\/atenc-o-professores-as-da-uerj\/","title":{"rendered":"Aten\u00e7\u00e3o, professores(as) da UERJ!"},"content":{"rendered":"\n<p>\n <em><br \/>\n  27\/11\/2012<br \/>\n <\/em>\n<\/p>\n<p>\n Os(as) professores(as) que lecionaram na Universidade do Estado do Rio de Janeiro (Uerj) no per\u00edodo de junho de 1989 a janeiro de 1990 t\u00eam o direito a<br \/>\nreceber um cr\u00e9dito trabalhista oriundo de a\u00e7\u00e3o movida pelo Sinpro-Rio, em 1989, na Justi\u00e7a do Trabalho. Mas para que o perito judicial possa concluir o c\u00e1lculo<br \/>\n que definir\u00e1 o valor a ser pago aos professores que trabalharam naquele per\u00edodo, precisamos identificar os docentes<br \/>\n <b><br \/>\n  que ainda n\u00e3o est\u00e3o relacionados no<br \/>\n processo<br \/>\n <\/b><br \/>\n . Quem n\u00e3o estiver identificado no processo ser\u00e1 exclu\u00eddo da apura\u00e7\u00e3o do cr\u00e9dito trabalhista devido. Portanto, os professores que trabalharam<br \/>\n naquele per\u00edodo dever\u00e3o proceder da seguinte forma, at\u00e9 o final de fevereiro de 2013:<\/p>\n<p>\n  a) Verifique se o seu nome consta da lista da rela\u00e7\u00e3o da A\u00e7\u00e3o \u201cSinpro-Rio x Uerj\u201d.<\/p>\n<p>\n   b) Caso o seu nome n\u00e3o esteja na lista, atrav\u00e9s do endere\u00e7o juridico@sinpro-rio.org.br, mande mensagem com os seguintes dados: nome, identidade, CPF, endere\u00e7o residencial e eletr\u00f4nico, per\u00edodo de atividade docente, faculdade, classifica\u00e7\u00e3o na carreira docente (auxiliar, assistente\/adjunto, titular) e a titula\u00e7\u00e3o no per\u00edodo de junho de 1989 a janeiro de 1990.<\/p>\n<p>\n    c) Na mensagem, o professor dever\u00e1 anexar, escaneada, a c\u00f3pia da carteira de trabalho ou qualquer declara\u00e7\u00e3o da Universidade que comprove o exerc\u00edcio da doc\u00eancia no per\u00edodo de junho de 1989 a janeiro de 1990 (este documento \u00e9 obrigat\u00f3rio).<br \/>\nCaso voc\u00ea tenha c\u00f3pia de pelo menos um ou mais contracheques recebidos no mesmo per\u00edodo, este(s) deve(m) ser remetido(s) juntamente com o documento obrigat\u00f3rio (os contracheques n\u00e3o s\u00e3o obrigat\u00f3rios).<\/p>\n<p>\n     d) Caso seja mais conveniente, o professor poder\u00e1 prestar estas informa\u00e7\u00f5es e entregar a documenta\u00e7\u00e3o na Sede do Sindicato: Rua Pedro Lessa, n\u00ba 35, 2\u00ba andar, Centro do Rio (procurar S\u00edlvia, Marcelo Luis ou os professores Rosi e Afonso Celso).\n    <\/p>\n<\/p>\n<\/p>\n<p>\n a) Verifique se o seu nome consta da lista da rela\u00e7\u00e3o da A\u00e7\u00e3o \u201cSinpro-Rio x Uerj\u201d.<\/p>\n<p>\n  b) Caso o seu nome n\u00e3o esteja na lista, atrav\u00e9s do endere\u00e7o juridico@sinpro-rio.org.br, mande mensagem com os seguintes dados: nome, identidade, CPF, endere\u00e7o residencial e eletr\u00f4nico, per\u00edodo de atividade docente, faculdade, classifica\u00e7\u00e3o na carreira docente (auxiliar, assistente\/adjunto, titular) e a titula\u00e7\u00e3o no per\u00edodo de junho de 1989 a janeiro de 1990.<\/p>\n<p>\n   c) Na mensagem, o professor dever\u00e1 anexar, escaneada, a c\u00f3pia da carteira de trabalho ou qualquer declara\u00e7\u00e3o da Universidade que comprove o exerc\u00edcio da doc\u00eancia no per\u00edodo de junho de 1989 a janeiro de 1990 (este documento \u00e9 obrigat\u00f3rio).<br \/>\nCaso voc\u00ea tenha c\u00f3pia de pelo menos um ou mais contracheques recebidos no mesmo per\u00edodo, este(s) deve(m) ser remetido(s) juntamente com o documento obrigat\u00f3rio (os contracheques n\u00e3o s\u00e3o obrigat\u00f3rios).<\/p>\n<p>\n    d) Caso seja mais conveniente, o professor poder\u00e1 prestar estas informa\u00e7\u00f5es e entregar a documenta\u00e7\u00e3o na Sede do Sindicato: Rua Pedro Lessa, n\u00ba 35, 2\u00ba andar, Centro do Rio (procurar S\u00edlvia, Marcelo Luis ou os professores Rosi e Afonso Celso).\n   <\/p>\n<\/p>\n<\/p>\n<p>\n b) Caso o seu nome n\u00e3o esteja na lista, atrav\u00e9s do endere\u00e7o juridico@sinpro-rio.org.br, mande mensagem com os seguintes dados: nome, identidade, CPF, endere\u00e7o residencial e eletr\u00f4nico, per\u00edodo de atividade docente, faculdade, classifica\u00e7\u00e3o na carreira docente (auxiliar, assistente\/adjunto, titular) e a titula\u00e7\u00e3o no per\u00edodo de junho de 1989 a janeiro de 1990.<\/p>\n<p>\n  c) Na mensagem, o professor dever\u00e1 anexar, escaneada, a c\u00f3pia da carteira de trabalho ou qualquer declara\u00e7\u00e3o da Universidade que comprove o exerc\u00edcio da doc\u00eancia no per\u00edodo de junho de 1989 a janeiro de 1990 (este documento \u00e9 obrigat\u00f3rio).<br \/>\nCaso voc\u00ea tenha c\u00f3pia de pelo menos um ou mais contracheques recebidos no mesmo per\u00edodo, este(s) deve(m) ser remetido(s) juntamente com o documento obrigat\u00f3rio (os contracheques n\u00e3o s\u00e3o obrigat\u00f3rios).<\/p>\n<p>\n   d) Caso seja mais conveniente, o professor poder\u00e1 prestar estas informa\u00e7\u00f5es e entregar a documenta\u00e7\u00e3o na Sede do Sindicato: Rua Pedro Lessa, n\u00ba 35, 2\u00ba andar, Centro do Rio (procurar S\u00edlvia, Marcelo Luis ou os professores Rosi e Afonso Celso).\n  <\/p>\n<\/p>\n<p>\n c) Na mensagem, o professor dever\u00e1 anexar, escaneada, a c\u00f3pia da carteira de trabalho ou qualquer declara\u00e7\u00e3o da Universidade que comprove o exerc\u00edcio da doc\u00eancia no per\u00edodo de junho de 1989 a janeiro de 1990 (este documento \u00e9 obrigat\u00f3rio).<br \/>\nCaso voc\u00ea tenha c\u00f3pia de pelo menos um ou mais contracheques recebidos no mesmo per\u00edodo, este(s) deve(m) ser remetido(s) juntamente com o documento obrigat\u00f3rio (os contracheques n\u00e3o s\u00e3o obrigat\u00f3rios).<\/p>\n<p>\n  d) Caso seja mais conveniente, o professor poder\u00e1 prestar estas informa\u00e7\u00f5es e entregar a documenta\u00e7\u00e3o na Sede do Sindicato: Rua Pedro Lessa, n\u00ba 35, 2\u00ba andar, Centro do Rio (procurar S\u00edlvia, Marcelo Luis ou os professores Rosi e Afonso Celso).\n <\/p>\n<\/p>\n<p>\n d) Caso seja mais conveniente, o professor poder\u00e1 prestar estas informa\u00e7\u00f5es e entregar a documenta\u00e7\u00e3o na Sede do Sindicato: Rua Pedro Lessa, n\u00ba 35, 2\u00ba andar, Centro do Rio (procurar S\u00edlvia, Marcelo Luis ou os professores Rosi e Afonso Celso).<\/p>\n","protected":false},"excerpt":{"rendered":"<p>27\/11\/2012 Os(as) professores(as) que lecionaram na Universidade do Estado do Rio de Janeiro (Uerj) no per\u00edodo de junho de 1989 a janeiro de 1990 t\u00eam o direito a receber um cr\u00e9dito trabalhista oriundo de a\u00e7\u00e3o movida pelo Sinpro-Rio, em 1989, na Justi\u00e7a do Trabalho. Mas para que o perito judicial possa concluir o c\u00e1lculo que [&hellip;]<\/p>\n","protected":false},"author":1,"featured_media":0,"comment_status":"closed","ping_status":"open","sticky":false,"template":"","format":"standard","meta":{"footnotes":""},"categories":[1],"tags":[],"class_list":["post-20344","post","type-post","status-publish","format-standard","hentry","category-noticias"],"yoast_head":"<!-- This site is optimized with the Yoast SEO plugin v25.7 - https:\/\/yoast.com\/wordpress\/plugins\/seo\/ -->\n<title>Aten\u00e7\u00e3o, professores(as) da UERJ! - Sinpro-Rio<\/title>\n<meta name=\"robots\" content=\"index, follow, max-snippet:-1, max-image-preview:large, max-video-preview:-1\" \/>\n<link rel=\"canonical\" href=\"https:\/\/www.sinpro-rio.org.br\/principal\/atenc-o-professores-as-da-uerj\/\" \/>\n<meta property=\"og:locale\" content=\"pt_BR\" \/>\n<meta property=\"og:type\" content=\"article\" \/>\n<meta property=\"og:title\" content=\"Aten\u00e7\u00e3o, professores(as) da UERJ! - Sinpro-Rio\" \/>\n<meta property=\"og:description\" content=\"27\/11\/2012 Os(as) professores(as) que lecionaram na Universidade do Estado do Rio de Janeiro (Uerj) no per\u00edodo de junho de 1989 a janeiro de 1990 t\u00eam o direito a receber um cr\u00e9dito trabalhista oriundo de a\u00e7\u00e3o movida pelo Sinpro-Rio, em 1989, na Justi\u00e7a do Trabalho. Mas para que o perito judicial possa concluir o c\u00e1lculo que [&hellip;]\" \/>\n<meta property=\"og:url\" content=\"https:\/\/www.sinpro-rio.org.br\/principal\/atenc-o-professores-as-da-uerj\/\" \/>\n<meta property=\"og:site_name\" content=\"Sinpro-Rio\" \/>\n<meta property=\"article:published_time\" content=\"2012-11-27T00:00:00+00:00\" \/>\n<meta name=\"author\" content=\"rafaelrjp\" \/>\n<meta name=\"twitter:card\" content=\"summary_large_image\" \/>\n<meta name=\"twitter:label1\" content=\"Escrito por\" \/>\n\t<meta name=\"twitter:data1\" content=\"rafaelrjp\" \/>\n\t<meta name=\"twitter:label2\" content=\"Est. tempo de leitura\" \/>\n\t<meta name=\"twitter:data2\" content=\"4 minutos\" \/>\n<script type=\"application\/ld+json\" class=\"yoast-schema-graph\">{\"@context\":\"https:\/\/schema.org\",\"@graph\":[{\"@type\":\"WebPage\",\"@id\":\"https:\/\/www.sinpro-rio.org.br\/principal\/atenc-o-professores-as-da-uerj\/\",\"url\":\"https:\/\/www.sinpro-rio.org.br\/principal\/atenc-o-professores-as-da-uerj\/\",\"name\":\"Aten\u00e7\u00e3o, professores(as) da UERJ! - Sinpro-Rio\",\"isPartOf\":{\"@id\":\"https:\/\/www.sinpro-rio.org.br\/principal\/#website\"},\"datePublished\":\"2012-11-27T00:00:00+00:00\",\"author\":{\"@id\":\"https:\/\/www.sinpro-rio.org.br\/principal\/#\/schema\/person\/49feb585a2f57a31a6bd9f16f78e5be6\"},\"breadcrumb\":{\"@id\":\"https:\/\/www.sinpro-rio.org.br\/principal\/atenc-o-professores-as-da-uerj\/#breadcrumb\"},\"inLanguage\":\"pt-BR\",\"potentialAction\":[{\"@type\":\"ReadAction\",\"target\":[\"https:\/\/www.sinpro-rio.org.br\/principal\/atenc-o-professores-as-da-uerj\/\"]}]},{\"@type\":\"BreadcrumbList\",\"@id\":\"https:\/\/www.sinpro-rio.org.br\/principal\/atenc-o-professores-as-da-uerj\/#breadcrumb\",\"itemListElement\":[{\"@type\":\"ListItem\",\"position\":1,\"name\":\"In\u00edcio\",\"item\":\"https:\/\/www.sinpro-rio.org.br\/principal\/\"},{\"@type\":\"ListItem\",\"position\":2,\"name\":\"Aten\u00e7\u00e3o, professores(as) da UERJ!\"}]},{\"@type\":\"WebSite\",\"@id\":\"https:\/\/www.sinpro-rio.org.br\/principal\/#website\",\"url\":\"https:\/\/www.sinpro-rio.org.br\/principal\/\",\"name\":\"Sinpro-Rio\",\"description\":\"Sindicato dos Professores do Munic\u00edpio do Rio de Janeiro e Regi\u00e3o\",\"potentialAction\":[{\"@type\":\"SearchAction\",\"target\":{\"@type\":\"EntryPoint\",\"urlTemplate\":\"https:\/\/www.sinpro-rio.org.br\/principal\/?s={search_term_string}\"},\"query-input\":{\"@type\":\"PropertyValueSpecification\",\"valueRequired\":true,\"valueName\":\"search_term_string\"}}],\"inLanguage\":\"pt-BR\"},{\"@type\":\"Person\",\"@id\":\"https:\/\/www.sinpro-rio.org.br\/principal\/#\/schema\/person\/49feb585a2f57a31a6bd9f16f78e5be6\",\"name\":\"rafaelrjp\",\"image\":{\"@type\":\"ImageObject\",\"inLanguage\":\"pt-BR\",\"@id\":\"https:\/\/www.sinpro-rio.org.br\/principal\/#\/schema\/person\/image\/\",\"url\":\"https:\/\/secure.gravatar.com\/avatar\/489371a0ba4655c340b519882c68cf68?s=96&d=mm&r=g\",\"contentUrl\":\"https:\/\/secure.gravatar.com\/avatar\/489371a0ba4655c340b519882c68cf68?s=96&d=mm&r=g\",\"caption\":\"rafaelrjp\"},\"url\":\"https:\/\/www.sinpro-rio.org.br\/principal\/author\/rafaelrjp\/\"}]}<\/script>\n<!-- \/ Yoast SEO plugin. -->","yoast_head_json":{"title":"Aten\u00e7\u00e3o, professores(as) da UERJ! - Sinpro-Rio","robots":{"index":"index","follow":"follow","max-snippet":"max-snippet:-1","max-image-preview":"max-image-preview:large","max-video-preview":"max-video-preview:-1"},"canonical":"https:\/\/www.sinpro-rio.org.br\/principal\/atenc-o-professores-as-da-uerj\/","og_locale":"pt_BR","og_type":"article","og_title":"Aten\u00e7\u00e3o, professores(as) da UERJ! - Sinpro-Rio","og_description":"27\/11\/2012 Os(as) professores(as) que lecionaram na Universidade do Estado do Rio de Janeiro (Uerj) no per\u00edodo de junho de 1989 a janeiro de 1990 t\u00eam o direito a receber um cr\u00e9dito trabalhista oriundo de a\u00e7\u00e3o movida pelo Sinpro-Rio, em 1989, na Justi\u00e7a do Trabalho. Mas para que o perito judicial possa concluir o c\u00e1lculo que [&hellip;]","og_url":"https:\/\/www.sinpro-rio.org.br\/principal\/atenc-o-professores-as-da-uerj\/","og_site_name":"Sinpro-Rio","article_published_time":"2012-11-27T00:00:00+00:00","author":"rafaelrjp","twitter_card":"summary_large_image","twitter_misc":{"Escrito por":"rafaelrjp","Est. tempo de leitura":"4 minutos"},"schema":{"@context":"https:\/\/schema.org","@graph":[{"@type":"WebPage","@id":"https:\/\/www.sinpro-rio.org.br\/principal\/atenc-o-professores-as-da-uerj\/","url":"https:\/\/www.sinpro-rio.org.br\/principal\/atenc-o-professores-as-da-uerj\/","name":"Aten\u00e7\u00e3o, professores(as) da UERJ! - Sinpro-Rio","isPartOf":{"@id":"https:\/\/www.sinpro-rio.org.br\/principal\/#website"},"datePublished":"2012-11-27T00:00:00+00:00","author":{"@id":"https:\/\/www.sinpro-rio.org.br\/principal\/#\/schema\/person\/49feb585a2f57a31a6bd9f16f78e5be6"},"breadcrumb":{"@id":"https:\/\/www.sinpro-rio.org.br\/principal\/atenc-o-professores-as-da-uerj\/#breadcrumb"},"inLanguage":"pt-BR","potentialAction":[{"@type":"ReadAction","target":["https:\/\/www.sinpro-rio.org.br\/principal\/atenc-o-professores-as-da-uerj\/"]}]},{"@type":"BreadcrumbList","@id":"https:\/\/www.sinpro-rio.org.br\/principal\/atenc-o-professores-as-da-uerj\/#breadcrumb","itemListElement":[{"@type":"ListItem","position":1,"name":"In\u00edcio","item":"https:\/\/www.sinpro-rio.org.br\/principal\/"},{"@type":"ListItem","position":2,"name":"Aten\u00e7\u00e3o, professores(as) da UERJ!"}]},{"@type":"WebSite","@id":"https:\/\/www.sinpro-rio.org.br\/principal\/#website","url":"https:\/\/www.sinpro-rio.org.br\/principal\/","name":"Sinpro-Rio","description":"Sindicato dos Professores do Munic\u00edpio do Rio de Janeiro e Regi\u00e3o","potentialAction":[{"@type":"SearchAction","target":{"@type":"EntryPoint","urlTemplate":"https:\/\/www.sinpro-rio.org.br\/principal\/?s={search_term_string}"},"query-input":{"@type":"PropertyValueSpecification","valueRequired":true,"valueName":"search_term_string"}}],"inLanguage":"pt-BR"},{"@type":"Person","@id":"https:\/\/www.sinpro-rio.org.br\/principal\/#\/schema\/person\/49feb585a2f57a31a6bd9f16f78e5be6","name":"rafaelrjp","image":{"@type":"ImageObject","inLanguage":"pt-BR","@id":"https:\/\/www.sinpro-rio.org.br\/principal\/#\/schema\/person\/image\/","url":"https:\/\/secure.gravatar.com\/avatar\/489371a0ba4655c340b519882c68cf68?s=96&d=mm&r=g","contentUrl":"https:\/\/secure.gravatar.com\/avatar\/489371a0ba4655c340b519882c68cf68?s=96&d=mm&r=g","caption":"rafaelrjp"},"url":"https:\/\/www.sinpro-rio.org.br\/principal\/author\/rafaelrjp\/"}]}},"_links":{"self":[{"href":"https:\/\/www.sinpro-rio.org.br\/principal\/wp-json\/wp\/v2\/posts\/20344","targetHints":{"allow":["GET"]}}],"collection":[{"href":"https:\/\/www.sinpro-rio.org.br\/principal\/wp-json\/wp\/v2\/posts"}],"about":[{"href":"https:\/\/www.sinpro-rio.org.br\/principal\/wp-json\/wp\/v2\/types\/post"}],"author":[{"embeddable":true,"href":"https:\/\/www.sinpro-rio.org.br\/principal\/wp-json\/wp\/v2\/users\/1"}],"replies":[{"embeddable":true,"href":"https:\/\/www.sinpro-rio.org.br\/principal\/wp-json\/wp\/v2\/comments?post=20344"}],"version-history":[{"count":0,"href":"https:\/\/www.sinpro-rio.org.br\/principal\/wp-json\/wp\/v2\/posts\/20344\/revisions"}],"wp:attachment":[{"href":"https:\/\/www.sinpro-rio.org.br\/principal\/wp-json\/wp\/v2\/media?parent=20344"}],"wp:term":[{"taxonomy":"category","embeddable":true,"href":"https:\/\/www.sinpro-rio.org.br\/principal\/wp-json\/wp\/v2\/categories?post=20344"},{"taxonomy":"post_tag","embeddable":true,"href":"https:\/\/www.sinpro-rio.org.br\/principal\/wp-json\/wp\/v2\/tags?post=20344"}],"curies":[{"name":"wp","href":"https:\/\/api.w.org\/{rel}","templated":true}]}}