{"id":20342,"date":"2012-11-27T00:00:00","date_gmt":"2012-11-27T00:00:00","guid":{"rendered":""},"modified":"-0001-11-30T00:00:00","modified_gmt":"-0001-11-30T03:00:00","slug":"iii-forum-itinerante-a-diversidade-humana-em-espacos-escolares-e-n-o-escolares-dias-07-e-08-12-no-sinpro-rio","status":"publish","type":"post","link":"https:\/\/www.sinpro-rio.org.br\/principal\/iii-forum-itinerante-a-diversidade-humana-em-espacos-escolares-e-n-o-escolares-dias-07-e-08-12-no-sinpro-rio\/","title":{"rendered":"III F\u00f3rum Itinerante: A Diversidade Humana em Espa\u00e7os Escolares e N\u00e3o Escolares, dias 07 e 08\/12, no Sinpro-Rio"},"content":{"rendered":"\n<p>\n <em><br \/>\n  27\/11\/2012<br \/>\n <\/em>\n<\/p>\n<p>\n Nos dias 07 e 08 de dezembro ser\u00e1 realizado na sede do Sinpro-Rio a 3\u00aa edi\u00e7\u00e3o do<br \/>\n <b><br \/>\n  F\u00f3rum Itinerante:  &#8220;A Diversidade Humana em Espa\u00e7os Escolares e N\u00e3o Escolares: dialogando sobre pr\u00e1ticas emancipat\u00f3rias em diferentes contextos educativos\u201d<br \/>\n <\/b><br \/>\n , sob a tem\u00e1tica \u201cEncontro e confrontos educacionais: Etnia, G\u00eaneros, Homoafetividade e Religi\u00e3o\u201d.\n<\/p>\n<p>\n <b><br \/>\n  Breve hist\u00f3rico<br \/>\n <\/b><br \/>\n <br \/>\n A ideia deste f\u00f3rum itinerante n\u00e3o \u00e9 nova. No final dos anos 80 e in\u00edcio dos 90, o Projeto Di\u00e1logo Entre Povos j\u00e1 realizava semin\u00e1rios descentralizados (no Rio de Janeiro, Niter\u00f3i, Nova Igua\u00e7u, Friburgo, Caxias) para discutir quest\u00f5es de g\u00eanero, cultura e etnia em rela\u00e7\u00e3o a educa\u00e7\u00e3o. Contudo, foi ap\u00f3s o grupo de trabalho \u201cEncontros e Confrontos  Educacionais: dialogando sobre pr\u00e1ticas emancipat\u00f3rias em diferentes contextos educativos\u201d, proposto \u00e0 comiss\u00e3o organizadora da ALAADAB (Associa\u00e7\u00e3o Latino-americana de Estudos Africanos e Asi\u00e1ticos do Brasil), em 2008, animadas pelo significativo n\u00famero de trabalhos inscritos neste GT, que tivemos a compreens\u00e3o da import\u00e2ncia da visibiliza\u00e7\u00e3o de a\u00e7\u00f5es pol\u00edtico-pedag\u00f3gicas que fortale\u00e7am nossa capacidade criativa e de mudan\u00e7a. Em 2009, realizamos o nosso primeiro encontro, na UERJ, abordando o tema \u201cA Diversidade nos Espa\u00e7os Educativos: quest\u00f5es de g\u00eanero, etnia, necessidades especiais, orienta\u00e7\u00e3o sexual, como trabalhar?\u201d, em 2010 realizamos o segundo com o tema Racismo, no Sinpro-Rio, com a parceria do LAESER e dentre muitos apoios, o da Unicef.<br \/>\n <br \/>\n Em 2012,outubro, voltamos a apresentar o GT Encontros e Confrontos Educacionais: dialogando sobre pr\u00e1ticas emancipat\u00f3rias em diferentes contextos educativos, agora na Alaada Argentina, Tuc\u00faman, e realizaremos o nosso terceiro f\u00f3rum.\n<\/p>\n<p>\n <b><br \/>\n  Justificativa<br \/>\n <\/b><br \/>\n <br \/>\n &#8211; A cren\u00e7a na educa\u00e7\u00e3o como pr\u00e1tica da liberdade;<br \/>\n <br \/>\n &#8211; A cren\u00e7a na mudan\u00e7a;<br \/>\n <br \/>\n &#8211; A cren\u00e7a na possibilidade de um mundo, de uma sociedade, de uma escola sem racismo, sem machismo, sem elitismo, sem viol\u00eancia, sem homofobia, sem intoler\u00e2ncia religiosa.\n<\/p>\n<p>\n <b><br \/>\n  Objetivos do f\u00f3rum:<br \/>\n <\/b><br \/>\n <br \/>\n &#8211; Promover um momento de informa\u00e7\u00e3o, forma\u00e7\u00e3o, troca e articula\u00e7\u00e3o entre profissionais de educa\u00e7\u00e3o voltados para a constru\u00e7\u00e3o de pr\u00e1ticas emancipat\u00f3rias n\u00e3o racistas e n\u00e3o excludentes da diversidade humana;<br \/>\n <br \/>\n &#8211; Promover debates peri\u00f3dicos acerca de pr\u00e1ticas emancipat\u00f3rias em espa\u00e7os formais e n\u00e3o formais de educa\u00e7\u00e3o, nos contextos do Brasil e demais pa\u00edses da Am\u00e9rica Latina e \u00c1frica e do mundo.<br \/>\n <br \/>\n &#8211; Observar e compreender realidades s\u00f3cio-culturais e educativas m\u00faltiplas, a fim de potencializar caminhos na perspectiva do fortalecimento de redes educacionais que ultrapassem vis\u00f5es societ\u00e1rias e civilizat\u00f3rias hegem\u00f4nicas e excludentes.<br \/>\n <br \/>\n &#8211; Fomentar a discuss\u00e3o, reflex\u00e3o, pr\u00e1ticas e forma\u00e7\u00e3o continuada livre, com profissionais comprometidos com um mundo sem racismo, machismo, homofobia, elitismo, etc.<br \/>\n <br \/>\n &#8211; Fortalecer a ideia de redes de comunica\u00e7\u00e3o entre profissionais de educa\u00e7\u00e3o (lista de discuss\u00e3o, site, etc.).\n<\/p>\n<p>\n <b><br \/>\n  O F\u00f3rum ser\u00e1 realizado em dois dias e possui hor\u00e1rios e programa\u00e7\u00e3o distintos:<br \/>\n <\/b>\n<\/p>\n<p>\n Dias: 07 e 08 de DEZEMBRO de 2012\n<\/p>\n<p>\n <b><br \/>\n  1\u00ba dia: Sexta-feira \u2013 07 de dezembro de 2012, de 9h \u00e0s 21h.<br \/>\n <\/b><\/p>\n<p> 9h \u2013 credenciamento<br \/>\n <br \/>\n 9h30 \u2013 Abertura com as institui\u00e7\u00f5es parceiras<br \/>\n <br \/>\n 9h45- Mesa de debate: Encontros e confrontos educacionais:<br \/>\n <br \/>\n Quest\u00f5es de g\u00eanero:Profa Ms Wania Santana<br \/>\n <br \/>\n Quest\u00f5es de etnia:Prof\u00aa Dra Denise Barata<br \/>\n <br \/>\n Quest\u00f5es de homoafetividade: Prof. Dr. Alexsandro Rodrigues<br \/>\n <br \/>\n Quest\u00f5es de religi\u00e3o.Prof Dr Luiz Antonio Cunha<br \/>\n <br \/>\n 13h30 &#8211; Apresenta\u00e7\u00f5es das COMUNICA\u00c7\u00d5ES \u201cDIALOGANDO SOBRE PR\u00c1TICAS EMANCIPAT\u00d3RIAS EM DIFERENTES CONTEXTOS EDUCATIVOS.\u201d<br \/>\n <br \/>\n 17h30 \u2013 Coquetel<br \/>\n <br \/>\n 18h \u2013 Conta\u00e7\u00e3o de hist\u00f3ria com Eliana Ribeiro<br \/>\n <br \/>\n 18h30 \u2013 Apresenta\u00e7\u00e3o musical do COLETIVO SONORO PAGUSOM E MULHERES DE PEDRA<br \/>\n <br \/>\n (Ingrid Oliveira \u2013 Hugo Rodrigues \u2013 Ana Magalh\u00e3es \u2013 Daiane Ramos \u2013 Livia Vidal &#8211; Roberta Costa)<br \/>\n <br \/>\n 19h \u2013 Confer\u00eancias INTEGRADAS: REINVENTANDO COTIDIANAMENTE A EDUCA\u00c7\u00c3O<br \/>\n <br \/>\n Prof\u00aa Dr\u00aa Regina Leite Garcia<br \/>\n <br \/>\n Prof Dr Julio Cesar Tavares<br \/>\n <br \/>\n Prof\u00aa Dr\u00aa Heloisa Pires<br \/>\n \n<\/p>\n<p>\n <b><br \/>\n  2\u00ba dia: S\u00e1bado \u2013 08 de dezembro de 2012, de 8h30 \u00e0s 13h<br \/>\n <\/b><\/p>\n<p> 9h \u2013 Caf\u00e9 da Manh\u00e3 Comunit\u00e1rio<br \/>\n <br \/>\n 9h30 &#8211; Apresenta\u00e7\u00f5es das Comunica\u00e7\u00f5es \u201cDIALOGANDO SOBRE PR\u00c1TICAS EMANCIPAT\u00d3RIAS EM DIFERENTES CONTEXTOS EDUCATIVOS\u201d<br \/>\n <br \/>\n 11h00 \u2013 Oficinas CONSTRUINDO FERRAMENTAS para atuar frente a altera\u00e7\u00f5es da Lei de Diretrizes e Bases da Educa\u00e7\u00e3o Nacional:<br \/>\n <br \/>\n 1. Corporeidade (Educa\u00e7\u00e3o F\u00edsica &#8211; Artigo 26 \u00a7 3\u00ba) &#8211; Profa Dra Rosa Malena Carvalho<br \/>\n <br \/>\n 2. Dimens\u00e3o Afroind\u00edgena (Hist\u00f3ria e Cultura Afro-Brasileira e Ind\u00edgena &#8211; Artigo 26 A) &#8211; .Profa Dra Maria Batista LIma<br \/>\n <br \/>\n 3. Direitos das crian\u00e7as e dos adolescentes (Estatuto da Crian\u00e7a e do Adolescente \u2013 artigo 32 \u00a7 5\u00ba) &#8211; Educador Cesar Marques<br \/>\n <br \/>\n 4. Religiosidade (O ensino religioso &#8211; Art. 33) -.Profa Dra Maria Consola\u00e7\u00e3o Lucinda<br \/>\n <br \/>\n 5. Pororoca de saberes ou quando os saberes se encontram &#8211; Profa Ms Eliana Ribeiro<br \/>\n <br \/>\n 13h30 \u2013 Encerramento com Dan\u00e7a da Paz. Facilitadora:Prof\u00aa Ms Denise Bloise e entrega dos certificados de participa\u00e7\u00e3o.<br \/>\n \n<\/p>\n<p>\n <b><br \/>\n  Informa\u00e7\u00f5es, solicita\u00e7\u00e3o de ficha de inscri\u00e7\u00e3o, assim como inscri\u00e7\u00e3o de COMUNICA\u00c7\u00d5ES e de ouvintes:<br \/>\n <\/b><br \/>\n <br \/>\n dialogoentrepovos@gmail.com ou pelo telefone da Escola do Professor \/Sinpro-Rio: (21)32623438\n<\/p>\n<p>\n Vale ressaltar que a<br \/>\n <b><br \/>\n  entrada \u00e9 franca<br \/>\n <\/b><br \/>\n , e as inscri\u00e7\u00f5es para participantes que n\u00e3o apresentar\u00e3o trabalho poder\u00e3o ser feitas no dia.\n<\/p>\n<p>\n A sede do Sinpro-Rio localiza-se \u00e0 Rua Pedro Lessa, 35, 3\u00ba andar \u2013 Centro \u2013 Rio de Janeiro<\/p>\n","protected":false},"excerpt":{"rendered":"<p>27\/11\/2012 Nos dias 07 e 08 de dezembro ser\u00e1 realizado na sede do Sinpro-Rio a 3\u00aa edi\u00e7\u00e3o do F\u00f3rum Itinerante: &#8220;A Diversidade Humana em Espa\u00e7os Escolares e N\u00e3o Escolares: dialogando sobre pr\u00e1ticas emancipat\u00f3rias em diferentes contextos educativos\u201d , sob a tem\u00e1tica \u201cEncontro e confrontos educacionais: Etnia, G\u00eaneros, Homoafetividade e Religi\u00e3o\u201d. Breve hist\u00f3rico A ideia deste [&hellip;]<\/p>\n","protected":false},"author":1,"featured_media":0,"comment_status":"closed","ping_status":"open","sticky":false,"template":"","format":"standard","meta":{"footnotes":""},"categories":[1],"tags":[],"class_list":["post-20342","post","type-post","status-publish","format-standard","hentry","category-noticias"],"yoast_head":"<!-- This site is optimized with the Yoast SEO plugin v25.7 - https:\/\/yoast.com\/wordpress\/plugins\/seo\/ -->\n<title>III F\u00f3rum Itinerante: A Diversidade Humana em Espa\u00e7os Escolares e N\u00e3o Escolares, dias 07 e 08\/12, no Sinpro-Rio - Sinpro-Rio<\/title>\n<meta name=\"robots\" content=\"index, follow, max-snippet:-1, max-image-preview:large, max-video-preview:-1\" \/>\n<link rel=\"canonical\" href=\"https:\/\/www.sinpro-rio.org.br\/principal\/iii-forum-itinerante-a-diversidade-humana-em-espacos-escolares-e-n-o-escolares-dias-07-e-08-12-no-sinpro-rio\/\" \/>\n<meta property=\"og:locale\" content=\"pt_BR\" \/>\n<meta property=\"og:type\" content=\"article\" \/>\n<meta property=\"og:title\" content=\"III F\u00f3rum Itinerante: A Diversidade Humana em Espa\u00e7os Escolares e N\u00e3o Escolares, dias 07 e 08\/12, no Sinpro-Rio - Sinpro-Rio\" \/>\n<meta property=\"og:description\" content=\"27\/11\/2012 Nos dias 07 e 08 de dezembro ser\u00e1 realizado na sede do Sinpro-Rio a 3\u00aa edi\u00e7\u00e3o do F\u00f3rum Itinerante: &#8220;A Diversidade Humana em Espa\u00e7os Escolares e N\u00e3o Escolares: dialogando sobre pr\u00e1ticas emancipat\u00f3rias em diferentes contextos educativos\u201d , sob a tem\u00e1tica \u201cEncontro e confrontos educacionais: Etnia, G\u00eaneros, Homoafetividade e Religi\u00e3o\u201d. Breve hist\u00f3rico A ideia deste [&hellip;]\" \/>\n<meta property=\"og:url\" content=\"https:\/\/www.sinpro-rio.org.br\/principal\/iii-forum-itinerante-a-diversidade-humana-em-espacos-escolares-e-n-o-escolares-dias-07-e-08-12-no-sinpro-rio\/\" \/>\n<meta property=\"og:site_name\" content=\"Sinpro-Rio\" \/>\n<meta property=\"article:published_time\" content=\"2012-11-27T00:00:00+00:00\" \/>\n<meta name=\"author\" content=\"rafaelrjp\" \/>\n<meta name=\"twitter:card\" content=\"summary_large_image\" \/>\n<meta name=\"twitter:label1\" content=\"Escrito por\" \/>\n\t<meta name=\"twitter:data1\" content=\"rafaelrjp\" \/>\n\t<meta name=\"twitter:label2\" content=\"Est. tempo de leitura\" \/>\n\t<meta name=\"twitter:data2\" content=\"4 minutos\" \/>\n<script type=\"application\/ld+json\" class=\"yoast-schema-graph\">{\"@context\":\"https:\/\/schema.org\",\"@graph\":[{\"@type\":\"WebPage\",\"@id\":\"https:\/\/www.sinpro-rio.org.br\/principal\/iii-forum-itinerante-a-diversidade-humana-em-espacos-escolares-e-n-o-escolares-dias-07-e-08-12-no-sinpro-rio\/\",\"url\":\"https:\/\/www.sinpro-rio.org.br\/principal\/iii-forum-itinerante-a-diversidade-humana-em-espacos-escolares-e-n-o-escolares-dias-07-e-08-12-no-sinpro-rio\/\",\"name\":\"III F\u00f3rum Itinerante: A Diversidade Humana em Espa\u00e7os Escolares e N\u00e3o Escolares, dias 07 e 08\/12, no Sinpro-Rio - Sinpro-Rio\",\"isPartOf\":{\"@id\":\"https:\/\/www.sinpro-rio.org.br\/principal\/#website\"},\"datePublished\":\"2012-11-27T00:00:00+00:00\",\"author\":{\"@id\":\"https:\/\/www.sinpro-rio.org.br\/principal\/#\/schema\/person\/49feb585a2f57a31a6bd9f16f78e5be6\"},\"breadcrumb\":{\"@id\":\"https:\/\/www.sinpro-rio.org.br\/principal\/iii-forum-itinerante-a-diversidade-humana-em-espacos-escolares-e-n-o-escolares-dias-07-e-08-12-no-sinpro-rio\/#breadcrumb\"},\"inLanguage\":\"pt-BR\",\"potentialAction\":[{\"@type\":\"ReadAction\",\"target\":[\"https:\/\/www.sinpro-rio.org.br\/principal\/iii-forum-itinerante-a-diversidade-humana-em-espacos-escolares-e-n-o-escolares-dias-07-e-08-12-no-sinpro-rio\/\"]}]},{\"@type\":\"BreadcrumbList\",\"@id\":\"https:\/\/www.sinpro-rio.org.br\/principal\/iii-forum-itinerante-a-diversidade-humana-em-espacos-escolares-e-n-o-escolares-dias-07-e-08-12-no-sinpro-rio\/#breadcrumb\",\"itemListElement\":[{\"@type\":\"ListItem\",\"position\":1,\"name\":\"In\u00edcio\",\"item\":\"https:\/\/www.sinpro-rio.org.br\/principal\/\"},{\"@type\":\"ListItem\",\"position\":2,\"name\":\"III F\u00f3rum Itinerante: A Diversidade Humana em Espa\u00e7os Escolares e N\u00e3o Escolares, dias 07 e 08\/12, no Sinpro-Rio\"}]},{\"@type\":\"WebSite\",\"@id\":\"https:\/\/www.sinpro-rio.org.br\/principal\/#website\",\"url\":\"https:\/\/www.sinpro-rio.org.br\/principal\/\",\"name\":\"Sinpro-Rio\",\"description\":\"Sindicato dos Professores do Munic\u00edpio do Rio de Janeiro e Regi\u00e3o\",\"potentialAction\":[{\"@type\":\"SearchAction\",\"target\":{\"@type\":\"EntryPoint\",\"urlTemplate\":\"https:\/\/www.sinpro-rio.org.br\/principal\/?s={search_term_string}\"},\"query-input\":{\"@type\":\"PropertyValueSpecification\",\"valueRequired\":true,\"valueName\":\"search_term_string\"}}],\"inLanguage\":\"pt-BR\"},{\"@type\":\"Person\",\"@id\":\"https:\/\/www.sinpro-rio.org.br\/principal\/#\/schema\/person\/49feb585a2f57a31a6bd9f16f78e5be6\",\"name\":\"rafaelrjp\",\"image\":{\"@type\":\"ImageObject\",\"inLanguage\":\"pt-BR\",\"@id\":\"https:\/\/www.sinpro-rio.org.br\/principal\/#\/schema\/person\/image\/\",\"url\":\"https:\/\/secure.gravatar.com\/avatar\/489371a0ba4655c340b519882c68cf68?s=96&d=mm&r=g\",\"contentUrl\":\"https:\/\/secure.gravatar.com\/avatar\/489371a0ba4655c340b519882c68cf68?s=96&d=mm&r=g\",\"caption\":\"rafaelrjp\"},\"url\":\"https:\/\/www.sinpro-rio.org.br\/principal\/author\/rafaelrjp\/\"}]}<\/script>\n<!-- \/ Yoast SEO plugin. -->","yoast_head_json":{"title":"III F\u00f3rum Itinerante: A Diversidade Humana em Espa\u00e7os Escolares e N\u00e3o Escolares, dias 07 e 08\/12, no Sinpro-Rio - Sinpro-Rio","robots":{"index":"index","follow":"follow","max-snippet":"max-snippet:-1","max-image-preview":"max-image-preview:large","max-video-preview":"max-video-preview:-1"},"canonical":"https:\/\/www.sinpro-rio.org.br\/principal\/iii-forum-itinerante-a-diversidade-humana-em-espacos-escolares-e-n-o-escolares-dias-07-e-08-12-no-sinpro-rio\/","og_locale":"pt_BR","og_type":"article","og_title":"III F\u00f3rum Itinerante: A Diversidade Humana em Espa\u00e7os Escolares e N\u00e3o Escolares, dias 07 e 08\/12, no Sinpro-Rio - Sinpro-Rio","og_description":"27\/11\/2012 Nos dias 07 e 08 de dezembro ser\u00e1 realizado na sede do Sinpro-Rio a 3\u00aa edi\u00e7\u00e3o do F\u00f3rum Itinerante: &#8220;A Diversidade Humana em Espa\u00e7os Escolares e N\u00e3o Escolares: dialogando sobre pr\u00e1ticas emancipat\u00f3rias em diferentes contextos educativos\u201d , sob a tem\u00e1tica \u201cEncontro e confrontos educacionais: Etnia, G\u00eaneros, Homoafetividade e Religi\u00e3o\u201d. Breve hist\u00f3rico A ideia deste [&hellip;]","og_url":"https:\/\/www.sinpro-rio.org.br\/principal\/iii-forum-itinerante-a-diversidade-humana-em-espacos-escolares-e-n-o-escolares-dias-07-e-08-12-no-sinpro-rio\/","og_site_name":"Sinpro-Rio","article_published_time":"2012-11-27T00:00:00+00:00","author":"rafaelrjp","twitter_card":"summary_large_image","twitter_misc":{"Escrito por":"rafaelrjp","Est. tempo de leitura":"4 minutos"},"schema":{"@context":"https:\/\/schema.org","@graph":[{"@type":"WebPage","@id":"https:\/\/www.sinpro-rio.org.br\/principal\/iii-forum-itinerante-a-diversidade-humana-em-espacos-escolares-e-n-o-escolares-dias-07-e-08-12-no-sinpro-rio\/","url":"https:\/\/www.sinpro-rio.org.br\/principal\/iii-forum-itinerante-a-diversidade-humana-em-espacos-escolares-e-n-o-escolares-dias-07-e-08-12-no-sinpro-rio\/","name":"III F\u00f3rum Itinerante: A Diversidade Humana em Espa\u00e7os Escolares e N\u00e3o Escolares, dias 07 e 08\/12, no Sinpro-Rio - Sinpro-Rio","isPartOf":{"@id":"https:\/\/www.sinpro-rio.org.br\/principal\/#website"},"datePublished":"2012-11-27T00:00:00+00:00","author":{"@id":"https:\/\/www.sinpro-rio.org.br\/principal\/#\/schema\/person\/49feb585a2f57a31a6bd9f16f78e5be6"},"breadcrumb":{"@id":"https:\/\/www.sinpro-rio.org.br\/principal\/iii-forum-itinerante-a-diversidade-humana-em-espacos-escolares-e-n-o-escolares-dias-07-e-08-12-no-sinpro-rio\/#breadcrumb"},"inLanguage":"pt-BR","potentialAction":[{"@type":"ReadAction","target":["https:\/\/www.sinpro-rio.org.br\/principal\/iii-forum-itinerante-a-diversidade-humana-em-espacos-escolares-e-n-o-escolares-dias-07-e-08-12-no-sinpro-rio\/"]}]},{"@type":"BreadcrumbList","@id":"https:\/\/www.sinpro-rio.org.br\/principal\/iii-forum-itinerante-a-diversidade-humana-em-espacos-escolares-e-n-o-escolares-dias-07-e-08-12-no-sinpro-rio\/#breadcrumb","itemListElement":[{"@type":"ListItem","position":1,"name":"In\u00edcio","item":"https:\/\/www.sinpro-rio.org.br\/principal\/"},{"@type":"ListItem","position":2,"name":"III F\u00f3rum Itinerante: A Diversidade Humana em Espa\u00e7os Escolares e N\u00e3o Escolares, dias 07 e 08\/12, no Sinpro-Rio"}]},{"@type":"WebSite","@id":"https:\/\/www.sinpro-rio.org.br\/principal\/#website","url":"https:\/\/www.sinpro-rio.org.br\/principal\/","name":"Sinpro-Rio","description":"Sindicato dos Professores do Munic\u00edpio do Rio de Janeiro e Regi\u00e3o","potentialAction":[{"@type":"SearchAction","target":{"@type":"EntryPoint","urlTemplate":"https:\/\/www.sinpro-rio.org.br\/principal\/?s={search_term_string}"},"query-input":{"@type":"PropertyValueSpecification","valueRequired":true,"valueName":"search_term_string"}}],"inLanguage":"pt-BR"},{"@type":"Person","@id":"https:\/\/www.sinpro-rio.org.br\/principal\/#\/schema\/person\/49feb585a2f57a31a6bd9f16f78e5be6","name":"rafaelrjp","image":{"@type":"ImageObject","inLanguage":"pt-BR","@id":"https:\/\/www.sinpro-rio.org.br\/principal\/#\/schema\/person\/image\/","url":"https:\/\/secure.gravatar.com\/avatar\/489371a0ba4655c340b519882c68cf68?s=96&d=mm&r=g","contentUrl":"https:\/\/secure.gravatar.com\/avatar\/489371a0ba4655c340b519882c68cf68?s=96&d=mm&r=g","caption":"rafaelrjp"},"url":"https:\/\/www.sinpro-rio.org.br\/principal\/author\/rafaelrjp\/"}]}},"_links":{"self":[{"href":"https:\/\/www.sinpro-rio.org.br\/principal\/wp-json\/wp\/v2\/posts\/20342","targetHints":{"allow":["GET"]}}],"collection":[{"href":"https:\/\/www.sinpro-rio.org.br\/principal\/wp-json\/wp\/v2\/posts"}],"about":[{"href":"https:\/\/www.sinpro-rio.org.br\/principal\/wp-json\/wp\/v2\/types\/post"}],"author":[{"embeddable":true,"href":"https:\/\/www.sinpro-rio.org.br\/principal\/wp-json\/wp\/v2\/users\/1"}],"replies":[{"embeddable":true,"href":"https:\/\/www.sinpro-rio.org.br\/principal\/wp-json\/wp\/v2\/comments?post=20342"}],"version-history":[{"count":0,"href":"https:\/\/www.sinpro-rio.org.br\/principal\/wp-json\/wp\/v2\/posts\/20342\/revisions"}],"wp:attachment":[{"href":"https:\/\/www.sinpro-rio.org.br\/principal\/wp-json\/wp\/v2\/media?parent=20342"}],"wp:term":[{"taxonomy":"category","embeddable":true,"href":"https:\/\/www.sinpro-rio.org.br\/principal\/wp-json\/wp\/v2\/categories?post=20342"},{"taxonomy":"post_tag","embeddable":true,"href":"https:\/\/www.sinpro-rio.org.br\/principal\/wp-json\/wp\/v2\/tags?post=20342"}],"curies":[{"name":"wp","href":"https:\/\/api.w.org\/{rel}","templated":true}]}}