{"id":20341,"date":"2012-11-28T00:00:00","date_gmt":"2012-11-28T00:00:00","guid":{"rendered":""},"modified":"-0001-11-30T00:00:00","modified_gmt":"-0001-11-30T03:00:00","slug":"proxima-edic-o-do-forum-permanente-de-educac-o-infantil-do-rio-de-janeiro-realizara-assembleia","status":"publish","type":"post","link":"https:\/\/www.sinpro-rio.org.br\/principal\/proxima-edic-o-do-forum-permanente-de-educac-o-infantil-do-rio-de-janeiro-realizara-assembleia\/","title":{"rendered":"Pr\u00f3xima edi\u00e7\u00e3o do F\u00f3rum Permanente de Educa\u00e7\u00e3o Infantil do Rio de Janeiro realizar\u00e1 Assembleia"},"content":{"rendered":"\n<p>\n <em><br \/>\n  28\/11\/2012<br \/>\n <\/em>\n<\/p>\n<p>\n A pr\u00f3xima edi\u00e7\u00e3o do F\u00f3rum Permanente de Educa\u00e7\u00e3o Infantil do Rio de Janeiro (FPEI\/RJ) ocorrer\u00e1 no dia 04 de dezembro, \u00e0s 14h, na sede do Sinpro-Rio no Centro, sendo realizada nesta ocasi\u00e3o a Assembleia que debater\u00e1 assuntos pertinentes \u00e0 Educa\u00e7\u00e3o Infantil.\n<\/p>\n<p>\n <b><br \/>\n  Nesta Assembleia ser\u00e3o abordados os seguintes assuntos:<br \/>\n <\/b><\/p>\n<p> &#8211; A Primeira Inf\u00e2ncia e as Diretrizes Curriculares Nacionais de Educa\u00e7\u00e3o Infantil, com o professor Aristeo Leite (PUC -Rio e UERJ);<br \/>\n <br \/>\n &#8211; Carta Aberta aos munic\u00edpios do RJ (Apresenta\u00e7\u00e3o e aprova\u00e7\u00e3o);<br \/>\n <br \/>\n &#8211; Avalia\u00e7\u00e3o do ano de 2012 e planejamento 2013.\n<\/p>\n<p>\n \u00c9 importante ressaltar que o F\u00f3rum Permanente de Educa\u00e7\u00e3o Infantil do Rio de Janeiro, constitu\u00eddo em setembro de 1996, \u00e9 uma estrat\u00e9gia de trabalho pautada na articula\u00e7\u00e3o de institui\u00e7\u00f5es p\u00fablicas, organiza\u00e7\u00f5es n\u00e3o governamentais, professores, estudantes, pesquisadores, sindicalistas e educadores em geral preocupados em discutir e incidir na pol\u00edtica de educa\u00e7\u00e3o do nosso Pa\u00eds, em especial nas quest\u00f5es pertinentes \u00e0 Educa\u00e7\u00e3o Infantil. Sendo assim, a presen\u00e7a de todos \u00e9 fundamental e estimada para o F\u00f3rum.\n<\/p>\n<p>\n A sede do Sinpro-Rio localiza-se \u00e0 Rua Pedro Lessa, 35, Centro do Rio de Janeiro.<\/p>\n","protected":false},"excerpt":{"rendered":"<p>28\/11\/2012 A pr\u00f3xima edi\u00e7\u00e3o do F\u00f3rum Permanente de Educa\u00e7\u00e3o Infantil do Rio de Janeiro (FPEI\/RJ) ocorrer\u00e1 no dia 04 de dezembro, \u00e0s 14h, na sede do Sinpro-Rio no Centro, sendo realizada nesta ocasi\u00e3o a Assembleia que debater\u00e1 assuntos pertinentes \u00e0 Educa\u00e7\u00e3o Infantil. Nesta Assembleia ser\u00e3o abordados os seguintes assuntos: &#8211; A Primeira Inf\u00e2ncia e as [&hellip;]<\/p>\n","protected":false},"author":1,"featured_media":0,"comment_status":"closed","ping_status":"open","sticky":false,"template":"","format":"standard","meta":{"footnotes":""},"categories":[1],"tags":[],"class_list":["post-20341","post","type-post","status-publish","format-standard","hentry","category-noticias"],"yoast_head":"<!-- This site is optimized with the Yoast SEO plugin v25.7 - https:\/\/yoast.com\/wordpress\/plugins\/seo\/ -->\n<title>Pr\u00f3xima edi\u00e7\u00e3o do F\u00f3rum Permanente de Educa\u00e7\u00e3o Infantil do Rio de Janeiro realizar\u00e1 Assembleia - Sinpro-Rio<\/title>\n<meta name=\"robots\" content=\"index, follow, max-snippet:-1, max-image-preview:large, max-video-preview:-1\" \/>\n<link rel=\"canonical\" href=\"https:\/\/www.sinpro-rio.org.br\/principal\/proxima-edic-o-do-forum-permanente-de-educac-o-infantil-do-rio-de-janeiro-realizara-assembleia\/\" \/>\n<meta property=\"og:locale\" content=\"pt_BR\" \/>\n<meta property=\"og:type\" content=\"article\" \/>\n<meta property=\"og:title\" content=\"Pr\u00f3xima edi\u00e7\u00e3o do F\u00f3rum Permanente de Educa\u00e7\u00e3o Infantil do Rio de Janeiro realizar\u00e1 Assembleia - Sinpro-Rio\" \/>\n<meta property=\"og:description\" content=\"28\/11\/2012 A pr\u00f3xima edi\u00e7\u00e3o do F\u00f3rum Permanente de Educa\u00e7\u00e3o Infantil do Rio de Janeiro (FPEI\/RJ) ocorrer\u00e1 no dia 04 de dezembro, \u00e0s 14h, na sede do Sinpro-Rio no Centro, sendo realizada nesta ocasi\u00e3o a Assembleia que debater\u00e1 assuntos pertinentes \u00e0 Educa\u00e7\u00e3o Infantil. Nesta Assembleia ser\u00e3o abordados os seguintes assuntos: &#8211; A Primeira Inf\u00e2ncia e as [&hellip;]\" \/>\n<meta property=\"og:url\" content=\"https:\/\/www.sinpro-rio.org.br\/principal\/proxima-edic-o-do-forum-permanente-de-educac-o-infantil-do-rio-de-janeiro-realizara-assembleia\/\" \/>\n<meta property=\"og:site_name\" content=\"Sinpro-Rio\" \/>\n<meta property=\"article:published_time\" content=\"2012-11-28T00:00:00+00:00\" \/>\n<meta name=\"author\" content=\"rafaelrjp\" \/>\n<meta name=\"twitter:card\" content=\"summary_large_image\" \/>\n<meta name=\"twitter:label1\" content=\"Escrito por\" \/>\n\t<meta name=\"twitter:data1\" content=\"rafaelrjp\" \/>\n\t<meta name=\"twitter:label2\" content=\"Est. tempo de leitura\" \/>\n\t<meta name=\"twitter:data2\" content=\"1 minuto\" \/>\n<script type=\"application\/ld+json\" class=\"yoast-schema-graph\">{\"@context\":\"https:\/\/schema.org\",\"@graph\":[{\"@type\":\"WebPage\",\"@id\":\"https:\/\/www.sinpro-rio.org.br\/principal\/proxima-edic-o-do-forum-permanente-de-educac-o-infantil-do-rio-de-janeiro-realizara-assembleia\/\",\"url\":\"https:\/\/www.sinpro-rio.org.br\/principal\/proxima-edic-o-do-forum-permanente-de-educac-o-infantil-do-rio-de-janeiro-realizara-assembleia\/\",\"name\":\"Pr\u00f3xima edi\u00e7\u00e3o do F\u00f3rum Permanente de Educa\u00e7\u00e3o Infantil do Rio de Janeiro realizar\u00e1 Assembleia - Sinpro-Rio\",\"isPartOf\":{\"@id\":\"https:\/\/www.sinpro-rio.org.br\/principal\/#website\"},\"datePublished\":\"2012-11-28T00:00:00+00:00\",\"author\":{\"@id\":\"https:\/\/www.sinpro-rio.org.br\/principal\/#\/schema\/person\/49feb585a2f57a31a6bd9f16f78e5be6\"},\"breadcrumb\":{\"@id\":\"https:\/\/www.sinpro-rio.org.br\/principal\/proxima-edic-o-do-forum-permanente-de-educac-o-infantil-do-rio-de-janeiro-realizara-assembleia\/#breadcrumb\"},\"inLanguage\":\"pt-BR\",\"potentialAction\":[{\"@type\":\"ReadAction\",\"target\":[\"https:\/\/www.sinpro-rio.org.br\/principal\/proxima-edic-o-do-forum-permanente-de-educac-o-infantil-do-rio-de-janeiro-realizara-assembleia\/\"]}]},{\"@type\":\"BreadcrumbList\",\"@id\":\"https:\/\/www.sinpro-rio.org.br\/principal\/proxima-edic-o-do-forum-permanente-de-educac-o-infantil-do-rio-de-janeiro-realizara-assembleia\/#breadcrumb\",\"itemListElement\":[{\"@type\":\"ListItem\",\"position\":1,\"name\":\"In\u00edcio\",\"item\":\"https:\/\/www.sinpro-rio.org.br\/principal\/\"},{\"@type\":\"ListItem\",\"position\":2,\"name\":\"Pr\u00f3xima edi\u00e7\u00e3o do F\u00f3rum Permanente de Educa\u00e7\u00e3o Infantil do Rio de Janeiro realizar\u00e1 Assembleia\"}]},{\"@type\":\"WebSite\",\"@id\":\"https:\/\/www.sinpro-rio.org.br\/principal\/#website\",\"url\":\"https:\/\/www.sinpro-rio.org.br\/principal\/\",\"name\":\"Sinpro-Rio\",\"description\":\"Sindicato dos Professores do Munic\u00edpio do Rio de Janeiro e Regi\u00e3o\",\"potentialAction\":[{\"@type\":\"SearchAction\",\"target\":{\"@type\":\"EntryPoint\",\"urlTemplate\":\"https:\/\/www.sinpro-rio.org.br\/principal\/?s={search_term_string}\"},\"query-input\":{\"@type\":\"PropertyValueSpecification\",\"valueRequired\":true,\"valueName\":\"search_term_string\"}}],\"inLanguage\":\"pt-BR\"},{\"@type\":\"Person\",\"@id\":\"https:\/\/www.sinpro-rio.org.br\/principal\/#\/schema\/person\/49feb585a2f57a31a6bd9f16f78e5be6\",\"name\":\"rafaelrjp\",\"image\":{\"@type\":\"ImageObject\",\"inLanguage\":\"pt-BR\",\"@id\":\"https:\/\/www.sinpro-rio.org.br\/principal\/#\/schema\/person\/image\/\",\"url\":\"https:\/\/secure.gravatar.com\/avatar\/489371a0ba4655c340b519882c68cf68?s=96&d=mm&r=g\",\"contentUrl\":\"https:\/\/secure.gravatar.com\/avatar\/489371a0ba4655c340b519882c68cf68?s=96&d=mm&r=g\",\"caption\":\"rafaelrjp\"},\"url\":\"https:\/\/www.sinpro-rio.org.br\/principal\/author\/rafaelrjp\/\"}]}<\/script>\n<!-- \/ Yoast SEO plugin. -->","yoast_head_json":{"title":"Pr\u00f3xima edi\u00e7\u00e3o do F\u00f3rum Permanente de Educa\u00e7\u00e3o Infantil do Rio de Janeiro realizar\u00e1 Assembleia - Sinpro-Rio","robots":{"index":"index","follow":"follow","max-snippet":"max-snippet:-1","max-image-preview":"max-image-preview:large","max-video-preview":"max-video-preview:-1"},"canonical":"https:\/\/www.sinpro-rio.org.br\/principal\/proxima-edic-o-do-forum-permanente-de-educac-o-infantil-do-rio-de-janeiro-realizara-assembleia\/","og_locale":"pt_BR","og_type":"article","og_title":"Pr\u00f3xima edi\u00e7\u00e3o do F\u00f3rum Permanente de Educa\u00e7\u00e3o Infantil do Rio de Janeiro realizar\u00e1 Assembleia - Sinpro-Rio","og_description":"28\/11\/2012 A pr\u00f3xima edi\u00e7\u00e3o do F\u00f3rum Permanente de Educa\u00e7\u00e3o Infantil do Rio de Janeiro (FPEI\/RJ) ocorrer\u00e1 no dia 04 de dezembro, \u00e0s 14h, na sede do Sinpro-Rio no Centro, sendo realizada nesta ocasi\u00e3o a Assembleia que debater\u00e1 assuntos pertinentes \u00e0 Educa\u00e7\u00e3o Infantil. Nesta Assembleia ser\u00e3o abordados os seguintes assuntos: &#8211; A Primeira Inf\u00e2ncia e as [&hellip;]","og_url":"https:\/\/www.sinpro-rio.org.br\/principal\/proxima-edic-o-do-forum-permanente-de-educac-o-infantil-do-rio-de-janeiro-realizara-assembleia\/","og_site_name":"Sinpro-Rio","article_published_time":"2012-11-28T00:00:00+00:00","author":"rafaelrjp","twitter_card":"summary_large_image","twitter_misc":{"Escrito por":"rafaelrjp","Est. tempo de leitura":"1 minuto"},"schema":{"@context":"https:\/\/schema.org","@graph":[{"@type":"WebPage","@id":"https:\/\/www.sinpro-rio.org.br\/principal\/proxima-edic-o-do-forum-permanente-de-educac-o-infantil-do-rio-de-janeiro-realizara-assembleia\/","url":"https:\/\/www.sinpro-rio.org.br\/principal\/proxima-edic-o-do-forum-permanente-de-educac-o-infantil-do-rio-de-janeiro-realizara-assembleia\/","name":"Pr\u00f3xima edi\u00e7\u00e3o do F\u00f3rum Permanente de Educa\u00e7\u00e3o Infantil do Rio de Janeiro realizar\u00e1 Assembleia - Sinpro-Rio","isPartOf":{"@id":"https:\/\/www.sinpro-rio.org.br\/principal\/#website"},"datePublished":"2012-11-28T00:00:00+00:00","author":{"@id":"https:\/\/www.sinpro-rio.org.br\/principal\/#\/schema\/person\/49feb585a2f57a31a6bd9f16f78e5be6"},"breadcrumb":{"@id":"https:\/\/www.sinpro-rio.org.br\/principal\/proxima-edic-o-do-forum-permanente-de-educac-o-infantil-do-rio-de-janeiro-realizara-assembleia\/#breadcrumb"},"inLanguage":"pt-BR","potentialAction":[{"@type":"ReadAction","target":["https:\/\/www.sinpro-rio.org.br\/principal\/proxima-edic-o-do-forum-permanente-de-educac-o-infantil-do-rio-de-janeiro-realizara-assembleia\/"]}]},{"@type":"BreadcrumbList","@id":"https:\/\/www.sinpro-rio.org.br\/principal\/proxima-edic-o-do-forum-permanente-de-educac-o-infantil-do-rio-de-janeiro-realizara-assembleia\/#breadcrumb","itemListElement":[{"@type":"ListItem","position":1,"name":"In\u00edcio","item":"https:\/\/www.sinpro-rio.org.br\/principal\/"},{"@type":"ListItem","position":2,"name":"Pr\u00f3xima edi\u00e7\u00e3o do F\u00f3rum Permanente de Educa\u00e7\u00e3o Infantil do Rio de Janeiro realizar\u00e1 Assembleia"}]},{"@type":"WebSite","@id":"https:\/\/www.sinpro-rio.org.br\/principal\/#website","url":"https:\/\/www.sinpro-rio.org.br\/principal\/","name":"Sinpro-Rio","description":"Sindicato dos Professores do Munic\u00edpio do Rio de Janeiro e Regi\u00e3o","potentialAction":[{"@type":"SearchAction","target":{"@type":"EntryPoint","urlTemplate":"https:\/\/www.sinpro-rio.org.br\/principal\/?s={search_term_string}"},"query-input":{"@type":"PropertyValueSpecification","valueRequired":true,"valueName":"search_term_string"}}],"inLanguage":"pt-BR"},{"@type":"Person","@id":"https:\/\/www.sinpro-rio.org.br\/principal\/#\/schema\/person\/49feb585a2f57a31a6bd9f16f78e5be6","name":"rafaelrjp","image":{"@type":"ImageObject","inLanguage":"pt-BR","@id":"https:\/\/www.sinpro-rio.org.br\/principal\/#\/schema\/person\/image\/","url":"https:\/\/secure.gravatar.com\/avatar\/489371a0ba4655c340b519882c68cf68?s=96&d=mm&r=g","contentUrl":"https:\/\/secure.gravatar.com\/avatar\/489371a0ba4655c340b519882c68cf68?s=96&d=mm&r=g","caption":"rafaelrjp"},"url":"https:\/\/www.sinpro-rio.org.br\/principal\/author\/rafaelrjp\/"}]}},"_links":{"self":[{"href":"https:\/\/www.sinpro-rio.org.br\/principal\/wp-json\/wp\/v2\/posts\/20341","targetHints":{"allow":["GET"]}}],"collection":[{"href":"https:\/\/www.sinpro-rio.org.br\/principal\/wp-json\/wp\/v2\/posts"}],"about":[{"href":"https:\/\/www.sinpro-rio.org.br\/principal\/wp-json\/wp\/v2\/types\/post"}],"author":[{"embeddable":true,"href":"https:\/\/www.sinpro-rio.org.br\/principal\/wp-json\/wp\/v2\/users\/1"}],"replies":[{"embeddable":true,"href":"https:\/\/www.sinpro-rio.org.br\/principal\/wp-json\/wp\/v2\/comments?post=20341"}],"version-history":[{"count":0,"href":"https:\/\/www.sinpro-rio.org.br\/principal\/wp-json\/wp\/v2\/posts\/20341\/revisions"}],"wp:attachment":[{"href":"https:\/\/www.sinpro-rio.org.br\/principal\/wp-json\/wp\/v2\/media?parent=20341"}],"wp:term":[{"taxonomy":"category","embeddable":true,"href":"https:\/\/www.sinpro-rio.org.br\/principal\/wp-json\/wp\/v2\/categories?post=20341"},{"taxonomy":"post_tag","embeddable":true,"href":"https:\/\/www.sinpro-rio.org.br\/principal\/wp-json\/wp\/v2\/tags?post=20341"}],"curies":[{"name":"wp","href":"https:\/\/api.w.org\/{rel}","templated":true}]}}