{"id":20340,"date":"2012-11-29T00:00:00","date_gmt":"2012-11-29T00:00:00","guid":{"rendered":""},"modified":"-0001-11-30T00:00:00","modified_gmt":"-0001-11-30T03:00:00","slug":"assembleia-dos-professores-da-ugf-confira-aqui-as-deliberac-es-dos-docentes","status":"publish","type":"post","link":"https:\/\/www.sinpro-rio.org.br\/principal\/assembleia-dos-professores-da-ugf-confira-aqui-as-deliberac-es-dos-docentes\/","title":{"rendered":"Assembleia dos professores da UGF: confira aqui as delibera\u00e7\u00f5es dos docentes"},"content":{"rendered":"\n<p>\n <em><br \/>\n  29\/11\/2012<br \/>\n <\/em>\n<\/p>\n<p>\n Na Assembleia Geral Extraordin\u00e1ria dos professores da Universidade Gama Filho, realizada no dia 26 de novembro, no campus Piedade, decidiu-se:<\/p>\n<p>\n  &#8211; suspender a paralisa\u00e7\u00e3o;<br \/>\n  <br \/>\n  &#8211; elaborar um manifesto por escrito a ser encaminhado ao Grupo Galileo, expondo as prec\u00e1rias condi\u00e7\u00f5es de trabalho \u00e0s quais os professores est\u00e3o submetidos,  em conjunto com o manifesto elaborado pelos alunos atrav\u00e9s do CAMED;<br \/>\n  <br \/>\n  &#8211; orientar os professores a s\u00f3 lan\u00e7ar as notas ap\u00f3s o dia 10 de dezembro, aguardando o cumprimento do pagamento da 1\u00aa parcela do sal\u00e1rio de novembro;<br \/>\n  <br \/>\n  &#8211; marcar mobiliza\u00e7\u00e3o em conjunto com os alunos na frente da UGF Piedade, no dia 03 de dezembro, \u00e0s 11 horas,  seguida de reuni\u00e3o em que se exigir\u00e1 a presen\u00e7a dos novos dirigentes da Galileo para esclarecer as quest\u00f5es do funcionamento da Universidade Gama Filho.\n <\/p>\n<\/p>\n<p>\n &#8211; suspender a paralisa\u00e7\u00e3o;<br \/>\n <br \/>\n &#8211; elaborar um manifesto por escrito a ser encaminhado ao Grupo Galileo, expondo as prec\u00e1rias condi\u00e7\u00f5es de trabalho \u00e0s quais os professores est\u00e3o submetidos,  em conjunto com o manifesto elaborado pelos alunos atrav\u00e9s do CAMED;<br \/>\n <br \/>\n &#8211; orientar os professores a s\u00f3 lan\u00e7ar as notas ap\u00f3s o dia 10 de dezembro, aguardando o cumprimento do pagamento da 1\u00aa parcela do sal\u00e1rio de novembro;<br \/>\n <br \/>\n &#8211; marcar mobiliza\u00e7\u00e3o em conjunto com os alunos na frente da UGF Piedade, no dia 03 de dezembro, \u00e0s 11 horas,  seguida de reuni\u00e3o em que se exigir\u00e1 a presen\u00e7a dos novos dirigentes da Galileo para esclarecer as quest\u00f5es do funcionamento da Universidade Gama Filho.<\/p>\n","protected":false},"excerpt":{"rendered":"<p>29\/11\/2012 Na Assembleia Geral Extraordin\u00e1ria dos professores da Universidade Gama Filho, realizada no dia 26 de novembro, no campus Piedade, decidiu-se: &#8211; suspender a paralisa\u00e7\u00e3o; &#8211; elaborar um manifesto por escrito a ser encaminhado ao Grupo Galileo, expondo as prec\u00e1rias condi\u00e7\u00f5es de trabalho \u00e0s quais os professores est\u00e3o submetidos, em conjunto com o manifesto elaborado [&hellip;]<\/p>\n","protected":false},"author":1,"featured_media":0,"comment_status":"closed","ping_status":"open","sticky":false,"template":"","format":"standard","meta":{"footnotes":""},"categories":[1],"tags":[],"class_list":["post-20340","post","type-post","status-publish","format-standard","hentry","category-noticias"],"yoast_head":"<!-- This site is optimized with the Yoast SEO plugin v25.7 - https:\/\/yoast.com\/wordpress\/plugins\/seo\/ -->\n<title>Assembleia dos professores da UGF: confira aqui as delibera\u00e7\u00f5es dos docentes - Sinpro-Rio<\/title>\n<meta name=\"robots\" content=\"index, follow, max-snippet:-1, max-image-preview:large, max-video-preview:-1\" \/>\n<link rel=\"canonical\" href=\"https:\/\/www.sinpro-rio.org.br\/principal\/assembleia-dos-professores-da-ugf-confira-aqui-as-deliberac-es-dos-docentes\/\" \/>\n<meta property=\"og:locale\" content=\"pt_BR\" \/>\n<meta property=\"og:type\" content=\"article\" \/>\n<meta property=\"og:title\" content=\"Assembleia dos professores da UGF: confira aqui as delibera\u00e7\u00f5es dos docentes - Sinpro-Rio\" \/>\n<meta property=\"og:description\" content=\"29\/11\/2012 Na Assembleia Geral Extraordin\u00e1ria dos professores da Universidade Gama Filho, realizada no dia 26 de novembro, no campus Piedade, decidiu-se: &#8211; suspender a paralisa\u00e7\u00e3o; &#8211; elaborar um manifesto por escrito a ser encaminhado ao Grupo Galileo, expondo as prec\u00e1rias condi\u00e7\u00f5es de trabalho \u00e0s quais os professores est\u00e3o submetidos, em conjunto com o manifesto elaborado [&hellip;]\" \/>\n<meta property=\"og:url\" content=\"https:\/\/www.sinpro-rio.org.br\/principal\/assembleia-dos-professores-da-ugf-confira-aqui-as-deliberac-es-dos-docentes\/\" \/>\n<meta property=\"og:site_name\" content=\"Sinpro-Rio\" \/>\n<meta property=\"article:published_time\" content=\"2012-11-29T00:00:00+00:00\" \/>\n<meta name=\"author\" content=\"rafaelrjp\" \/>\n<meta name=\"twitter:card\" content=\"summary_large_image\" \/>\n<meta name=\"twitter:label1\" content=\"Escrito por\" \/>\n\t<meta name=\"twitter:data1\" content=\"rafaelrjp\" \/>\n\t<meta name=\"twitter:label2\" content=\"Est. tempo de leitura\" \/>\n\t<meta name=\"twitter:data2\" content=\"1 minuto\" \/>\n<script type=\"application\/ld+json\" class=\"yoast-schema-graph\">{\"@context\":\"https:\/\/schema.org\",\"@graph\":[{\"@type\":\"WebPage\",\"@id\":\"https:\/\/www.sinpro-rio.org.br\/principal\/assembleia-dos-professores-da-ugf-confira-aqui-as-deliberac-es-dos-docentes\/\",\"url\":\"https:\/\/www.sinpro-rio.org.br\/principal\/assembleia-dos-professores-da-ugf-confira-aqui-as-deliberac-es-dos-docentes\/\",\"name\":\"Assembleia dos professores da UGF: confira aqui as delibera\u00e7\u00f5es dos docentes - Sinpro-Rio\",\"isPartOf\":{\"@id\":\"https:\/\/www.sinpro-rio.org.br\/principal\/#website\"},\"datePublished\":\"2012-11-29T00:00:00+00:00\",\"author\":{\"@id\":\"https:\/\/www.sinpro-rio.org.br\/principal\/#\/schema\/person\/49feb585a2f57a31a6bd9f16f78e5be6\"},\"breadcrumb\":{\"@id\":\"https:\/\/www.sinpro-rio.org.br\/principal\/assembleia-dos-professores-da-ugf-confira-aqui-as-deliberac-es-dos-docentes\/#breadcrumb\"},\"inLanguage\":\"pt-BR\",\"potentialAction\":[{\"@type\":\"ReadAction\",\"target\":[\"https:\/\/www.sinpro-rio.org.br\/principal\/assembleia-dos-professores-da-ugf-confira-aqui-as-deliberac-es-dos-docentes\/\"]}]},{\"@type\":\"BreadcrumbList\",\"@id\":\"https:\/\/www.sinpro-rio.org.br\/principal\/assembleia-dos-professores-da-ugf-confira-aqui-as-deliberac-es-dos-docentes\/#breadcrumb\",\"itemListElement\":[{\"@type\":\"ListItem\",\"position\":1,\"name\":\"In\u00edcio\",\"item\":\"https:\/\/www.sinpro-rio.org.br\/principal\/\"},{\"@type\":\"ListItem\",\"position\":2,\"name\":\"Assembleia dos professores da UGF: confira aqui as delibera\u00e7\u00f5es dos docentes\"}]},{\"@type\":\"WebSite\",\"@id\":\"https:\/\/www.sinpro-rio.org.br\/principal\/#website\",\"url\":\"https:\/\/www.sinpro-rio.org.br\/principal\/\",\"name\":\"Sinpro-Rio\",\"description\":\"Sindicato dos Professores do Munic\u00edpio do Rio de Janeiro e Regi\u00e3o\",\"potentialAction\":[{\"@type\":\"SearchAction\",\"target\":{\"@type\":\"EntryPoint\",\"urlTemplate\":\"https:\/\/www.sinpro-rio.org.br\/principal\/?s={search_term_string}\"},\"query-input\":{\"@type\":\"PropertyValueSpecification\",\"valueRequired\":true,\"valueName\":\"search_term_string\"}}],\"inLanguage\":\"pt-BR\"},{\"@type\":\"Person\",\"@id\":\"https:\/\/www.sinpro-rio.org.br\/principal\/#\/schema\/person\/49feb585a2f57a31a6bd9f16f78e5be6\",\"name\":\"rafaelrjp\",\"image\":{\"@type\":\"ImageObject\",\"inLanguage\":\"pt-BR\",\"@id\":\"https:\/\/www.sinpro-rio.org.br\/principal\/#\/schema\/person\/image\/\",\"url\":\"https:\/\/secure.gravatar.com\/avatar\/489371a0ba4655c340b519882c68cf68?s=96&d=mm&r=g\",\"contentUrl\":\"https:\/\/secure.gravatar.com\/avatar\/489371a0ba4655c340b519882c68cf68?s=96&d=mm&r=g\",\"caption\":\"rafaelrjp\"},\"url\":\"https:\/\/www.sinpro-rio.org.br\/principal\/author\/rafaelrjp\/\"}]}<\/script>\n<!-- \/ Yoast SEO plugin. -->","yoast_head_json":{"title":"Assembleia dos professores da UGF: confira aqui as delibera\u00e7\u00f5es dos docentes - Sinpro-Rio","robots":{"index":"index","follow":"follow","max-snippet":"max-snippet:-1","max-image-preview":"max-image-preview:large","max-video-preview":"max-video-preview:-1"},"canonical":"https:\/\/www.sinpro-rio.org.br\/principal\/assembleia-dos-professores-da-ugf-confira-aqui-as-deliberac-es-dos-docentes\/","og_locale":"pt_BR","og_type":"article","og_title":"Assembleia dos professores da UGF: confira aqui as delibera\u00e7\u00f5es dos docentes - Sinpro-Rio","og_description":"29\/11\/2012 Na Assembleia Geral Extraordin\u00e1ria dos professores da Universidade Gama Filho, realizada no dia 26 de novembro, no campus Piedade, decidiu-se: &#8211; suspender a paralisa\u00e7\u00e3o; &#8211; elaborar um manifesto por escrito a ser encaminhado ao Grupo Galileo, expondo as prec\u00e1rias condi\u00e7\u00f5es de trabalho \u00e0s quais os professores est\u00e3o submetidos, em conjunto com o manifesto elaborado [&hellip;]","og_url":"https:\/\/www.sinpro-rio.org.br\/principal\/assembleia-dos-professores-da-ugf-confira-aqui-as-deliberac-es-dos-docentes\/","og_site_name":"Sinpro-Rio","article_published_time":"2012-11-29T00:00:00+00:00","author":"rafaelrjp","twitter_card":"summary_large_image","twitter_misc":{"Escrito por":"rafaelrjp","Est. tempo de leitura":"1 minuto"},"schema":{"@context":"https:\/\/schema.org","@graph":[{"@type":"WebPage","@id":"https:\/\/www.sinpro-rio.org.br\/principal\/assembleia-dos-professores-da-ugf-confira-aqui-as-deliberac-es-dos-docentes\/","url":"https:\/\/www.sinpro-rio.org.br\/principal\/assembleia-dos-professores-da-ugf-confira-aqui-as-deliberac-es-dos-docentes\/","name":"Assembleia dos professores da UGF: confira aqui as delibera\u00e7\u00f5es dos docentes - Sinpro-Rio","isPartOf":{"@id":"https:\/\/www.sinpro-rio.org.br\/principal\/#website"},"datePublished":"2012-11-29T00:00:00+00:00","author":{"@id":"https:\/\/www.sinpro-rio.org.br\/principal\/#\/schema\/person\/49feb585a2f57a31a6bd9f16f78e5be6"},"breadcrumb":{"@id":"https:\/\/www.sinpro-rio.org.br\/principal\/assembleia-dos-professores-da-ugf-confira-aqui-as-deliberac-es-dos-docentes\/#breadcrumb"},"inLanguage":"pt-BR","potentialAction":[{"@type":"ReadAction","target":["https:\/\/www.sinpro-rio.org.br\/principal\/assembleia-dos-professores-da-ugf-confira-aqui-as-deliberac-es-dos-docentes\/"]}]},{"@type":"BreadcrumbList","@id":"https:\/\/www.sinpro-rio.org.br\/principal\/assembleia-dos-professores-da-ugf-confira-aqui-as-deliberac-es-dos-docentes\/#breadcrumb","itemListElement":[{"@type":"ListItem","position":1,"name":"In\u00edcio","item":"https:\/\/www.sinpro-rio.org.br\/principal\/"},{"@type":"ListItem","position":2,"name":"Assembleia dos professores da UGF: confira aqui as delibera\u00e7\u00f5es dos docentes"}]},{"@type":"WebSite","@id":"https:\/\/www.sinpro-rio.org.br\/principal\/#website","url":"https:\/\/www.sinpro-rio.org.br\/principal\/","name":"Sinpro-Rio","description":"Sindicato dos Professores do Munic\u00edpio do Rio de Janeiro e Regi\u00e3o","potentialAction":[{"@type":"SearchAction","target":{"@type":"EntryPoint","urlTemplate":"https:\/\/www.sinpro-rio.org.br\/principal\/?s={search_term_string}"},"query-input":{"@type":"PropertyValueSpecification","valueRequired":true,"valueName":"search_term_string"}}],"inLanguage":"pt-BR"},{"@type":"Person","@id":"https:\/\/www.sinpro-rio.org.br\/principal\/#\/schema\/person\/49feb585a2f57a31a6bd9f16f78e5be6","name":"rafaelrjp","image":{"@type":"ImageObject","inLanguage":"pt-BR","@id":"https:\/\/www.sinpro-rio.org.br\/principal\/#\/schema\/person\/image\/","url":"https:\/\/secure.gravatar.com\/avatar\/489371a0ba4655c340b519882c68cf68?s=96&d=mm&r=g","contentUrl":"https:\/\/secure.gravatar.com\/avatar\/489371a0ba4655c340b519882c68cf68?s=96&d=mm&r=g","caption":"rafaelrjp"},"url":"https:\/\/www.sinpro-rio.org.br\/principal\/author\/rafaelrjp\/"}]}},"_links":{"self":[{"href":"https:\/\/www.sinpro-rio.org.br\/principal\/wp-json\/wp\/v2\/posts\/20340","targetHints":{"allow":["GET"]}}],"collection":[{"href":"https:\/\/www.sinpro-rio.org.br\/principal\/wp-json\/wp\/v2\/posts"}],"about":[{"href":"https:\/\/www.sinpro-rio.org.br\/principal\/wp-json\/wp\/v2\/types\/post"}],"author":[{"embeddable":true,"href":"https:\/\/www.sinpro-rio.org.br\/principal\/wp-json\/wp\/v2\/users\/1"}],"replies":[{"embeddable":true,"href":"https:\/\/www.sinpro-rio.org.br\/principal\/wp-json\/wp\/v2\/comments?post=20340"}],"version-history":[{"count":0,"href":"https:\/\/www.sinpro-rio.org.br\/principal\/wp-json\/wp\/v2\/posts\/20340\/revisions"}],"wp:attachment":[{"href":"https:\/\/www.sinpro-rio.org.br\/principal\/wp-json\/wp\/v2\/media?parent=20340"}],"wp:term":[{"taxonomy":"category","embeddable":true,"href":"https:\/\/www.sinpro-rio.org.br\/principal\/wp-json\/wp\/v2\/categories?post=20340"},{"taxonomy":"post_tag","embeddable":true,"href":"https:\/\/www.sinpro-rio.org.br\/principal\/wp-json\/wp\/v2\/tags?post=20340"}],"curies":[{"name":"wp","href":"https:\/\/api.w.org\/{rel}","templated":true}]}}