{"id":20338,"date":"2012-12-04T00:00:00","date_gmt":"2012-12-04T00:00:00","guid":{"rendered":""},"modified":"2023-07-07T14:49:37","modified_gmt":"2023-07-07T17:49:37","slug":"primeira-assembleia-da-educac-o-superior-eixos-da-campanha-salarial-2013-aprovados-e-calendario-de-lutas-e-nova-assembleia-marcados","status":"publish","type":"post","link":"https:\/\/www.sinpro-rio.org.br\/principal\/primeira-assembleia-da-educac-o-superior-eixos-da-campanha-salarial-2013-aprovados-e-calendario-de-lutas-e-nova-assembleia-marcados\/","title":{"rendered":"Primeira assembleia da Educa\u00e7\u00e3o Superior: eixos da Campanha Salarial 2013 aprovados e calend\u00e1rio de lutas e nova assembleia marcados"},"content":{"rendered":"\n<p>\n <em><br \/>\n  04\/12\/2012<br \/>\n <\/em>\n<\/p>\n<p>\n O<br \/>\n <b><br \/>\n  Sinpro-Rio<br \/>\n <\/b><br \/>\n realizou na noite de ontem, dia 3 de dezembro, a primeira assembleia da Campanha Salarial 2013 da Educa\u00e7\u00e3o<br \/>\nSuperior. A assembleia formalizou e autorizou a antecipa\u00e7\u00e3o da campanha, que deve iniciar as negocia\u00e7\u00f5es parit\u00e1rias ainda este m\u00eas<br \/>\nvisando uma Conven\u00e7\u00e3o Coletiva de Trabalho bianual (2013-2014). Tamb\u00e9m foi aprovado um calend\u00e1rio de mobiliza\u00e7\u00e3o, a data da nova<br \/>\nassembleia e os eixos b\u00e1sicos que nortear\u00e3o as negocia\u00e7\u00f5es para a Educa\u00e7\u00e3o B\u00e1sica. Uma nova assembleia foi marcada para o dia 23 de<br \/>\nfevereiro, s\u00e1bado, \u00e0s 13h30, na sede do Sindicato.<\/p>\n<p>\n  <b><br \/>\n   Calend\u00e1rio de Lutas 2013<br \/>\n  <\/b><br \/>\n  <br \/>\n  Como parte das mobiliza\u00e7\u00f5es aprovadas pelos professores, est\u00e3o os seguintes atos p\u00fablicos:<br \/>\n  <br \/>\n  &#8211; 03\/03, domingo, \u00e0s 10 horas \u2013 4\u00aa Caminhada dos Professores, na orla da Zona Sul do Rio;<br \/>\n  <br \/>\n  &#8211; 17\/03, domingo, \u00e0s 10 horas \u2013 Parque de Madureira;<br \/>\n  <br \/>\n  &#8211; 27\/03, quarta-feira, \u00e0s 11 horas \u2013 Cal\u00e7ad\u00e3o de Campo Grande.<\/p>\n<p>\n   <b><br \/>\n    Eixos aprovados para a Educa\u00e7\u00e3o Superior:<br \/>\n   <\/b><br \/>\n   <br \/>\n   <b><br \/>\n    1 \u2013 Reajuste salarial com base no \u00cdndice Nacional de Pre\u00e7o ao Consumidor (INPC) completo, acrescido de ganho real;<br \/>\n   <\/b><br \/>\n   <br \/>\n   Esta proposta garante a pol\u00edtica de recomposi\u00e7\u00e3o com reajustes salariais acima da infla\u00e7\u00e3o acumulada no ano.<br \/>\n   <br \/>\n   <b><br \/>\n    2 \u2013 Manuten\u00e7\u00e3o das cl\u00e1usulas sociais pr\u00e9-existentes;<br \/>\n   <\/b><br \/>\n   <br \/>\n   Constantes da CCT 2012, sem propor nenhuma altera\u00e7\u00e3o, excetuando-se eventuais atualiaza\u00e7\u00f5es.<br \/>\n   <br \/>\n   <b><br \/>\n    3 \u2013 Cl\u00e1usulas novas:<br \/>\n   <\/b><br \/>\n   <br \/>\n   <b><br \/>\n    3.1 \u2013 Regulamenta\u00e7\u00e3o da EAD (uso de novas tecnologias);<br \/>\n   <\/b><br \/>\n   <br \/>\n   <b><br \/>\n    3.2 \u2013 Regulamenta\u00e7\u00e3o da P\u00f3s-gradua\u00e7\u00e3o Latu Sensu;<br \/>\n   <\/b><br \/>\n   <br \/>\n   <b><br \/>\n    3.3 \u2013 Regulamenta\u00e7\u00e3o do plano de cargos e sal\u00e1rios;<br \/>\n   <\/b><br \/>\n   <br \/>\n   <b><br \/>\n    3.4 \u2013 Condi\u00e7\u00f5es de trabalho e sa\u00fade do professor<br \/>\n   <\/b><br \/>\n   <br \/>\n   <b><br \/>\n    4 &#8211; Contribui\u00e7\u00e3o Assistencial;<br \/>\n   <\/b><br \/>\n   <br \/>\n   Desconto de 3% sobre os sal\u00e1rios reajustados em 1\u00ba de abril de 2013. Com esta proposta o Sindicato assegura sua sustenta\u00e7\u00e3o financeira e manuten\u00e7\u00e3o dos projetos e campanhas em prol da categoria.\n  <\/p>\n<p>\n   Confira as fotos da Assembleia, clicando<br \/>\n   <a class=\"submenu\" href=\"http:\/\/www.sinprorio.pro.br\/site_antigo\/atualidades\/fotos-2012-dez-03-superior.php\"><br \/>\n    aqui<br \/>\n   <\/a><br \/>\n   .\n  <\/p>\n<\/p>\n<p>\n <b><br \/>\n  Calend\u00e1rio de Lutas 2013<br \/>\n <\/b><br \/>\n <br \/>\n Como parte das mobiliza\u00e7\u00f5es aprovadas pelos professores, est\u00e3o os seguintes atos p\u00fablicos:<br \/>\n <br \/>\n &#8211; 03\/03, domingo, \u00e0s 10 horas \u2013 4\u00aa Caminhada dos Professores, na orla da Zona Sul do Rio;<br \/>\n <br \/>\n &#8211; 17\/03, domingo, \u00e0s 10 horas \u2013 Parque de Madureira;<br \/>\n <br \/>\n &#8211; 27\/03, quarta-feira, \u00e0s 11 horas \u2013 Cal\u00e7ad\u00e3o de Campo Grande.<\/p>\n<p>\n  <b><br \/>\n   Eixos aprovados para a Educa\u00e7\u00e3o Superior:<br \/>\n  <\/b><br \/>\n  <br \/>\n  <b><br \/>\n   1 \u2013 Reajuste salarial com base no \u00cdndice Nacional de Pre\u00e7o ao Consumidor (INPC) completo, acrescido de ganho real;<br \/>\n  <\/b><br \/>\n  <br \/>\n  Esta proposta garante a pol\u00edtica de recomposi\u00e7\u00e3o com reajustes salariais acima da infla\u00e7\u00e3o acumulada no ano.<br \/>\n  <br \/>\n  <b><br \/>\n   2 \u2013 Manuten\u00e7\u00e3o das cl\u00e1usulas sociais pr\u00e9-existentes;<br \/>\n  <\/b><br \/>\n  <br \/>\n  Constantes da CCT 2012, sem propor nenhuma altera\u00e7\u00e3o, excetuando-se eventuais atualiaza\u00e7\u00f5es.<br \/>\n  <br \/>\n  <b><br \/>\n   3 \u2013 Cl\u00e1usulas novas:<br \/>\n  <\/b><br \/>\n  <br \/>\n  <b><br \/>\n   3.1 \u2013 Regulamenta\u00e7\u00e3o da EAD (uso de novas tecnologias);<br \/>\n  <\/b><br \/>\n  <br \/>\n  <b><br \/>\n   3.2 \u2013 Regulamenta\u00e7\u00e3o da P\u00f3s-gradua\u00e7\u00e3o Latu Sensu;<br \/>\n  <\/b><br \/>\n  <br \/>\n  <b><br \/>\n   3.3 \u2013 Regulamenta\u00e7\u00e3o do plano de cargos e sal\u00e1rios;<br \/>\n  <\/b><br \/>\n  <br \/>\n  <b><br \/>\n   3.4 \u2013 Condi\u00e7\u00f5es de trabalho e sa\u00fade do professor<br \/>\n  <\/b><br \/>\n  <br \/>\n  <b><br \/>\n   4 &#8211; Contribui\u00e7\u00e3o Assistencial;<br \/>\n  <\/b><br \/>\n  <br \/>\n  Desconto de 3% sobre os sal\u00e1rios reajustados em 1\u00ba de abril de 2013. Com esta proposta o Sindicato assegura sua sustenta\u00e7\u00e3o financeira e manuten\u00e7\u00e3o dos projetos e campanhas em prol da categoria.\n <\/p>\n<p>\n  Confira as fotos da Assembleia, clicando<br \/>\n  <a class=\"submenu\" href=\"http:\/\/www.sinprorio.pro.br\/site_antigo\/atualidades\/fotos-2012-dez-03-superior.php\"><br \/>\n   aqui<br \/>\n  <\/a><br \/>\n  .\n <\/p>\n<\/p>\n<p>\n <b><br \/>\n  Eixos aprovados para a Educa\u00e7\u00e3o Superior:<br \/>\n <\/b><br \/>\n <br \/>\n <b><br \/>\n  1 \u2013 Reajuste salarial com base no \u00cdndice Nacional de Pre\u00e7o ao Consumidor (INPC) completo, acrescido de ganho real;<br \/>\n <\/b><br \/>\n <br \/>\n Esta proposta garante a pol\u00edtica de recomposi\u00e7\u00e3o com reajustes salariais acima da infla\u00e7\u00e3o acumulada no ano.<br \/>\n <br \/>\n <b><br \/>\n  2 \u2013 Manuten\u00e7\u00e3o das cl\u00e1usulas sociais pr\u00e9-existentes;<br \/>\n <\/b><br \/>\n <br \/>\n Constantes da CCT 2012, sem propor nenhuma altera\u00e7\u00e3o, excetuando-se eventuais atualiaza\u00e7\u00f5es.<br \/>\n <br \/>\n <b><br \/>\n  3 \u2013 Cl\u00e1usulas novas:<br \/>\n <\/b><br \/>\n <br \/>\n <b><br \/>\n  3.1 \u2013 Regulamenta\u00e7\u00e3o da EAD (uso de novas tecnologias);<br \/>\n <\/b><br \/>\n <br \/>\n <b><br \/>\n  3.2 \u2013 Regulamenta\u00e7\u00e3o da P\u00f3s-gradua\u00e7\u00e3o Latu Sensu;<br \/>\n <\/b><br \/>\n <br \/>\n <b><br \/>\n  3.3 \u2013 Regulamenta\u00e7\u00e3o do plano de cargos e sal\u00e1rios;<br \/>\n <\/b><br \/>\n <br \/>\n <b><br \/>\n  3.4 \u2013 Condi\u00e7\u00f5es de trabalho e sa\u00fade do professor<br \/>\n <\/b><br \/>\n <br \/>\n <b><br \/>\n  4 &#8211; Contribui\u00e7\u00e3o Assistencial;<br \/>\n <\/b><br \/>\n <br \/>\n Desconto de 3% sobre os sal\u00e1rios reajustados em 1\u00ba de abril de 2013. Com esta proposta o Sindicato assegura sua sustenta\u00e7\u00e3o financeira e manuten\u00e7\u00e3o dos projetos e campanhas em prol da categoria.\n<\/p>\n<p>\n Confira as fotos da Assembleia, clicando<br \/>\n <a class=\"submenu\" href=\"http:\/\/www.sinprorio.pro.br\/site_antigo\/atualidades\/fotos-2012-dez-03-superior.php\"><br \/>\n  aqui<br \/>\n <\/a><br \/>\n .<\/p>\n","protected":false},"excerpt":{"rendered":"<p>04\/12\/2012 O Sinpro-Rio realizou na noite de ontem, dia 3 de dezembro, a primeira assembleia da Campanha Salarial 2013 da Educa\u00e7\u00e3o Superior. A assembleia formalizou e autorizou a antecipa\u00e7\u00e3o da campanha, que deve iniciar as negocia\u00e7\u00f5es parit\u00e1rias ainda este m\u00eas visando uma Conven\u00e7\u00e3o Coletiva de Trabalho bianual (2013-2014). Tamb\u00e9m foi aprovado um calend\u00e1rio de mobiliza\u00e7\u00e3o, [&hellip;]<\/p>\n","protected":false},"author":1,"featured_media":0,"comment_status":"closed","ping_status":"open","sticky":false,"template":"","format":"standard","meta":{"footnotes":""},"categories":[1],"tags":[619],"class_list":["post-20338","post","type-post","status-publish","format-standard","hentry","category-noticias","tag-convencao-coletiva"],"yoast_head":"<!-- This site is optimized with the Yoast SEO plugin v25.7 - https:\/\/yoast.com\/wordpress\/plugins\/seo\/ -->\n<title>Primeira assembleia da Educa\u00e7\u00e3o Superior: eixos da Campanha Salarial 2013 aprovados e calend\u00e1rio de lutas e nova assembleia marcados - Sinpro-Rio<\/title>\n<meta name=\"robots\" content=\"index, follow, max-snippet:-1, max-image-preview:large, max-video-preview:-1\" \/>\n<link rel=\"canonical\" href=\"https:\/\/www.sinpro-rio.org.br\/principal\/primeira-assembleia-da-educac-o-superior-eixos-da-campanha-salarial-2013-aprovados-e-calendario-de-lutas-e-nova-assembleia-marcados\/\" \/>\n<meta property=\"og:locale\" content=\"pt_BR\" \/>\n<meta property=\"og:type\" content=\"article\" \/>\n<meta property=\"og:title\" content=\"Primeira assembleia da Educa\u00e7\u00e3o Superior: eixos da Campanha Salarial 2013 aprovados e calend\u00e1rio de lutas e nova assembleia marcados - Sinpro-Rio\" \/>\n<meta property=\"og:description\" content=\"04\/12\/2012 O Sinpro-Rio realizou na noite de ontem, dia 3 de dezembro, a primeira assembleia da Campanha Salarial 2013 da Educa\u00e7\u00e3o Superior. A assembleia formalizou e autorizou a antecipa\u00e7\u00e3o da campanha, que deve iniciar as negocia\u00e7\u00f5es parit\u00e1rias ainda este m\u00eas visando uma Conven\u00e7\u00e3o Coletiva de Trabalho bianual (2013-2014). Tamb\u00e9m foi aprovado um calend\u00e1rio de mobiliza\u00e7\u00e3o, [&hellip;]\" \/>\n<meta property=\"og:url\" content=\"https:\/\/www.sinpro-rio.org.br\/principal\/primeira-assembleia-da-educac-o-superior-eixos-da-campanha-salarial-2013-aprovados-e-calendario-de-lutas-e-nova-assembleia-marcados\/\" \/>\n<meta property=\"og:site_name\" content=\"Sinpro-Rio\" \/>\n<meta property=\"article:published_time\" content=\"2012-12-04T00:00:00+00:00\" \/>\n<meta property=\"article:modified_time\" content=\"2023-07-07T17:49:37+00:00\" \/>\n<meta name=\"author\" content=\"rafaelrjp\" \/>\n<meta name=\"twitter:card\" content=\"summary_large_image\" \/>\n<meta name=\"twitter:label1\" content=\"Escrito por\" \/>\n\t<meta name=\"twitter:data1\" content=\"rafaelrjp\" \/>\n\t<meta name=\"twitter:label2\" content=\"Est. tempo de leitura\" \/>\n\t<meta name=\"twitter:data2\" content=\"3 minutos\" \/>\n<script type=\"application\/ld+json\" class=\"yoast-schema-graph\">{\"@context\":\"https:\/\/schema.org\",\"@graph\":[{\"@type\":\"WebPage\",\"@id\":\"https:\/\/www.sinpro-rio.org.br\/principal\/primeira-assembleia-da-educac-o-superior-eixos-da-campanha-salarial-2013-aprovados-e-calendario-de-lutas-e-nova-assembleia-marcados\/\",\"url\":\"https:\/\/www.sinpro-rio.org.br\/principal\/primeira-assembleia-da-educac-o-superior-eixos-da-campanha-salarial-2013-aprovados-e-calendario-de-lutas-e-nova-assembleia-marcados\/\",\"name\":\"Primeira assembleia da Educa\u00e7\u00e3o Superior: eixos da Campanha Salarial 2013 aprovados e calend\u00e1rio de lutas e nova assembleia marcados - Sinpro-Rio\",\"isPartOf\":{\"@id\":\"https:\/\/www.sinpro-rio.org.br\/principal\/#website\"},\"datePublished\":\"2012-12-04T00:00:00+00:00\",\"dateModified\":\"2023-07-07T17:49:37+00:00\",\"author\":{\"@id\":\"https:\/\/www.sinpro-rio.org.br\/principal\/#\/schema\/person\/49feb585a2f57a31a6bd9f16f78e5be6\"},\"breadcrumb\":{\"@id\":\"https:\/\/www.sinpro-rio.org.br\/principal\/primeira-assembleia-da-educac-o-superior-eixos-da-campanha-salarial-2013-aprovados-e-calendario-de-lutas-e-nova-assembleia-marcados\/#breadcrumb\"},\"inLanguage\":\"pt-BR\",\"potentialAction\":[{\"@type\":\"ReadAction\",\"target\":[\"https:\/\/www.sinpro-rio.org.br\/principal\/primeira-assembleia-da-educac-o-superior-eixos-da-campanha-salarial-2013-aprovados-e-calendario-de-lutas-e-nova-assembleia-marcados\/\"]}]},{\"@type\":\"BreadcrumbList\",\"@id\":\"https:\/\/www.sinpro-rio.org.br\/principal\/primeira-assembleia-da-educac-o-superior-eixos-da-campanha-salarial-2013-aprovados-e-calendario-de-lutas-e-nova-assembleia-marcados\/#breadcrumb\",\"itemListElement\":[{\"@type\":\"ListItem\",\"position\":1,\"name\":\"In\u00edcio\",\"item\":\"https:\/\/www.sinpro-rio.org.br\/principal\/\"},{\"@type\":\"ListItem\",\"position\":2,\"name\":\"Primeira assembleia da Educa\u00e7\u00e3o Superior: eixos da Campanha Salarial 2013 aprovados e calend\u00e1rio de lutas e nova assembleia marcados\"}]},{\"@type\":\"WebSite\",\"@id\":\"https:\/\/www.sinpro-rio.org.br\/principal\/#website\",\"url\":\"https:\/\/www.sinpro-rio.org.br\/principal\/\",\"name\":\"Sinpro-Rio\",\"description\":\"Sindicato dos Professores do Munic\u00edpio do Rio de Janeiro e Regi\u00e3o\",\"potentialAction\":[{\"@type\":\"SearchAction\",\"target\":{\"@type\":\"EntryPoint\",\"urlTemplate\":\"https:\/\/www.sinpro-rio.org.br\/principal\/?s={search_term_string}\"},\"query-input\":{\"@type\":\"PropertyValueSpecification\",\"valueRequired\":true,\"valueName\":\"search_term_string\"}}],\"inLanguage\":\"pt-BR\"},{\"@type\":\"Person\",\"@id\":\"https:\/\/www.sinpro-rio.org.br\/principal\/#\/schema\/person\/49feb585a2f57a31a6bd9f16f78e5be6\",\"name\":\"rafaelrjp\",\"image\":{\"@type\":\"ImageObject\",\"inLanguage\":\"pt-BR\",\"@id\":\"https:\/\/www.sinpro-rio.org.br\/principal\/#\/schema\/person\/image\/\",\"url\":\"https:\/\/secure.gravatar.com\/avatar\/489371a0ba4655c340b519882c68cf68?s=96&d=mm&r=g\",\"contentUrl\":\"https:\/\/secure.gravatar.com\/avatar\/489371a0ba4655c340b519882c68cf68?s=96&d=mm&r=g\",\"caption\":\"rafaelrjp\"},\"url\":\"https:\/\/www.sinpro-rio.org.br\/principal\/author\/rafaelrjp\/\"}]}<\/script>\n<!-- \/ Yoast SEO plugin. -->","yoast_head_json":{"title":"Primeira assembleia da Educa\u00e7\u00e3o Superior: eixos da Campanha Salarial 2013 aprovados e calend\u00e1rio de lutas e nova assembleia marcados - Sinpro-Rio","robots":{"index":"index","follow":"follow","max-snippet":"max-snippet:-1","max-image-preview":"max-image-preview:large","max-video-preview":"max-video-preview:-1"},"canonical":"https:\/\/www.sinpro-rio.org.br\/principal\/primeira-assembleia-da-educac-o-superior-eixos-da-campanha-salarial-2013-aprovados-e-calendario-de-lutas-e-nova-assembleia-marcados\/","og_locale":"pt_BR","og_type":"article","og_title":"Primeira assembleia da Educa\u00e7\u00e3o Superior: eixos da Campanha Salarial 2013 aprovados e calend\u00e1rio de lutas e nova assembleia marcados - Sinpro-Rio","og_description":"04\/12\/2012 O Sinpro-Rio realizou na noite de ontem, dia 3 de dezembro, a primeira assembleia da Campanha Salarial 2013 da Educa\u00e7\u00e3o Superior. A assembleia formalizou e autorizou a antecipa\u00e7\u00e3o da campanha, que deve iniciar as negocia\u00e7\u00f5es parit\u00e1rias ainda este m\u00eas visando uma Conven\u00e7\u00e3o Coletiva de Trabalho bianual (2013-2014). Tamb\u00e9m foi aprovado um calend\u00e1rio de mobiliza\u00e7\u00e3o, [&hellip;]","og_url":"https:\/\/www.sinpro-rio.org.br\/principal\/primeira-assembleia-da-educac-o-superior-eixos-da-campanha-salarial-2013-aprovados-e-calendario-de-lutas-e-nova-assembleia-marcados\/","og_site_name":"Sinpro-Rio","article_published_time":"2012-12-04T00:00:00+00:00","article_modified_time":"2023-07-07T17:49:37+00:00","author":"rafaelrjp","twitter_card":"summary_large_image","twitter_misc":{"Escrito por":"rafaelrjp","Est. tempo de leitura":"3 minutos"},"schema":{"@context":"https:\/\/schema.org","@graph":[{"@type":"WebPage","@id":"https:\/\/www.sinpro-rio.org.br\/principal\/primeira-assembleia-da-educac-o-superior-eixos-da-campanha-salarial-2013-aprovados-e-calendario-de-lutas-e-nova-assembleia-marcados\/","url":"https:\/\/www.sinpro-rio.org.br\/principal\/primeira-assembleia-da-educac-o-superior-eixos-da-campanha-salarial-2013-aprovados-e-calendario-de-lutas-e-nova-assembleia-marcados\/","name":"Primeira assembleia da Educa\u00e7\u00e3o Superior: eixos da Campanha Salarial 2013 aprovados e calend\u00e1rio de lutas e nova assembleia marcados - Sinpro-Rio","isPartOf":{"@id":"https:\/\/www.sinpro-rio.org.br\/principal\/#website"},"datePublished":"2012-12-04T00:00:00+00:00","dateModified":"2023-07-07T17:49:37+00:00","author":{"@id":"https:\/\/www.sinpro-rio.org.br\/principal\/#\/schema\/person\/49feb585a2f57a31a6bd9f16f78e5be6"},"breadcrumb":{"@id":"https:\/\/www.sinpro-rio.org.br\/principal\/primeira-assembleia-da-educac-o-superior-eixos-da-campanha-salarial-2013-aprovados-e-calendario-de-lutas-e-nova-assembleia-marcados\/#breadcrumb"},"inLanguage":"pt-BR","potentialAction":[{"@type":"ReadAction","target":["https:\/\/www.sinpro-rio.org.br\/principal\/primeira-assembleia-da-educac-o-superior-eixos-da-campanha-salarial-2013-aprovados-e-calendario-de-lutas-e-nova-assembleia-marcados\/"]}]},{"@type":"BreadcrumbList","@id":"https:\/\/www.sinpro-rio.org.br\/principal\/primeira-assembleia-da-educac-o-superior-eixos-da-campanha-salarial-2013-aprovados-e-calendario-de-lutas-e-nova-assembleia-marcados\/#breadcrumb","itemListElement":[{"@type":"ListItem","position":1,"name":"In\u00edcio","item":"https:\/\/www.sinpro-rio.org.br\/principal\/"},{"@type":"ListItem","position":2,"name":"Primeira assembleia da Educa\u00e7\u00e3o Superior: eixos da Campanha Salarial 2013 aprovados e calend\u00e1rio de lutas e nova assembleia marcados"}]},{"@type":"WebSite","@id":"https:\/\/www.sinpro-rio.org.br\/principal\/#website","url":"https:\/\/www.sinpro-rio.org.br\/principal\/","name":"Sinpro-Rio","description":"Sindicato dos Professores do Munic\u00edpio do Rio de Janeiro e Regi\u00e3o","potentialAction":[{"@type":"SearchAction","target":{"@type":"EntryPoint","urlTemplate":"https:\/\/www.sinpro-rio.org.br\/principal\/?s={search_term_string}"},"query-input":{"@type":"PropertyValueSpecification","valueRequired":true,"valueName":"search_term_string"}}],"inLanguage":"pt-BR"},{"@type":"Person","@id":"https:\/\/www.sinpro-rio.org.br\/principal\/#\/schema\/person\/49feb585a2f57a31a6bd9f16f78e5be6","name":"rafaelrjp","image":{"@type":"ImageObject","inLanguage":"pt-BR","@id":"https:\/\/www.sinpro-rio.org.br\/principal\/#\/schema\/person\/image\/","url":"https:\/\/secure.gravatar.com\/avatar\/489371a0ba4655c340b519882c68cf68?s=96&d=mm&r=g","contentUrl":"https:\/\/secure.gravatar.com\/avatar\/489371a0ba4655c340b519882c68cf68?s=96&d=mm&r=g","caption":"rafaelrjp"},"url":"https:\/\/www.sinpro-rio.org.br\/principal\/author\/rafaelrjp\/"}]}},"_links":{"self":[{"href":"https:\/\/www.sinpro-rio.org.br\/principal\/wp-json\/wp\/v2\/posts\/20338","targetHints":{"allow":["GET"]}}],"collection":[{"href":"https:\/\/www.sinpro-rio.org.br\/principal\/wp-json\/wp\/v2\/posts"}],"about":[{"href":"https:\/\/www.sinpro-rio.org.br\/principal\/wp-json\/wp\/v2\/types\/post"}],"author":[{"embeddable":true,"href":"https:\/\/www.sinpro-rio.org.br\/principal\/wp-json\/wp\/v2\/users\/1"}],"replies":[{"embeddable":true,"href":"https:\/\/www.sinpro-rio.org.br\/principal\/wp-json\/wp\/v2\/comments?post=20338"}],"version-history":[{"count":1,"href":"https:\/\/www.sinpro-rio.org.br\/principal\/wp-json\/wp\/v2\/posts\/20338\/revisions"}],"predecessor-version":[{"id":36165,"href":"https:\/\/www.sinpro-rio.org.br\/principal\/wp-json\/wp\/v2\/posts\/20338\/revisions\/36165"}],"wp:attachment":[{"href":"https:\/\/www.sinpro-rio.org.br\/principal\/wp-json\/wp\/v2\/media?parent=20338"}],"wp:term":[{"taxonomy":"category","embeddable":true,"href":"https:\/\/www.sinpro-rio.org.br\/principal\/wp-json\/wp\/v2\/categories?post=20338"},{"taxonomy":"post_tag","embeddable":true,"href":"https:\/\/www.sinpro-rio.org.br\/principal\/wp-json\/wp\/v2\/tags?post=20338"}],"curies":[{"name":"wp","href":"https:\/\/api.w.org\/{rel}","templated":true}]}}