{"id":20336,"date":"2012-12-05T00:00:00","date_gmt":"2012-12-05T00:00:00","guid":{"rendered":""},"modified":"-0001-11-30T00:00:00","modified_gmt":"-0001-11-30T03:00:00","slug":"reuni-o-de-professores-demitidos-no-final-do-ano-de-2011-pelo-grupo-galileo-dia-12-12-as-18h-no-sinpro-rio","status":"publish","type":"post","link":"https:\/\/www.sinpro-rio.org.br\/principal\/reuni-o-de-professores-demitidos-no-final-do-ano-de-2011-pelo-grupo-galileo-dia-12-12-as-18h-no-sinpro-rio\/","title":{"rendered":"Reuni\u00e3o de professores demitidos no final do ano de 2011 pelo Grupo Galileo: dia 12\/12, \u00e0s 18h, no Sinpro-Rio"},"content":{"rendered":"\n<p>\n <em><br \/>\n  05\/12\/2012<br \/>\n <\/em>\n<\/p>\n<p>\n Os professores demitidos no final do ano de 2011 pelo Grupo Galileo ter\u00e3o uma nova reuni\u00e3o no pr\u00f3ximo dia 12 de dezembro, quarta-feira, \u00e0s 18 horas, na Sede do<br \/>\n <b><br \/>\n  Sinpro-Rio<br \/>\n <\/b><br \/>\n . Em pauta &#8211; al\u00e9m da audi\u00eancia que ocorrer\u00e1 no pr\u00f3prio dia 12, \u00e0s 14h, no Minist\u00e9rio P\u00fablico do Trabalho (MPT) &#8211; a proposta do Grupo Galileo para o pagamento do Termo de Ajustamento de Conduta (TAC), firmado em janeiro deste ano.<\/p>\n<p>\n  <b><br \/>\n   \u00c9 importante ter em mente que:<br \/>\n  <\/b><\/p>\n<p>\n   1 &#8211; O TAC foi firmado em decorr\u00eancia do n\u00e3o pagamento pela Institui\u00e7\u00e3o do sal\u00e1rio do m\u00eas de dezembro\/2011 para os professores dispensados.<\/p>\n<p>\n    2 &#8211; O valor do TAC \u00e9 de R$ 1.800.000,00 e deveria ter sido pago em tr\u00eas parcelas: a primeira de R$ 700.000,00 e as outras duas totalizariam R$1.100.000,00.<\/p>\n<p>\n     <\/p>\n<p>\n      <b><br \/>\n       Professor(a),<br \/>\n      <\/b><\/p>\n<p>\n       \u00c9 fundamental sua presen\u00e7a a esta reuni\u00e3o. Participe e ajude a resolver esta situa\u00e7\u00e3o!<\/p>\n<p>\n        <b><br \/>\n         Dia 12\/12, quarta-feira, \u00e0s 18 horas, no seu Sindicato.<br \/>\n        <\/b><\/p>\n<p>\n         <b><br \/>\n          Sinpro-Rio:<br \/>\n         <\/b><br \/>\n         Rua Pedro Lessa, 35, 2\u00ba andar, Centro, Rio de Janeiro.\n        <\/p>\n<\/p>\n<\/p>\n<\/p>\n<\/p>\n<p>\n <b><br \/>\n  \u00c9 importante ter em mente que:<br \/>\n <\/b><\/p>\n<p>\n  1 &#8211; O TAC foi firmado em decorr\u00eancia do n\u00e3o pagamento pela Institui\u00e7\u00e3o do sal\u00e1rio do m\u00eas de dezembro\/2011 para os professores dispensados.<\/p>\n<p>\n   2 &#8211; O valor do TAC \u00e9 de R$ 1.800.000,00 e deveria ter sido pago em tr\u00eas parcelas: a primeira de R$ 700.000,00 e as outras duas totalizariam R$1.100.000,00.<\/p>\n<p>\n    <\/p>\n<p>\n     <b><br \/>\n      Professor(a),<br \/>\n     <\/b><\/p>\n<p>\n      \u00c9 fundamental sua presen\u00e7a a esta reuni\u00e3o. Participe e ajude a resolver esta situa\u00e7\u00e3o!<\/p>\n<p>\n       <b><br \/>\n        Dia 12\/12, quarta-feira, \u00e0s 18 horas, no seu Sindicato.<br \/>\n       <\/b><\/p>\n<p>\n        <b><br \/>\n         Sinpro-Rio:<br \/>\n        <\/b><br \/>\n        Rua Pedro Lessa, 35, 2\u00ba andar, Centro, Rio de Janeiro.\n       <\/p>\n<\/p>\n<\/p>\n<\/p>\n<\/p>\n<p>\n 1 &#8211; O TAC foi firmado em decorr\u00eancia do n\u00e3o pagamento pela Institui\u00e7\u00e3o do sal\u00e1rio do m\u00eas de dezembro\/2011 para os professores dispensados.<\/p>\n<p>\n  2 &#8211; O valor do TAC \u00e9 de R$ 1.800.000,00 e deveria ter sido pago em tr\u00eas parcelas: a primeira de R$ 700.000,00 e as outras duas totalizariam R$1.100.000,00.<\/p>\n<p>\n   <\/p>\n<p>\n    <b><br \/>\n     Professor(a),<br \/>\n    <\/b><\/p>\n<p>\n     \u00c9 fundamental sua presen\u00e7a a esta reuni\u00e3o. Participe e ajude a resolver esta situa\u00e7\u00e3o!<\/p>\n<p>\n      <b><br \/>\n       Dia 12\/12, quarta-feira, \u00e0s 18 horas, no seu Sindicato.<br \/>\n      <\/b><\/p>\n<p>\n       <b><br \/>\n        Sinpro-Rio:<br \/>\n       <\/b><br \/>\n       Rua Pedro Lessa, 35, 2\u00ba andar, Centro, Rio de Janeiro.\n      <\/p>\n<\/p>\n<\/p>\n<\/p>\n<p>\n 2 &#8211; O valor do TAC \u00e9 de R$ 1.800.000,00 e deveria ter sido pago em tr\u00eas parcelas: a primeira de R$ 700.000,00 e as outras duas totalizariam R$1.100.000,00.<\/p>\n<p>\n  <\/p>\n<p>\n   <b><br \/>\n    Professor(a),<br \/>\n   <\/b><\/p>\n<p>\n    \u00c9 fundamental sua presen\u00e7a a esta reuni\u00e3o. Participe e ajude a resolver esta situa\u00e7\u00e3o!<\/p>\n<p>\n     <b><br \/>\n      Dia 12\/12, quarta-feira, \u00e0s 18 horas, no seu Sindicato.<br \/>\n     <\/b><\/p>\n<p>\n      <b><br \/>\n       Sinpro-Rio:<br \/>\n      <\/b><br \/>\n      Rua Pedro Lessa, 35, 2\u00ba andar, Centro, Rio de Janeiro.\n     <\/p>\n<\/p>\n<\/p>\n<\/p>\n<p>\n <\/p>\n<p>\n  <b><br \/>\n   Professor(a),<br \/>\n  <\/b><\/p>\n<p>\n   \u00c9 fundamental sua presen\u00e7a a esta reuni\u00e3o. Participe e ajude a resolver esta situa\u00e7\u00e3o!<\/p>\n<p>\n    <b><br \/>\n     Dia 12\/12, quarta-feira, \u00e0s 18 horas, no seu Sindicato.<br \/>\n    <\/b><\/p>\n<p>\n     <b><br \/>\n      Sinpro-Rio:<br \/>\n     <\/b><br \/>\n     Rua Pedro Lessa, 35, 2\u00ba andar, Centro, Rio de Janeiro.\n    <\/p>\n<\/p>\n<\/p>\n<p>\n <b><br \/>\n  Professor(a),<br \/>\n <\/b><\/p>\n<p>\n  \u00c9 fundamental sua presen\u00e7a a esta reuni\u00e3o. Participe e ajude a resolver esta situa\u00e7\u00e3o!<\/p>\n<p>\n   <b><br \/>\n    Dia 12\/12, quarta-feira, \u00e0s 18 horas, no seu Sindicato.<br \/>\n   <\/b><\/p>\n<p>\n    <b><br \/>\n     Sinpro-Rio:<br \/>\n    <\/b><br \/>\n    Rua Pedro Lessa, 35, 2\u00ba andar, Centro, Rio de Janeiro.\n   <\/p>\n<\/p>\n<\/p>\n<p>\n \u00c9 fundamental sua presen\u00e7a a esta reuni\u00e3o. Participe e ajude a resolver esta situa\u00e7\u00e3o!<\/p>\n<p>\n  <b><br \/>\n   Dia 12\/12, quarta-feira, \u00e0s 18 horas, no seu Sindicato.<br \/>\n  <\/b><\/p>\n<p>\n   <b><br \/>\n    Sinpro-Rio:<br \/>\n   <\/b><br \/>\n   Rua Pedro Lessa, 35, 2\u00ba andar, Centro, Rio de Janeiro.\n  <\/p>\n<\/p>\n<p>\n <b><br \/>\n  Dia 12\/12, quarta-feira, \u00e0s 18 horas, no seu Sindicato.<br \/>\n <\/b><\/p>\n<p>\n  <b><br \/>\n   Sinpro-Rio:<br \/>\n  <\/b><br \/>\n  Rua Pedro Lessa, 35, 2\u00ba andar, Centro, Rio de Janeiro.\n <\/p>\n<\/p>\n<p>\n <b><br \/>\n  Sinpro-Rio:<br \/>\n <\/b><br \/>\n Rua Pedro Lessa, 35, 2\u00ba andar, Centro, Rio de Janeiro.<\/p>\n","protected":false},"excerpt":{"rendered":"<p>05\/12\/2012 Os professores demitidos no final do ano de 2011 pelo Grupo Galileo ter\u00e3o uma nova reuni\u00e3o no pr\u00f3ximo dia 12 de dezembro, quarta-feira, \u00e0s 18 horas, na Sede do Sinpro-Rio . Em pauta &#8211; al\u00e9m da audi\u00eancia que ocorrer\u00e1 no pr\u00f3prio dia 12, \u00e0s 14h, no Minist\u00e9rio P\u00fablico do Trabalho (MPT) &#8211; a proposta [&hellip;]<\/p>\n","protected":false},"author":1,"featured_media":0,"comment_status":"closed","ping_status":"open","sticky":false,"template":"","format":"standard","meta":{"footnotes":""},"categories":[1],"tags":[],"class_list":["post-20336","post","type-post","status-publish","format-standard","hentry","category-noticias"],"yoast_head":"<!-- This site is optimized with the Yoast SEO plugin v25.7 - https:\/\/yoast.com\/wordpress\/plugins\/seo\/ -->\n<title>Reuni\u00e3o de professores demitidos no final do ano de 2011 pelo Grupo Galileo: dia 12\/12, \u00e0s 18h, no Sinpro-Rio - Sinpro-Rio<\/title>\n<meta name=\"robots\" content=\"index, follow, max-snippet:-1, max-image-preview:large, max-video-preview:-1\" \/>\n<link rel=\"canonical\" href=\"https:\/\/www.sinpro-rio.org.br\/principal\/reuni-o-de-professores-demitidos-no-final-do-ano-de-2011-pelo-grupo-galileo-dia-12-12-as-18h-no-sinpro-rio\/\" \/>\n<meta property=\"og:locale\" content=\"pt_BR\" \/>\n<meta property=\"og:type\" content=\"article\" \/>\n<meta property=\"og:title\" content=\"Reuni\u00e3o de professores demitidos no final do ano de 2011 pelo Grupo Galileo: dia 12\/12, \u00e0s 18h, no Sinpro-Rio - Sinpro-Rio\" \/>\n<meta property=\"og:description\" content=\"05\/12\/2012 Os professores demitidos no final do ano de 2011 pelo Grupo Galileo ter\u00e3o uma nova reuni\u00e3o no pr\u00f3ximo dia 12 de dezembro, quarta-feira, \u00e0s 18 horas, na Sede do Sinpro-Rio . Em pauta &#8211; al\u00e9m da audi\u00eancia que ocorrer\u00e1 no pr\u00f3prio dia 12, \u00e0s 14h, no Minist\u00e9rio P\u00fablico do Trabalho (MPT) &#8211; a proposta [&hellip;]\" \/>\n<meta property=\"og:url\" content=\"https:\/\/www.sinpro-rio.org.br\/principal\/reuni-o-de-professores-demitidos-no-final-do-ano-de-2011-pelo-grupo-galileo-dia-12-12-as-18h-no-sinpro-rio\/\" \/>\n<meta property=\"og:site_name\" content=\"Sinpro-Rio\" \/>\n<meta property=\"article:published_time\" content=\"2012-12-05T00:00:00+00:00\" \/>\n<meta name=\"author\" content=\"rafaelrjp\" \/>\n<meta name=\"twitter:card\" content=\"summary_large_image\" \/>\n<meta name=\"twitter:label1\" content=\"Escrito por\" \/>\n\t<meta name=\"twitter:data1\" content=\"rafaelrjp\" \/>\n\t<meta name=\"twitter:label2\" content=\"Est. tempo de leitura\" \/>\n\t<meta name=\"twitter:data2\" content=\"3 minutos\" \/>\n<script type=\"application\/ld+json\" class=\"yoast-schema-graph\">{\"@context\":\"https:\/\/schema.org\",\"@graph\":[{\"@type\":\"WebPage\",\"@id\":\"https:\/\/www.sinpro-rio.org.br\/principal\/reuni-o-de-professores-demitidos-no-final-do-ano-de-2011-pelo-grupo-galileo-dia-12-12-as-18h-no-sinpro-rio\/\",\"url\":\"https:\/\/www.sinpro-rio.org.br\/principal\/reuni-o-de-professores-demitidos-no-final-do-ano-de-2011-pelo-grupo-galileo-dia-12-12-as-18h-no-sinpro-rio\/\",\"name\":\"Reuni\u00e3o de professores demitidos no final do ano de 2011 pelo Grupo Galileo: dia 12\/12, \u00e0s 18h, no Sinpro-Rio - Sinpro-Rio\",\"isPartOf\":{\"@id\":\"https:\/\/www.sinpro-rio.org.br\/principal\/#website\"},\"datePublished\":\"2012-12-05T00:00:00+00:00\",\"author\":{\"@id\":\"https:\/\/www.sinpro-rio.org.br\/principal\/#\/schema\/person\/49feb585a2f57a31a6bd9f16f78e5be6\"},\"breadcrumb\":{\"@id\":\"https:\/\/www.sinpro-rio.org.br\/principal\/reuni-o-de-professores-demitidos-no-final-do-ano-de-2011-pelo-grupo-galileo-dia-12-12-as-18h-no-sinpro-rio\/#breadcrumb\"},\"inLanguage\":\"pt-BR\",\"potentialAction\":[{\"@type\":\"ReadAction\",\"target\":[\"https:\/\/www.sinpro-rio.org.br\/principal\/reuni-o-de-professores-demitidos-no-final-do-ano-de-2011-pelo-grupo-galileo-dia-12-12-as-18h-no-sinpro-rio\/\"]}]},{\"@type\":\"BreadcrumbList\",\"@id\":\"https:\/\/www.sinpro-rio.org.br\/principal\/reuni-o-de-professores-demitidos-no-final-do-ano-de-2011-pelo-grupo-galileo-dia-12-12-as-18h-no-sinpro-rio\/#breadcrumb\",\"itemListElement\":[{\"@type\":\"ListItem\",\"position\":1,\"name\":\"In\u00edcio\",\"item\":\"https:\/\/www.sinpro-rio.org.br\/principal\/\"},{\"@type\":\"ListItem\",\"position\":2,\"name\":\"Reuni\u00e3o de professores demitidos no final do ano de 2011 pelo Grupo Galileo: dia 12\/12, \u00e0s 18h, no Sinpro-Rio\"}]},{\"@type\":\"WebSite\",\"@id\":\"https:\/\/www.sinpro-rio.org.br\/principal\/#website\",\"url\":\"https:\/\/www.sinpro-rio.org.br\/principal\/\",\"name\":\"Sinpro-Rio\",\"description\":\"Sindicato dos Professores do Munic\u00edpio do Rio de Janeiro e Regi\u00e3o\",\"potentialAction\":[{\"@type\":\"SearchAction\",\"target\":{\"@type\":\"EntryPoint\",\"urlTemplate\":\"https:\/\/www.sinpro-rio.org.br\/principal\/?s={search_term_string}\"},\"query-input\":{\"@type\":\"PropertyValueSpecification\",\"valueRequired\":true,\"valueName\":\"search_term_string\"}}],\"inLanguage\":\"pt-BR\"},{\"@type\":\"Person\",\"@id\":\"https:\/\/www.sinpro-rio.org.br\/principal\/#\/schema\/person\/49feb585a2f57a31a6bd9f16f78e5be6\",\"name\":\"rafaelrjp\",\"image\":{\"@type\":\"ImageObject\",\"inLanguage\":\"pt-BR\",\"@id\":\"https:\/\/www.sinpro-rio.org.br\/principal\/#\/schema\/person\/image\/\",\"url\":\"https:\/\/secure.gravatar.com\/avatar\/489371a0ba4655c340b519882c68cf68?s=96&d=mm&r=g\",\"contentUrl\":\"https:\/\/secure.gravatar.com\/avatar\/489371a0ba4655c340b519882c68cf68?s=96&d=mm&r=g\",\"caption\":\"rafaelrjp\"},\"url\":\"https:\/\/www.sinpro-rio.org.br\/principal\/author\/rafaelrjp\/\"}]}<\/script>\n<!-- \/ Yoast SEO plugin. -->","yoast_head_json":{"title":"Reuni\u00e3o de professores demitidos no final do ano de 2011 pelo Grupo Galileo: dia 12\/12, \u00e0s 18h, no Sinpro-Rio - Sinpro-Rio","robots":{"index":"index","follow":"follow","max-snippet":"max-snippet:-1","max-image-preview":"max-image-preview:large","max-video-preview":"max-video-preview:-1"},"canonical":"https:\/\/www.sinpro-rio.org.br\/principal\/reuni-o-de-professores-demitidos-no-final-do-ano-de-2011-pelo-grupo-galileo-dia-12-12-as-18h-no-sinpro-rio\/","og_locale":"pt_BR","og_type":"article","og_title":"Reuni\u00e3o de professores demitidos no final do ano de 2011 pelo Grupo Galileo: dia 12\/12, \u00e0s 18h, no Sinpro-Rio - Sinpro-Rio","og_description":"05\/12\/2012 Os professores demitidos no final do ano de 2011 pelo Grupo Galileo ter\u00e3o uma nova reuni\u00e3o no pr\u00f3ximo dia 12 de dezembro, quarta-feira, \u00e0s 18 horas, na Sede do Sinpro-Rio . Em pauta &#8211; al\u00e9m da audi\u00eancia que ocorrer\u00e1 no pr\u00f3prio dia 12, \u00e0s 14h, no Minist\u00e9rio P\u00fablico do Trabalho (MPT) &#8211; a proposta [&hellip;]","og_url":"https:\/\/www.sinpro-rio.org.br\/principal\/reuni-o-de-professores-demitidos-no-final-do-ano-de-2011-pelo-grupo-galileo-dia-12-12-as-18h-no-sinpro-rio\/","og_site_name":"Sinpro-Rio","article_published_time":"2012-12-05T00:00:00+00:00","author":"rafaelrjp","twitter_card":"summary_large_image","twitter_misc":{"Escrito por":"rafaelrjp","Est. tempo de leitura":"3 minutos"},"schema":{"@context":"https:\/\/schema.org","@graph":[{"@type":"WebPage","@id":"https:\/\/www.sinpro-rio.org.br\/principal\/reuni-o-de-professores-demitidos-no-final-do-ano-de-2011-pelo-grupo-galileo-dia-12-12-as-18h-no-sinpro-rio\/","url":"https:\/\/www.sinpro-rio.org.br\/principal\/reuni-o-de-professores-demitidos-no-final-do-ano-de-2011-pelo-grupo-galileo-dia-12-12-as-18h-no-sinpro-rio\/","name":"Reuni\u00e3o de professores demitidos no final do ano de 2011 pelo Grupo Galileo: dia 12\/12, \u00e0s 18h, no Sinpro-Rio - Sinpro-Rio","isPartOf":{"@id":"https:\/\/www.sinpro-rio.org.br\/principal\/#website"},"datePublished":"2012-12-05T00:00:00+00:00","author":{"@id":"https:\/\/www.sinpro-rio.org.br\/principal\/#\/schema\/person\/49feb585a2f57a31a6bd9f16f78e5be6"},"breadcrumb":{"@id":"https:\/\/www.sinpro-rio.org.br\/principal\/reuni-o-de-professores-demitidos-no-final-do-ano-de-2011-pelo-grupo-galileo-dia-12-12-as-18h-no-sinpro-rio\/#breadcrumb"},"inLanguage":"pt-BR","potentialAction":[{"@type":"ReadAction","target":["https:\/\/www.sinpro-rio.org.br\/principal\/reuni-o-de-professores-demitidos-no-final-do-ano-de-2011-pelo-grupo-galileo-dia-12-12-as-18h-no-sinpro-rio\/"]}]},{"@type":"BreadcrumbList","@id":"https:\/\/www.sinpro-rio.org.br\/principal\/reuni-o-de-professores-demitidos-no-final-do-ano-de-2011-pelo-grupo-galileo-dia-12-12-as-18h-no-sinpro-rio\/#breadcrumb","itemListElement":[{"@type":"ListItem","position":1,"name":"In\u00edcio","item":"https:\/\/www.sinpro-rio.org.br\/principal\/"},{"@type":"ListItem","position":2,"name":"Reuni\u00e3o de professores demitidos no final do ano de 2011 pelo Grupo Galileo: dia 12\/12, \u00e0s 18h, no Sinpro-Rio"}]},{"@type":"WebSite","@id":"https:\/\/www.sinpro-rio.org.br\/principal\/#website","url":"https:\/\/www.sinpro-rio.org.br\/principal\/","name":"Sinpro-Rio","description":"Sindicato dos Professores do Munic\u00edpio do Rio de Janeiro e Regi\u00e3o","potentialAction":[{"@type":"SearchAction","target":{"@type":"EntryPoint","urlTemplate":"https:\/\/www.sinpro-rio.org.br\/principal\/?s={search_term_string}"},"query-input":{"@type":"PropertyValueSpecification","valueRequired":true,"valueName":"search_term_string"}}],"inLanguage":"pt-BR"},{"@type":"Person","@id":"https:\/\/www.sinpro-rio.org.br\/principal\/#\/schema\/person\/49feb585a2f57a31a6bd9f16f78e5be6","name":"rafaelrjp","image":{"@type":"ImageObject","inLanguage":"pt-BR","@id":"https:\/\/www.sinpro-rio.org.br\/principal\/#\/schema\/person\/image\/","url":"https:\/\/secure.gravatar.com\/avatar\/489371a0ba4655c340b519882c68cf68?s=96&d=mm&r=g","contentUrl":"https:\/\/secure.gravatar.com\/avatar\/489371a0ba4655c340b519882c68cf68?s=96&d=mm&r=g","caption":"rafaelrjp"},"url":"https:\/\/www.sinpro-rio.org.br\/principal\/author\/rafaelrjp\/"}]}},"_links":{"self":[{"href":"https:\/\/www.sinpro-rio.org.br\/principal\/wp-json\/wp\/v2\/posts\/20336","targetHints":{"allow":["GET"]}}],"collection":[{"href":"https:\/\/www.sinpro-rio.org.br\/principal\/wp-json\/wp\/v2\/posts"}],"about":[{"href":"https:\/\/www.sinpro-rio.org.br\/principal\/wp-json\/wp\/v2\/types\/post"}],"author":[{"embeddable":true,"href":"https:\/\/www.sinpro-rio.org.br\/principal\/wp-json\/wp\/v2\/users\/1"}],"replies":[{"embeddable":true,"href":"https:\/\/www.sinpro-rio.org.br\/principal\/wp-json\/wp\/v2\/comments?post=20336"}],"version-history":[{"count":0,"href":"https:\/\/www.sinpro-rio.org.br\/principal\/wp-json\/wp\/v2\/posts\/20336\/revisions"}],"wp:attachment":[{"href":"https:\/\/www.sinpro-rio.org.br\/principal\/wp-json\/wp\/v2\/media?parent=20336"}],"wp:term":[{"taxonomy":"category","embeddable":true,"href":"https:\/\/www.sinpro-rio.org.br\/principal\/wp-json\/wp\/v2\/categories?post=20336"},{"taxonomy":"post_tag","embeddable":true,"href":"https:\/\/www.sinpro-rio.org.br\/principal\/wp-json\/wp\/v2\/tags?post=20336"}],"curies":[{"name":"wp","href":"https:\/\/api.w.org\/{rel}","templated":true}]}}