{"id":20335,"date":"2012-12-06T00:00:00","date_gmt":"2012-12-06T00:00:00","guid":{"rendered":""},"modified":"-0001-11-30T00:00:00","modified_gmt":"-0001-11-30T03:00:00","slug":"gama-filho-assembleia-nesta-terca-11-12-as-18-horas-no-campus-piedade","status":"publish","type":"post","link":"https:\/\/www.sinpro-rio.org.br\/principal\/gama-filho-assembleia-nesta-terca-11-12-as-18-horas-no-campus-piedade\/","title":{"rendered":"Gama Filho: assembleia nesta ter\u00e7a, 11\/12, \u00e0s 18 horas, no campus Piedade"},"content":{"rendered":"\n<p>\n <em><br \/>\n  06\/12\/2012<br \/>\n <\/em>\n<\/p>\n<p>\n No pr\u00f3ximo dia 11 de dezembro, ter\u00e7a-feira, \u00e0s 18 horas, acontecer\u00e1 mais uma assembleia dos professores da Universidade Gama Filho (UGF), no campus Piedade.<\/p>\n<p>\n  Alunos e professores promoveram no \u00faltimo dia 3 uma manifesta\u00e7\u00e3o na entrada principal da UGF (Piedade), que contou com a participa\u00e7\u00e3o de representa\u00e7\u00f5es do Sinpro-Rio, da ADGF, da lideran\u00e7a da UEE-RJ e dos centros acad\u00eamicos de Medicina e de outros cursos.<\/p>\n<p>\n   Tamb\u00e9m foi ratificada a orienta\u00e7\u00e3o aos professores de s\u00f3 lan\u00e7ar as notas ap\u00f3s verificar-se o pagamento da primeira parcela do pagamento de novembro, previsto para o dia 10 de dezembro.\n  <\/p>\n<\/p>\n<p>\n Alunos e professores promoveram no \u00faltimo dia 3 uma manifesta\u00e7\u00e3o na entrada principal da UGF (Piedade), que contou com a participa\u00e7\u00e3o de representa\u00e7\u00f5es do Sinpro-Rio, da ADGF, da lideran\u00e7a da UEE-RJ e dos centros acad\u00eamicos de Medicina e de outros cursos.<\/p>\n<p>\n  Tamb\u00e9m foi ratificada a orienta\u00e7\u00e3o aos professores de s\u00f3 lan\u00e7ar as notas ap\u00f3s verificar-se o pagamento da primeira parcela do pagamento de novembro, previsto para o dia 10 de dezembro.\n <\/p>\n<\/p>\n<p>\n Tamb\u00e9m foi ratificada a orienta\u00e7\u00e3o aos professores de s\u00f3 lan\u00e7ar as notas ap\u00f3s verificar-se o pagamento da primeira parcela do pagamento de novembro, previsto para o dia 10 de dezembro.<\/p>\n","protected":false},"excerpt":{"rendered":"<p>06\/12\/2012 No pr\u00f3ximo dia 11 de dezembro, ter\u00e7a-feira, \u00e0s 18 horas, acontecer\u00e1 mais uma assembleia dos professores da Universidade Gama Filho (UGF), no campus Piedade. Alunos e professores promoveram no \u00faltimo dia 3 uma manifesta\u00e7\u00e3o na entrada principal da UGF (Piedade), que contou com a participa\u00e7\u00e3o de representa\u00e7\u00f5es do Sinpro-Rio, da ADGF, da lideran\u00e7a da [&hellip;]<\/p>\n","protected":false},"author":1,"featured_media":0,"comment_status":"closed","ping_status":"open","sticky":false,"template":"","format":"standard","meta":{"footnotes":""},"categories":[1],"tags":[],"class_list":["post-20335","post","type-post","status-publish","format-standard","hentry","category-noticias"],"yoast_head":"<!-- This site is optimized with the Yoast SEO plugin v25.7 - https:\/\/yoast.com\/wordpress\/plugins\/seo\/ -->\n<title>Gama Filho: assembleia nesta ter\u00e7a, 11\/12, \u00e0s 18 horas, no campus Piedade - Sinpro-Rio<\/title>\n<meta name=\"robots\" content=\"index, follow, max-snippet:-1, max-image-preview:large, max-video-preview:-1\" \/>\n<link rel=\"canonical\" href=\"https:\/\/www.sinpro-rio.org.br\/principal\/gama-filho-assembleia-nesta-terca-11-12-as-18-horas-no-campus-piedade\/\" \/>\n<meta property=\"og:locale\" content=\"pt_BR\" \/>\n<meta property=\"og:type\" content=\"article\" \/>\n<meta property=\"og:title\" content=\"Gama Filho: assembleia nesta ter\u00e7a, 11\/12, \u00e0s 18 horas, no campus Piedade - Sinpro-Rio\" \/>\n<meta property=\"og:description\" content=\"06\/12\/2012 No pr\u00f3ximo dia 11 de dezembro, ter\u00e7a-feira, \u00e0s 18 horas, acontecer\u00e1 mais uma assembleia dos professores da Universidade Gama Filho (UGF), no campus Piedade. Alunos e professores promoveram no \u00faltimo dia 3 uma manifesta\u00e7\u00e3o na entrada principal da UGF (Piedade), que contou com a participa\u00e7\u00e3o de representa\u00e7\u00f5es do Sinpro-Rio, da ADGF, da lideran\u00e7a da [&hellip;]\" \/>\n<meta property=\"og:url\" content=\"https:\/\/www.sinpro-rio.org.br\/principal\/gama-filho-assembleia-nesta-terca-11-12-as-18-horas-no-campus-piedade\/\" \/>\n<meta property=\"og:site_name\" content=\"Sinpro-Rio\" \/>\n<meta property=\"article:published_time\" content=\"2012-12-06T00:00:00+00:00\" \/>\n<meta name=\"author\" content=\"rafaelrjp\" \/>\n<meta name=\"twitter:card\" content=\"summary_large_image\" \/>\n<meta name=\"twitter:label1\" content=\"Escrito por\" \/>\n\t<meta name=\"twitter:data1\" content=\"rafaelrjp\" \/>\n\t<meta name=\"twitter:label2\" content=\"Est. tempo de leitura\" \/>\n\t<meta name=\"twitter:data2\" content=\"1 minuto\" \/>\n<script type=\"application\/ld+json\" class=\"yoast-schema-graph\">{\"@context\":\"https:\/\/schema.org\",\"@graph\":[{\"@type\":\"WebPage\",\"@id\":\"https:\/\/www.sinpro-rio.org.br\/principal\/gama-filho-assembleia-nesta-terca-11-12-as-18-horas-no-campus-piedade\/\",\"url\":\"https:\/\/www.sinpro-rio.org.br\/principal\/gama-filho-assembleia-nesta-terca-11-12-as-18-horas-no-campus-piedade\/\",\"name\":\"Gama Filho: assembleia nesta ter\u00e7a, 11\/12, \u00e0s 18 horas, no campus Piedade - Sinpro-Rio\",\"isPartOf\":{\"@id\":\"https:\/\/www.sinpro-rio.org.br\/principal\/#website\"},\"datePublished\":\"2012-12-06T00:00:00+00:00\",\"author\":{\"@id\":\"https:\/\/www.sinpro-rio.org.br\/principal\/#\/schema\/person\/49feb585a2f57a31a6bd9f16f78e5be6\"},\"breadcrumb\":{\"@id\":\"https:\/\/www.sinpro-rio.org.br\/principal\/gama-filho-assembleia-nesta-terca-11-12-as-18-horas-no-campus-piedade\/#breadcrumb\"},\"inLanguage\":\"pt-BR\",\"potentialAction\":[{\"@type\":\"ReadAction\",\"target\":[\"https:\/\/www.sinpro-rio.org.br\/principal\/gama-filho-assembleia-nesta-terca-11-12-as-18-horas-no-campus-piedade\/\"]}]},{\"@type\":\"BreadcrumbList\",\"@id\":\"https:\/\/www.sinpro-rio.org.br\/principal\/gama-filho-assembleia-nesta-terca-11-12-as-18-horas-no-campus-piedade\/#breadcrumb\",\"itemListElement\":[{\"@type\":\"ListItem\",\"position\":1,\"name\":\"In\u00edcio\",\"item\":\"https:\/\/www.sinpro-rio.org.br\/principal\/\"},{\"@type\":\"ListItem\",\"position\":2,\"name\":\"Gama Filho: assembleia nesta ter\u00e7a, 11\/12, \u00e0s 18 horas, no campus Piedade\"}]},{\"@type\":\"WebSite\",\"@id\":\"https:\/\/www.sinpro-rio.org.br\/principal\/#website\",\"url\":\"https:\/\/www.sinpro-rio.org.br\/principal\/\",\"name\":\"Sinpro-Rio\",\"description\":\"Sindicato dos Professores do Munic\u00edpio do Rio de Janeiro e Regi\u00e3o\",\"potentialAction\":[{\"@type\":\"SearchAction\",\"target\":{\"@type\":\"EntryPoint\",\"urlTemplate\":\"https:\/\/www.sinpro-rio.org.br\/principal\/?s={search_term_string}\"},\"query-input\":{\"@type\":\"PropertyValueSpecification\",\"valueRequired\":true,\"valueName\":\"search_term_string\"}}],\"inLanguage\":\"pt-BR\"},{\"@type\":\"Person\",\"@id\":\"https:\/\/www.sinpro-rio.org.br\/principal\/#\/schema\/person\/49feb585a2f57a31a6bd9f16f78e5be6\",\"name\":\"rafaelrjp\",\"image\":{\"@type\":\"ImageObject\",\"inLanguage\":\"pt-BR\",\"@id\":\"https:\/\/www.sinpro-rio.org.br\/principal\/#\/schema\/person\/image\/\",\"url\":\"https:\/\/secure.gravatar.com\/avatar\/489371a0ba4655c340b519882c68cf68?s=96&d=mm&r=g\",\"contentUrl\":\"https:\/\/secure.gravatar.com\/avatar\/489371a0ba4655c340b519882c68cf68?s=96&d=mm&r=g\",\"caption\":\"rafaelrjp\"},\"url\":\"https:\/\/www.sinpro-rio.org.br\/principal\/author\/rafaelrjp\/\"}]}<\/script>\n<!-- \/ Yoast SEO plugin. -->","yoast_head_json":{"title":"Gama Filho: assembleia nesta ter\u00e7a, 11\/12, \u00e0s 18 horas, no campus Piedade - Sinpro-Rio","robots":{"index":"index","follow":"follow","max-snippet":"max-snippet:-1","max-image-preview":"max-image-preview:large","max-video-preview":"max-video-preview:-1"},"canonical":"https:\/\/www.sinpro-rio.org.br\/principal\/gama-filho-assembleia-nesta-terca-11-12-as-18-horas-no-campus-piedade\/","og_locale":"pt_BR","og_type":"article","og_title":"Gama Filho: assembleia nesta ter\u00e7a, 11\/12, \u00e0s 18 horas, no campus Piedade - Sinpro-Rio","og_description":"06\/12\/2012 No pr\u00f3ximo dia 11 de dezembro, ter\u00e7a-feira, \u00e0s 18 horas, acontecer\u00e1 mais uma assembleia dos professores da Universidade Gama Filho (UGF), no campus Piedade. Alunos e professores promoveram no \u00faltimo dia 3 uma manifesta\u00e7\u00e3o na entrada principal da UGF (Piedade), que contou com a participa\u00e7\u00e3o de representa\u00e7\u00f5es do Sinpro-Rio, da ADGF, da lideran\u00e7a da [&hellip;]","og_url":"https:\/\/www.sinpro-rio.org.br\/principal\/gama-filho-assembleia-nesta-terca-11-12-as-18-horas-no-campus-piedade\/","og_site_name":"Sinpro-Rio","article_published_time":"2012-12-06T00:00:00+00:00","author":"rafaelrjp","twitter_card":"summary_large_image","twitter_misc":{"Escrito por":"rafaelrjp","Est. tempo de leitura":"1 minuto"},"schema":{"@context":"https:\/\/schema.org","@graph":[{"@type":"WebPage","@id":"https:\/\/www.sinpro-rio.org.br\/principal\/gama-filho-assembleia-nesta-terca-11-12-as-18-horas-no-campus-piedade\/","url":"https:\/\/www.sinpro-rio.org.br\/principal\/gama-filho-assembleia-nesta-terca-11-12-as-18-horas-no-campus-piedade\/","name":"Gama Filho: assembleia nesta ter\u00e7a, 11\/12, \u00e0s 18 horas, no campus Piedade - Sinpro-Rio","isPartOf":{"@id":"https:\/\/www.sinpro-rio.org.br\/principal\/#website"},"datePublished":"2012-12-06T00:00:00+00:00","author":{"@id":"https:\/\/www.sinpro-rio.org.br\/principal\/#\/schema\/person\/49feb585a2f57a31a6bd9f16f78e5be6"},"breadcrumb":{"@id":"https:\/\/www.sinpro-rio.org.br\/principal\/gama-filho-assembleia-nesta-terca-11-12-as-18-horas-no-campus-piedade\/#breadcrumb"},"inLanguage":"pt-BR","potentialAction":[{"@type":"ReadAction","target":["https:\/\/www.sinpro-rio.org.br\/principal\/gama-filho-assembleia-nesta-terca-11-12-as-18-horas-no-campus-piedade\/"]}]},{"@type":"BreadcrumbList","@id":"https:\/\/www.sinpro-rio.org.br\/principal\/gama-filho-assembleia-nesta-terca-11-12-as-18-horas-no-campus-piedade\/#breadcrumb","itemListElement":[{"@type":"ListItem","position":1,"name":"In\u00edcio","item":"https:\/\/www.sinpro-rio.org.br\/principal\/"},{"@type":"ListItem","position":2,"name":"Gama Filho: assembleia nesta ter\u00e7a, 11\/12, \u00e0s 18 horas, no campus Piedade"}]},{"@type":"WebSite","@id":"https:\/\/www.sinpro-rio.org.br\/principal\/#website","url":"https:\/\/www.sinpro-rio.org.br\/principal\/","name":"Sinpro-Rio","description":"Sindicato dos Professores do Munic\u00edpio do Rio de Janeiro e Regi\u00e3o","potentialAction":[{"@type":"SearchAction","target":{"@type":"EntryPoint","urlTemplate":"https:\/\/www.sinpro-rio.org.br\/principal\/?s={search_term_string}"},"query-input":{"@type":"PropertyValueSpecification","valueRequired":true,"valueName":"search_term_string"}}],"inLanguage":"pt-BR"},{"@type":"Person","@id":"https:\/\/www.sinpro-rio.org.br\/principal\/#\/schema\/person\/49feb585a2f57a31a6bd9f16f78e5be6","name":"rafaelrjp","image":{"@type":"ImageObject","inLanguage":"pt-BR","@id":"https:\/\/www.sinpro-rio.org.br\/principal\/#\/schema\/person\/image\/","url":"https:\/\/secure.gravatar.com\/avatar\/489371a0ba4655c340b519882c68cf68?s=96&d=mm&r=g","contentUrl":"https:\/\/secure.gravatar.com\/avatar\/489371a0ba4655c340b519882c68cf68?s=96&d=mm&r=g","caption":"rafaelrjp"},"url":"https:\/\/www.sinpro-rio.org.br\/principal\/author\/rafaelrjp\/"}]}},"_links":{"self":[{"href":"https:\/\/www.sinpro-rio.org.br\/principal\/wp-json\/wp\/v2\/posts\/20335","targetHints":{"allow":["GET"]}}],"collection":[{"href":"https:\/\/www.sinpro-rio.org.br\/principal\/wp-json\/wp\/v2\/posts"}],"about":[{"href":"https:\/\/www.sinpro-rio.org.br\/principal\/wp-json\/wp\/v2\/types\/post"}],"author":[{"embeddable":true,"href":"https:\/\/www.sinpro-rio.org.br\/principal\/wp-json\/wp\/v2\/users\/1"}],"replies":[{"embeddable":true,"href":"https:\/\/www.sinpro-rio.org.br\/principal\/wp-json\/wp\/v2\/comments?post=20335"}],"version-history":[{"count":0,"href":"https:\/\/www.sinpro-rio.org.br\/principal\/wp-json\/wp\/v2\/posts\/20335\/revisions"}],"wp:attachment":[{"href":"https:\/\/www.sinpro-rio.org.br\/principal\/wp-json\/wp\/v2\/media?parent=20335"}],"wp:term":[{"taxonomy":"category","embeddable":true,"href":"https:\/\/www.sinpro-rio.org.br\/principal\/wp-json\/wp\/v2\/categories?post=20335"},{"taxonomy":"post_tag","embeddable":true,"href":"https:\/\/www.sinpro-rio.org.br\/principal\/wp-json\/wp\/v2\/tags?post=20335"}],"curies":[{"name":"wp","href":"https:\/\/api.w.org\/{rel}","templated":true}]}}