{"id":20330,"date":"2012-12-14T00:00:00","date_gmt":"2012-12-14T00:00:00","guid":{"rendered":""},"modified":"-0001-11-30T00:00:00","modified_gmt":"-0001-11-30T03:00:00","slug":"assembleia-de-professores-da-univercidade-tac-firmado-e-nova-assembleia-14-03-as-14h-no-sinpro-rio","status":"publish","type":"post","link":"https:\/\/www.sinpro-rio.org.br\/principal\/assembleia-de-professores-da-univercidade-tac-firmado-e-nova-assembleia-14-03-as-14h-no-sinpro-rio\/","title":{"rendered":"Assembleia de professores da UniverCidade: TAC firmado e nova assembleia 14\/03, \u00e0s 14h, no Sinpro-Rio"},"content":{"rendered":"\n<p>\n <em><br \/>\n  08\/04\/2013<br \/>\n <\/em>\n<\/p>\n<p>\n Reunidos em assembleia na noite do dia 12 de abril, os professores da UniverCidade deliberaram por:<\/p>\n<p> 1 \u2013 Volta \u00e0s aulas no dia 15 de abril, com manuten\u00e7\u00e3o do estado de greve;<br \/>\n <br \/>\n 2 \u2013 Assembleia de acompanhamento do calend\u00e1rio j\u00e1 divulgado sempre um dia ap\u00f3s o dia apontado para pagamento;<br \/>\n <br \/>\n 3 \u2013 Referendo dos nomes da comiss\u00e3o de professores;<br \/>\n <br \/>\n 4 \u2013 Pr\u00f3xima assembleia dia 9 de maio, \u00e0s 14h, na Sede do Sinpro-Rio, para eleger tamb\u00e9m os nomes da Associa\u00e7\u00e3o de Docentes definitiva;<br \/>\n <br \/>\n 5 \u2013 Estabilidade para os professores at\u00e9 junho de 2014;<br \/>\n <br \/>\n 6 \u2013 Pagamento integral dos sal\u00e1rios a partir do m\u00eas que vem.\n<\/p>\n<p>\n <em><br \/>\n  08\/04\/2013<br \/>\n <\/em>\n<\/p>\n<p>\n Reunidos em assembleia na noite do dia 8 de abril, os professores da UniverCidade deliberaram por uma nova assembleia, que ficou marcada para o dia 12 de abril, sexta-feira, \u00e0s 18h, na Sede do Sinpro-Rio.\n<\/p>\n<p>\n Foi aprovado, por unanimidade, o seguinte conjunto de propostas:<\/p>\n<p> 1 \u2013 Manuten\u00e7\u00e3o da greve e entrega de um documento ao grupo Galileo exigindo reabertura das negocia\u00e7\u00f5es, com participa\u00e7\u00e3o de comiss\u00e3o tirada em assembleia;<br \/>\n <br \/>\n 2 \u2013 Acompanhamento do calend\u00e1rio de pagamento com reposi\u00e7\u00e3o das perdas salariais;<br \/>\n <br \/>\n 3 \u2013 Reforma imediata das depend\u00eancias e infraestrutura das unidades;<br \/>\n <br \/>\n 4 \u2013 Participa\u00e7\u00e3o na reestrutura\u00e7\u00e3o do calend\u00e1rio acad\u00eamico;<br \/>\n <br \/>\n 5 \u2013 Estabilidade para os professores at\u00e9 junho de 2014;<br \/>\n <br \/>\n 6 \u2013 Pagamento integral dos sal\u00e1rios a partir do m\u00eas que vem.\n<\/p>\n<p>\n <em><br \/>\n  26\/03\/2013<br \/>\n <\/em>\n<\/p>\n<p>\n Reunidos em assembleia na noite desta ter\u00e7a-feira, dia 26 de mar\u00e7o, na Sede do Sinpro-Rio, os professores da UniverCidade deliberaram pela manuten\u00e7\u00e3o da greve at\u00e9 a pr\u00f3xima assembleia, que acontecer\u00e1 no dia 8 de abril, segunda-feira, \u00e0s 18h, tamb\u00e9m no Sindicato; pela exig\u00eancia do pagamento dos atrasados de 2013; e pela forma\u00e7\u00e3o de uma comiss\u00e3o, com quatro nomes de professores da IES, para participa\u00e7\u00e3o nas negocia\u00e7\u00f5es junto com a Associa\u00e7\u00e3o dos Docentes da Gama Filho (ADGF) e o Sinpro-Rio.\n<\/p>\n<p>\n Durante a assembleia, os professores foram informados das diversas atividades nas quais o Sindicato esteve envolvido ligadas \u00e0 Educa\u00e7\u00e3o Superior, tais como reuni\u00f5es em Bras\u00edlia com representantes do MEC, e da visita de uma representa\u00e7\u00e3o do minist\u00e9rio \u00e0 Universidade Gama Filho, iniciando as conversas com alunos, professores e gestores do curso de Medicina da UGF.\n<\/p>\n<p>\n O presidente do Sinpro-Rio, professor Wanderley Qu\u00eado, apresentou os cinco principais encaminhamentos feitos ao MEC:\n<\/p>\n<p>\n &#8211; Preserva\u00e7\u00e3o dos postos de trabalho (a interven\u00e7\u00e3o n\u00e3o deve fazer ou provocar demiss\u00f5es);<br \/>\n <br \/>\n &#8211; Manuten\u00e7\u00e3o dos direitos discentes e docentes;<br \/>\n <br \/>\n &#8211; Cumprimento da Lei de Diretrizes e Bases (LDB) por parte das IES;<br \/>\n <br \/>\n &#8211; Cumprimento das fun\u00e7\u00f5es sociais das duas IES (tais como alunos prounistas e do Fies);<br \/>\n <br \/>\n &#8211; Volta da normalidade acad\u00eamica para regularidade do calend\u00e1rio acad\u00eamico.\n<\/p>\n<p>\n Professor(a), participe da pr\u00f3xima assembleia!<br \/>\n <br \/>\n Dia 8 de abril, segunda-feira, \u00e0s 18h, na Sede do Sinpro-Rio. Rua Pedro Lessa, 35, 2\u00ba andar, Centro do Rio.\n<\/p>\n<p>\n <em><br \/>\n  20\/03\/2013<br \/>\n <\/em>\n<\/p>\n<p>\n Assembleia dos professores da UniverCidade e do Col\u00e9gio da Cidade, realizada na noite desta quarta-feira, 20 de mar\u00e7o, decidiu, por unanimidade, pela manuten\u00e7\u00e3o da greve e por n\u00e3o aceitar o calend\u00e1rio de pagamento proposto pelo Grupo Galileo.\n<\/p>\n<p>\n A assembleia tamb\u00e9m deliberou a realiza\u00e7\u00e3o de ato p\u00fablico unificado entre estudantes e professores da UniverCidade e da Gama Filho, no dia 26 de mar\u00e7o, \u00e0s 10h30, em frente \u00e0 sede do grupo Galileo, na Rua Sete de Setembro.\n<\/p>\n<p>\n Uma nova assembleia foi marcada para a pr\u00f3xima ter\u00e7a-feira, dia 26 de mar\u00e7o, \u00e0s 18h, na Sede do Sinpro-Rio.\n<\/p>\n<p>\n <em><br \/>\n  14\/03\/2013<br \/>\n <\/em>\n<\/p>\n<p>\n Reunidos em assembleia na noite do dia 14 de mar\u00e7o, na Sede do Sinpro-Rio, os professores da UniverCidade deliberaram pela manuten\u00e7\u00e3o da greve, realiza\u00e7\u00e3o de novas panfletagens nas unidades da institui\u00e7\u00e3o e tamb\u00e9m por uma nova assembleia no dia 20 de mar\u00e7o, pr\u00f3xima quarta-feira, \u00e0s 18h, na Sede do Sindicato.\n<\/p>\n<p>\n A assembleia foi de atualiza\u00e7\u00e3o e mobiliza\u00e7\u00e3o. Para os professores, o pagamento \u00e9 inegoci\u00e1vel e condicionante para qualquer outro tipo de discuss\u00e3o ou negocia\u00e7\u00e3o.\n<\/p>\n<p>\n Na assembleia do dia 20\/03, ser\u00e1 votado o indicativo de um grande Ato P\u00fablico Unificado da UniverCidade e da Gama Filho, em rep\u00fadio aos problemas sofridos pela categoria e estudantes.\n<\/p>\n<p>\n <em><br \/>\n  11\/03\/2013<br \/>\n <\/em>\n<\/p>\n<p>\n O papel da Educa\u00e7\u00e3o B\u00e1sica e Superior no Brasil tem uma fun\u00e7\u00e3o social importante para o desenvolvimento nacional. Por\u00e9m, o modelo adotado pela UniverCidade, mantida pelo Grupo Galileo Educacional, se distancia desse objetivo ao n\u00e3o cumprir com as suas fun\u00e7\u00f5es constitucionais e pedag\u00f3gicas, promovendo o processo de mercantiliza\u00e7\u00e3o do ensino e a precariza\u00e7\u00e3o das rela\u00e7\u00f5es de trabalho, caracterizando-se como praticante do trabalho indecente. Assim, o desrespeito com os(as) professores(as) da UniverCidade e do Col\u00e9gio continua.\n<\/p>\n<p>\n A promessa de pagamento at\u00e9 o dia 09\/03 n\u00e3o foi cumprida, afetando de maneira desumana a dignidade dos profissionais que amargam atrasos salariais e o n\u00e3o pagamento de 1\/3 das f\u00e9rias de 2011\/2012. A situa\u00e7\u00e3o \u00e9 grave.\n<\/p>\n<p>\n Reunidos em assembleia no dia 11\/03 os(as) professores(as) deliberaram por manter a greve e realizar nova assembleia no dia 14\/03, \u00e0s 18h, na Sede do Sinpro-Rio.\n<\/p>\n<p>\n <em><br \/>\n  11\/03\/2013<br \/>\n <\/em>\n<\/p>\n<p>\n Os professores da UniverCidade reunidos hoje em assembleia, na sede do Sinpro-Rio, ratificaram a continuidade da greve sem bater o ponto.\n<\/p>\n<p>\n Eles reividicam a regulariza\u00e7\u00e3o dos sal\u00e1rios de janeiro, fevereiro e pagamento de 1\/3 de f\u00e9rias.\n<\/p>\n<p>\n Uma nova assembleia ser\u00e1 realizada na sede do Sindicato dos Professores no dia 14 de mar\u00e7o, quinta-feira, \u00e0s 18h\n<\/p>\n<p>\n <em><br \/>\n  07\/03\/2013<br \/>\n <\/em>\n<\/p>\n<p>\n A assembleia dos professores da UniverCidade\/ Galileo, ocorrida no dia 7 de mar\u00e7o, na Sede do<br \/>\n <b><br \/>\n  Sinpro-Rio<br \/>\n <\/b><br \/>\n , deliberou pela deflagra\u00e7\u00e3o de greve a partir do dia 11 de mar\u00e7o e realiza\u00e7\u00e3o de nova assembleia no pr\u00f3prio dia 11, \u00e0s 16 horas, na Sede do Sindicato, na Rua Pedro Lessa, 35, 2\u00ba andar, Centro do Rio.\n<\/p>\n<p>\n Os professores reivindicam pagamento integral dos sal\u00e1rios de janeiro e fevereiro e o pagamento do 1\/3 de f\u00e9rias de 2011\/2012.\n<\/p>\n<p>\n <em><br \/>\n  14\/12\/2012<br \/>\n <\/em>\n<\/p>\n<p>\n Reunidos em assembleia no dia 14 de dezembro, os professores da UniverCidade foram informados da audi\u00eancia ocorrida no dia 13, no Minist\u00e9rio P\u00fablico do Trabalho (MPT), onde foi firmado Termo de Ajustamento de Conduta (TAC) com o Grupo Galileo.<\/p>\n<p>\n  Entre os itens acordados, o Grupo Galileo assumiu o compromisso de n\u00e3o realizar novas demiss\u00f5es em massa e que eventuais desligamentos pontuais ser\u00e3o justificados. O Grupo tamb\u00e9m se comprometeu a pagar aos professores demitidos em dezembro de 2011 o valor de R$637.052,49, em 3 parcelas iguais, com vencimentos dias 14 de janeiro, 14 de fevereiro e 14 de mar\u00e7o, que correspondem ao sal\u00e1rio de dezembro de 2011.<\/p>\n<p>\n   Veja<br \/>\n   <a class=\"submenu\" href=\"http:\/\/www.sinprorio.pro.br\/site_antigo\/download\/arquivos\/ataaudiencia.pdf\"><br \/>\n    aqui<br \/>\n   <\/a><br \/>\n   a \u00edntegra da Ata da Audi\u00eancia.\n  <\/p>\n<\/p>\n<p>\n Entre os itens acordados, o Grupo Galileo assumiu o compromisso de n\u00e3o realizar novas demiss\u00f5es em massa e que eventuais desligamentos pontuais ser\u00e3o justificados. O Grupo tamb\u00e9m se comprometeu a pagar aos professores demitidos em dezembro de 2011 o valor de R$637.052,49, em 3 parcelas iguais, com vencimentos dias 14 de janeiro, 14 de fevereiro e 14 de mar\u00e7o, que correspondem ao sal\u00e1rio de dezembro de 2011.<\/p>\n<p>\n  Veja<br \/>\n  <a class=\"submenu\" href=\"http:\/\/www.sinprorio.pro.br\/site_antigo\/download\/arquivos\/ataaudiencia.pdf\"><br \/>\n   aqui<br \/>\n  <\/a><br \/>\n  a \u00edntegra da Ata da Audi\u00eancia.\n <\/p>\n<\/p>\n<p>\n Veja<br \/>\n <a class=\"submenu\" href=\"http:\/\/www.sinprorio.pro.br\/site_antigo\/download\/arquivos\/ataaudiencia.pdf\"><br \/>\n  aqui<br \/>\n <\/a><br \/>\n a \u00edntegra da Ata da Audi\u00eancia.<\/p>\n","protected":false},"excerpt":{"rendered":"<p>08\/04\/2013 Reunidos em assembleia na noite do dia 12 de abril, os professores da UniverCidade deliberaram por: 1 \u2013 Volta \u00e0s aulas no dia 15 de abril, com manuten\u00e7\u00e3o do estado de greve; 2 \u2013 Assembleia de acompanhamento do calend\u00e1rio j\u00e1 divulgado sempre um dia ap\u00f3s o dia apontado para pagamento; 3 \u2013 Referendo dos [&hellip;]<\/p>\n","protected":false},"author":1,"featured_media":0,"comment_status":"closed","ping_status":"open","sticky":false,"template":"","format":"standard","meta":{"footnotes":""},"categories":[1],"tags":[],"class_list":["post-20330","post","type-post","status-publish","format-standard","hentry","category-noticias"],"yoast_head":"<!-- This site is optimized with the Yoast SEO plugin v25.7 - https:\/\/yoast.com\/wordpress\/plugins\/seo\/ -->\n<title>Assembleia de professores da UniverCidade: TAC firmado e nova assembleia 14\/03, \u00e0s 14h, no Sinpro-Rio - Sinpro-Rio<\/title>\n<meta name=\"robots\" content=\"index, follow, max-snippet:-1, max-image-preview:large, max-video-preview:-1\" \/>\n<link rel=\"canonical\" href=\"https:\/\/www.sinpro-rio.org.br\/principal\/assembleia-de-professores-da-univercidade-tac-firmado-e-nova-assembleia-14-03-as-14h-no-sinpro-rio\/\" \/>\n<meta property=\"og:locale\" content=\"pt_BR\" \/>\n<meta property=\"og:type\" content=\"article\" \/>\n<meta property=\"og:title\" content=\"Assembleia de professores da UniverCidade: TAC firmado e nova assembleia 14\/03, \u00e0s 14h, no Sinpro-Rio - Sinpro-Rio\" \/>\n<meta property=\"og:description\" content=\"08\/04\/2013 Reunidos em assembleia na noite do dia 12 de abril, os professores da UniverCidade deliberaram por: 1 \u2013 Volta \u00e0s aulas no dia 15 de abril, com manuten\u00e7\u00e3o do estado de greve; 2 \u2013 Assembleia de acompanhamento do calend\u00e1rio j\u00e1 divulgado sempre um dia ap\u00f3s o dia apontado para pagamento; 3 \u2013 Referendo dos [&hellip;]\" \/>\n<meta property=\"og:url\" content=\"https:\/\/www.sinpro-rio.org.br\/principal\/assembleia-de-professores-da-univercidade-tac-firmado-e-nova-assembleia-14-03-as-14h-no-sinpro-rio\/\" \/>\n<meta property=\"og:site_name\" content=\"Sinpro-Rio\" \/>\n<meta property=\"article:published_time\" content=\"2012-12-14T00:00:00+00:00\" \/>\n<meta name=\"author\" content=\"rafaelrjp\" \/>\n<meta name=\"twitter:card\" content=\"summary_large_image\" \/>\n<meta name=\"twitter:label1\" content=\"Escrito por\" \/>\n\t<meta name=\"twitter:data1\" content=\"rafaelrjp\" \/>\n\t<meta name=\"twitter:label2\" content=\"Est. tempo de leitura\" \/>\n\t<meta name=\"twitter:data2\" content=\"6 minutos\" \/>\n<script type=\"application\/ld+json\" class=\"yoast-schema-graph\">{\"@context\":\"https:\/\/schema.org\",\"@graph\":[{\"@type\":\"WebPage\",\"@id\":\"https:\/\/www.sinpro-rio.org.br\/principal\/assembleia-de-professores-da-univercidade-tac-firmado-e-nova-assembleia-14-03-as-14h-no-sinpro-rio\/\",\"url\":\"https:\/\/www.sinpro-rio.org.br\/principal\/assembleia-de-professores-da-univercidade-tac-firmado-e-nova-assembleia-14-03-as-14h-no-sinpro-rio\/\",\"name\":\"Assembleia de professores da UniverCidade: TAC firmado e nova assembleia 14\/03, \u00e0s 14h, no Sinpro-Rio - Sinpro-Rio\",\"isPartOf\":{\"@id\":\"https:\/\/www.sinpro-rio.org.br\/principal\/#website\"},\"datePublished\":\"2012-12-14T00:00:00+00:00\",\"author\":{\"@id\":\"https:\/\/www.sinpro-rio.org.br\/principal\/#\/schema\/person\/49feb585a2f57a31a6bd9f16f78e5be6\"},\"breadcrumb\":{\"@id\":\"https:\/\/www.sinpro-rio.org.br\/principal\/assembleia-de-professores-da-univercidade-tac-firmado-e-nova-assembleia-14-03-as-14h-no-sinpro-rio\/#breadcrumb\"},\"inLanguage\":\"pt-BR\",\"potentialAction\":[{\"@type\":\"ReadAction\",\"target\":[\"https:\/\/www.sinpro-rio.org.br\/principal\/assembleia-de-professores-da-univercidade-tac-firmado-e-nova-assembleia-14-03-as-14h-no-sinpro-rio\/\"]}]},{\"@type\":\"BreadcrumbList\",\"@id\":\"https:\/\/www.sinpro-rio.org.br\/principal\/assembleia-de-professores-da-univercidade-tac-firmado-e-nova-assembleia-14-03-as-14h-no-sinpro-rio\/#breadcrumb\",\"itemListElement\":[{\"@type\":\"ListItem\",\"position\":1,\"name\":\"In\u00edcio\",\"item\":\"https:\/\/www.sinpro-rio.org.br\/principal\/\"},{\"@type\":\"ListItem\",\"position\":2,\"name\":\"Assembleia de professores da UniverCidade: TAC firmado e nova assembleia 14\/03, \u00e0s 14h, no Sinpro-Rio\"}]},{\"@type\":\"WebSite\",\"@id\":\"https:\/\/www.sinpro-rio.org.br\/principal\/#website\",\"url\":\"https:\/\/www.sinpro-rio.org.br\/principal\/\",\"name\":\"Sinpro-Rio\",\"description\":\"Sindicato dos Professores do Munic\u00edpio do Rio de Janeiro e Regi\u00e3o\",\"potentialAction\":[{\"@type\":\"SearchAction\",\"target\":{\"@type\":\"EntryPoint\",\"urlTemplate\":\"https:\/\/www.sinpro-rio.org.br\/principal\/?s={search_term_string}\"},\"query-input\":{\"@type\":\"PropertyValueSpecification\",\"valueRequired\":true,\"valueName\":\"search_term_string\"}}],\"inLanguage\":\"pt-BR\"},{\"@type\":\"Person\",\"@id\":\"https:\/\/www.sinpro-rio.org.br\/principal\/#\/schema\/person\/49feb585a2f57a31a6bd9f16f78e5be6\",\"name\":\"rafaelrjp\",\"image\":{\"@type\":\"ImageObject\",\"inLanguage\":\"pt-BR\",\"@id\":\"https:\/\/www.sinpro-rio.org.br\/principal\/#\/schema\/person\/image\/\",\"url\":\"https:\/\/secure.gravatar.com\/avatar\/489371a0ba4655c340b519882c68cf68?s=96&d=mm&r=g\",\"contentUrl\":\"https:\/\/secure.gravatar.com\/avatar\/489371a0ba4655c340b519882c68cf68?s=96&d=mm&r=g\",\"caption\":\"rafaelrjp\"},\"url\":\"https:\/\/www.sinpro-rio.org.br\/principal\/author\/rafaelrjp\/\"}]}<\/script>\n<!-- \/ Yoast SEO plugin. -->","yoast_head_json":{"title":"Assembleia de professores da UniverCidade: TAC firmado e nova assembleia 14\/03, \u00e0s 14h, no Sinpro-Rio - Sinpro-Rio","robots":{"index":"index","follow":"follow","max-snippet":"max-snippet:-1","max-image-preview":"max-image-preview:large","max-video-preview":"max-video-preview:-1"},"canonical":"https:\/\/www.sinpro-rio.org.br\/principal\/assembleia-de-professores-da-univercidade-tac-firmado-e-nova-assembleia-14-03-as-14h-no-sinpro-rio\/","og_locale":"pt_BR","og_type":"article","og_title":"Assembleia de professores da UniverCidade: TAC firmado e nova assembleia 14\/03, \u00e0s 14h, no Sinpro-Rio - Sinpro-Rio","og_description":"08\/04\/2013 Reunidos em assembleia na noite do dia 12 de abril, os professores da UniverCidade deliberaram por: 1 \u2013 Volta \u00e0s aulas no dia 15 de abril, com manuten\u00e7\u00e3o do estado de greve; 2 \u2013 Assembleia de acompanhamento do calend\u00e1rio j\u00e1 divulgado sempre um dia ap\u00f3s o dia apontado para pagamento; 3 \u2013 Referendo dos [&hellip;]","og_url":"https:\/\/www.sinpro-rio.org.br\/principal\/assembleia-de-professores-da-univercidade-tac-firmado-e-nova-assembleia-14-03-as-14h-no-sinpro-rio\/","og_site_name":"Sinpro-Rio","article_published_time":"2012-12-14T00:00:00+00:00","author":"rafaelrjp","twitter_card":"summary_large_image","twitter_misc":{"Escrito por":"rafaelrjp","Est. tempo de leitura":"6 minutos"},"schema":{"@context":"https:\/\/schema.org","@graph":[{"@type":"WebPage","@id":"https:\/\/www.sinpro-rio.org.br\/principal\/assembleia-de-professores-da-univercidade-tac-firmado-e-nova-assembleia-14-03-as-14h-no-sinpro-rio\/","url":"https:\/\/www.sinpro-rio.org.br\/principal\/assembleia-de-professores-da-univercidade-tac-firmado-e-nova-assembleia-14-03-as-14h-no-sinpro-rio\/","name":"Assembleia de professores da UniverCidade: TAC firmado e nova assembleia 14\/03, \u00e0s 14h, no Sinpro-Rio - Sinpro-Rio","isPartOf":{"@id":"https:\/\/www.sinpro-rio.org.br\/principal\/#website"},"datePublished":"2012-12-14T00:00:00+00:00","author":{"@id":"https:\/\/www.sinpro-rio.org.br\/principal\/#\/schema\/person\/49feb585a2f57a31a6bd9f16f78e5be6"},"breadcrumb":{"@id":"https:\/\/www.sinpro-rio.org.br\/principal\/assembleia-de-professores-da-univercidade-tac-firmado-e-nova-assembleia-14-03-as-14h-no-sinpro-rio\/#breadcrumb"},"inLanguage":"pt-BR","potentialAction":[{"@type":"ReadAction","target":["https:\/\/www.sinpro-rio.org.br\/principal\/assembleia-de-professores-da-univercidade-tac-firmado-e-nova-assembleia-14-03-as-14h-no-sinpro-rio\/"]}]},{"@type":"BreadcrumbList","@id":"https:\/\/www.sinpro-rio.org.br\/principal\/assembleia-de-professores-da-univercidade-tac-firmado-e-nova-assembleia-14-03-as-14h-no-sinpro-rio\/#breadcrumb","itemListElement":[{"@type":"ListItem","position":1,"name":"In\u00edcio","item":"https:\/\/www.sinpro-rio.org.br\/principal\/"},{"@type":"ListItem","position":2,"name":"Assembleia de professores da UniverCidade: TAC firmado e nova assembleia 14\/03, \u00e0s 14h, no Sinpro-Rio"}]},{"@type":"WebSite","@id":"https:\/\/www.sinpro-rio.org.br\/principal\/#website","url":"https:\/\/www.sinpro-rio.org.br\/principal\/","name":"Sinpro-Rio","description":"Sindicato dos Professores do Munic\u00edpio do Rio de Janeiro e Regi\u00e3o","potentialAction":[{"@type":"SearchAction","target":{"@type":"EntryPoint","urlTemplate":"https:\/\/www.sinpro-rio.org.br\/principal\/?s={search_term_string}"},"query-input":{"@type":"PropertyValueSpecification","valueRequired":true,"valueName":"search_term_string"}}],"inLanguage":"pt-BR"},{"@type":"Person","@id":"https:\/\/www.sinpro-rio.org.br\/principal\/#\/schema\/person\/49feb585a2f57a31a6bd9f16f78e5be6","name":"rafaelrjp","image":{"@type":"ImageObject","inLanguage":"pt-BR","@id":"https:\/\/www.sinpro-rio.org.br\/principal\/#\/schema\/person\/image\/","url":"https:\/\/secure.gravatar.com\/avatar\/489371a0ba4655c340b519882c68cf68?s=96&d=mm&r=g","contentUrl":"https:\/\/secure.gravatar.com\/avatar\/489371a0ba4655c340b519882c68cf68?s=96&d=mm&r=g","caption":"rafaelrjp"},"url":"https:\/\/www.sinpro-rio.org.br\/principal\/author\/rafaelrjp\/"}]}},"_links":{"self":[{"href":"https:\/\/www.sinpro-rio.org.br\/principal\/wp-json\/wp\/v2\/posts\/20330","targetHints":{"allow":["GET"]}}],"collection":[{"href":"https:\/\/www.sinpro-rio.org.br\/principal\/wp-json\/wp\/v2\/posts"}],"about":[{"href":"https:\/\/www.sinpro-rio.org.br\/principal\/wp-json\/wp\/v2\/types\/post"}],"author":[{"embeddable":true,"href":"https:\/\/www.sinpro-rio.org.br\/principal\/wp-json\/wp\/v2\/users\/1"}],"replies":[{"embeddable":true,"href":"https:\/\/www.sinpro-rio.org.br\/principal\/wp-json\/wp\/v2\/comments?post=20330"}],"version-history":[{"count":0,"href":"https:\/\/www.sinpro-rio.org.br\/principal\/wp-json\/wp\/v2\/posts\/20330\/revisions"}],"wp:attachment":[{"href":"https:\/\/www.sinpro-rio.org.br\/principal\/wp-json\/wp\/v2\/media?parent=20330"}],"wp:term":[{"taxonomy":"category","embeddable":true,"href":"https:\/\/www.sinpro-rio.org.br\/principal\/wp-json\/wp\/v2\/categories?post=20330"},{"taxonomy":"post_tag","embeddable":true,"href":"https:\/\/www.sinpro-rio.org.br\/principal\/wp-json\/wp\/v2\/tags?post=20330"}],"curies":[{"name":"wp","href":"https:\/\/api.w.org\/{rel}","templated":true}]}}