{"id":20327,"date":"2012-12-18T00:00:00","date_gmt":"2012-12-18T00:00:00","guid":{"rendered":""},"modified":"-0001-11-30T00:00:00","modified_gmt":"-0001-11-30T03:00:00","slug":"comunicado-aos-professores-da-ucb-e-do-colegio-paulo-gissoni","status":"publish","type":"post","link":"https:\/\/www.sinpro-rio.org.br\/principal\/comunicado-aos-professores-da-ucb-e-do-colegio-paulo-gissoni\/","title":{"rendered":"Comunicado aos professores da UCB e do Col\u00e9gio Paulo Gissoni"},"content":{"rendered":"\n<p>\n <em><br \/>\n  18\/12\/2012<br \/>\n <\/em>\n<\/p>\n<p>\n Em decorr\u00eancia dos atrasos de sal\u00e1rios ocorridos nos \u00faltimos meses, o Sinpro-Rio solicitou reuni\u00e3o com a Chanceler, professora Vera Gissoni, em que foram apresentados os motivos causadores dos atrasos, tais como: inadimpl\u00eancia, pouca arrecada\u00e7\u00e3o e d\u00edvida junto ao sistema financeiro. Nesse mesmo encontro, ainda foi relatado a disposi\u00e7\u00e3o da UCB em solucionar os problemas. Contudo, o que podemos afirmar \u00e9 que, at\u00e9 o presente momento, n\u00e3o observamos nenhum movimento nesse sentido.<\/p>\n<p>\n  Por sua vez, o Sinpro-Rio, com o objetivo de resguardar os interesses dos professores, ajuizou a\u00e7\u00e3o trabalhista na 74\u00aa VT, proc. 1584-42.2011.5.01.0074, para que a institui\u00e7\u00e3o cumpra o pagamento dos sal\u00e1rios at\u00e9 o quinto dia \u00fatil de cada m\u00eas. A senten\u00e7a foi favor\u00e1vel, o que obriga a Castelo Branco ao pagamento no prazo estabelecido pela lei, com incid\u00eancia de multa em caso de descumprimento.<\/p>\n<p>\n   Como a decis\u00e3o judicial n\u00e3o foi cumprida, o Sinpro-Rio, de imediato, protocolou a den\u00fancia na justi\u00e7a e estamos aguardando o pronunciamento da ju\u00edza. Estamos atentos, tamb\u00e9m, em rela\u00e7\u00e3o ao pagamento do 13\u00ba sal\u00e1rio. Se este n\u00e3o for efetuado dentro do prazo, medida similar ser\u00e1 tomada por parte do sindicato.<\/p>\n<p>\n    Ainda esta semana, nova solicita\u00e7\u00e3o de reuni\u00e3o foi encaminhada por parte da dire\u00e7\u00e3o da UCB, e esperamos de forma exaustiva tentar, ao longo dos pr\u00f3ximos dias, encontrar uma solu\u00e7\u00e3o para essa grave situa\u00e7\u00e3o. Contudo, em caso de impasse nas negocia\u00e7\u00f5es, seremos obrigados a convocar uma assembleia para o in\u00edcio de fevereiro, a qual ser\u00e1 soberana para deliberar sobre os pr\u00f3ximos procedimentos do movimento.<\/p>\n<p>\n     Lembramos sempre que educa\u00e7\u00e3o n\u00e3o \u00e9 mercadoria, e professor merece respeito e condi\u00e7\u00f5es dignas de trabalho!<\/p>\n<p>\n      Professor, o seu sindicato n\u00e3o existe sem sua participa\u00e7\u00e3o! O Sinpro-Rio somos n\u00f3s!\n     <\/p>\n<\/p>\n<\/p>\n<\/p>\n<p>\n Por sua vez, o Sinpro-Rio, com o objetivo de resguardar os interesses dos professores, ajuizou a\u00e7\u00e3o trabalhista na 74\u00aa VT, proc. 1584-42.2011.5.01.0074, para que a institui\u00e7\u00e3o cumpra o pagamento dos sal\u00e1rios at\u00e9 o quinto dia \u00fatil de cada m\u00eas. A senten\u00e7a foi favor\u00e1vel, o que obriga a Castelo Branco ao pagamento no prazo estabelecido pela lei, com incid\u00eancia de multa em caso de descumprimento.<\/p>\n<p>\n  Como a decis\u00e3o judicial n\u00e3o foi cumprida, o Sinpro-Rio, de imediato, protocolou a den\u00fancia na justi\u00e7a e estamos aguardando o pronunciamento da ju\u00edza. Estamos atentos, tamb\u00e9m, em rela\u00e7\u00e3o ao pagamento do 13\u00ba sal\u00e1rio. Se este n\u00e3o for efetuado dentro do prazo, medida similar ser\u00e1 tomada por parte do sindicato.<\/p>\n<p>\n   Ainda esta semana, nova solicita\u00e7\u00e3o de reuni\u00e3o foi encaminhada por parte da dire\u00e7\u00e3o da UCB, e esperamos de forma exaustiva tentar, ao longo dos pr\u00f3ximos dias, encontrar uma solu\u00e7\u00e3o para essa grave situa\u00e7\u00e3o. Contudo, em caso de impasse nas negocia\u00e7\u00f5es, seremos obrigados a convocar uma assembleia para o in\u00edcio de fevereiro, a qual ser\u00e1 soberana para deliberar sobre os pr\u00f3ximos procedimentos do movimento.<\/p>\n<p>\n    Lembramos sempre que educa\u00e7\u00e3o n\u00e3o \u00e9 mercadoria, e professor merece respeito e condi\u00e7\u00f5es dignas de trabalho!<\/p>\n<p>\n     Professor, o seu sindicato n\u00e3o existe sem sua participa\u00e7\u00e3o! O Sinpro-Rio somos n\u00f3s!\n    <\/p>\n<\/p>\n<\/p>\n<p>\n Como a decis\u00e3o judicial n\u00e3o foi cumprida, o Sinpro-Rio, de imediato, protocolou a den\u00fancia na justi\u00e7a e estamos aguardando o pronunciamento da ju\u00edza. Estamos atentos, tamb\u00e9m, em rela\u00e7\u00e3o ao pagamento do 13\u00ba sal\u00e1rio. Se este n\u00e3o for efetuado dentro do prazo, medida similar ser\u00e1 tomada por parte do sindicato.<\/p>\n<p>\n  Ainda esta semana, nova solicita\u00e7\u00e3o de reuni\u00e3o foi encaminhada por parte da dire\u00e7\u00e3o da UCB, e esperamos de forma exaustiva tentar, ao longo dos pr\u00f3ximos dias, encontrar uma solu\u00e7\u00e3o para essa grave situa\u00e7\u00e3o. Contudo, em caso de impasse nas negocia\u00e7\u00f5es, seremos obrigados a convocar uma assembleia para o in\u00edcio de fevereiro, a qual ser\u00e1 soberana para deliberar sobre os pr\u00f3ximos procedimentos do movimento.<\/p>\n<p>\n   Lembramos sempre que educa\u00e7\u00e3o n\u00e3o \u00e9 mercadoria, e professor merece respeito e condi\u00e7\u00f5es dignas de trabalho!<\/p>\n<p>\n    Professor, o seu sindicato n\u00e3o existe sem sua participa\u00e7\u00e3o! O Sinpro-Rio somos n\u00f3s!\n   <\/p>\n<\/p>\n<\/p>\n<p>\n Ainda esta semana, nova solicita\u00e7\u00e3o de reuni\u00e3o foi encaminhada por parte da dire\u00e7\u00e3o da UCB, e esperamos de forma exaustiva tentar, ao longo dos pr\u00f3ximos dias, encontrar uma solu\u00e7\u00e3o para essa grave situa\u00e7\u00e3o. Contudo, em caso de impasse nas negocia\u00e7\u00f5es, seremos obrigados a convocar uma assembleia para o in\u00edcio de fevereiro, a qual ser\u00e1 soberana para deliberar sobre os pr\u00f3ximos procedimentos do movimento.<\/p>\n<p>\n  Lembramos sempre que educa\u00e7\u00e3o n\u00e3o \u00e9 mercadoria, e professor merece respeito e condi\u00e7\u00f5es dignas de trabalho!<\/p>\n<p>\n   Professor, o seu sindicato n\u00e3o existe sem sua participa\u00e7\u00e3o! O Sinpro-Rio somos n\u00f3s!\n  <\/p>\n<\/p>\n<p>\n Lembramos sempre que educa\u00e7\u00e3o n\u00e3o \u00e9 mercadoria, e professor merece respeito e condi\u00e7\u00f5es dignas de trabalho!<\/p>\n<p>\n  Professor, o seu sindicato n\u00e3o existe sem sua participa\u00e7\u00e3o! O Sinpro-Rio somos n\u00f3s!\n <\/p>\n<\/p>\n<p>\n Professor, o seu sindicato n\u00e3o existe sem sua participa\u00e7\u00e3o! O Sinpro-Rio somos n\u00f3s!<\/p>\n","protected":false},"excerpt":{"rendered":"<p>18\/12\/2012 Em decorr\u00eancia dos atrasos de sal\u00e1rios ocorridos nos \u00faltimos meses, o Sinpro-Rio solicitou reuni\u00e3o com a Chanceler, professora Vera Gissoni, em que foram apresentados os motivos causadores dos atrasos, tais como: inadimpl\u00eancia, pouca arrecada\u00e7\u00e3o e d\u00edvida junto ao sistema financeiro. Nesse mesmo encontro, ainda foi relatado a disposi\u00e7\u00e3o da UCB em solucionar os problemas. [&hellip;]<\/p>\n","protected":false},"author":1,"featured_media":0,"comment_status":"closed","ping_status":"open","sticky":false,"template":"","format":"standard","meta":{"footnotes":""},"categories":[1],"tags":[],"class_list":["post-20327","post","type-post","status-publish","format-standard","hentry","category-noticias"],"yoast_head":"<!-- This site is optimized with the Yoast SEO plugin v25.7 - https:\/\/yoast.com\/wordpress\/plugins\/seo\/ -->\n<title>Comunicado aos professores da UCB e do Col\u00e9gio Paulo Gissoni - Sinpro-Rio<\/title>\n<meta name=\"robots\" content=\"index, follow, max-snippet:-1, max-image-preview:large, max-video-preview:-1\" \/>\n<link rel=\"canonical\" href=\"https:\/\/www.sinpro-rio.org.br\/principal\/comunicado-aos-professores-da-ucb-e-do-colegio-paulo-gissoni\/\" \/>\n<meta property=\"og:locale\" content=\"pt_BR\" \/>\n<meta property=\"og:type\" content=\"article\" \/>\n<meta property=\"og:title\" content=\"Comunicado aos professores da UCB e do Col\u00e9gio Paulo Gissoni - Sinpro-Rio\" \/>\n<meta property=\"og:description\" content=\"18\/12\/2012 Em decorr\u00eancia dos atrasos de sal\u00e1rios ocorridos nos \u00faltimos meses, o Sinpro-Rio solicitou reuni\u00e3o com a Chanceler, professora Vera Gissoni, em que foram apresentados os motivos causadores dos atrasos, tais como: inadimpl\u00eancia, pouca arrecada\u00e7\u00e3o e d\u00edvida junto ao sistema financeiro. Nesse mesmo encontro, ainda foi relatado a disposi\u00e7\u00e3o da UCB em solucionar os problemas. [&hellip;]\" \/>\n<meta property=\"og:url\" content=\"https:\/\/www.sinpro-rio.org.br\/principal\/comunicado-aos-professores-da-ucb-e-do-colegio-paulo-gissoni\/\" \/>\n<meta property=\"og:site_name\" content=\"Sinpro-Rio\" \/>\n<meta property=\"article:published_time\" content=\"2012-12-18T00:00:00+00:00\" \/>\n<meta name=\"author\" content=\"rafaelrjp\" \/>\n<meta name=\"twitter:card\" content=\"summary_large_image\" \/>\n<meta name=\"twitter:label1\" content=\"Escrito por\" \/>\n\t<meta name=\"twitter:data1\" content=\"rafaelrjp\" \/>\n\t<meta name=\"twitter:label2\" content=\"Est. tempo de leitura\" \/>\n\t<meta name=\"twitter:data2\" content=\"4 minutos\" \/>\n<script type=\"application\/ld+json\" class=\"yoast-schema-graph\">{\"@context\":\"https:\/\/schema.org\",\"@graph\":[{\"@type\":\"WebPage\",\"@id\":\"https:\/\/www.sinpro-rio.org.br\/principal\/comunicado-aos-professores-da-ucb-e-do-colegio-paulo-gissoni\/\",\"url\":\"https:\/\/www.sinpro-rio.org.br\/principal\/comunicado-aos-professores-da-ucb-e-do-colegio-paulo-gissoni\/\",\"name\":\"Comunicado aos professores da UCB e do Col\u00e9gio Paulo Gissoni - Sinpro-Rio\",\"isPartOf\":{\"@id\":\"https:\/\/www.sinpro-rio.org.br\/principal\/#website\"},\"datePublished\":\"2012-12-18T00:00:00+00:00\",\"author\":{\"@id\":\"https:\/\/www.sinpro-rio.org.br\/principal\/#\/schema\/person\/49feb585a2f57a31a6bd9f16f78e5be6\"},\"breadcrumb\":{\"@id\":\"https:\/\/www.sinpro-rio.org.br\/principal\/comunicado-aos-professores-da-ucb-e-do-colegio-paulo-gissoni\/#breadcrumb\"},\"inLanguage\":\"pt-BR\",\"potentialAction\":[{\"@type\":\"ReadAction\",\"target\":[\"https:\/\/www.sinpro-rio.org.br\/principal\/comunicado-aos-professores-da-ucb-e-do-colegio-paulo-gissoni\/\"]}]},{\"@type\":\"BreadcrumbList\",\"@id\":\"https:\/\/www.sinpro-rio.org.br\/principal\/comunicado-aos-professores-da-ucb-e-do-colegio-paulo-gissoni\/#breadcrumb\",\"itemListElement\":[{\"@type\":\"ListItem\",\"position\":1,\"name\":\"In\u00edcio\",\"item\":\"https:\/\/www.sinpro-rio.org.br\/principal\/\"},{\"@type\":\"ListItem\",\"position\":2,\"name\":\"Comunicado aos professores da UCB e do Col\u00e9gio Paulo Gissoni\"}]},{\"@type\":\"WebSite\",\"@id\":\"https:\/\/www.sinpro-rio.org.br\/principal\/#website\",\"url\":\"https:\/\/www.sinpro-rio.org.br\/principal\/\",\"name\":\"Sinpro-Rio\",\"description\":\"Sindicato dos Professores do Munic\u00edpio do Rio de Janeiro e Regi\u00e3o\",\"potentialAction\":[{\"@type\":\"SearchAction\",\"target\":{\"@type\":\"EntryPoint\",\"urlTemplate\":\"https:\/\/www.sinpro-rio.org.br\/principal\/?s={search_term_string}\"},\"query-input\":{\"@type\":\"PropertyValueSpecification\",\"valueRequired\":true,\"valueName\":\"search_term_string\"}}],\"inLanguage\":\"pt-BR\"},{\"@type\":\"Person\",\"@id\":\"https:\/\/www.sinpro-rio.org.br\/principal\/#\/schema\/person\/49feb585a2f57a31a6bd9f16f78e5be6\",\"name\":\"rafaelrjp\",\"image\":{\"@type\":\"ImageObject\",\"inLanguage\":\"pt-BR\",\"@id\":\"https:\/\/www.sinpro-rio.org.br\/principal\/#\/schema\/person\/image\/\",\"url\":\"https:\/\/secure.gravatar.com\/avatar\/489371a0ba4655c340b519882c68cf68?s=96&d=mm&r=g\",\"contentUrl\":\"https:\/\/secure.gravatar.com\/avatar\/489371a0ba4655c340b519882c68cf68?s=96&d=mm&r=g\",\"caption\":\"rafaelrjp\"},\"url\":\"https:\/\/www.sinpro-rio.org.br\/principal\/author\/rafaelrjp\/\"}]}<\/script>\n<!-- \/ Yoast SEO plugin. -->","yoast_head_json":{"title":"Comunicado aos professores da UCB e do Col\u00e9gio Paulo Gissoni - Sinpro-Rio","robots":{"index":"index","follow":"follow","max-snippet":"max-snippet:-1","max-image-preview":"max-image-preview:large","max-video-preview":"max-video-preview:-1"},"canonical":"https:\/\/www.sinpro-rio.org.br\/principal\/comunicado-aos-professores-da-ucb-e-do-colegio-paulo-gissoni\/","og_locale":"pt_BR","og_type":"article","og_title":"Comunicado aos professores da UCB e do Col\u00e9gio Paulo Gissoni - Sinpro-Rio","og_description":"18\/12\/2012 Em decorr\u00eancia dos atrasos de sal\u00e1rios ocorridos nos \u00faltimos meses, o Sinpro-Rio solicitou reuni\u00e3o com a Chanceler, professora Vera Gissoni, em que foram apresentados os motivos causadores dos atrasos, tais como: inadimpl\u00eancia, pouca arrecada\u00e7\u00e3o e d\u00edvida junto ao sistema financeiro. Nesse mesmo encontro, ainda foi relatado a disposi\u00e7\u00e3o da UCB em solucionar os problemas. [&hellip;]","og_url":"https:\/\/www.sinpro-rio.org.br\/principal\/comunicado-aos-professores-da-ucb-e-do-colegio-paulo-gissoni\/","og_site_name":"Sinpro-Rio","article_published_time":"2012-12-18T00:00:00+00:00","author":"rafaelrjp","twitter_card":"summary_large_image","twitter_misc":{"Escrito por":"rafaelrjp","Est. tempo de leitura":"4 minutos"},"schema":{"@context":"https:\/\/schema.org","@graph":[{"@type":"WebPage","@id":"https:\/\/www.sinpro-rio.org.br\/principal\/comunicado-aos-professores-da-ucb-e-do-colegio-paulo-gissoni\/","url":"https:\/\/www.sinpro-rio.org.br\/principal\/comunicado-aos-professores-da-ucb-e-do-colegio-paulo-gissoni\/","name":"Comunicado aos professores da UCB e do Col\u00e9gio Paulo Gissoni - Sinpro-Rio","isPartOf":{"@id":"https:\/\/www.sinpro-rio.org.br\/principal\/#website"},"datePublished":"2012-12-18T00:00:00+00:00","author":{"@id":"https:\/\/www.sinpro-rio.org.br\/principal\/#\/schema\/person\/49feb585a2f57a31a6bd9f16f78e5be6"},"breadcrumb":{"@id":"https:\/\/www.sinpro-rio.org.br\/principal\/comunicado-aos-professores-da-ucb-e-do-colegio-paulo-gissoni\/#breadcrumb"},"inLanguage":"pt-BR","potentialAction":[{"@type":"ReadAction","target":["https:\/\/www.sinpro-rio.org.br\/principal\/comunicado-aos-professores-da-ucb-e-do-colegio-paulo-gissoni\/"]}]},{"@type":"BreadcrumbList","@id":"https:\/\/www.sinpro-rio.org.br\/principal\/comunicado-aos-professores-da-ucb-e-do-colegio-paulo-gissoni\/#breadcrumb","itemListElement":[{"@type":"ListItem","position":1,"name":"In\u00edcio","item":"https:\/\/www.sinpro-rio.org.br\/principal\/"},{"@type":"ListItem","position":2,"name":"Comunicado aos professores da UCB e do Col\u00e9gio Paulo Gissoni"}]},{"@type":"WebSite","@id":"https:\/\/www.sinpro-rio.org.br\/principal\/#website","url":"https:\/\/www.sinpro-rio.org.br\/principal\/","name":"Sinpro-Rio","description":"Sindicato dos Professores do Munic\u00edpio do Rio de Janeiro e Regi\u00e3o","potentialAction":[{"@type":"SearchAction","target":{"@type":"EntryPoint","urlTemplate":"https:\/\/www.sinpro-rio.org.br\/principal\/?s={search_term_string}"},"query-input":{"@type":"PropertyValueSpecification","valueRequired":true,"valueName":"search_term_string"}}],"inLanguage":"pt-BR"},{"@type":"Person","@id":"https:\/\/www.sinpro-rio.org.br\/principal\/#\/schema\/person\/49feb585a2f57a31a6bd9f16f78e5be6","name":"rafaelrjp","image":{"@type":"ImageObject","inLanguage":"pt-BR","@id":"https:\/\/www.sinpro-rio.org.br\/principal\/#\/schema\/person\/image\/","url":"https:\/\/secure.gravatar.com\/avatar\/489371a0ba4655c340b519882c68cf68?s=96&d=mm&r=g","contentUrl":"https:\/\/secure.gravatar.com\/avatar\/489371a0ba4655c340b519882c68cf68?s=96&d=mm&r=g","caption":"rafaelrjp"},"url":"https:\/\/www.sinpro-rio.org.br\/principal\/author\/rafaelrjp\/"}]}},"_links":{"self":[{"href":"https:\/\/www.sinpro-rio.org.br\/principal\/wp-json\/wp\/v2\/posts\/20327","targetHints":{"allow":["GET"]}}],"collection":[{"href":"https:\/\/www.sinpro-rio.org.br\/principal\/wp-json\/wp\/v2\/posts"}],"about":[{"href":"https:\/\/www.sinpro-rio.org.br\/principal\/wp-json\/wp\/v2\/types\/post"}],"author":[{"embeddable":true,"href":"https:\/\/www.sinpro-rio.org.br\/principal\/wp-json\/wp\/v2\/users\/1"}],"replies":[{"embeddable":true,"href":"https:\/\/www.sinpro-rio.org.br\/principal\/wp-json\/wp\/v2\/comments?post=20327"}],"version-history":[{"count":0,"href":"https:\/\/www.sinpro-rio.org.br\/principal\/wp-json\/wp\/v2\/posts\/20327\/revisions"}],"wp:attachment":[{"href":"https:\/\/www.sinpro-rio.org.br\/principal\/wp-json\/wp\/v2\/media?parent=20327"}],"wp:term":[{"taxonomy":"category","embeddable":true,"href":"https:\/\/www.sinpro-rio.org.br\/principal\/wp-json\/wp\/v2\/categories?post=20327"},{"taxonomy":"post_tag","embeddable":true,"href":"https:\/\/www.sinpro-rio.org.br\/principal\/wp-json\/wp\/v2\/tags?post=20327"}],"curies":[{"name":"wp","href":"https:\/\/api.w.org\/{rel}","templated":true}]}}