{"id":20321,"date":"2012-12-27T00:00:00","date_gmt":"2012-12-27T00:00:00","guid":{"rendered":""},"modified":"-0001-11-30T00:00:00","modified_gmt":"-0001-11-30T03:00:00","slug":"eduardo-paes-diz-que-tombamento-de-escola-e-besteirada-demagogica","status":"publish","type":"post","link":"https:\/\/www.sinpro-rio.org.br\/principal\/eduardo-paes-diz-que-tombamento-de-escola-e-besteirada-demagogica\/","title":{"rendered":"Eduardo Paes diz que tombamento de escola \u00e9 besteirada demag\u00f3gica"},"content":{"rendered":"\n<p>\n <em><br \/>\n  27\/12\/2012<br \/>\n <\/em>\n<\/p>\n<p>\n O prefeito Eduardo Paes criticou duramente a aprova\u00e7\u00e3o em primeira vota\u00e7\u00e3o de Projeto de Lei para o tombamento da Escola Municipal Friedenreich, situada no Complexo do Maracan\u00e3. &#8220;A gente  tinha que estar discutindo alternativas para a nova sede da escola municipal e n\u00e3o uma besteirada demag\u00f3gica&#8221;, disparou, durante testes do telef\u00e9rico do Morro da Provid\u00eancia, no Centro do Rio, na manh\u00e3 desta sexta-feira (21).\n<\/p>\n<p>\n A escola est\u00e1 amea\u00e7ada devido \u00e0s obras no entorno do Maracan\u00e3 para a Copa do Mundo de 2014. O Projeto de Lei 469\/2009, de autoria dos vereadores Carlo Caiado, Leonel Brizola Neto, Reimont, Tio Carlos e Eider Dantas, justifica a medida por interesse educacional e social, e diz mais:<br \/>\n <br \/>\n &#8220;Por conta de suposta \u201cexig\u00eancia da FIFA\u201d para que a final da Copa de 2014 possa realizar-se no Est\u00e1dio Maracan\u00e3, temos sido constantemente alertados de que o governo do Estado do Rio, com o benepl\u00e1cito da Prefeitura do Rio, pretende destruir a Escola Municipal Friedenreich. (&#8230;) Ao promover o tombamento da Escola Municipal Friedenreich, esta Casa de Leis estar\u00e1 se colocando, inequivocamente, ao lado do direito \u00e0 Educa\u00e7\u00e3o de qualidade&#8221;.\n<\/p>\n<p>\n A aprova\u00e7\u00e3o aconteceu na \u00faltima ter\u00e7a-feira (18). No dia seguinte, o vereador Professor U\u00f3ston (PMDB) entrou com emenda, suprimindo parte do texto que fala sobre a proibi\u00e7\u00e3o de demolir o edif\u00edcio. Com isso, o PL saiu da pauta e precisar\u00e1 ser encaminhado a todas as comiss\u00f5es da C\u00e2mara para voltar \u00e0 vota\u00e7\u00e3o.\n<\/p>\n<p>\n A emenda, que teve apoio de outros 17 parlamentares, pede que seja suprimido o artigo 2\u00ba do projeto, que diz:<br \/>\n <br \/>\n \u201cEm decorr\u00eancia do tombamento efetuado por esta Lei, fica vedada, al\u00e9m da demoli\u00e7\u00e3o da edifica\u00e7\u00e3o, a transfer\u00eancia definitiva de suas atividades educacionais, admitida a transfer\u00eancia provis\u00f3ria em caso de necessidade decorrente de eventuais obras no Complexo do Maracan\u00e3\u201d.\n<\/p>\n<p>\n Eduardo Paes enfatizou que o tombamento \u00e9 inconstitucional. &#8220;Cabe ao chefe do Executivo encaminhar qualquer coisa deste tipo. Se o tombamento for realmente aprovado na C\u00e2mara, ser\u00e1 vetado pelo Prefeito&#8221;, disse, referindo-se a ele mesmo. &#8220;A cidade vai ter muitos desafios pelos pr\u00f3ximos quatro anos, e se a gente ficar nesse jogo de demagogia, o Rio vai empacar de novo.&#8221;\n<\/p>\n<p>\n <b><br \/>\n  Campo de golfe na APA<br \/>\n <\/b>\n<\/p>\n<p>\n Sobre a aprova\u00e7\u00e3o do projeto de lei complementar 113\/2012, que autoriza utiliza\u00e7\u00e3o de 58 mil metros quadrados da \u00c1rea de Prote\u00e7\u00e3o Ambiental (APA) de Marapendi, na Barra da Tijuca, Zona Oeste da cidade, para construir um campo de golfe para a Olimp\u00edada de 2016, Eduardo Paes adiantou que dever\u00e1 vetar as emendas que, no seu entender, n\u00e3o est\u00e3o de acordo com &#8220;o que j\u00e1 foi acordado com a concession\u00e1ria e tudo o que envolve a \u00e1rea de prote\u00e7\u00e3o ambiental&#8221;.\n<\/p>\n<p>\n &#8220;Eu parto da premissa de que as emendas ser\u00e3o vetadas. Qualquer coisa que tenha sido concedida de benef\u00edcio a mais, sem uma contrapartida, n\u00e3o faz o menor sentido. Deixei muito claro essa posi\u00e7\u00e3o. Vamos vetar, a n\u00e3o ser que melhore muito. A gente espera uma troca nesses benef\u00edcios&#8221;, detalhou o prefeito, que alegou ainda a transpar\u00eancia da atual siteistra\u00e7\u00e3o municipal com rela\u00e7\u00e3o \u00e0s obras ol\u00edmpicas:<br \/>\n <br \/>\n &#8220;Chamei rep\u00f3rteres, editores, para mostrar o aumento de gabarito e dar embasamento para obras. Temos R$ 450 milh\u00f5es de dinheiro p\u00fablico para gastar no IBC(Internacional Broadcasting Center, ou Centro de Transmiss\u00e3o internacional), no qual Londres gastou R$ 700 milh\u00f5es. Vamos continuar agindo com essa transpar\u00eancia&#8221;, disse Paes, n\u00e3o antes sem dar uma declara\u00e7\u00e3o curiosa ao final da entrevista. &#8220;Ningu\u00e9m me faz pergunta sobre o telef\u00e9rico&#8221;, finalizou, em tom de reclama\u00e7\u00e3o.\n<\/p>\n<p>\n <i><br \/>\n  Via Jornal do Brasil<br \/>\n <\/i><\/p>\n","protected":false},"excerpt":{"rendered":"<p>27\/12\/2012 O prefeito Eduardo Paes criticou duramente a aprova\u00e7\u00e3o em primeira vota\u00e7\u00e3o de Projeto de Lei para o tombamento da Escola Municipal Friedenreich, situada no Complexo do Maracan\u00e3. &#8220;A gente tinha que estar discutindo alternativas para a nova sede da escola municipal e n\u00e3o uma besteirada demag\u00f3gica&#8221;, disparou, durante testes do telef\u00e9rico do Morro da [&hellip;]<\/p>\n","protected":false},"author":1,"featured_media":0,"comment_status":"closed","ping_status":"open","sticky":false,"template":"","format":"standard","meta":{"footnotes":""},"categories":[1],"tags":[],"class_list":["post-20321","post","type-post","status-publish","format-standard","hentry","category-noticias"],"yoast_head":"<!-- This site is optimized with the Yoast SEO plugin v25.7 - https:\/\/yoast.com\/wordpress\/plugins\/seo\/ -->\n<title>Eduardo Paes diz que tombamento de escola \u00e9 besteirada demag\u00f3gica - Sinpro-Rio<\/title>\n<meta name=\"robots\" content=\"index, follow, max-snippet:-1, max-image-preview:large, max-video-preview:-1\" \/>\n<link rel=\"canonical\" href=\"https:\/\/www.sinpro-rio.org.br\/principal\/eduardo-paes-diz-que-tombamento-de-escola-e-besteirada-demagogica\/\" \/>\n<meta property=\"og:locale\" content=\"pt_BR\" \/>\n<meta property=\"og:type\" content=\"article\" \/>\n<meta property=\"og:title\" content=\"Eduardo Paes diz que tombamento de escola \u00e9 besteirada demag\u00f3gica - Sinpro-Rio\" \/>\n<meta property=\"og:description\" content=\"27\/12\/2012 O prefeito Eduardo Paes criticou duramente a aprova\u00e7\u00e3o em primeira vota\u00e7\u00e3o de Projeto de Lei para o tombamento da Escola Municipal Friedenreich, situada no Complexo do Maracan\u00e3. &#8220;A gente tinha que estar discutindo alternativas para a nova sede da escola municipal e n\u00e3o uma besteirada demag\u00f3gica&#8221;, disparou, durante testes do telef\u00e9rico do Morro da [&hellip;]\" \/>\n<meta property=\"og:url\" content=\"https:\/\/www.sinpro-rio.org.br\/principal\/eduardo-paes-diz-que-tombamento-de-escola-e-besteirada-demagogica\/\" \/>\n<meta property=\"og:site_name\" content=\"Sinpro-Rio\" \/>\n<meta property=\"article:published_time\" content=\"2012-12-27T00:00:00+00:00\" \/>\n<meta name=\"author\" content=\"rafaelrjp\" \/>\n<meta name=\"twitter:card\" content=\"summary_large_image\" \/>\n<meta name=\"twitter:label1\" content=\"Escrito por\" \/>\n\t<meta name=\"twitter:data1\" content=\"rafaelrjp\" \/>\n\t<meta name=\"twitter:label2\" content=\"Est. tempo de leitura\" \/>\n\t<meta name=\"twitter:data2\" content=\"3 minutos\" \/>\n<script type=\"application\/ld+json\" class=\"yoast-schema-graph\">{\"@context\":\"https:\/\/schema.org\",\"@graph\":[{\"@type\":\"WebPage\",\"@id\":\"https:\/\/www.sinpro-rio.org.br\/principal\/eduardo-paes-diz-que-tombamento-de-escola-e-besteirada-demagogica\/\",\"url\":\"https:\/\/www.sinpro-rio.org.br\/principal\/eduardo-paes-diz-que-tombamento-de-escola-e-besteirada-demagogica\/\",\"name\":\"Eduardo Paes diz que tombamento de escola \u00e9 besteirada demag\u00f3gica - Sinpro-Rio\",\"isPartOf\":{\"@id\":\"https:\/\/www.sinpro-rio.org.br\/principal\/#website\"},\"datePublished\":\"2012-12-27T00:00:00+00:00\",\"author\":{\"@id\":\"https:\/\/www.sinpro-rio.org.br\/principal\/#\/schema\/person\/49feb585a2f57a31a6bd9f16f78e5be6\"},\"breadcrumb\":{\"@id\":\"https:\/\/www.sinpro-rio.org.br\/principal\/eduardo-paes-diz-que-tombamento-de-escola-e-besteirada-demagogica\/#breadcrumb\"},\"inLanguage\":\"pt-BR\",\"potentialAction\":[{\"@type\":\"ReadAction\",\"target\":[\"https:\/\/www.sinpro-rio.org.br\/principal\/eduardo-paes-diz-que-tombamento-de-escola-e-besteirada-demagogica\/\"]}]},{\"@type\":\"BreadcrumbList\",\"@id\":\"https:\/\/www.sinpro-rio.org.br\/principal\/eduardo-paes-diz-que-tombamento-de-escola-e-besteirada-demagogica\/#breadcrumb\",\"itemListElement\":[{\"@type\":\"ListItem\",\"position\":1,\"name\":\"In\u00edcio\",\"item\":\"https:\/\/www.sinpro-rio.org.br\/principal\/\"},{\"@type\":\"ListItem\",\"position\":2,\"name\":\"Eduardo Paes diz que tombamento de escola \u00e9 besteirada demag\u00f3gica\"}]},{\"@type\":\"WebSite\",\"@id\":\"https:\/\/www.sinpro-rio.org.br\/principal\/#website\",\"url\":\"https:\/\/www.sinpro-rio.org.br\/principal\/\",\"name\":\"Sinpro-Rio\",\"description\":\"Sindicato dos Professores do Munic\u00edpio do Rio de Janeiro e Regi\u00e3o\",\"potentialAction\":[{\"@type\":\"SearchAction\",\"target\":{\"@type\":\"EntryPoint\",\"urlTemplate\":\"https:\/\/www.sinpro-rio.org.br\/principal\/?s={search_term_string}\"},\"query-input\":{\"@type\":\"PropertyValueSpecification\",\"valueRequired\":true,\"valueName\":\"search_term_string\"}}],\"inLanguage\":\"pt-BR\"},{\"@type\":\"Person\",\"@id\":\"https:\/\/www.sinpro-rio.org.br\/principal\/#\/schema\/person\/49feb585a2f57a31a6bd9f16f78e5be6\",\"name\":\"rafaelrjp\",\"image\":{\"@type\":\"ImageObject\",\"inLanguage\":\"pt-BR\",\"@id\":\"https:\/\/www.sinpro-rio.org.br\/principal\/#\/schema\/person\/image\/\",\"url\":\"https:\/\/secure.gravatar.com\/avatar\/489371a0ba4655c340b519882c68cf68?s=96&d=mm&r=g\",\"contentUrl\":\"https:\/\/secure.gravatar.com\/avatar\/489371a0ba4655c340b519882c68cf68?s=96&d=mm&r=g\",\"caption\":\"rafaelrjp\"},\"url\":\"https:\/\/www.sinpro-rio.org.br\/principal\/author\/rafaelrjp\/\"}]}<\/script>\n<!-- \/ Yoast SEO plugin. -->","yoast_head_json":{"title":"Eduardo Paes diz que tombamento de escola \u00e9 besteirada demag\u00f3gica - Sinpro-Rio","robots":{"index":"index","follow":"follow","max-snippet":"max-snippet:-1","max-image-preview":"max-image-preview:large","max-video-preview":"max-video-preview:-1"},"canonical":"https:\/\/www.sinpro-rio.org.br\/principal\/eduardo-paes-diz-que-tombamento-de-escola-e-besteirada-demagogica\/","og_locale":"pt_BR","og_type":"article","og_title":"Eduardo Paes diz que tombamento de escola \u00e9 besteirada demag\u00f3gica - Sinpro-Rio","og_description":"27\/12\/2012 O prefeito Eduardo Paes criticou duramente a aprova\u00e7\u00e3o em primeira vota\u00e7\u00e3o de Projeto de Lei para o tombamento da Escola Municipal Friedenreich, situada no Complexo do Maracan\u00e3. &#8220;A gente tinha que estar discutindo alternativas para a nova sede da escola municipal e n\u00e3o uma besteirada demag\u00f3gica&#8221;, disparou, durante testes do telef\u00e9rico do Morro da [&hellip;]","og_url":"https:\/\/www.sinpro-rio.org.br\/principal\/eduardo-paes-diz-que-tombamento-de-escola-e-besteirada-demagogica\/","og_site_name":"Sinpro-Rio","article_published_time":"2012-12-27T00:00:00+00:00","author":"rafaelrjp","twitter_card":"summary_large_image","twitter_misc":{"Escrito por":"rafaelrjp","Est. tempo de leitura":"3 minutos"},"schema":{"@context":"https:\/\/schema.org","@graph":[{"@type":"WebPage","@id":"https:\/\/www.sinpro-rio.org.br\/principal\/eduardo-paes-diz-que-tombamento-de-escola-e-besteirada-demagogica\/","url":"https:\/\/www.sinpro-rio.org.br\/principal\/eduardo-paes-diz-que-tombamento-de-escola-e-besteirada-demagogica\/","name":"Eduardo Paes diz que tombamento de escola \u00e9 besteirada demag\u00f3gica - Sinpro-Rio","isPartOf":{"@id":"https:\/\/www.sinpro-rio.org.br\/principal\/#website"},"datePublished":"2012-12-27T00:00:00+00:00","author":{"@id":"https:\/\/www.sinpro-rio.org.br\/principal\/#\/schema\/person\/49feb585a2f57a31a6bd9f16f78e5be6"},"breadcrumb":{"@id":"https:\/\/www.sinpro-rio.org.br\/principal\/eduardo-paes-diz-que-tombamento-de-escola-e-besteirada-demagogica\/#breadcrumb"},"inLanguage":"pt-BR","potentialAction":[{"@type":"ReadAction","target":["https:\/\/www.sinpro-rio.org.br\/principal\/eduardo-paes-diz-que-tombamento-de-escola-e-besteirada-demagogica\/"]}]},{"@type":"BreadcrumbList","@id":"https:\/\/www.sinpro-rio.org.br\/principal\/eduardo-paes-diz-que-tombamento-de-escola-e-besteirada-demagogica\/#breadcrumb","itemListElement":[{"@type":"ListItem","position":1,"name":"In\u00edcio","item":"https:\/\/www.sinpro-rio.org.br\/principal\/"},{"@type":"ListItem","position":2,"name":"Eduardo Paes diz que tombamento de escola \u00e9 besteirada demag\u00f3gica"}]},{"@type":"WebSite","@id":"https:\/\/www.sinpro-rio.org.br\/principal\/#website","url":"https:\/\/www.sinpro-rio.org.br\/principal\/","name":"Sinpro-Rio","description":"Sindicato dos Professores do Munic\u00edpio do Rio de Janeiro e Regi\u00e3o","potentialAction":[{"@type":"SearchAction","target":{"@type":"EntryPoint","urlTemplate":"https:\/\/www.sinpro-rio.org.br\/principal\/?s={search_term_string}"},"query-input":{"@type":"PropertyValueSpecification","valueRequired":true,"valueName":"search_term_string"}}],"inLanguage":"pt-BR"},{"@type":"Person","@id":"https:\/\/www.sinpro-rio.org.br\/principal\/#\/schema\/person\/49feb585a2f57a31a6bd9f16f78e5be6","name":"rafaelrjp","image":{"@type":"ImageObject","inLanguage":"pt-BR","@id":"https:\/\/www.sinpro-rio.org.br\/principal\/#\/schema\/person\/image\/","url":"https:\/\/secure.gravatar.com\/avatar\/489371a0ba4655c340b519882c68cf68?s=96&d=mm&r=g","contentUrl":"https:\/\/secure.gravatar.com\/avatar\/489371a0ba4655c340b519882c68cf68?s=96&d=mm&r=g","caption":"rafaelrjp"},"url":"https:\/\/www.sinpro-rio.org.br\/principal\/author\/rafaelrjp\/"}]}},"_links":{"self":[{"href":"https:\/\/www.sinpro-rio.org.br\/principal\/wp-json\/wp\/v2\/posts\/20321","targetHints":{"allow":["GET"]}}],"collection":[{"href":"https:\/\/www.sinpro-rio.org.br\/principal\/wp-json\/wp\/v2\/posts"}],"about":[{"href":"https:\/\/www.sinpro-rio.org.br\/principal\/wp-json\/wp\/v2\/types\/post"}],"author":[{"embeddable":true,"href":"https:\/\/www.sinpro-rio.org.br\/principal\/wp-json\/wp\/v2\/users\/1"}],"replies":[{"embeddable":true,"href":"https:\/\/www.sinpro-rio.org.br\/principal\/wp-json\/wp\/v2\/comments?post=20321"}],"version-history":[{"count":0,"href":"https:\/\/www.sinpro-rio.org.br\/principal\/wp-json\/wp\/v2\/posts\/20321\/revisions"}],"wp:attachment":[{"href":"https:\/\/www.sinpro-rio.org.br\/principal\/wp-json\/wp\/v2\/media?parent=20321"}],"wp:term":[{"taxonomy":"category","embeddable":true,"href":"https:\/\/www.sinpro-rio.org.br\/principal\/wp-json\/wp\/v2\/categories?post=20321"},{"taxonomy":"post_tag","embeddable":true,"href":"https:\/\/www.sinpro-rio.org.br\/principal\/wp-json\/wp\/v2\/tags?post=20321"}],"curies":[{"name":"wp","href":"https:\/\/api.w.org\/{rel}","templated":true}]}}