{"id":20320,"date":"2012-12-27T00:00:00","date_gmt":"2012-12-27T00:00:00","guid":{"rendered":""},"modified":"-0001-11-30T00:00:00","modified_gmt":"-0001-11-30T03:00:00","slug":"dilma-sanciona-projeto-de-lei-que-cria-o-vale-cultura","status":"publish","type":"post","link":"https:\/\/www.sinpro-rio.org.br\/principal\/dilma-sanciona-projeto-de-lei-que-cria-o-vale-cultura\/","title":{"rendered":"Dilma sanciona projeto de lei que cria o Vale-Cultura"},"content":{"rendered":"\n<p>\n <em><br \/>\n  27\/12\/2012<br \/>\n <\/em>\n<\/p>\n<p>\n Bras\u00edlia &#8211; A presidenta Dilma Rousseff sancionou, h\u00e1 pouco, o projeto de lei que cria o Vale-Cultura, no valor de R$ 50 por m\u00eas, para trabalhadores que recebem at\u00e9 cinco sal\u00e1rios m\u00ednimos. O projeto depende ainda de regulamenta\u00e7\u00e3o e deve entrar em vigor no segundo semestre de 2013.\n<\/p>\n<p>\n O an\u00fancio foi feito pela ministra da Cultura, Marta Suplicy.<br \/>\nA ministra lembrou que a iniciativa do governo Lula de criar o Bolsa Fam\u00edlia teve como objetivo acabar com a fome e a mis\u00e9ria e disse que Dilma, agora, com o Vale-Cultura, \u201dd\u00e1 o alimento para a alma\u201d. Segundo a ministra, \u201cexiste uma enorme sede de conhecimento\u201d.\n<\/p>\n<p>\n As empresas que aderirem ao programa ter\u00e3o isen\u00e7\u00e3o de impostos de R$ 45 por vale doado e o trabalhador contribuir\u00e1 com R$ 5. \u201cTemos cerca de 17 milh\u00f5es de trabalhadores que ganham at\u00e9 cinco sal\u00e1rios m\u00ednimos, mas trabalhamos com muito menos [ades\u00f5es]. Devagarzinho, paulatinamente, como foi com a Lei Rouanet e o t\u00edquete alimenta\u00e7\u00e3o.\u201d\n<\/p>\n<p>\n Segundo a ministra, a estimativa \u00e9 que o governo deixe de arrecadar R$ 500 milh\u00f5es [ren\u00fancia fiscal] se o Vale-Cultura entrar em vigor em agosto. \u201cDepois, haver\u00e1 um aumento [no n\u00famero de ades\u00f5es]. Vai depender da ades\u00e3o das empresas e do interesse do trabalhador\u201d, explicou.<\/p>\n<p>\n  O Vale-Cultura \u00e9 cumulativo e poder\u00e1 ser usado para comprar livros, ingressos de teatro, de cinema, de espet\u00e1culos de dan\u00e7a, disse a ministra. \u201cO trabalhador pode escolher onde quer consumir.&#8221;\n <\/p>\n<p>\n  Marta esclareceu que o Vale-Cultura n\u00e3o \u00e9 obrigat\u00f3rio nem para as empresas, nem para os trabalhadores, mas acredita que haver\u00e1 uma grande ades\u00e3o. As empresas poder\u00e3o usar at\u00e9 1% do rendimento bruto para concess\u00e3o do benef\u00edcio.\n <\/p>\n<p>\n  Fonte: Ag\u00eancia Brasil\n <\/p>\n<\/p>\n<p>\n O Vale-Cultura \u00e9 cumulativo e poder\u00e1 ser usado para comprar livros, ingressos de teatro, de cinema, de espet\u00e1culos de dan\u00e7a, disse a ministra. \u201cO trabalhador pode escolher onde quer consumir.&#8221;\n<\/p>\n<p>\n Marta esclareceu que o Vale-Cultura n\u00e3o \u00e9 obrigat\u00f3rio nem para as empresas, nem para os trabalhadores, mas acredita que haver\u00e1 uma grande ades\u00e3o. As empresas poder\u00e3o usar at\u00e9 1% do rendimento bruto para concess\u00e3o do benef\u00edcio.\n<\/p>\n<p>\n Fonte: Ag\u00eancia Brasil<\/p>\n","protected":false},"excerpt":{"rendered":"<p>27\/12\/2012 Bras\u00edlia &#8211; A presidenta Dilma Rousseff sancionou, h\u00e1 pouco, o projeto de lei que cria o Vale-Cultura, no valor de R$ 50 por m\u00eas, para trabalhadores que recebem at\u00e9 cinco sal\u00e1rios m\u00ednimos. O projeto depende ainda de regulamenta\u00e7\u00e3o e deve entrar em vigor no segundo semestre de 2013. O an\u00fancio foi feito pela ministra [&hellip;]<\/p>\n","protected":false},"author":1,"featured_media":0,"comment_status":"closed","ping_status":"open","sticky":false,"template":"","format":"standard","meta":{"footnotes":""},"categories":[1],"tags":[],"class_list":["post-20320","post","type-post","status-publish","format-standard","hentry","category-noticias"],"yoast_head":"<!-- This site is optimized with the Yoast SEO plugin v25.7 - https:\/\/yoast.com\/wordpress\/plugins\/seo\/ -->\n<title>Dilma sanciona projeto de lei que cria o Vale-Cultura - Sinpro-Rio<\/title>\n<meta name=\"robots\" content=\"index, follow, max-snippet:-1, max-image-preview:large, max-video-preview:-1\" \/>\n<link rel=\"canonical\" href=\"https:\/\/www.sinpro-rio.org.br\/principal\/dilma-sanciona-projeto-de-lei-que-cria-o-vale-cultura\/\" \/>\n<meta property=\"og:locale\" content=\"pt_BR\" \/>\n<meta property=\"og:type\" content=\"article\" \/>\n<meta property=\"og:title\" content=\"Dilma sanciona projeto de lei que cria o Vale-Cultura - Sinpro-Rio\" \/>\n<meta property=\"og:description\" content=\"27\/12\/2012 Bras\u00edlia &#8211; A presidenta Dilma Rousseff sancionou, h\u00e1 pouco, o projeto de lei que cria o Vale-Cultura, no valor de R$ 50 por m\u00eas, para trabalhadores que recebem at\u00e9 cinco sal\u00e1rios m\u00ednimos. O projeto depende ainda de regulamenta\u00e7\u00e3o e deve entrar em vigor no segundo semestre de 2013. O an\u00fancio foi feito pela ministra [&hellip;]\" \/>\n<meta property=\"og:url\" content=\"https:\/\/www.sinpro-rio.org.br\/principal\/dilma-sanciona-projeto-de-lei-que-cria-o-vale-cultura\/\" \/>\n<meta property=\"og:site_name\" content=\"Sinpro-Rio\" \/>\n<meta property=\"article:published_time\" content=\"2012-12-27T00:00:00+00:00\" \/>\n<meta name=\"author\" content=\"rafaelrjp\" \/>\n<meta name=\"twitter:card\" content=\"summary_large_image\" \/>\n<meta name=\"twitter:label1\" content=\"Escrito por\" \/>\n\t<meta name=\"twitter:data1\" content=\"rafaelrjp\" \/>\n\t<meta name=\"twitter:label2\" content=\"Est. tempo de leitura\" \/>\n\t<meta name=\"twitter:data2\" content=\"2 minutos\" \/>\n<script type=\"application\/ld+json\" class=\"yoast-schema-graph\">{\"@context\":\"https:\/\/schema.org\",\"@graph\":[{\"@type\":\"WebPage\",\"@id\":\"https:\/\/www.sinpro-rio.org.br\/principal\/dilma-sanciona-projeto-de-lei-que-cria-o-vale-cultura\/\",\"url\":\"https:\/\/www.sinpro-rio.org.br\/principal\/dilma-sanciona-projeto-de-lei-que-cria-o-vale-cultura\/\",\"name\":\"Dilma sanciona projeto de lei que cria o Vale-Cultura - Sinpro-Rio\",\"isPartOf\":{\"@id\":\"https:\/\/www.sinpro-rio.org.br\/principal\/#website\"},\"datePublished\":\"2012-12-27T00:00:00+00:00\",\"author\":{\"@id\":\"https:\/\/www.sinpro-rio.org.br\/principal\/#\/schema\/person\/49feb585a2f57a31a6bd9f16f78e5be6\"},\"breadcrumb\":{\"@id\":\"https:\/\/www.sinpro-rio.org.br\/principal\/dilma-sanciona-projeto-de-lei-que-cria-o-vale-cultura\/#breadcrumb\"},\"inLanguage\":\"pt-BR\",\"potentialAction\":[{\"@type\":\"ReadAction\",\"target\":[\"https:\/\/www.sinpro-rio.org.br\/principal\/dilma-sanciona-projeto-de-lei-que-cria-o-vale-cultura\/\"]}]},{\"@type\":\"BreadcrumbList\",\"@id\":\"https:\/\/www.sinpro-rio.org.br\/principal\/dilma-sanciona-projeto-de-lei-que-cria-o-vale-cultura\/#breadcrumb\",\"itemListElement\":[{\"@type\":\"ListItem\",\"position\":1,\"name\":\"In\u00edcio\",\"item\":\"https:\/\/www.sinpro-rio.org.br\/principal\/\"},{\"@type\":\"ListItem\",\"position\":2,\"name\":\"Dilma sanciona projeto de lei que cria o Vale-Cultura\"}]},{\"@type\":\"WebSite\",\"@id\":\"https:\/\/www.sinpro-rio.org.br\/principal\/#website\",\"url\":\"https:\/\/www.sinpro-rio.org.br\/principal\/\",\"name\":\"Sinpro-Rio\",\"description\":\"Sindicato dos Professores do Munic\u00edpio do Rio de Janeiro e Regi\u00e3o\",\"potentialAction\":[{\"@type\":\"SearchAction\",\"target\":{\"@type\":\"EntryPoint\",\"urlTemplate\":\"https:\/\/www.sinpro-rio.org.br\/principal\/?s={search_term_string}\"},\"query-input\":{\"@type\":\"PropertyValueSpecification\",\"valueRequired\":true,\"valueName\":\"search_term_string\"}}],\"inLanguage\":\"pt-BR\"},{\"@type\":\"Person\",\"@id\":\"https:\/\/www.sinpro-rio.org.br\/principal\/#\/schema\/person\/49feb585a2f57a31a6bd9f16f78e5be6\",\"name\":\"rafaelrjp\",\"image\":{\"@type\":\"ImageObject\",\"inLanguage\":\"pt-BR\",\"@id\":\"https:\/\/www.sinpro-rio.org.br\/principal\/#\/schema\/person\/image\/\",\"url\":\"https:\/\/secure.gravatar.com\/avatar\/489371a0ba4655c340b519882c68cf68?s=96&d=mm&r=g\",\"contentUrl\":\"https:\/\/secure.gravatar.com\/avatar\/489371a0ba4655c340b519882c68cf68?s=96&d=mm&r=g\",\"caption\":\"rafaelrjp\"},\"url\":\"https:\/\/www.sinpro-rio.org.br\/principal\/author\/rafaelrjp\/\"}]}<\/script>\n<!-- \/ Yoast SEO plugin. -->","yoast_head_json":{"title":"Dilma sanciona projeto de lei que cria o Vale-Cultura - Sinpro-Rio","robots":{"index":"index","follow":"follow","max-snippet":"max-snippet:-1","max-image-preview":"max-image-preview:large","max-video-preview":"max-video-preview:-1"},"canonical":"https:\/\/www.sinpro-rio.org.br\/principal\/dilma-sanciona-projeto-de-lei-que-cria-o-vale-cultura\/","og_locale":"pt_BR","og_type":"article","og_title":"Dilma sanciona projeto de lei que cria o Vale-Cultura - Sinpro-Rio","og_description":"27\/12\/2012 Bras\u00edlia &#8211; A presidenta Dilma Rousseff sancionou, h\u00e1 pouco, o projeto de lei que cria o Vale-Cultura, no valor de R$ 50 por m\u00eas, para trabalhadores que recebem at\u00e9 cinco sal\u00e1rios m\u00ednimos. O projeto depende ainda de regulamenta\u00e7\u00e3o e deve entrar em vigor no segundo semestre de 2013. O an\u00fancio foi feito pela ministra [&hellip;]","og_url":"https:\/\/www.sinpro-rio.org.br\/principal\/dilma-sanciona-projeto-de-lei-que-cria-o-vale-cultura\/","og_site_name":"Sinpro-Rio","article_published_time":"2012-12-27T00:00:00+00:00","author":"rafaelrjp","twitter_card":"summary_large_image","twitter_misc":{"Escrito por":"rafaelrjp","Est. tempo de leitura":"2 minutos"},"schema":{"@context":"https:\/\/schema.org","@graph":[{"@type":"WebPage","@id":"https:\/\/www.sinpro-rio.org.br\/principal\/dilma-sanciona-projeto-de-lei-que-cria-o-vale-cultura\/","url":"https:\/\/www.sinpro-rio.org.br\/principal\/dilma-sanciona-projeto-de-lei-que-cria-o-vale-cultura\/","name":"Dilma sanciona projeto de lei que cria o Vale-Cultura - Sinpro-Rio","isPartOf":{"@id":"https:\/\/www.sinpro-rio.org.br\/principal\/#website"},"datePublished":"2012-12-27T00:00:00+00:00","author":{"@id":"https:\/\/www.sinpro-rio.org.br\/principal\/#\/schema\/person\/49feb585a2f57a31a6bd9f16f78e5be6"},"breadcrumb":{"@id":"https:\/\/www.sinpro-rio.org.br\/principal\/dilma-sanciona-projeto-de-lei-que-cria-o-vale-cultura\/#breadcrumb"},"inLanguage":"pt-BR","potentialAction":[{"@type":"ReadAction","target":["https:\/\/www.sinpro-rio.org.br\/principal\/dilma-sanciona-projeto-de-lei-que-cria-o-vale-cultura\/"]}]},{"@type":"BreadcrumbList","@id":"https:\/\/www.sinpro-rio.org.br\/principal\/dilma-sanciona-projeto-de-lei-que-cria-o-vale-cultura\/#breadcrumb","itemListElement":[{"@type":"ListItem","position":1,"name":"In\u00edcio","item":"https:\/\/www.sinpro-rio.org.br\/principal\/"},{"@type":"ListItem","position":2,"name":"Dilma sanciona projeto de lei que cria o Vale-Cultura"}]},{"@type":"WebSite","@id":"https:\/\/www.sinpro-rio.org.br\/principal\/#website","url":"https:\/\/www.sinpro-rio.org.br\/principal\/","name":"Sinpro-Rio","description":"Sindicato dos Professores do Munic\u00edpio do Rio de Janeiro e Regi\u00e3o","potentialAction":[{"@type":"SearchAction","target":{"@type":"EntryPoint","urlTemplate":"https:\/\/www.sinpro-rio.org.br\/principal\/?s={search_term_string}"},"query-input":{"@type":"PropertyValueSpecification","valueRequired":true,"valueName":"search_term_string"}}],"inLanguage":"pt-BR"},{"@type":"Person","@id":"https:\/\/www.sinpro-rio.org.br\/principal\/#\/schema\/person\/49feb585a2f57a31a6bd9f16f78e5be6","name":"rafaelrjp","image":{"@type":"ImageObject","inLanguage":"pt-BR","@id":"https:\/\/www.sinpro-rio.org.br\/principal\/#\/schema\/person\/image\/","url":"https:\/\/secure.gravatar.com\/avatar\/489371a0ba4655c340b519882c68cf68?s=96&d=mm&r=g","contentUrl":"https:\/\/secure.gravatar.com\/avatar\/489371a0ba4655c340b519882c68cf68?s=96&d=mm&r=g","caption":"rafaelrjp"},"url":"https:\/\/www.sinpro-rio.org.br\/principal\/author\/rafaelrjp\/"}]}},"_links":{"self":[{"href":"https:\/\/www.sinpro-rio.org.br\/principal\/wp-json\/wp\/v2\/posts\/20320","targetHints":{"allow":["GET"]}}],"collection":[{"href":"https:\/\/www.sinpro-rio.org.br\/principal\/wp-json\/wp\/v2\/posts"}],"about":[{"href":"https:\/\/www.sinpro-rio.org.br\/principal\/wp-json\/wp\/v2\/types\/post"}],"author":[{"embeddable":true,"href":"https:\/\/www.sinpro-rio.org.br\/principal\/wp-json\/wp\/v2\/users\/1"}],"replies":[{"embeddable":true,"href":"https:\/\/www.sinpro-rio.org.br\/principal\/wp-json\/wp\/v2\/comments?post=20320"}],"version-history":[{"count":0,"href":"https:\/\/www.sinpro-rio.org.br\/principal\/wp-json\/wp\/v2\/posts\/20320\/revisions"}],"wp:attachment":[{"href":"https:\/\/www.sinpro-rio.org.br\/principal\/wp-json\/wp\/v2\/media?parent=20320"}],"wp:term":[{"taxonomy":"category","embeddable":true,"href":"https:\/\/www.sinpro-rio.org.br\/principal\/wp-json\/wp\/v2\/categories?post=20320"},{"taxonomy":"post_tag","embeddable":true,"href":"https:\/\/www.sinpro-rio.org.br\/principal\/wp-json\/wp\/v2\/tags?post=20320"}],"curies":[{"name":"wp","href":"https:\/\/api.w.org\/{rel}","templated":true}]}}