{"id":20319,"date":"2012-12-28T00:00:00","date_gmt":"2012-12-28T00:00:00","guid":{"rendered":""},"modified":"-0001-11-30T00:00:00","modified_gmt":"-0001-11-30T03:00:00","slug":"senado-pode-iniciar-votac-o-do-pne-nesta-terca-contee-pressiona-para-que-plano-represente-o-desejo-da-sociedade","status":"publish","type":"post","link":"https:\/\/www.sinpro-rio.org.br\/principal\/senado-pode-iniciar-votac-o-do-pne-nesta-terca-contee-pressiona-para-que-plano-represente-o-desejo-da-sociedade\/","title":{"rendered":"Senado pode iniciar vota\u00e7\u00e3o do PNE nesta ter\u00e7a; Contee pressiona para que plano represente o desejo da sociedade"},"content":{"rendered":"\n<p>\n <em><br \/>\n  28\/12\/2012<br \/>\n <\/em>\n<\/p>\n<p>\n Senado pode iniciar vota\u00e7\u00e3o do PNE nesta ter\u00e7a; Contee pressiona para que plano represente o desejo da sociedade<\/p>\n<p>\n  O novo Plano Nacional de Educa\u00e7\u00e3o est\u00e1 na pauta desta ter\u00e7a-feira (18) da Comiss\u00e3o de Assuntos Econ\u00f4micos (CAE) do Senado, na \u00faltima reuni\u00e3o deliberativa do ano. A Contee, contudo, vai pressionar para que as 38 emendas ao texto j\u00e1 recebidas na Casa revisora sejam rejeitadas pela CAE, uma vez que colocam em risco a destina\u00e7\u00e3o exclusiva de 10% do PIB nacional em dez anos para a educa\u00e7\u00e3o p\u00fablica e abrem brechas para a satisfa\u00e7\u00e3o dos interesses do setor privado.<\/p>\n<p>\n   As coordenadoras Ad\u00e9rcia Bezerra Hostin e Nara Teixeira de Souza, das respectivas secretarias de Assuntos Educacionais e Assuntos Institucionais da Contee, est\u00e3o em Bras\u00edlia para acompanhar de perto a sess\u00e3o da CAE e marcar a posi\u00e7\u00e3o da entidade contra a aprova\u00e7\u00e3o das emendas apresentadas na \u00faltima semana pelo relator do PNE na comiss\u00e3o, senador Jos\u00e9 Pimentel (PT-CE).<\/p>\n<p>\n    As diretoras da Executiva entregar\u00e3o aos senadores a nota de rep\u00fadio a Contee quanto \u00e0s poss\u00edveis modifica\u00e7\u00f5es no PNE cogitadas pelo Senado. Se houver emendas ao texto, a luta da Contee \u00e9 para que as altera\u00e7\u00f5es sejam aquelas defendidas pela entidade quando a mat\u00e9ria tramitava na C\u00e2mara \u2013 e que expressam o desejo da sociedade representado na Confer\u00eancia Nacional de Educa\u00e7\u00e3o (Conae) de 2010. A Secretaria de Assuntos Educacionais da Contee, ali\u00e1s, tem trabalhado em Bras\u00edlia subsidiando os senadores \u2013 em especial o senador In\u00e1cio Arruda (PCdoB-CE) \u2013 com as justificativas das emendas apresentadas quando na tramita\u00e7\u00e3o da C\u00e2mara.<\/p>\n<p>\n     Entre as obje\u00e7\u00f5es levantadas ao relat\u00f3rio \u2013 e que ser\u00e3o enfatizadas pelas diretoras da Executiva nesta ter\u00e7a \u2013, a Confedera\u00e7\u00e3o ressalta que a emenda \u00e0 Meta 20 do projeto \u201cestabelece que os investimentos sejam feitos em educa\u00e7\u00e3o, e n\u00e3o mais em educa\u00e7\u00e3o p\u00fablica, como definido na C\u00e2mara dos Deputados, abrindo caminho para a aplica\u00e7\u00e3o de dinheiro p\u00fablico no setor privado\u201d.<\/p>\n<p>\n      Al\u00e9m disso, a altera\u00e7\u00e3o na mesma meta \u201cexclui o patamar de 7% do investimento do PIB nacional em educa\u00e7\u00e3o num prazo de cinco anos, deixando o percentual de 10% do PIB ao final do dec\u00eanio como \u00fanico referencial de amplia\u00e7\u00e3o de investimento \u2013 o que elimina a possibilidade de amplia\u00e7\u00e3o do investimento de forma mais imediata\u201d.\n     <\/p>\n<p>\n      <i><br \/>\n       Fonte: Contee<br \/>\n      <\/i>\n     <\/p>\n<\/p>\n<\/p>\n<\/p>\n<p>\n O novo Plano Nacional de Educa\u00e7\u00e3o est\u00e1 na pauta desta ter\u00e7a-feira (18) da Comiss\u00e3o de Assuntos Econ\u00f4micos (CAE) do Senado, na \u00faltima reuni\u00e3o deliberativa do ano. A Contee, contudo, vai pressionar para que as 38 emendas ao texto j\u00e1 recebidas na Casa revisora sejam rejeitadas pela CAE, uma vez que colocam em risco a destina\u00e7\u00e3o exclusiva de 10% do PIB nacional em dez anos para a educa\u00e7\u00e3o p\u00fablica e abrem brechas para a satisfa\u00e7\u00e3o dos interesses do setor privado.<\/p>\n<p>\n  As coordenadoras Ad\u00e9rcia Bezerra Hostin e Nara Teixeira de Souza, das respectivas secretarias de Assuntos Educacionais e Assuntos Institucionais da Contee, est\u00e3o em Bras\u00edlia para acompanhar de perto a sess\u00e3o da CAE e marcar a posi\u00e7\u00e3o da entidade contra a aprova\u00e7\u00e3o das emendas apresentadas na \u00faltima semana pelo relator do PNE na comiss\u00e3o, senador Jos\u00e9 Pimentel (PT-CE).<\/p>\n<p>\n   As diretoras da Executiva entregar\u00e3o aos senadores a nota de rep\u00fadio a Contee quanto \u00e0s poss\u00edveis modifica\u00e7\u00f5es no PNE cogitadas pelo Senado. Se houver emendas ao texto, a luta da Contee \u00e9 para que as altera\u00e7\u00f5es sejam aquelas defendidas pela entidade quando a mat\u00e9ria tramitava na C\u00e2mara \u2013 e que expressam o desejo da sociedade representado na Confer\u00eancia Nacional de Educa\u00e7\u00e3o (Conae) de 2010. A Secretaria de Assuntos Educacionais da Contee, ali\u00e1s, tem trabalhado em Bras\u00edlia subsidiando os senadores \u2013 em especial o senador In\u00e1cio Arruda (PCdoB-CE) \u2013 com as justificativas das emendas apresentadas quando na tramita\u00e7\u00e3o da C\u00e2mara.<\/p>\n<p>\n    Entre as obje\u00e7\u00f5es levantadas ao relat\u00f3rio \u2013 e que ser\u00e3o enfatizadas pelas diretoras da Executiva nesta ter\u00e7a \u2013, a Confedera\u00e7\u00e3o ressalta que a emenda \u00e0 Meta 20 do projeto \u201cestabelece que os investimentos sejam feitos em educa\u00e7\u00e3o, e n\u00e3o mais em educa\u00e7\u00e3o p\u00fablica, como definido na C\u00e2mara dos Deputados, abrindo caminho para a aplica\u00e7\u00e3o de dinheiro p\u00fablico no setor privado\u201d.<\/p>\n<p>\n     Al\u00e9m disso, a altera\u00e7\u00e3o na mesma meta \u201cexclui o patamar de 7% do investimento do PIB nacional em educa\u00e7\u00e3o num prazo de cinco anos, deixando o percentual de 10% do PIB ao final do dec\u00eanio como \u00fanico referencial de amplia\u00e7\u00e3o de investimento \u2013 o que elimina a possibilidade de amplia\u00e7\u00e3o do investimento de forma mais imediata\u201d.\n    <\/p>\n<p>\n     <i><br \/>\n      Fonte: Contee<br \/>\n     <\/i>\n    <\/p>\n<\/p>\n<\/p>\n<p>\n As coordenadoras Ad\u00e9rcia Bezerra Hostin e Nara Teixeira de Souza, das respectivas secretarias de Assuntos Educacionais e Assuntos Institucionais da Contee, est\u00e3o em Bras\u00edlia para acompanhar de perto a sess\u00e3o da CAE e marcar a posi\u00e7\u00e3o da entidade contra a aprova\u00e7\u00e3o das emendas apresentadas na \u00faltima semana pelo relator do PNE na comiss\u00e3o, senador Jos\u00e9 Pimentel (PT-CE).<\/p>\n<p>\n  As diretoras da Executiva entregar\u00e3o aos senadores a nota de rep\u00fadio a Contee quanto \u00e0s poss\u00edveis modifica\u00e7\u00f5es no PNE cogitadas pelo Senado. Se houver emendas ao texto, a luta da Contee \u00e9 para que as altera\u00e7\u00f5es sejam aquelas defendidas pela entidade quando a mat\u00e9ria tramitava na C\u00e2mara \u2013 e que expressam o desejo da sociedade representado na Confer\u00eancia Nacional de Educa\u00e7\u00e3o (Conae) de 2010. A Secretaria de Assuntos Educacionais da Contee, ali\u00e1s, tem trabalhado em Bras\u00edlia subsidiando os senadores \u2013 em especial o senador In\u00e1cio Arruda (PCdoB-CE) \u2013 com as justificativas das emendas apresentadas quando na tramita\u00e7\u00e3o da C\u00e2mara.<\/p>\n<p>\n   Entre as obje\u00e7\u00f5es levantadas ao relat\u00f3rio \u2013 e que ser\u00e3o enfatizadas pelas diretoras da Executiva nesta ter\u00e7a \u2013, a Confedera\u00e7\u00e3o ressalta que a emenda \u00e0 Meta 20 do projeto \u201cestabelece que os investimentos sejam feitos em educa\u00e7\u00e3o, e n\u00e3o mais em educa\u00e7\u00e3o p\u00fablica, como definido na C\u00e2mara dos Deputados, abrindo caminho para a aplica\u00e7\u00e3o de dinheiro p\u00fablico no setor privado\u201d.<\/p>\n<p>\n    Al\u00e9m disso, a altera\u00e7\u00e3o na mesma meta \u201cexclui o patamar de 7% do investimento do PIB nacional em educa\u00e7\u00e3o num prazo de cinco anos, deixando o percentual de 10% do PIB ao final do dec\u00eanio como \u00fanico referencial de amplia\u00e7\u00e3o de investimento \u2013 o que elimina a possibilidade de amplia\u00e7\u00e3o do investimento de forma mais imediata\u201d.\n   <\/p>\n<p>\n    <i><br \/>\n     Fonte: Contee<br \/>\n    <\/i>\n   <\/p>\n<\/p>\n<\/p>\n<p>\n As diretoras da Executiva entregar\u00e3o aos senadores a nota de rep\u00fadio a Contee quanto \u00e0s poss\u00edveis modifica\u00e7\u00f5es no PNE cogitadas pelo Senado. Se houver emendas ao texto, a luta da Contee \u00e9 para que as altera\u00e7\u00f5es sejam aquelas defendidas pela entidade quando a mat\u00e9ria tramitava na C\u00e2mara \u2013 e que expressam o desejo da sociedade representado na Confer\u00eancia Nacional de Educa\u00e7\u00e3o (Conae) de 2010. A Secretaria de Assuntos Educacionais da Contee, ali\u00e1s, tem trabalhado em Bras\u00edlia subsidiando os senadores \u2013 em especial o senador In\u00e1cio Arruda (PCdoB-CE) \u2013 com as justificativas das emendas apresentadas quando na tramita\u00e7\u00e3o da C\u00e2mara.<\/p>\n<p>\n  Entre as obje\u00e7\u00f5es levantadas ao relat\u00f3rio \u2013 e que ser\u00e3o enfatizadas pelas diretoras da Executiva nesta ter\u00e7a \u2013, a Confedera\u00e7\u00e3o ressalta que a emenda \u00e0 Meta 20 do projeto \u201cestabelece que os investimentos sejam feitos em educa\u00e7\u00e3o, e n\u00e3o mais em educa\u00e7\u00e3o p\u00fablica, como definido na C\u00e2mara dos Deputados, abrindo caminho para a aplica\u00e7\u00e3o de dinheiro p\u00fablico no setor privado\u201d.<\/p>\n<p>\n   Al\u00e9m disso, a altera\u00e7\u00e3o na mesma meta \u201cexclui o patamar de 7% do investimento do PIB nacional em educa\u00e7\u00e3o num prazo de cinco anos, deixando o percentual de 10% do PIB ao final do dec\u00eanio como \u00fanico referencial de amplia\u00e7\u00e3o de investimento \u2013 o que elimina a possibilidade de amplia\u00e7\u00e3o do investimento de forma mais imediata\u201d.\n  <\/p>\n<p>\n   <i><br \/>\n    Fonte: Contee<br \/>\n   <\/i>\n  <\/p>\n<\/p>\n<p>\n Entre as obje\u00e7\u00f5es levantadas ao relat\u00f3rio \u2013 e que ser\u00e3o enfatizadas pelas diretoras da Executiva nesta ter\u00e7a \u2013, a Confedera\u00e7\u00e3o ressalta que a emenda \u00e0 Meta 20 do projeto \u201cestabelece que os investimentos sejam feitos em educa\u00e7\u00e3o, e n\u00e3o mais em educa\u00e7\u00e3o p\u00fablica, como definido na C\u00e2mara dos Deputados, abrindo caminho para a aplica\u00e7\u00e3o de dinheiro p\u00fablico no setor privado\u201d.<\/p>\n<p>\n  Al\u00e9m disso, a altera\u00e7\u00e3o na mesma meta \u201cexclui o patamar de 7% do investimento do PIB nacional em educa\u00e7\u00e3o num prazo de cinco anos, deixando o percentual de 10% do PIB ao final do dec\u00eanio como \u00fanico referencial de amplia\u00e7\u00e3o de investimento \u2013 o que elimina a possibilidade de amplia\u00e7\u00e3o do investimento de forma mais imediata\u201d.\n <\/p>\n<p>\n  <i><br \/>\n   Fonte: Contee<br \/>\n  <\/i>\n <\/p>\n<\/p>\n<p>\n Al\u00e9m disso, a altera\u00e7\u00e3o na mesma meta \u201cexclui o patamar de 7% do investimento do PIB nacional em educa\u00e7\u00e3o num prazo de cinco anos, deixando o percentual de 10% do PIB ao final do dec\u00eanio como \u00fanico referencial de amplia\u00e7\u00e3o de investimento \u2013 o que elimina a possibilidade de amplia\u00e7\u00e3o do investimento de forma mais imediata\u201d.\n<\/p>\n<p>\n <i><br \/>\n  Fonte: Contee<br \/>\n <\/i><\/p>\n","protected":false},"excerpt":{"rendered":"<p>28\/12\/2012 Senado pode iniciar vota\u00e7\u00e3o do PNE nesta ter\u00e7a; Contee pressiona para que plano represente o desejo da sociedade O novo Plano Nacional de Educa\u00e7\u00e3o est\u00e1 na pauta desta ter\u00e7a-feira (18) da Comiss\u00e3o de Assuntos Econ\u00f4micos (CAE) do Senado, na \u00faltima reuni\u00e3o deliberativa do ano. A Contee, contudo, vai pressionar para que as 38 emendas [&hellip;]<\/p>\n","protected":false},"author":1,"featured_media":0,"comment_status":"closed","ping_status":"open","sticky":false,"template":"","format":"standard","meta":{"footnotes":""},"categories":[1],"tags":[],"class_list":["post-20319","post","type-post","status-publish","format-standard","hentry","category-noticias"],"yoast_head":"<!-- This site is optimized with the Yoast SEO plugin v25.7 - https:\/\/yoast.com\/wordpress\/plugins\/seo\/ -->\n<title>Senado pode iniciar vota\u00e7\u00e3o do PNE nesta ter\u00e7a; Contee pressiona para que plano represente o desejo da sociedade - Sinpro-Rio<\/title>\n<meta name=\"robots\" content=\"index, follow, max-snippet:-1, max-image-preview:large, max-video-preview:-1\" \/>\n<link rel=\"canonical\" href=\"https:\/\/www.sinpro-rio.org.br\/principal\/senado-pode-iniciar-votac-o-do-pne-nesta-terca-contee-pressiona-para-que-plano-represente-o-desejo-da-sociedade\/\" \/>\n<meta property=\"og:locale\" content=\"pt_BR\" \/>\n<meta property=\"og:type\" content=\"article\" \/>\n<meta property=\"og:title\" content=\"Senado pode iniciar vota\u00e7\u00e3o do PNE nesta ter\u00e7a; Contee pressiona para que plano represente o desejo da sociedade - Sinpro-Rio\" \/>\n<meta property=\"og:description\" content=\"28\/12\/2012 Senado pode iniciar vota\u00e7\u00e3o do PNE nesta ter\u00e7a; Contee pressiona para que plano represente o desejo da sociedade O novo Plano Nacional de Educa\u00e7\u00e3o est\u00e1 na pauta desta ter\u00e7a-feira (18) da Comiss\u00e3o de Assuntos Econ\u00f4micos (CAE) do Senado, na \u00faltima reuni\u00e3o deliberativa do ano. A Contee, contudo, vai pressionar para que as 38 emendas [&hellip;]\" \/>\n<meta property=\"og:url\" content=\"https:\/\/www.sinpro-rio.org.br\/principal\/senado-pode-iniciar-votac-o-do-pne-nesta-terca-contee-pressiona-para-que-plano-represente-o-desejo-da-sociedade\/\" \/>\n<meta property=\"og:site_name\" content=\"Sinpro-Rio\" \/>\n<meta property=\"article:published_time\" content=\"2012-12-28T00:00:00+00:00\" \/>\n<meta name=\"author\" content=\"rafaelrjp\" \/>\n<meta name=\"twitter:card\" content=\"summary_large_image\" \/>\n<meta name=\"twitter:label1\" content=\"Escrito por\" \/>\n\t<meta name=\"twitter:data1\" content=\"rafaelrjp\" \/>\n\t<meta name=\"twitter:label2\" content=\"Est. tempo de leitura\" \/>\n\t<meta name=\"twitter:data2\" content=\"8 minutos\" \/>\n<script type=\"application\/ld+json\" class=\"yoast-schema-graph\">{\"@context\":\"https:\/\/schema.org\",\"@graph\":[{\"@type\":\"WebPage\",\"@id\":\"https:\/\/www.sinpro-rio.org.br\/principal\/senado-pode-iniciar-votac-o-do-pne-nesta-terca-contee-pressiona-para-que-plano-represente-o-desejo-da-sociedade\/\",\"url\":\"https:\/\/www.sinpro-rio.org.br\/principal\/senado-pode-iniciar-votac-o-do-pne-nesta-terca-contee-pressiona-para-que-plano-represente-o-desejo-da-sociedade\/\",\"name\":\"Senado pode iniciar vota\u00e7\u00e3o do PNE nesta ter\u00e7a; Contee pressiona para que plano represente o desejo da sociedade - Sinpro-Rio\",\"isPartOf\":{\"@id\":\"https:\/\/www.sinpro-rio.org.br\/principal\/#website\"},\"datePublished\":\"2012-12-28T00:00:00+00:00\",\"author\":{\"@id\":\"https:\/\/www.sinpro-rio.org.br\/principal\/#\/schema\/person\/49feb585a2f57a31a6bd9f16f78e5be6\"},\"breadcrumb\":{\"@id\":\"https:\/\/www.sinpro-rio.org.br\/principal\/senado-pode-iniciar-votac-o-do-pne-nesta-terca-contee-pressiona-para-que-plano-represente-o-desejo-da-sociedade\/#breadcrumb\"},\"inLanguage\":\"pt-BR\",\"potentialAction\":[{\"@type\":\"ReadAction\",\"target\":[\"https:\/\/www.sinpro-rio.org.br\/principal\/senado-pode-iniciar-votac-o-do-pne-nesta-terca-contee-pressiona-para-que-plano-represente-o-desejo-da-sociedade\/\"]}]},{\"@type\":\"BreadcrumbList\",\"@id\":\"https:\/\/www.sinpro-rio.org.br\/principal\/senado-pode-iniciar-votac-o-do-pne-nesta-terca-contee-pressiona-para-que-plano-represente-o-desejo-da-sociedade\/#breadcrumb\",\"itemListElement\":[{\"@type\":\"ListItem\",\"position\":1,\"name\":\"In\u00edcio\",\"item\":\"https:\/\/www.sinpro-rio.org.br\/principal\/\"},{\"@type\":\"ListItem\",\"position\":2,\"name\":\"Senado pode iniciar vota\u00e7\u00e3o do PNE nesta ter\u00e7a; Contee pressiona para que plano represente o desejo da sociedade\"}]},{\"@type\":\"WebSite\",\"@id\":\"https:\/\/www.sinpro-rio.org.br\/principal\/#website\",\"url\":\"https:\/\/www.sinpro-rio.org.br\/principal\/\",\"name\":\"Sinpro-Rio\",\"description\":\"Sindicato dos Professores do Munic\u00edpio do Rio de Janeiro e Regi\u00e3o\",\"potentialAction\":[{\"@type\":\"SearchAction\",\"target\":{\"@type\":\"EntryPoint\",\"urlTemplate\":\"https:\/\/www.sinpro-rio.org.br\/principal\/?s={search_term_string}\"},\"query-input\":{\"@type\":\"PropertyValueSpecification\",\"valueRequired\":true,\"valueName\":\"search_term_string\"}}],\"inLanguage\":\"pt-BR\"},{\"@type\":\"Person\",\"@id\":\"https:\/\/www.sinpro-rio.org.br\/principal\/#\/schema\/person\/49feb585a2f57a31a6bd9f16f78e5be6\",\"name\":\"rafaelrjp\",\"image\":{\"@type\":\"ImageObject\",\"inLanguage\":\"pt-BR\",\"@id\":\"https:\/\/www.sinpro-rio.org.br\/principal\/#\/schema\/person\/image\/\",\"url\":\"https:\/\/secure.gravatar.com\/avatar\/489371a0ba4655c340b519882c68cf68?s=96&d=mm&r=g\",\"contentUrl\":\"https:\/\/secure.gravatar.com\/avatar\/489371a0ba4655c340b519882c68cf68?s=96&d=mm&r=g\",\"caption\":\"rafaelrjp\"},\"url\":\"https:\/\/www.sinpro-rio.org.br\/principal\/author\/rafaelrjp\/\"}]}<\/script>\n<!-- \/ Yoast SEO plugin. -->","yoast_head_json":{"title":"Senado pode iniciar vota\u00e7\u00e3o do PNE nesta ter\u00e7a; Contee pressiona para que plano represente o desejo da sociedade - Sinpro-Rio","robots":{"index":"index","follow":"follow","max-snippet":"max-snippet:-1","max-image-preview":"max-image-preview:large","max-video-preview":"max-video-preview:-1"},"canonical":"https:\/\/www.sinpro-rio.org.br\/principal\/senado-pode-iniciar-votac-o-do-pne-nesta-terca-contee-pressiona-para-que-plano-represente-o-desejo-da-sociedade\/","og_locale":"pt_BR","og_type":"article","og_title":"Senado pode iniciar vota\u00e7\u00e3o do PNE nesta ter\u00e7a; Contee pressiona para que plano represente o desejo da sociedade - Sinpro-Rio","og_description":"28\/12\/2012 Senado pode iniciar vota\u00e7\u00e3o do PNE nesta ter\u00e7a; Contee pressiona para que plano represente o desejo da sociedade O novo Plano Nacional de Educa\u00e7\u00e3o est\u00e1 na pauta desta ter\u00e7a-feira (18) da Comiss\u00e3o de Assuntos Econ\u00f4micos (CAE) do Senado, na \u00faltima reuni\u00e3o deliberativa do ano. A Contee, contudo, vai pressionar para que as 38 emendas [&hellip;]","og_url":"https:\/\/www.sinpro-rio.org.br\/principal\/senado-pode-iniciar-votac-o-do-pne-nesta-terca-contee-pressiona-para-que-plano-represente-o-desejo-da-sociedade\/","og_site_name":"Sinpro-Rio","article_published_time":"2012-12-28T00:00:00+00:00","author":"rafaelrjp","twitter_card":"summary_large_image","twitter_misc":{"Escrito por":"rafaelrjp","Est. tempo de leitura":"8 minutos"},"schema":{"@context":"https:\/\/schema.org","@graph":[{"@type":"WebPage","@id":"https:\/\/www.sinpro-rio.org.br\/principal\/senado-pode-iniciar-votac-o-do-pne-nesta-terca-contee-pressiona-para-que-plano-represente-o-desejo-da-sociedade\/","url":"https:\/\/www.sinpro-rio.org.br\/principal\/senado-pode-iniciar-votac-o-do-pne-nesta-terca-contee-pressiona-para-que-plano-represente-o-desejo-da-sociedade\/","name":"Senado pode iniciar vota\u00e7\u00e3o do PNE nesta ter\u00e7a; Contee pressiona para que plano represente o desejo da sociedade - Sinpro-Rio","isPartOf":{"@id":"https:\/\/www.sinpro-rio.org.br\/principal\/#website"},"datePublished":"2012-12-28T00:00:00+00:00","author":{"@id":"https:\/\/www.sinpro-rio.org.br\/principal\/#\/schema\/person\/49feb585a2f57a31a6bd9f16f78e5be6"},"breadcrumb":{"@id":"https:\/\/www.sinpro-rio.org.br\/principal\/senado-pode-iniciar-votac-o-do-pne-nesta-terca-contee-pressiona-para-que-plano-represente-o-desejo-da-sociedade\/#breadcrumb"},"inLanguage":"pt-BR","potentialAction":[{"@type":"ReadAction","target":["https:\/\/www.sinpro-rio.org.br\/principal\/senado-pode-iniciar-votac-o-do-pne-nesta-terca-contee-pressiona-para-que-plano-represente-o-desejo-da-sociedade\/"]}]},{"@type":"BreadcrumbList","@id":"https:\/\/www.sinpro-rio.org.br\/principal\/senado-pode-iniciar-votac-o-do-pne-nesta-terca-contee-pressiona-para-que-plano-represente-o-desejo-da-sociedade\/#breadcrumb","itemListElement":[{"@type":"ListItem","position":1,"name":"In\u00edcio","item":"https:\/\/www.sinpro-rio.org.br\/principal\/"},{"@type":"ListItem","position":2,"name":"Senado pode iniciar vota\u00e7\u00e3o do PNE nesta ter\u00e7a; Contee pressiona para que plano represente o desejo da sociedade"}]},{"@type":"WebSite","@id":"https:\/\/www.sinpro-rio.org.br\/principal\/#website","url":"https:\/\/www.sinpro-rio.org.br\/principal\/","name":"Sinpro-Rio","description":"Sindicato dos Professores do Munic\u00edpio do Rio de Janeiro e Regi\u00e3o","potentialAction":[{"@type":"SearchAction","target":{"@type":"EntryPoint","urlTemplate":"https:\/\/www.sinpro-rio.org.br\/principal\/?s={search_term_string}"},"query-input":{"@type":"PropertyValueSpecification","valueRequired":true,"valueName":"search_term_string"}}],"inLanguage":"pt-BR"},{"@type":"Person","@id":"https:\/\/www.sinpro-rio.org.br\/principal\/#\/schema\/person\/49feb585a2f57a31a6bd9f16f78e5be6","name":"rafaelrjp","image":{"@type":"ImageObject","inLanguage":"pt-BR","@id":"https:\/\/www.sinpro-rio.org.br\/principal\/#\/schema\/person\/image\/","url":"https:\/\/secure.gravatar.com\/avatar\/489371a0ba4655c340b519882c68cf68?s=96&d=mm&r=g","contentUrl":"https:\/\/secure.gravatar.com\/avatar\/489371a0ba4655c340b519882c68cf68?s=96&d=mm&r=g","caption":"rafaelrjp"},"url":"https:\/\/www.sinpro-rio.org.br\/principal\/author\/rafaelrjp\/"}]}},"_links":{"self":[{"href":"https:\/\/www.sinpro-rio.org.br\/principal\/wp-json\/wp\/v2\/posts\/20319","targetHints":{"allow":["GET"]}}],"collection":[{"href":"https:\/\/www.sinpro-rio.org.br\/principal\/wp-json\/wp\/v2\/posts"}],"about":[{"href":"https:\/\/www.sinpro-rio.org.br\/principal\/wp-json\/wp\/v2\/types\/post"}],"author":[{"embeddable":true,"href":"https:\/\/www.sinpro-rio.org.br\/principal\/wp-json\/wp\/v2\/users\/1"}],"replies":[{"embeddable":true,"href":"https:\/\/www.sinpro-rio.org.br\/principal\/wp-json\/wp\/v2\/comments?post=20319"}],"version-history":[{"count":0,"href":"https:\/\/www.sinpro-rio.org.br\/principal\/wp-json\/wp\/v2\/posts\/20319\/revisions"}],"wp:attachment":[{"href":"https:\/\/www.sinpro-rio.org.br\/principal\/wp-json\/wp\/v2\/media?parent=20319"}],"wp:term":[{"taxonomy":"category","embeddable":true,"href":"https:\/\/www.sinpro-rio.org.br\/principal\/wp-json\/wp\/v2\/categories?post=20319"},{"taxonomy":"post_tag","embeddable":true,"href":"https:\/\/www.sinpro-rio.org.br\/principal\/wp-json\/wp\/v2\/tags?post=20319"}],"curies":[{"name":"wp","href":"https:\/\/api.w.org\/{rel}","templated":true}]}}