{"id":20318,"date":"2013-12-02T00:00:00","date_gmt":"2013-12-02T00:00:00","guid":{"rendered":""},"modified":"-0001-11-30T00:00:00","modified_gmt":"-0001-11-30T03:00:00","slug":"ugf-professores-em-greve","status":"publish","type":"post","link":"https:\/\/www.sinpro-rio.org.br\/principal\/ugf-professores-em-greve\/","title":{"rendered":"UGF: professores em greve"},"content":{"rendered":"\n<p>\n <em><br \/>\n  02\/12\/2013<br \/>\n <\/em>\n<\/p>\n<p>\n Em assembleia realizada na \u00faltima sexta-feira, dia 29\/11, os professores da Universidade Gama Filho (UGF) decidiram pela greve a partir do dia 2 de dezembro, segunda-feira.<\/p>\n<p>\n  O grupo Galileo havia informado que os professores deveriam receber os pagamentos no dia 3 de dezembro. Caso o pagamento ocorra, a assembleia fica marcada para quarta-feira, dia 4 de dezembro, \u00e0s 17h30. Se n\u00e3o, a assembleia ser\u00e1 na quinta-feira, dia 05\/12, \u00e0s 17h30.<\/p>\n<p>\n   De acordo com a Associa\u00e7\u00e3o de Docentes (ADGF), os professores exigem que sejam efetuados os pagamentos devidos aos professores, conforme a \u201cProposta de Pagamento e Programa\u00e7\u00e3o Anual\u201d, divulgada pelo grupo Galileo em 29 de agosto: sal\u00e1rio de outubro mais 30% do sal\u00e1rio de fevereiro e mais 30% do sal\u00e1rio de mar\u00e7o e ainda o sal\u00e1rio de novembro mais 20% do sal\u00e1rio de abril; aos professores que tiveram sua demiss\u00e3o anulada (cerca de 100 professores), dever\u00e3o ser pagos tamb\u00e9m o m\u00eas de setembro mais 50% do sal\u00e1rio de janeiro e um ter\u00e7o de f\u00e9rias referente a 2012, valores esses ainda devidos.<\/p>\n<p>\n    Tamb\u00e9m preocupa a categoria o reestabelecimento das condi\u00e7\u00f5es m\u00ednimas para funcionamento do campus no que se refere \u00e0 limpeza, seguran\u00e7a e material para funcionamento das aulas.\n   <\/p>\n<\/p>\n<\/p>\n<p>\n O grupo Galileo havia informado que os professores deveriam receber os pagamentos no dia 3 de dezembro. Caso o pagamento ocorra, a assembleia fica marcada para quarta-feira, dia 4 de dezembro, \u00e0s 17h30. Se n\u00e3o, a assembleia ser\u00e1 na quinta-feira, dia 05\/12, \u00e0s 17h30.<\/p>\n<p>\n  De acordo com a Associa\u00e7\u00e3o de Docentes (ADGF), os professores exigem que sejam efetuados os pagamentos devidos aos professores, conforme a \u201cProposta de Pagamento e Programa\u00e7\u00e3o Anual\u201d, divulgada pelo grupo Galileo em 29 de agosto: sal\u00e1rio de outubro mais 30% do sal\u00e1rio de fevereiro e mais 30% do sal\u00e1rio de mar\u00e7o e ainda o sal\u00e1rio de novembro mais 20% do sal\u00e1rio de abril; aos professores que tiveram sua demiss\u00e3o anulada (cerca de 100 professores), dever\u00e3o ser pagos tamb\u00e9m o m\u00eas de setembro mais 50% do sal\u00e1rio de janeiro e um ter\u00e7o de f\u00e9rias referente a 2012, valores esses ainda devidos.<\/p>\n<p>\n   Tamb\u00e9m preocupa a categoria o reestabelecimento das condi\u00e7\u00f5es m\u00ednimas para funcionamento do campus no que se refere \u00e0 limpeza, seguran\u00e7a e material para funcionamento das aulas.\n  <\/p>\n<\/p>\n<p>\n De acordo com a Associa\u00e7\u00e3o de Docentes (ADGF), os professores exigem que sejam efetuados os pagamentos devidos aos professores, conforme a \u201cProposta de Pagamento e Programa\u00e7\u00e3o Anual\u201d, divulgada pelo grupo Galileo em 29 de agosto: sal\u00e1rio de outubro mais 30% do sal\u00e1rio de fevereiro e mais 30% do sal\u00e1rio de mar\u00e7o e ainda o sal\u00e1rio de novembro mais 20% do sal\u00e1rio de abril; aos professores que tiveram sua demiss\u00e3o anulada (cerca de 100 professores), dever\u00e3o ser pagos tamb\u00e9m o m\u00eas de setembro mais 50% do sal\u00e1rio de janeiro e um ter\u00e7o de f\u00e9rias referente a 2012, valores esses ainda devidos.<\/p>\n<p>\n  Tamb\u00e9m preocupa a categoria o reestabelecimento das condi\u00e7\u00f5es m\u00ednimas para funcionamento do campus no que se refere \u00e0 limpeza, seguran\u00e7a e material para funcionamento das aulas.\n <\/p>\n<\/p>\n<p>\n Tamb\u00e9m preocupa a categoria o reestabelecimento das condi\u00e7\u00f5es m\u00ednimas para funcionamento do campus no que se refere \u00e0 limpeza, seguran\u00e7a e material para funcionamento das aulas.<\/p>\n","protected":false},"excerpt":{"rendered":"<p>02\/12\/2013 Em assembleia realizada na \u00faltima sexta-feira, dia 29\/11, os professores da Universidade Gama Filho (UGF) decidiram pela greve a partir do dia 2 de dezembro, segunda-feira. O grupo Galileo havia informado que os professores deveriam receber os pagamentos no dia 3 de dezembro. Caso o pagamento ocorra, a assembleia fica marcada para quarta-feira, dia [&hellip;]<\/p>\n","protected":false},"author":1,"featured_media":0,"comment_status":"closed","ping_status":"open","sticky":false,"template":"","format":"standard","meta":{"footnotes":""},"categories":[1],"tags":[],"class_list":["post-20318","post","type-post","status-publish","format-standard","hentry","category-noticias"],"yoast_head":"<!-- This site is optimized with the Yoast SEO plugin v25.7 - https:\/\/yoast.com\/wordpress\/plugins\/seo\/ -->\n<title>UGF: professores em greve - Sinpro-Rio<\/title>\n<meta name=\"robots\" content=\"index, follow, max-snippet:-1, max-image-preview:large, max-video-preview:-1\" \/>\n<link rel=\"canonical\" href=\"https:\/\/www.sinpro-rio.org.br\/principal\/ugf-professores-em-greve\/\" \/>\n<meta property=\"og:locale\" content=\"pt_BR\" \/>\n<meta property=\"og:type\" content=\"article\" \/>\n<meta property=\"og:title\" content=\"UGF: professores em greve - Sinpro-Rio\" \/>\n<meta property=\"og:description\" content=\"02\/12\/2013 Em assembleia realizada na \u00faltima sexta-feira, dia 29\/11, os professores da Universidade Gama Filho (UGF) decidiram pela greve a partir do dia 2 de dezembro, segunda-feira. O grupo Galileo havia informado que os professores deveriam receber os pagamentos no dia 3 de dezembro. Caso o pagamento ocorra, a assembleia fica marcada para quarta-feira, dia [&hellip;]\" \/>\n<meta property=\"og:url\" content=\"https:\/\/www.sinpro-rio.org.br\/principal\/ugf-professores-em-greve\/\" \/>\n<meta property=\"og:site_name\" content=\"Sinpro-Rio\" \/>\n<meta property=\"article:published_time\" content=\"2013-12-02T00:00:00+00:00\" \/>\n<meta name=\"author\" content=\"rafaelrjp\" \/>\n<meta name=\"twitter:card\" content=\"summary_large_image\" \/>\n<meta name=\"twitter:label1\" content=\"Escrito por\" \/>\n\t<meta name=\"twitter:data1\" content=\"rafaelrjp\" \/>\n\t<meta name=\"twitter:label2\" content=\"Est. tempo de leitura\" \/>\n\t<meta name=\"twitter:data2\" content=\"3 minutos\" \/>\n<script type=\"application\/ld+json\" class=\"yoast-schema-graph\">{\"@context\":\"https:\/\/schema.org\",\"@graph\":[{\"@type\":\"WebPage\",\"@id\":\"https:\/\/www.sinpro-rio.org.br\/principal\/ugf-professores-em-greve\/\",\"url\":\"https:\/\/www.sinpro-rio.org.br\/principal\/ugf-professores-em-greve\/\",\"name\":\"UGF: professores em greve - Sinpro-Rio\",\"isPartOf\":{\"@id\":\"https:\/\/www.sinpro-rio.org.br\/principal\/#website\"},\"datePublished\":\"2013-12-02T00:00:00+00:00\",\"author\":{\"@id\":\"https:\/\/www.sinpro-rio.org.br\/principal\/#\/schema\/person\/49feb585a2f57a31a6bd9f16f78e5be6\"},\"breadcrumb\":{\"@id\":\"https:\/\/www.sinpro-rio.org.br\/principal\/ugf-professores-em-greve\/#breadcrumb\"},\"inLanguage\":\"pt-BR\",\"potentialAction\":[{\"@type\":\"ReadAction\",\"target\":[\"https:\/\/www.sinpro-rio.org.br\/principal\/ugf-professores-em-greve\/\"]}]},{\"@type\":\"BreadcrumbList\",\"@id\":\"https:\/\/www.sinpro-rio.org.br\/principal\/ugf-professores-em-greve\/#breadcrumb\",\"itemListElement\":[{\"@type\":\"ListItem\",\"position\":1,\"name\":\"In\u00edcio\",\"item\":\"https:\/\/www.sinpro-rio.org.br\/principal\/\"},{\"@type\":\"ListItem\",\"position\":2,\"name\":\"UGF: professores em greve\"}]},{\"@type\":\"WebSite\",\"@id\":\"https:\/\/www.sinpro-rio.org.br\/principal\/#website\",\"url\":\"https:\/\/www.sinpro-rio.org.br\/principal\/\",\"name\":\"Sinpro-Rio\",\"description\":\"Sindicato dos Professores do Munic\u00edpio do Rio de Janeiro e Regi\u00e3o\",\"potentialAction\":[{\"@type\":\"SearchAction\",\"target\":{\"@type\":\"EntryPoint\",\"urlTemplate\":\"https:\/\/www.sinpro-rio.org.br\/principal\/?s={search_term_string}\"},\"query-input\":{\"@type\":\"PropertyValueSpecification\",\"valueRequired\":true,\"valueName\":\"search_term_string\"}}],\"inLanguage\":\"pt-BR\"},{\"@type\":\"Person\",\"@id\":\"https:\/\/www.sinpro-rio.org.br\/principal\/#\/schema\/person\/49feb585a2f57a31a6bd9f16f78e5be6\",\"name\":\"rafaelrjp\",\"image\":{\"@type\":\"ImageObject\",\"inLanguage\":\"pt-BR\",\"@id\":\"https:\/\/www.sinpro-rio.org.br\/principal\/#\/schema\/person\/image\/\",\"url\":\"https:\/\/secure.gravatar.com\/avatar\/489371a0ba4655c340b519882c68cf68?s=96&d=mm&r=g\",\"contentUrl\":\"https:\/\/secure.gravatar.com\/avatar\/489371a0ba4655c340b519882c68cf68?s=96&d=mm&r=g\",\"caption\":\"rafaelrjp\"},\"url\":\"https:\/\/www.sinpro-rio.org.br\/principal\/author\/rafaelrjp\/\"}]}<\/script>\n<!-- \/ Yoast SEO plugin. -->","yoast_head_json":{"title":"UGF: professores em greve - Sinpro-Rio","robots":{"index":"index","follow":"follow","max-snippet":"max-snippet:-1","max-image-preview":"max-image-preview:large","max-video-preview":"max-video-preview:-1"},"canonical":"https:\/\/www.sinpro-rio.org.br\/principal\/ugf-professores-em-greve\/","og_locale":"pt_BR","og_type":"article","og_title":"UGF: professores em greve - Sinpro-Rio","og_description":"02\/12\/2013 Em assembleia realizada na \u00faltima sexta-feira, dia 29\/11, os professores da Universidade Gama Filho (UGF) decidiram pela greve a partir do dia 2 de dezembro, segunda-feira. O grupo Galileo havia informado que os professores deveriam receber os pagamentos no dia 3 de dezembro. Caso o pagamento ocorra, a assembleia fica marcada para quarta-feira, dia [&hellip;]","og_url":"https:\/\/www.sinpro-rio.org.br\/principal\/ugf-professores-em-greve\/","og_site_name":"Sinpro-Rio","article_published_time":"2013-12-02T00:00:00+00:00","author":"rafaelrjp","twitter_card":"summary_large_image","twitter_misc":{"Escrito por":"rafaelrjp","Est. tempo de leitura":"3 minutos"},"schema":{"@context":"https:\/\/schema.org","@graph":[{"@type":"WebPage","@id":"https:\/\/www.sinpro-rio.org.br\/principal\/ugf-professores-em-greve\/","url":"https:\/\/www.sinpro-rio.org.br\/principal\/ugf-professores-em-greve\/","name":"UGF: professores em greve - Sinpro-Rio","isPartOf":{"@id":"https:\/\/www.sinpro-rio.org.br\/principal\/#website"},"datePublished":"2013-12-02T00:00:00+00:00","author":{"@id":"https:\/\/www.sinpro-rio.org.br\/principal\/#\/schema\/person\/49feb585a2f57a31a6bd9f16f78e5be6"},"breadcrumb":{"@id":"https:\/\/www.sinpro-rio.org.br\/principal\/ugf-professores-em-greve\/#breadcrumb"},"inLanguage":"pt-BR","potentialAction":[{"@type":"ReadAction","target":["https:\/\/www.sinpro-rio.org.br\/principal\/ugf-professores-em-greve\/"]}]},{"@type":"BreadcrumbList","@id":"https:\/\/www.sinpro-rio.org.br\/principal\/ugf-professores-em-greve\/#breadcrumb","itemListElement":[{"@type":"ListItem","position":1,"name":"In\u00edcio","item":"https:\/\/www.sinpro-rio.org.br\/principal\/"},{"@type":"ListItem","position":2,"name":"UGF: professores em greve"}]},{"@type":"WebSite","@id":"https:\/\/www.sinpro-rio.org.br\/principal\/#website","url":"https:\/\/www.sinpro-rio.org.br\/principal\/","name":"Sinpro-Rio","description":"Sindicato dos Professores do Munic\u00edpio do Rio de Janeiro e Regi\u00e3o","potentialAction":[{"@type":"SearchAction","target":{"@type":"EntryPoint","urlTemplate":"https:\/\/www.sinpro-rio.org.br\/principal\/?s={search_term_string}"},"query-input":{"@type":"PropertyValueSpecification","valueRequired":true,"valueName":"search_term_string"}}],"inLanguage":"pt-BR"},{"@type":"Person","@id":"https:\/\/www.sinpro-rio.org.br\/principal\/#\/schema\/person\/49feb585a2f57a31a6bd9f16f78e5be6","name":"rafaelrjp","image":{"@type":"ImageObject","inLanguage":"pt-BR","@id":"https:\/\/www.sinpro-rio.org.br\/principal\/#\/schema\/person\/image\/","url":"https:\/\/secure.gravatar.com\/avatar\/489371a0ba4655c340b519882c68cf68?s=96&d=mm&r=g","contentUrl":"https:\/\/secure.gravatar.com\/avatar\/489371a0ba4655c340b519882c68cf68?s=96&d=mm&r=g","caption":"rafaelrjp"},"url":"https:\/\/www.sinpro-rio.org.br\/principal\/author\/rafaelrjp\/"}]}},"_links":{"self":[{"href":"https:\/\/www.sinpro-rio.org.br\/principal\/wp-json\/wp\/v2\/posts\/20318","targetHints":{"allow":["GET"]}}],"collection":[{"href":"https:\/\/www.sinpro-rio.org.br\/principal\/wp-json\/wp\/v2\/posts"}],"about":[{"href":"https:\/\/www.sinpro-rio.org.br\/principal\/wp-json\/wp\/v2\/types\/post"}],"author":[{"embeddable":true,"href":"https:\/\/www.sinpro-rio.org.br\/principal\/wp-json\/wp\/v2\/users\/1"}],"replies":[{"embeddable":true,"href":"https:\/\/www.sinpro-rio.org.br\/principal\/wp-json\/wp\/v2\/comments?post=20318"}],"version-history":[{"count":0,"href":"https:\/\/www.sinpro-rio.org.br\/principal\/wp-json\/wp\/v2\/posts\/20318\/revisions"}],"wp:attachment":[{"href":"https:\/\/www.sinpro-rio.org.br\/principal\/wp-json\/wp\/v2\/media?parent=20318"}],"wp:term":[{"taxonomy":"category","embeddable":true,"href":"https:\/\/www.sinpro-rio.org.br\/principal\/wp-json\/wp\/v2\/categories?post=20318"},{"taxonomy":"post_tag","embeddable":true,"href":"https:\/\/www.sinpro-rio.org.br\/principal\/wp-json\/wp\/v2\/tags?post=20318"}],"curies":[{"name":"wp","href":"https:\/\/api.w.org\/{rel}","templated":true}]}}