{"id":20314,"date":"2013-12-10T00:00:00","date_gmt":"2013-12-10T00:00:00","guid":{"rendered":""},"modified":"-0001-11-30T00:00:00","modified_gmt":"-0001-11-30T03:00:00","slug":"cut-rj-a-situac-o-do-fgts-dia-10-12-as-18h-no-auditorio-da-cut","status":"publish","type":"post","link":"https:\/\/www.sinpro-rio.org.br\/principal\/cut-rj-a-situac-o-do-fgts-dia-10-12-as-18h-no-auditorio-da-cut\/","title":{"rendered":"CUT-RJ a situa\u00e7\u00e3o do FGTS, dia 10\/12, \u00e0s 18h, no audit\u00f3rio da CUT"},"content":{"rendered":"\n<p>\n <em><br \/>\n  10\/12\/2013<br \/>\n <\/em>\n<\/p>\n<p>\n A Secretaria de Rela\u00e7\u00f5es de Trabalho e a subse\u00e7\u00e3o Dieese da CUT-RJ realizam hoje, dia 10\/12, \u00e0s 18h, um debate sobre a situa\u00e7\u00e3o atual do Fundo de Garantia do Tempo de Servi\u00e7o (FGTS), um patrim\u00f4nio dos trabalhadores sob gest\u00e3o tripartite (representantes do governo, dos empregadores e dos trabalhadores).\n<\/p>\n<p>\n O evento acontece no no audit\u00f3rio da CUT, que convida todos os sindicatos para aprofundar a discuss\u00e3o e buscar alternativas para as reivindica\u00e7\u00f5es dos trabalhadores.\n<\/p>\n<p>\n Segundo a CUT, atualmente h\u00e1 in\u00fameras a\u00e7\u00f5es judiciais solicitando corre\u00e7\u00f5es nas atualiza\u00e7\u00f5es monet\u00e1rias e nos saldos. Trabalhadores e sindicatos est\u00e3o questionando os planos econ\u00f4micos e as altera\u00e7\u00f5es nas regras do FGTS que distanciaram negativamente os rendimentos provenientes de juros e atualiza\u00e7\u00f5es dos \u00edndices de infla\u00e7\u00e3o, o que gera perdas.\n<\/p>\n<p>\n O audit\u00f3rio da CUT-RJ se localiza \u00e0 Avenida Presidente Vargas, 502, 15\u00ba andar, Centro do Rio.<\/p>\n","protected":false},"excerpt":{"rendered":"<p>10\/12\/2013 A Secretaria de Rela\u00e7\u00f5es de Trabalho e a subse\u00e7\u00e3o Dieese da CUT-RJ realizam hoje, dia 10\/12, \u00e0s 18h, um debate sobre a situa\u00e7\u00e3o atual do Fundo de Garantia do Tempo de Servi\u00e7o (FGTS), um patrim\u00f4nio dos trabalhadores sob gest\u00e3o tripartite (representantes do governo, dos empregadores e dos trabalhadores). O evento acontece no no audit\u00f3rio [&hellip;]<\/p>\n","protected":false},"author":1,"featured_media":0,"comment_status":"closed","ping_status":"open","sticky":false,"template":"","format":"standard","meta":{"footnotes":""},"categories":[1],"tags":[],"class_list":["post-20314","post","type-post","status-publish","format-standard","hentry","category-noticias"],"yoast_head":"<!-- This site is optimized with the Yoast SEO plugin v25.7 - https:\/\/yoast.com\/wordpress\/plugins\/seo\/ -->\n<title>CUT-RJ a situa\u00e7\u00e3o do FGTS, dia 10\/12, \u00e0s 18h, no audit\u00f3rio da CUT - Sinpro-Rio<\/title>\n<meta name=\"robots\" content=\"index, follow, max-snippet:-1, max-image-preview:large, max-video-preview:-1\" \/>\n<link rel=\"canonical\" href=\"https:\/\/www.sinpro-rio.org.br\/principal\/cut-rj-a-situac-o-do-fgts-dia-10-12-as-18h-no-auditorio-da-cut\/\" \/>\n<meta property=\"og:locale\" content=\"pt_BR\" \/>\n<meta property=\"og:type\" content=\"article\" \/>\n<meta property=\"og:title\" content=\"CUT-RJ a situa\u00e7\u00e3o do FGTS, dia 10\/12, \u00e0s 18h, no audit\u00f3rio da CUT - Sinpro-Rio\" \/>\n<meta property=\"og:description\" content=\"10\/12\/2013 A Secretaria de Rela\u00e7\u00f5es de Trabalho e a subse\u00e7\u00e3o Dieese da CUT-RJ realizam hoje, dia 10\/12, \u00e0s 18h, um debate sobre a situa\u00e7\u00e3o atual do Fundo de Garantia do Tempo de Servi\u00e7o (FGTS), um patrim\u00f4nio dos trabalhadores sob gest\u00e3o tripartite (representantes do governo, dos empregadores e dos trabalhadores). O evento acontece no no audit\u00f3rio [&hellip;]\" \/>\n<meta property=\"og:url\" content=\"https:\/\/www.sinpro-rio.org.br\/principal\/cut-rj-a-situac-o-do-fgts-dia-10-12-as-18h-no-auditorio-da-cut\/\" \/>\n<meta property=\"og:site_name\" content=\"Sinpro-Rio\" \/>\n<meta property=\"article:published_time\" content=\"2013-12-10T00:00:00+00:00\" \/>\n<meta name=\"author\" content=\"rafaelrjp\" \/>\n<meta name=\"twitter:card\" content=\"summary_large_image\" \/>\n<meta name=\"twitter:label1\" content=\"Escrito por\" \/>\n\t<meta name=\"twitter:data1\" content=\"rafaelrjp\" \/>\n\t<meta name=\"twitter:label2\" content=\"Est. tempo de leitura\" \/>\n\t<meta name=\"twitter:data2\" content=\"1 minuto\" \/>\n<script type=\"application\/ld+json\" class=\"yoast-schema-graph\">{\"@context\":\"https:\/\/schema.org\",\"@graph\":[{\"@type\":\"WebPage\",\"@id\":\"https:\/\/www.sinpro-rio.org.br\/principal\/cut-rj-a-situac-o-do-fgts-dia-10-12-as-18h-no-auditorio-da-cut\/\",\"url\":\"https:\/\/www.sinpro-rio.org.br\/principal\/cut-rj-a-situac-o-do-fgts-dia-10-12-as-18h-no-auditorio-da-cut\/\",\"name\":\"CUT-RJ a situa\u00e7\u00e3o do FGTS, dia 10\/12, \u00e0s 18h, no audit\u00f3rio da CUT - Sinpro-Rio\",\"isPartOf\":{\"@id\":\"https:\/\/www.sinpro-rio.org.br\/principal\/#website\"},\"datePublished\":\"2013-12-10T00:00:00+00:00\",\"author\":{\"@id\":\"https:\/\/www.sinpro-rio.org.br\/principal\/#\/schema\/person\/49feb585a2f57a31a6bd9f16f78e5be6\"},\"breadcrumb\":{\"@id\":\"https:\/\/www.sinpro-rio.org.br\/principal\/cut-rj-a-situac-o-do-fgts-dia-10-12-as-18h-no-auditorio-da-cut\/#breadcrumb\"},\"inLanguage\":\"pt-BR\",\"potentialAction\":[{\"@type\":\"ReadAction\",\"target\":[\"https:\/\/www.sinpro-rio.org.br\/principal\/cut-rj-a-situac-o-do-fgts-dia-10-12-as-18h-no-auditorio-da-cut\/\"]}]},{\"@type\":\"BreadcrumbList\",\"@id\":\"https:\/\/www.sinpro-rio.org.br\/principal\/cut-rj-a-situac-o-do-fgts-dia-10-12-as-18h-no-auditorio-da-cut\/#breadcrumb\",\"itemListElement\":[{\"@type\":\"ListItem\",\"position\":1,\"name\":\"In\u00edcio\",\"item\":\"https:\/\/www.sinpro-rio.org.br\/principal\/\"},{\"@type\":\"ListItem\",\"position\":2,\"name\":\"CUT-RJ a situa\u00e7\u00e3o do FGTS, dia 10\/12, \u00e0s 18h, no audit\u00f3rio da CUT\"}]},{\"@type\":\"WebSite\",\"@id\":\"https:\/\/www.sinpro-rio.org.br\/principal\/#website\",\"url\":\"https:\/\/www.sinpro-rio.org.br\/principal\/\",\"name\":\"Sinpro-Rio\",\"description\":\"Sindicato dos Professores do Munic\u00edpio do Rio de Janeiro e Regi\u00e3o\",\"potentialAction\":[{\"@type\":\"SearchAction\",\"target\":{\"@type\":\"EntryPoint\",\"urlTemplate\":\"https:\/\/www.sinpro-rio.org.br\/principal\/?s={search_term_string}\"},\"query-input\":{\"@type\":\"PropertyValueSpecification\",\"valueRequired\":true,\"valueName\":\"search_term_string\"}}],\"inLanguage\":\"pt-BR\"},{\"@type\":\"Person\",\"@id\":\"https:\/\/www.sinpro-rio.org.br\/principal\/#\/schema\/person\/49feb585a2f57a31a6bd9f16f78e5be6\",\"name\":\"rafaelrjp\",\"image\":{\"@type\":\"ImageObject\",\"inLanguage\":\"pt-BR\",\"@id\":\"https:\/\/www.sinpro-rio.org.br\/principal\/#\/schema\/person\/image\/\",\"url\":\"https:\/\/secure.gravatar.com\/avatar\/489371a0ba4655c340b519882c68cf68?s=96&d=mm&r=g\",\"contentUrl\":\"https:\/\/secure.gravatar.com\/avatar\/489371a0ba4655c340b519882c68cf68?s=96&d=mm&r=g\",\"caption\":\"rafaelrjp\"},\"url\":\"https:\/\/www.sinpro-rio.org.br\/principal\/author\/rafaelrjp\/\"}]}<\/script>\n<!-- \/ Yoast SEO plugin. -->","yoast_head_json":{"title":"CUT-RJ a situa\u00e7\u00e3o do FGTS, dia 10\/12, \u00e0s 18h, no audit\u00f3rio da CUT - Sinpro-Rio","robots":{"index":"index","follow":"follow","max-snippet":"max-snippet:-1","max-image-preview":"max-image-preview:large","max-video-preview":"max-video-preview:-1"},"canonical":"https:\/\/www.sinpro-rio.org.br\/principal\/cut-rj-a-situac-o-do-fgts-dia-10-12-as-18h-no-auditorio-da-cut\/","og_locale":"pt_BR","og_type":"article","og_title":"CUT-RJ a situa\u00e7\u00e3o do FGTS, dia 10\/12, \u00e0s 18h, no audit\u00f3rio da CUT - Sinpro-Rio","og_description":"10\/12\/2013 A Secretaria de Rela\u00e7\u00f5es de Trabalho e a subse\u00e7\u00e3o Dieese da CUT-RJ realizam hoje, dia 10\/12, \u00e0s 18h, um debate sobre a situa\u00e7\u00e3o atual do Fundo de Garantia do Tempo de Servi\u00e7o (FGTS), um patrim\u00f4nio dos trabalhadores sob gest\u00e3o tripartite (representantes do governo, dos empregadores e dos trabalhadores). O evento acontece no no audit\u00f3rio [&hellip;]","og_url":"https:\/\/www.sinpro-rio.org.br\/principal\/cut-rj-a-situac-o-do-fgts-dia-10-12-as-18h-no-auditorio-da-cut\/","og_site_name":"Sinpro-Rio","article_published_time":"2013-12-10T00:00:00+00:00","author":"rafaelrjp","twitter_card":"summary_large_image","twitter_misc":{"Escrito por":"rafaelrjp","Est. tempo de leitura":"1 minuto"},"schema":{"@context":"https:\/\/schema.org","@graph":[{"@type":"WebPage","@id":"https:\/\/www.sinpro-rio.org.br\/principal\/cut-rj-a-situac-o-do-fgts-dia-10-12-as-18h-no-auditorio-da-cut\/","url":"https:\/\/www.sinpro-rio.org.br\/principal\/cut-rj-a-situac-o-do-fgts-dia-10-12-as-18h-no-auditorio-da-cut\/","name":"CUT-RJ a situa\u00e7\u00e3o do FGTS, dia 10\/12, \u00e0s 18h, no audit\u00f3rio da CUT - Sinpro-Rio","isPartOf":{"@id":"https:\/\/www.sinpro-rio.org.br\/principal\/#website"},"datePublished":"2013-12-10T00:00:00+00:00","author":{"@id":"https:\/\/www.sinpro-rio.org.br\/principal\/#\/schema\/person\/49feb585a2f57a31a6bd9f16f78e5be6"},"breadcrumb":{"@id":"https:\/\/www.sinpro-rio.org.br\/principal\/cut-rj-a-situac-o-do-fgts-dia-10-12-as-18h-no-auditorio-da-cut\/#breadcrumb"},"inLanguage":"pt-BR","potentialAction":[{"@type":"ReadAction","target":["https:\/\/www.sinpro-rio.org.br\/principal\/cut-rj-a-situac-o-do-fgts-dia-10-12-as-18h-no-auditorio-da-cut\/"]}]},{"@type":"BreadcrumbList","@id":"https:\/\/www.sinpro-rio.org.br\/principal\/cut-rj-a-situac-o-do-fgts-dia-10-12-as-18h-no-auditorio-da-cut\/#breadcrumb","itemListElement":[{"@type":"ListItem","position":1,"name":"In\u00edcio","item":"https:\/\/www.sinpro-rio.org.br\/principal\/"},{"@type":"ListItem","position":2,"name":"CUT-RJ a situa\u00e7\u00e3o do FGTS, dia 10\/12, \u00e0s 18h, no audit\u00f3rio da CUT"}]},{"@type":"WebSite","@id":"https:\/\/www.sinpro-rio.org.br\/principal\/#website","url":"https:\/\/www.sinpro-rio.org.br\/principal\/","name":"Sinpro-Rio","description":"Sindicato dos Professores do Munic\u00edpio do Rio de Janeiro e Regi\u00e3o","potentialAction":[{"@type":"SearchAction","target":{"@type":"EntryPoint","urlTemplate":"https:\/\/www.sinpro-rio.org.br\/principal\/?s={search_term_string}"},"query-input":{"@type":"PropertyValueSpecification","valueRequired":true,"valueName":"search_term_string"}}],"inLanguage":"pt-BR"},{"@type":"Person","@id":"https:\/\/www.sinpro-rio.org.br\/principal\/#\/schema\/person\/49feb585a2f57a31a6bd9f16f78e5be6","name":"rafaelrjp","image":{"@type":"ImageObject","inLanguage":"pt-BR","@id":"https:\/\/www.sinpro-rio.org.br\/principal\/#\/schema\/person\/image\/","url":"https:\/\/secure.gravatar.com\/avatar\/489371a0ba4655c340b519882c68cf68?s=96&d=mm&r=g","contentUrl":"https:\/\/secure.gravatar.com\/avatar\/489371a0ba4655c340b519882c68cf68?s=96&d=mm&r=g","caption":"rafaelrjp"},"url":"https:\/\/www.sinpro-rio.org.br\/principal\/author\/rafaelrjp\/"}]}},"_links":{"self":[{"href":"https:\/\/www.sinpro-rio.org.br\/principal\/wp-json\/wp\/v2\/posts\/20314","targetHints":{"allow":["GET"]}}],"collection":[{"href":"https:\/\/www.sinpro-rio.org.br\/principal\/wp-json\/wp\/v2\/posts"}],"about":[{"href":"https:\/\/www.sinpro-rio.org.br\/principal\/wp-json\/wp\/v2\/types\/post"}],"author":[{"embeddable":true,"href":"https:\/\/www.sinpro-rio.org.br\/principal\/wp-json\/wp\/v2\/users\/1"}],"replies":[{"embeddable":true,"href":"https:\/\/www.sinpro-rio.org.br\/principal\/wp-json\/wp\/v2\/comments?post=20314"}],"version-history":[{"count":0,"href":"https:\/\/www.sinpro-rio.org.br\/principal\/wp-json\/wp\/v2\/posts\/20314\/revisions"}],"wp:attachment":[{"href":"https:\/\/www.sinpro-rio.org.br\/principal\/wp-json\/wp\/v2\/media?parent=20314"}],"wp:term":[{"taxonomy":"category","embeddable":true,"href":"https:\/\/www.sinpro-rio.org.br\/principal\/wp-json\/wp\/v2\/categories?post=20314"},{"taxonomy":"post_tag","embeddable":true,"href":"https:\/\/www.sinpro-rio.org.br\/principal\/wp-json\/wp\/v2\/tags?post=20314"}],"curies":[{"name":"wp","href":"https:\/\/api.w.org\/{rel}","templated":true}]}}