{"id":20312,"date":"2013-12-15T00:00:00","date_gmt":"2013-12-15T00:00:00","guid":{"rendered":""},"modified":"-0001-11-30T00:00:00","modified_gmt":"-0001-11-30T03:00:00","slug":"11-consinpro-debate-conjunturas-e-sustentac-o-financeira-do-sinpro-rio","status":"publish","type":"post","link":"https:\/\/www.sinpro-rio.org.br\/principal\/11-consinpro-debate-conjunturas-e-sustentac-o-financeira-do-sinpro-rio\/","title":{"rendered":"11\u00ba Consinpro debate conjunturas e sustenta\u00e7\u00e3o financeira do Sinpro-Rio"},"content":{"rendered":"\n<p>\n <em><br \/>\n  15\/12\/2013<br \/>\n <\/em>\n<\/p>\n<p>\n Realizado nos dias 13 e 14 de dezembro da unidade Praia Vermelha, da UniRio, o 11\u00ba Congresso do Sindicato dos Professores do Munic\u00edpio do Rio de Janeiro e Regi\u00e3o (Consinpro) reuniu cerca de 100 delegados, que debateram os temas conjunturas pol\u00edtica, educacional e sindical e sustenta\u00e7\u00e3o financeira da entidade.\n<\/p>\n<p>\n Duas teses foram apresentadas e a tese 1 \u201cSinpro para Todos\u201d, que foi eleita como tese guia do congresso, recebeu cerca de 40 propostas de emenda, democraticamente discutidas, aprovadas ou rejeitadas pelos delegados.\n<\/p>\n<p>\n Para o secret\u00e1rio-geral do Sindicato, organizador do congresso, o 11\u00ba foi, sem d\u00favida, o mais importante Consinpro que o Sinpro-Rio j\u00e1 realizou. \u201cEle consolidou nossas bases, nossas bandeiras de luta e ter\u00e1 a responsabilidade de criar mecanismos de sustenta\u00e7\u00e3o financeira. Nossa expectativa era de termos em torno de 200 delegados, mas considerando o per\u00edodo em que foi feito, os 100 participantes formam um n\u00famero consideravelmente significativo. O saldo \u00e9 muito positivo\u201d, ponderou o sindicalista.\n<\/p>\n<p>\n Outros delegados, presentes ao evento, tamb\u00e9m avaliaram o congresso:\n<\/p>\n<p>\n \u201cEspero que haja avan\u00e7os, que traga benef\u00edcios em todos os n\u00edveis e todos os aspectos do Sindicato, porque na verdade hoje o Sindicato tem grande atua\u00e7\u00e3o em defesa da categoria e tem tamb\u00e9m grandes despesas. Mas j\u00e1 se alcan\u00e7ou muito e acho que esse amplo debate s\u00f3 vem a trazer benef\u00edcios para que melhore e que o Sindicato se fortale\u00e7a ainda mais. Tenho certeza de que essa diretoria vai ter sabedoria para continuar a sua trajet\u00f3ria, porque no geral houve muito mais acertos do que erros. E os erros que houve, foram alheios \u00e0 vontade dessa diretoria. E da minha parte, de representante de categoria dentro de uma institui\u00e7\u00e3o, como presidente de Adoci, vejo que o Sinpro-Rio tem uma grande import\u00e2ncia para todos n\u00f3s. Se n\u00e3o fosse o Sindicato, n\u00f3s, por exemplo, na UniverCidade n\u00e3o ter\u00edamos alcan\u00e7ado nem um ter\u00e7o do que alcan\u00e7amos. Ent\u00e3o a entidade tem o seu valor, o seu m\u00e9rito, e essa diretoria para mim est\u00e1 de parab\u00e9ns por tudo que vem realizando\u201d.<br \/>\n <br \/>\n <b><br \/>\n  (Sidnei Amaral, professor da UniverCidade, presidente da Adoci)<br \/>\n <\/b><\/p>\n<p>\n  \u201cNa verdade, eu era muito resistente a atua\u00e7\u00e3o sindical no Brasil, por achar que o Sinpro-Rio mantinha um v\u00ednculo com o passado, um passado muito diferente da nossa atualidade. Vejo nessa gest\u00e3o atual uma preocupa\u00e7\u00e3o muito grande em tentar trazer o professor de volta para o Sindicato, com um discurso de um sindicalismo mais moderno, que agregue e n\u00e3o discrimine por pol\u00edticas partid\u00e1rias e sim pelo que o professor precisa. Isso me aproximou da entidade e, hoje, sou um defensor dessa ideia; acho que a diretoria est\u00e1 evoluindo muito nesse pensamento, mas a gente ainda possui pessoas que ainda ficam baseadas no sindicalismo da Guerra Fria, dos anos 60 e 70, quando penso que o sindicalismo tem que evoluir, como a sociedade toda evolui. O Sindicato est\u00e1 no caminho certo, de cada vez se flexibilizar mais e receber pessoas de todas as ideias, desde que sejam professores combatentes e lutem para que toda a categoria seja respeitada pela sociedade\u201d.<br \/>\n  <br \/>\n  <b><br \/>\n   (Ricardo Oliveira, professor da UniverCidade)<br \/>\n  <\/b><\/p>\n<p>  \u201cEssa diretoria atual realmente tem feito com que viesse a frequentar, n\u00e3o s\u00f3 pelo problema da UniverCidade, mas pelo sindicato em si. O Wanderley trouxe um aspecto diferente, porque eu tinha o Sindicato como trampolim pol\u00edtico somente, mas o Wanderley n\u00e3o, vejo que ele \u00e9 de batalha, \u00e9 uma pessoa que est\u00e1 \u00e0 frente de tudo, principalmente na nossa luta. Ent\u00e3o acredito que, com esse Consinpro e com algumas mudan\u00e7as que est\u00e3o sendo sugeridas, o Sindicato vai melhorar ainda mais, porque essa diretoria j\u00e1 melhorou bastante\u201d.<br \/>\n  <br \/>\n  <b><br \/>\n   (Regina Cavalcanti, professora de Direito, UniverCidade)<br \/>\n  <\/b><\/p>\n<p>  \u201cEstar aqui no Consinpro me esclarece muitas coisas. Estou conseguindo entender muitas coisas aqui: como \u00e9 o funcionamento interno, a estrutura do sindicato e entender o porqu\u00ea de taxas, de cobran\u00e7as, da economia do Sindicato, isso est\u00e1 me chamando aten\u00e7\u00e3o no 11\u00aa Consinpro de modo especial\u201d.<br \/>\n  <br \/>\n  <b><br \/>\n   (F\u00e1tima Rodrigues da Silva, professora da Educa\u00e7\u00e3o Fundamental I)<br \/>\n  <\/b><\/p>\n<p>  \u201cEssas discuss\u00f5es s\u00e3o construtivas, v\u00e3o fazer reformula\u00e7\u00f5es de acordo com o que foi decido na Plen\u00e1ria, porque essas discuss\u00f5es foram bem acirradas, bem democr\u00e1ticas e agora vamos na a\u00e7\u00e3o como isso vai se concretizar, que \u00e9 o mais importante\u201d.<br \/>\n  <br \/>\n  <b><br \/>\n   (Dinah Luiza da Silva, orientadora educacional)<br \/>\n  <\/b><\/p>\n<p>  \u201cJ\u00e1 participei de v\u00e1rios Consinpros e n\u00e3o estou vendo diferen\u00e7a entre este e os outros. Ele tem que trazer aquilo que os professores est\u00e3o reivindicando, e que sejam mais claros para vermos aquilo que reivindicamos\u201d.<br \/>\n  <br \/>\n  <b><br \/>\n   (Deise Coutinho, professora da educa\u00e7\u00e3o infantil)<br \/>\n  <\/b><\/p>\n<p>  \u201c\u00c9 a primeira vez que participo de um congresso. Da parte t\u00e9cnica, o conte\u00fado est\u00e1 muito bom, rico nas suas reivindica\u00e7\u00f5es\u201d.<br \/>\n  <br \/>\n  <b><br \/>\n   (Maria Nirvandy, pedagoga e delegada pela Copap)<br \/>\n  <\/b><\/p>\n<p>  \u201c\u00c9 o primeiro Consinpro que participo, e essas propostas que em rela\u00e7\u00e3o \u00e0 melhoria para os professores me chamaram a aten\u00e7\u00e3o. Falaram sobre os professores trabalharem aos s\u00e1bados, sobre os professores terem que ir \u00e0 escola para as festas, sem remunera\u00e7\u00e3o, achei isso muito importante. Como eu n\u00e3o participo muito, n\u00e3o fiquei inteirado dos pontos que foram colocados sobre a quest\u00e3o financeira. Seria bom trabalhar mais as condi\u00e7\u00f5es de trabalho e sa\u00fade do professor, sei que para alguns que est\u00e3o diretamente ligados, a quest\u00e3o financeira \u00e9 interessante, para mim, que n\u00e3o estou, \u00e9 mais importante essa parte de melhorias\u201d.<br \/>\n  <br \/>\n  <b><br \/>\n   (Ulisses Nunes, professor de Biologia)<br \/>\n  <\/b><\/p>\n<p>  \u201cO Consinpro \u00e9 um momento importante da categoria, estamos fazendo uma reflex\u00e3o coletiva sobre conjuntura educacional do Brasil e do estado, vendo que inflex\u00f5es ela traz para as nossas lutas sociais, especialmente no Rio de Janeiro. H\u00e1 um conjunto de quest\u00f5es importantes sobre a sustentabilidade do Sindicato, estamos tentando nos debru\u00e7ar sobre isso e ver como podemos dar respostas efetivas para poder superar algumas crises financeiras que enfrentamos, e espero que possamos sair desse congresso com mais unidade, com uma perspectiva socialista mais confirmada e, especialmente no caso da Gama Filho, uma vis\u00e3o mais prospectiva da educa\u00e7\u00e3o superior no Brasil, que passa hoje por uma crise profunda por falta de um projeto pol\u00edtico. Ainda temos a manuten\u00e7\u00e3o de um projeto pol\u00edtico que foi constru\u00eddo na ditadura, que precisa ser desconstru\u00eddo, e temos que olhar um poucos mais adiante, como nesse contexto de globaliza\u00e7\u00e3o com a financeiriza\u00e7\u00e3o do ensino superior e da educa\u00e7\u00e3o em geral, e a mercantiliza\u00e7\u00e3o e a precariza\u00e7\u00e3o da doc\u00eancia\u201d.<br \/>\n  <br \/>\n  <b><br \/>\n   (Jorge At\u00edlio, secret\u00e1rio-geral da ADGF, professor universit\u00e1rio)<br \/>\n  <\/b><\/p>\n<p>  \u201cPenso que esse Consinpro \u00e9 um fato e \u00e9 necess\u00e1rio que aconte\u00e7a. Porque quando acontece, re\u00fane, no m\u00ednimo, um pouco da categoria, que \u00e9 o que falta no Sindicato, ele \u00e9 muito afastado da categoria e isso n\u00e3o \u00e9 de hoje. Fui diretora por 12 anos e por 12 anos disse isso, que o Sindicato \u00e9 muito afastado da categoria. A categoria da zona oeste, daquele lado de l\u00e1, \u00e0s vezes nem sabe que o Sinpro-Rio existe, e os da zona sul nem querem saber. Ent\u00e3o esse trabalho \u00e9 muito necess\u00e1rio e no congresso acontece um pouco disso. Agora este congresso, neste momento, \u00e9 ainda mais necess\u00e1rio, porque ele fala de um momento pol\u00edtico que est\u00e1 sendo vivido dentro do Sinpro-Rio e \u00e9 a hora do debate. Esse debate deveria ser feito com toda a for\u00e7a aqui dentro. Mas eu sa\u00fado todos os congressistas, mas digo que \u00e9 sempre necess\u00e1rio que o congresso nunca seja feito em dezembro, porque acho que esse foi o grande erro desse Consinpro. O 11\u00ba Consinpro deveria ter sido feito at\u00e9 agosto ou setembro, no m\u00e1ximo, porque dezembro \u00e9 um tempo j\u00e1 esgotado\u201d.<br \/>\n  <br \/>\n  <b><br \/>\n   (Adalgisa Burity, professora da base do Sinpro-Rio, aposentada &#8211; Copap)<br \/>\n  <\/b><\/p>\n<p>  \u201cEstamos discutindo toda uma estrutura do Sinpro-Rio, j\u00e1 est\u00e1 na hora de renovar, pois o Sinpro-Rio j\u00e1 est\u00e1 com 80 anos. Quando vamos fazer? Vamos fazer isso agora. Estou achando interessant\u00edssimo, porque s\u00f3 quando temos uma discuss\u00e3o \u00e9 quando podemos tirar uma coisa boa, porque se todos forem para um lado s\u00f3, n\u00e3o h\u00e1 debate. Essa discuss\u00e3o \u00e9 muito saud\u00e1vel. Ent\u00e3o \u00e9 fazer com que as melhores coisas que tenham aparecido nesses dias contribuam com as solu\u00e7\u00f5es para o crescimento e desenvolvimento do Sinpro-Rio\u201d.<br \/>\n  <br \/>\n  <b><br \/>\n   (Bernardete Bittencourt da Fonseca \u2013 delegada pela Copap)<br \/>\n  <\/b><\/p>\n<p>  \u201c\u00c9 o meu primeiro Consinpro, eu n\u00e3o tinham a no\u00e7\u00e3o realmente at\u00e9 mesmo que existia esse congresso, e, na minha opini\u00e3o, o Consinpro tem a fun\u00e7\u00e3o, pelo que vejo ocorrer, de procurar melhorias para classe como um todo. J\u00e1 estou sindicalizado h\u00e1 mais ou menos 10 anos e essa \u00e9 a primeira vez que tive oportunidade de atuar como delegado nesse congresso. Tenho percebido na atual gest\u00e3o, cada vez mais, uma abertura para a participa\u00e7\u00e3o dos professores, professores at\u00e9 mais jovens como eu, e acredito que isso tudo v\u00e1 caminhar para uma maior participa\u00e7\u00e3o dos professores para poder buscar pelos seus direitos e melhores condi\u00e7\u00f5es de trabalho. O espa\u00e7o aqui est\u00e1 bastante democr\u00e1tico, todo mundo est\u00e1 podendo colocar suas opini\u00f5es, seus questionamentos, est\u00e1 bem saud\u00e1vel, a discuss\u00e3o est\u00e1 sendo bem aberta, democr\u00e1tica e ampla, as pessoas n\u00e3o est\u00e3o se atendo a temas pequenos, \u00e9 uma discuss\u00e3o bem abrangente e sobretudo bem embasada, as pessoas est\u00e3o colocando argumentos bem embasados, n\u00e3o est\u00e3o falando s\u00f3 por falar\u201d.<br \/>\n  <br \/>\n  <b><br \/>\n   (J\u00falio D\u00f3ria, professor de Hist\u00f3ria do Ensino M\u00e9dio)<br \/>\n  <\/b>\n <\/p>\n<p>\n  Veja fotos e a cobertura completa do Congresso na pr\u00f3xima edi\u00e7\u00e3o do<br \/>\n  <b><br \/>\n   Jornal do Professor<br \/>\n  <\/b><br \/>\n  , que ser\u00e1 disponibilizada em breve para a categoria.\n <\/p>\n<\/p>\n<p>\n \u201cNa verdade, eu era muito resistente a atua\u00e7\u00e3o sindical no Brasil, por achar que o Sinpro-Rio mantinha um v\u00ednculo com o passado, um passado muito diferente da nossa atualidade. Vejo nessa gest\u00e3o atual uma preocupa\u00e7\u00e3o muito grande em tentar trazer o professor de volta para o Sindicato, com um discurso de um sindicalismo mais moderno, que agregue e n\u00e3o discrimine por pol\u00edticas partid\u00e1rias e sim pelo que o professor precisa. Isso me aproximou da entidade e, hoje, sou um defensor dessa ideia; acho que a diretoria est\u00e1 evoluindo muito nesse pensamento, mas a gente ainda possui pessoas que ainda ficam baseadas no sindicalismo da Guerra Fria, dos anos 60 e 70, quando penso que o sindicalismo tem que evoluir, como a sociedade toda evolui. O Sindicato est\u00e1 no caminho certo, de cada vez se flexibilizar mais e receber pessoas de todas as ideias, desde que sejam professores combatentes e lutem para que toda a categoria seja respeitada pela sociedade\u201d.<br \/>\n <br \/>\n <b><br \/>\n  (Ricardo Oliveira, professor da UniverCidade)<br \/>\n <\/b><\/p>\n<p> \u201cEssa diretoria atual realmente tem feito com que viesse a frequentar, n\u00e3o s\u00f3 pelo problema da UniverCidade, mas pelo sindicato em si. O Wanderley trouxe um aspecto diferente, porque eu tinha o Sindicato como trampolim pol\u00edtico somente, mas o Wanderley n\u00e3o, vejo que ele \u00e9 de batalha, \u00e9 uma pessoa que est\u00e1 \u00e0 frente de tudo, principalmente na nossa luta. Ent\u00e3o acredito que, com esse Consinpro e com algumas mudan\u00e7as que est\u00e3o sendo sugeridas, o Sindicato vai melhorar ainda mais, porque essa diretoria j\u00e1 melhorou bastante\u201d.<br \/>\n <br \/>\n <b><br \/>\n  (Regina Cavalcanti, professora de Direito, UniverCidade)<br \/>\n <\/b><\/p>\n<p> \u201cEstar aqui no Consinpro me esclarece muitas coisas. Estou conseguindo entender muitas coisas aqui: como \u00e9 o funcionamento interno, a estrutura do sindicato e entender o porqu\u00ea de taxas, de cobran\u00e7as, da economia do Sindicato, isso est\u00e1 me chamando aten\u00e7\u00e3o no 11\u00aa Consinpro de modo especial\u201d.<br \/>\n <br \/>\n <b><br \/>\n  (F\u00e1tima Rodrigues da Silva, professora da Educa\u00e7\u00e3o Fundamental I)<br \/>\n <\/b><\/p>\n<p> \u201cEssas discuss\u00f5es s\u00e3o construtivas, v\u00e3o fazer reformula\u00e7\u00f5es de acordo com o que foi decido na Plen\u00e1ria, porque essas discuss\u00f5es foram bem acirradas, bem democr\u00e1ticas e agora vamos na a\u00e7\u00e3o como isso vai se concretizar, que \u00e9 o mais importante\u201d.<br \/>\n <br \/>\n <b><br \/>\n  (Dinah Luiza da Silva, orientadora educacional)<br \/>\n <\/b><\/p>\n<p> \u201cJ\u00e1 participei de v\u00e1rios Consinpros e n\u00e3o estou vendo diferen\u00e7a entre este e os outros. Ele tem que trazer aquilo que os professores est\u00e3o reivindicando, e que sejam mais claros para vermos aquilo que reivindicamos\u201d.<br \/>\n <br \/>\n <b><br \/>\n  (Deise Coutinho, professora da educa\u00e7\u00e3o infantil)<br \/>\n <\/b><\/p>\n<p> \u201c\u00c9 a primeira vez que participo de um congresso. Da parte t\u00e9cnica, o conte\u00fado est\u00e1 muito bom, rico nas suas reivindica\u00e7\u00f5es\u201d.<br \/>\n <br \/>\n <b><br \/>\n  (Maria Nirvandy, pedagoga e delegada pela Copap)<br \/>\n <\/b><\/p>\n<p> \u201c\u00c9 o primeiro Consinpro que participo, e essas propostas que em rela\u00e7\u00e3o \u00e0 melhoria para os professores me chamaram a aten\u00e7\u00e3o. Falaram sobre os professores trabalharem aos s\u00e1bados, sobre os professores terem que ir \u00e0 escola para as festas, sem remunera\u00e7\u00e3o, achei isso muito importante. Como eu n\u00e3o participo muito, n\u00e3o fiquei inteirado dos pontos que foram colocados sobre a quest\u00e3o financeira. Seria bom trabalhar mais as condi\u00e7\u00f5es de trabalho e sa\u00fade do professor, sei que para alguns que est\u00e3o diretamente ligados, a quest\u00e3o financeira \u00e9 interessante, para mim, que n\u00e3o estou, \u00e9 mais importante essa parte de melhorias\u201d.<br \/>\n <br \/>\n <b><br \/>\n  (Ulisses Nunes, professor de Biologia)<br \/>\n <\/b><\/p>\n<p> \u201cO Consinpro \u00e9 um momento importante da categoria, estamos fazendo uma reflex\u00e3o coletiva sobre conjuntura educacional do Brasil e do estado, vendo que inflex\u00f5es ela traz para as nossas lutas sociais, especialmente no Rio de Janeiro. H\u00e1 um conjunto de quest\u00f5es importantes sobre a sustentabilidade do Sindicato, estamos tentando nos debru\u00e7ar sobre isso e ver como podemos dar respostas efetivas para poder superar algumas crises financeiras que enfrentamos, e espero que possamos sair desse congresso com mais unidade, com uma perspectiva socialista mais confirmada e, especialmente no caso da Gama Filho, uma vis\u00e3o mais prospectiva da educa\u00e7\u00e3o superior no Brasil, que passa hoje por uma crise profunda por falta de um projeto pol\u00edtico. Ainda temos a manuten\u00e7\u00e3o de um projeto pol\u00edtico que foi constru\u00eddo na ditadura, que precisa ser desconstru\u00eddo, e temos que olhar um poucos mais adiante, como nesse contexto de globaliza\u00e7\u00e3o com a financeiriza\u00e7\u00e3o do ensino superior e da educa\u00e7\u00e3o em geral, e a mercantiliza\u00e7\u00e3o e a precariza\u00e7\u00e3o da doc\u00eancia\u201d.<br \/>\n <br \/>\n <b><br \/>\n  (Jorge At\u00edlio, secret\u00e1rio-geral da ADGF, professor universit\u00e1rio)<br \/>\n <\/b><\/p>\n<p> \u201cPenso que esse Consinpro \u00e9 um fato e \u00e9 necess\u00e1rio que aconte\u00e7a. Porque quando acontece, re\u00fane, no m\u00ednimo, um pouco da categoria, que \u00e9 o que falta no Sindicato, ele \u00e9 muito afastado da categoria e isso n\u00e3o \u00e9 de hoje. Fui diretora por 12 anos e por 12 anos disse isso, que o Sindicato \u00e9 muito afastado da categoria. A categoria da zona oeste, daquele lado de l\u00e1, \u00e0s vezes nem sabe que o Sinpro-Rio existe, e os da zona sul nem querem saber. Ent\u00e3o esse trabalho \u00e9 muito necess\u00e1rio e no congresso acontece um pouco disso. Agora este congresso, neste momento, \u00e9 ainda mais necess\u00e1rio, porque ele fala de um momento pol\u00edtico que est\u00e1 sendo vivido dentro do Sinpro-Rio e \u00e9 a hora do debate. Esse debate deveria ser feito com toda a for\u00e7a aqui dentro. Mas eu sa\u00fado todos os congressistas, mas digo que \u00e9 sempre necess\u00e1rio que o congresso nunca seja feito em dezembro, porque acho que esse foi o grande erro desse Consinpro. O 11\u00ba Consinpro deveria ter sido feito at\u00e9 agosto ou setembro, no m\u00e1ximo, porque dezembro \u00e9 um tempo j\u00e1 esgotado\u201d.<br \/>\n <br \/>\n <b><br \/>\n  (Adalgisa Burity, professora da base do Sinpro-Rio, aposentada &#8211; Copap)<br \/>\n <\/b><\/p>\n<p> \u201cEstamos discutindo toda uma estrutura do Sinpro-Rio, j\u00e1 est\u00e1 na hora de renovar, pois o Sinpro-Rio j\u00e1 est\u00e1 com 80 anos. Quando vamos fazer? Vamos fazer isso agora. Estou achando interessant\u00edssimo, porque s\u00f3 quando temos uma discuss\u00e3o \u00e9 quando podemos tirar uma coisa boa, porque se todos forem para um lado s\u00f3, n\u00e3o h\u00e1 debate. Essa discuss\u00e3o \u00e9 muito saud\u00e1vel. Ent\u00e3o \u00e9 fazer com que as melhores coisas que tenham aparecido nesses dias contribuam com as solu\u00e7\u00f5es para o crescimento e desenvolvimento do Sinpro-Rio\u201d.<br \/>\n <br \/>\n <b><br \/>\n  (Bernardete Bittencourt da Fonseca \u2013 delegada pela Copap)<br \/>\n <\/b><\/p>\n<p> \u201c\u00c9 o meu primeiro Consinpro, eu n\u00e3o tinham a no\u00e7\u00e3o realmente at\u00e9 mesmo que existia esse congresso, e, na minha opini\u00e3o, o Consinpro tem a fun\u00e7\u00e3o, pelo que vejo ocorrer, de procurar melhorias para classe como um todo. J\u00e1 estou sindicalizado h\u00e1 mais ou menos 10 anos e essa \u00e9 a primeira vez que tive oportunidade de atuar como delegado nesse congresso. Tenho percebido na atual gest\u00e3o, cada vez mais, uma abertura para a participa\u00e7\u00e3o dos professores, professores at\u00e9 mais jovens como eu, e acredito que isso tudo v\u00e1 caminhar para uma maior participa\u00e7\u00e3o dos professores para poder buscar pelos seus direitos e melhores condi\u00e7\u00f5es de trabalho. O espa\u00e7o aqui est\u00e1 bastante democr\u00e1tico, todo mundo est\u00e1 podendo colocar suas opini\u00f5es, seus questionamentos, est\u00e1 bem saud\u00e1vel, a discuss\u00e3o est\u00e1 sendo bem aberta, democr\u00e1tica e ampla, as pessoas n\u00e3o est\u00e3o se atendo a temas pequenos, \u00e9 uma discuss\u00e3o bem abrangente e sobretudo bem embasada, as pessoas est\u00e3o colocando argumentos bem embasados, n\u00e3o est\u00e3o falando s\u00f3 por falar\u201d.<br \/>\n <br \/>\n <b><br \/>\n  (J\u00falio D\u00f3ria, professor de Hist\u00f3ria do Ensino M\u00e9dio)<br \/>\n <\/b>\n<\/p>\n<p>\n Veja fotos e a cobertura completa do Congresso na pr\u00f3xima edi\u00e7\u00e3o do<br \/>\n <b><br \/>\n  Jornal do Professor<br \/>\n <\/b><br \/>\n , que ser\u00e1 disponibilizada em breve para a categoria.<\/p>\n","protected":false},"excerpt":{"rendered":"<p>15\/12\/2013 Realizado nos dias 13 e 14 de dezembro da unidade Praia Vermelha, da UniRio, o 11\u00ba Congresso do Sindicato dos Professores do Munic\u00edpio do Rio de Janeiro e Regi\u00e3o (Consinpro) reuniu cerca de 100 delegados, que debateram os temas conjunturas pol\u00edtica, educacional e sindical e sustenta\u00e7\u00e3o financeira da entidade. Duas teses foram apresentadas e [&hellip;]<\/p>\n","protected":false},"author":1,"featured_media":0,"comment_status":"closed","ping_status":"open","sticky":false,"template":"","format":"standard","meta":{"footnotes":""},"categories":[1],"tags":[],"class_list":["post-20312","post","type-post","status-publish","format-standard","hentry","category-noticias"],"yoast_head":"<!-- This site is optimized with the Yoast SEO plugin v25.7 - https:\/\/yoast.com\/wordpress\/plugins\/seo\/ -->\n<title>11\u00ba Consinpro debate conjunturas e sustenta\u00e7\u00e3o financeira do Sinpro-Rio - Sinpro-Rio<\/title>\n<meta name=\"robots\" content=\"index, follow, max-snippet:-1, max-image-preview:large, max-video-preview:-1\" \/>\n<link rel=\"canonical\" href=\"https:\/\/www.sinpro-rio.org.br\/principal\/11-consinpro-debate-conjunturas-e-sustentac-o-financeira-do-sinpro-rio\/\" \/>\n<meta property=\"og:locale\" content=\"pt_BR\" \/>\n<meta property=\"og:type\" content=\"article\" \/>\n<meta property=\"og:title\" content=\"11\u00ba Consinpro debate conjunturas e sustenta\u00e7\u00e3o financeira do Sinpro-Rio - Sinpro-Rio\" \/>\n<meta property=\"og:description\" content=\"15\/12\/2013 Realizado nos dias 13 e 14 de dezembro da unidade Praia Vermelha, da UniRio, o 11\u00ba Congresso do Sindicato dos Professores do Munic\u00edpio do Rio de Janeiro e Regi\u00e3o (Consinpro) reuniu cerca de 100 delegados, que debateram os temas conjunturas pol\u00edtica, educacional e sindical e sustenta\u00e7\u00e3o financeira da entidade. Duas teses foram apresentadas e [&hellip;]\" \/>\n<meta property=\"og:url\" content=\"https:\/\/www.sinpro-rio.org.br\/principal\/11-consinpro-debate-conjunturas-e-sustentac-o-financeira-do-sinpro-rio\/\" \/>\n<meta property=\"og:site_name\" content=\"Sinpro-Rio\" \/>\n<meta property=\"article:published_time\" content=\"2013-12-15T00:00:00+00:00\" \/>\n<meta name=\"author\" content=\"rafaelrjp\" \/>\n<meta name=\"twitter:card\" content=\"summary_large_image\" \/>\n<meta name=\"twitter:label1\" content=\"Escrito por\" \/>\n\t<meta name=\"twitter:data1\" content=\"rafaelrjp\" \/>\n\t<meta name=\"twitter:label2\" content=\"Est. tempo de leitura\" \/>\n\t<meta name=\"twitter:data2\" content=\"14 minutos\" \/>\n<script type=\"application\/ld+json\" class=\"yoast-schema-graph\">{\"@context\":\"https:\/\/schema.org\",\"@graph\":[{\"@type\":\"WebPage\",\"@id\":\"https:\/\/www.sinpro-rio.org.br\/principal\/11-consinpro-debate-conjunturas-e-sustentac-o-financeira-do-sinpro-rio\/\",\"url\":\"https:\/\/www.sinpro-rio.org.br\/principal\/11-consinpro-debate-conjunturas-e-sustentac-o-financeira-do-sinpro-rio\/\",\"name\":\"11\u00ba Consinpro debate conjunturas e sustenta\u00e7\u00e3o financeira do Sinpro-Rio - Sinpro-Rio\",\"isPartOf\":{\"@id\":\"https:\/\/www.sinpro-rio.org.br\/principal\/#website\"},\"datePublished\":\"2013-12-15T00:00:00+00:00\",\"author\":{\"@id\":\"https:\/\/www.sinpro-rio.org.br\/principal\/#\/schema\/person\/49feb585a2f57a31a6bd9f16f78e5be6\"},\"breadcrumb\":{\"@id\":\"https:\/\/www.sinpro-rio.org.br\/principal\/11-consinpro-debate-conjunturas-e-sustentac-o-financeira-do-sinpro-rio\/#breadcrumb\"},\"inLanguage\":\"pt-BR\",\"potentialAction\":[{\"@type\":\"ReadAction\",\"target\":[\"https:\/\/www.sinpro-rio.org.br\/principal\/11-consinpro-debate-conjunturas-e-sustentac-o-financeira-do-sinpro-rio\/\"]}]},{\"@type\":\"BreadcrumbList\",\"@id\":\"https:\/\/www.sinpro-rio.org.br\/principal\/11-consinpro-debate-conjunturas-e-sustentac-o-financeira-do-sinpro-rio\/#breadcrumb\",\"itemListElement\":[{\"@type\":\"ListItem\",\"position\":1,\"name\":\"In\u00edcio\",\"item\":\"https:\/\/www.sinpro-rio.org.br\/principal\/\"},{\"@type\":\"ListItem\",\"position\":2,\"name\":\"11\u00ba Consinpro debate conjunturas e sustenta\u00e7\u00e3o financeira do Sinpro-Rio\"}]},{\"@type\":\"WebSite\",\"@id\":\"https:\/\/www.sinpro-rio.org.br\/principal\/#website\",\"url\":\"https:\/\/www.sinpro-rio.org.br\/principal\/\",\"name\":\"Sinpro-Rio\",\"description\":\"Sindicato dos Professores do Munic\u00edpio do Rio de Janeiro e Regi\u00e3o\",\"potentialAction\":[{\"@type\":\"SearchAction\",\"target\":{\"@type\":\"EntryPoint\",\"urlTemplate\":\"https:\/\/www.sinpro-rio.org.br\/principal\/?s={search_term_string}\"},\"query-input\":{\"@type\":\"PropertyValueSpecification\",\"valueRequired\":true,\"valueName\":\"search_term_string\"}}],\"inLanguage\":\"pt-BR\"},{\"@type\":\"Person\",\"@id\":\"https:\/\/www.sinpro-rio.org.br\/principal\/#\/schema\/person\/49feb585a2f57a31a6bd9f16f78e5be6\",\"name\":\"rafaelrjp\",\"image\":{\"@type\":\"ImageObject\",\"inLanguage\":\"pt-BR\",\"@id\":\"https:\/\/www.sinpro-rio.org.br\/principal\/#\/schema\/person\/image\/\",\"url\":\"https:\/\/secure.gravatar.com\/avatar\/489371a0ba4655c340b519882c68cf68?s=96&d=mm&r=g\",\"contentUrl\":\"https:\/\/secure.gravatar.com\/avatar\/489371a0ba4655c340b519882c68cf68?s=96&d=mm&r=g\",\"caption\":\"rafaelrjp\"},\"url\":\"https:\/\/www.sinpro-rio.org.br\/principal\/author\/rafaelrjp\/\"}]}<\/script>\n<!-- \/ Yoast SEO plugin. -->","yoast_head_json":{"title":"11\u00ba Consinpro debate conjunturas e sustenta\u00e7\u00e3o financeira do Sinpro-Rio - Sinpro-Rio","robots":{"index":"index","follow":"follow","max-snippet":"max-snippet:-1","max-image-preview":"max-image-preview:large","max-video-preview":"max-video-preview:-1"},"canonical":"https:\/\/www.sinpro-rio.org.br\/principal\/11-consinpro-debate-conjunturas-e-sustentac-o-financeira-do-sinpro-rio\/","og_locale":"pt_BR","og_type":"article","og_title":"11\u00ba Consinpro debate conjunturas e sustenta\u00e7\u00e3o financeira do Sinpro-Rio - Sinpro-Rio","og_description":"15\/12\/2013 Realizado nos dias 13 e 14 de dezembro da unidade Praia Vermelha, da UniRio, o 11\u00ba Congresso do Sindicato dos Professores do Munic\u00edpio do Rio de Janeiro e Regi\u00e3o (Consinpro) reuniu cerca de 100 delegados, que debateram os temas conjunturas pol\u00edtica, educacional e sindical e sustenta\u00e7\u00e3o financeira da entidade. Duas teses foram apresentadas e [&hellip;]","og_url":"https:\/\/www.sinpro-rio.org.br\/principal\/11-consinpro-debate-conjunturas-e-sustentac-o-financeira-do-sinpro-rio\/","og_site_name":"Sinpro-Rio","article_published_time":"2013-12-15T00:00:00+00:00","author":"rafaelrjp","twitter_card":"summary_large_image","twitter_misc":{"Escrito por":"rafaelrjp","Est. tempo de leitura":"14 minutos"},"schema":{"@context":"https:\/\/schema.org","@graph":[{"@type":"WebPage","@id":"https:\/\/www.sinpro-rio.org.br\/principal\/11-consinpro-debate-conjunturas-e-sustentac-o-financeira-do-sinpro-rio\/","url":"https:\/\/www.sinpro-rio.org.br\/principal\/11-consinpro-debate-conjunturas-e-sustentac-o-financeira-do-sinpro-rio\/","name":"11\u00ba Consinpro debate conjunturas e sustenta\u00e7\u00e3o financeira do Sinpro-Rio - Sinpro-Rio","isPartOf":{"@id":"https:\/\/www.sinpro-rio.org.br\/principal\/#website"},"datePublished":"2013-12-15T00:00:00+00:00","author":{"@id":"https:\/\/www.sinpro-rio.org.br\/principal\/#\/schema\/person\/49feb585a2f57a31a6bd9f16f78e5be6"},"breadcrumb":{"@id":"https:\/\/www.sinpro-rio.org.br\/principal\/11-consinpro-debate-conjunturas-e-sustentac-o-financeira-do-sinpro-rio\/#breadcrumb"},"inLanguage":"pt-BR","potentialAction":[{"@type":"ReadAction","target":["https:\/\/www.sinpro-rio.org.br\/principal\/11-consinpro-debate-conjunturas-e-sustentac-o-financeira-do-sinpro-rio\/"]}]},{"@type":"BreadcrumbList","@id":"https:\/\/www.sinpro-rio.org.br\/principal\/11-consinpro-debate-conjunturas-e-sustentac-o-financeira-do-sinpro-rio\/#breadcrumb","itemListElement":[{"@type":"ListItem","position":1,"name":"In\u00edcio","item":"https:\/\/www.sinpro-rio.org.br\/principal\/"},{"@type":"ListItem","position":2,"name":"11\u00ba Consinpro debate conjunturas e sustenta\u00e7\u00e3o financeira do Sinpro-Rio"}]},{"@type":"WebSite","@id":"https:\/\/www.sinpro-rio.org.br\/principal\/#website","url":"https:\/\/www.sinpro-rio.org.br\/principal\/","name":"Sinpro-Rio","description":"Sindicato dos Professores do Munic\u00edpio do Rio de Janeiro e Regi\u00e3o","potentialAction":[{"@type":"SearchAction","target":{"@type":"EntryPoint","urlTemplate":"https:\/\/www.sinpro-rio.org.br\/principal\/?s={search_term_string}"},"query-input":{"@type":"PropertyValueSpecification","valueRequired":true,"valueName":"search_term_string"}}],"inLanguage":"pt-BR"},{"@type":"Person","@id":"https:\/\/www.sinpro-rio.org.br\/principal\/#\/schema\/person\/49feb585a2f57a31a6bd9f16f78e5be6","name":"rafaelrjp","image":{"@type":"ImageObject","inLanguage":"pt-BR","@id":"https:\/\/www.sinpro-rio.org.br\/principal\/#\/schema\/person\/image\/","url":"https:\/\/secure.gravatar.com\/avatar\/489371a0ba4655c340b519882c68cf68?s=96&d=mm&r=g","contentUrl":"https:\/\/secure.gravatar.com\/avatar\/489371a0ba4655c340b519882c68cf68?s=96&d=mm&r=g","caption":"rafaelrjp"},"url":"https:\/\/www.sinpro-rio.org.br\/principal\/author\/rafaelrjp\/"}]}},"_links":{"self":[{"href":"https:\/\/www.sinpro-rio.org.br\/principal\/wp-json\/wp\/v2\/posts\/20312","targetHints":{"allow":["GET"]}}],"collection":[{"href":"https:\/\/www.sinpro-rio.org.br\/principal\/wp-json\/wp\/v2\/posts"}],"about":[{"href":"https:\/\/www.sinpro-rio.org.br\/principal\/wp-json\/wp\/v2\/types\/post"}],"author":[{"embeddable":true,"href":"https:\/\/www.sinpro-rio.org.br\/principal\/wp-json\/wp\/v2\/users\/1"}],"replies":[{"embeddable":true,"href":"https:\/\/www.sinpro-rio.org.br\/principal\/wp-json\/wp\/v2\/comments?post=20312"}],"version-history":[{"count":0,"href":"https:\/\/www.sinpro-rio.org.br\/principal\/wp-json\/wp\/v2\/posts\/20312\/revisions"}],"wp:attachment":[{"href":"https:\/\/www.sinpro-rio.org.br\/principal\/wp-json\/wp\/v2\/media?parent=20312"}],"wp:term":[{"taxonomy":"category","embeddable":true,"href":"https:\/\/www.sinpro-rio.org.br\/principal\/wp-json\/wp\/v2\/categories?post=20312"},{"taxonomy":"post_tag","embeddable":true,"href":"https:\/\/www.sinpro-rio.org.br\/principal\/wp-json\/wp\/v2\/tags?post=20312"}],"curies":[{"name":"wp","href":"https:\/\/api.w.org\/{rel}","templated":true}]}}