{"id":20305,"date":"2014-01-08T00:00:00","date_gmt":"2014-01-08T00:00:00","guid":{"rendered":""},"modified":"-0001-11-30T00:00:00","modified_gmt":"-0001-11-30T03:00:00","slug":"ato-reune-alunos-e-professores-da-ugf-e-univercidade","status":"publish","type":"post","link":"https:\/\/www.sinpro-rio.org.br\/principal\/ato-reune-alunos-e-professores-da-ugf-e-univercidade\/","title":{"rendered":"Ato re\u00fane alunos e professores da UGF e UniverCidade"},"content":{"rendered":"\n<p>\n <em><br \/>\n  08\/01\/2014<br \/>\n <\/em>\n<\/p>\n<p>\n Alunos e professores da Universidade Gama Filho e da UniverCidade se reuniram em um ato unificado para protestar e chamar a aten\u00e7\u00e3o da sociedade para cobrar uma solu\u00e7\u00e3o do Minist\u00e9rio da Educa\u00e7\u00e3o para a situa\u00e7\u00e3o das institui\u00e7\u00f5es de ensino (IES) ligadas ao grupo Galileo. O ato come\u00e7ou na Candel\u00e1ria e caminhou pela Avenida Rio Branco, fechando todas as faixas da avenida. O movimento foi acompanhado pela Guarda Municipal e pela PM.\n<\/p>\n<p>\n Professores, funcion\u00e1rios, alunos, representantes da Uni\u00e3o Nacional dos Estudantes (UNE) e da Uni\u00e3o Estadual dos Estudantes (UEE) comunicavam \u00e0 sociedade, atrav\u00e9s de panfletos e gritos de ordem, a situa\u00e7\u00e3o prec\u00e1ria das unidades e a falta de pagamento dos professores. O grito entoado  questionava ao Grupo Galileo \u201cO que aconteceu? Paguei o meu boleto e o professor n\u00e3o recebeu\u201d.\n<\/p>\n<p>\n O ato visa pressionar e cobrar do MEC uma solu\u00e7\u00e3o que n\u00e3o seja o descredenciamento das duas IES. Durante o movimento, chegou a informa\u00e7\u00e3o de que o ministro da Educa\u00e7\u00e3o, Aloizio Mercadante, iria receber para uma reuni\u00e3o os estudantes que ocuparam o Minist\u00e9rio da Educa\u00e7\u00e3o em Bras\u00edlia.\n<\/p>\n<p>\n O professor da UGF e membro da Associa\u00e7\u00e3o docente da Gama Filho, Jorge At\u00edlio, ressalta a import\u00e2ncia do ato para mostrar para a sociedade um olhar sobre a situa\u00e7\u00e3o da educa\u00e7\u00e3o superior no Brasil: \u201cdurante todo o per\u00edodo da gest\u00e3o da Galileo Educacional tem sido ca\u00f3tica. Agora chegou numa situa\u00e7\u00e3o praticamente insustent\u00e1vel, tivemos um ano com tr\u00eas greves, um ano no qual os pagamentos foram absolutamente aleat\u00f3rios, ao final de um ano um conjunto de professores n\u00e3o receberam sequer um semestre inteiro\u201d.\n<\/p>\n<p>\n Anderson Diniz, representante do DCE da UGF, relatou que os estudantes que ocuparam o MEC na manh\u00e3 da ter\u00e7a-feira, dia 07\/01, conseguiram uma audi\u00eancia para debater sobre o n\u00e3o descredenciamento das institui\u00e7\u00f5es: \u201cqueremos apresentar propostas concretas de que o MEC pode sim intervir, temos estudos de casos que foram obtidos de outras universidades que o MEC realmente chegou e contribuiu e n\u00e3o se omitiu como est\u00e1 fazendo com a gente\u201d.\n<\/p>\n<p>\n Um dos organizadores do ato, Cristiano Wallas, presidente do Centro Acad\u00eamico de Engenharia da UGF, enfatizou a import\u00e2ncia das institui\u00e7\u00f5es para a Educa\u00e7\u00e3o Superior no Brasil, que representa duas das principais IES privadas no Rio de Janeiro e destaques de excel\u00eancia em n\u00edvel nacional em determinados cursos, como Medicina da UGF, que \u00e9 a maior escola de Medicina da Am\u00e9rica Latina. \u201cO MEC n\u00e3o intervindo, ele est\u00e1 dificultante e atrapalhando a vida de muitos alunos e esse ato aqui hoje, vai mostrar para o MEC a quantidade de danos que ele est\u00e1 causando para a sociedade, e se n\u00e3o intervir na nossa universidade os atos v\u00e3o continuar, a gente sabe que \u00e9 ano de elei\u00e7\u00e3o, n\u00e3o vamos admitir isso\u201d, disse Cristiano.<\/p>\n<p>\n  Representantes da Uni\u00e3o Nacional dos Estudantes (UNE) tamb\u00e9m participaram do ato. A primeira vice-presidente da UNE, Katerine Oliveira, falou sobre a falta de solu\u00e7\u00e3o do MEC e do Minist\u00e9rio P\u00fablico: \u201c Desde o ano passado, com greves seguidas, e o Minist\u00e9rio P\u00fablico n\u00e3o tomou uma posi\u00e7\u00e3o que efetivamente venha a resolver o problema, sempre vem prometendo, fazendo uma reuni\u00e3o aqui e ali, mas nada que solucione esse problema\u201d. Para ela, o ato \u00e9 fundamental para conseguir mais apoio da sociedade e para a mobiliza\u00e7\u00e3o de mais estudantes. \u201cQue a gente consiga uma solu\u00e7\u00e3o definitiva do MEC, principalmente depois das denuncias que tiveram na CPI da Educa\u00e7\u00e3o Superior Privada, que ficou claro o papel que os donos dessas institui\u00e7\u00f5es vem cumprindo\u201c, concluiu.\n <\/p>\n<\/p>\n<p>\n Representantes da Uni\u00e3o Nacional dos Estudantes (UNE) tamb\u00e9m participaram do ato. A primeira vice-presidente da UNE, Katerine Oliveira, falou sobre a falta de solu\u00e7\u00e3o do MEC e do Minist\u00e9rio P\u00fablico: \u201c Desde o ano passado, com greves seguidas, e o Minist\u00e9rio P\u00fablico n\u00e3o tomou uma posi\u00e7\u00e3o que efetivamente venha a resolver o problema, sempre vem prometendo, fazendo uma reuni\u00e3o aqui e ali, mas nada que solucione esse problema\u201d. Para ela, o ato \u00e9 fundamental para conseguir mais apoio da sociedade e para a mobiliza\u00e7\u00e3o de mais estudantes. \u201cQue a gente consiga uma solu\u00e7\u00e3o definitiva do MEC, principalmente depois das denuncias que tiveram na CPI da Educa\u00e7\u00e3o Superior Privada, que ficou claro o papel que os donos dessas institui\u00e7\u00f5es vem cumprindo\u201c, concluiu.<\/p>\n","protected":false},"excerpt":{"rendered":"<p>08\/01\/2014 Alunos e professores da Universidade Gama Filho e da UniverCidade se reuniram em um ato unificado para protestar e chamar a aten\u00e7\u00e3o da sociedade para cobrar uma solu\u00e7\u00e3o do Minist\u00e9rio da Educa\u00e7\u00e3o para a situa\u00e7\u00e3o das institui\u00e7\u00f5es de ensino (IES) ligadas ao grupo Galileo. O ato come\u00e7ou na Candel\u00e1ria e caminhou pela Avenida Rio [&hellip;]<\/p>\n","protected":false},"author":1,"featured_media":0,"comment_status":"closed","ping_status":"open","sticky":false,"template":"","format":"standard","meta":{"footnotes":""},"categories":[1],"tags":[],"class_list":["post-20305","post","type-post","status-publish","format-standard","hentry","category-noticias"],"yoast_head":"<!-- This site is optimized with the Yoast SEO plugin v25.7 - https:\/\/yoast.com\/wordpress\/plugins\/seo\/ -->\n<title>Ato re\u00fane alunos e professores da UGF e UniverCidade - Sinpro-Rio<\/title>\n<meta name=\"robots\" content=\"index, follow, max-snippet:-1, max-image-preview:large, max-video-preview:-1\" \/>\n<link rel=\"canonical\" href=\"https:\/\/www.sinpro-rio.org.br\/principal\/ato-reune-alunos-e-professores-da-ugf-e-univercidade\/\" \/>\n<meta property=\"og:locale\" content=\"pt_BR\" \/>\n<meta property=\"og:type\" content=\"article\" \/>\n<meta property=\"og:title\" content=\"Ato re\u00fane alunos e professores da UGF e UniverCidade - Sinpro-Rio\" \/>\n<meta property=\"og:description\" content=\"08\/01\/2014 Alunos e professores da Universidade Gama Filho e da UniverCidade se reuniram em um ato unificado para protestar e chamar a aten\u00e7\u00e3o da sociedade para cobrar uma solu\u00e7\u00e3o do Minist\u00e9rio da Educa\u00e7\u00e3o para a situa\u00e7\u00e3o das institui\u00e7\u00f5es de ensino (IES) ligadas ao grupo Galileo. O ato come\u00e7ou na Candel\u00e1ria e caminhou pela Avenida Rio [&hellip;]\" \/>\n<meta property=\"og:url\" content=\"https:\/\/www.sinpro-rio.org.br\/principal\/ato-reune-alunos-e-professores-da-ugf-e-univercidade\/\" \/>\n<meta property=\"og:site_name\" content=\"Sinpro-Rio\" \/>\n<meta property=\"article:published_time\" content=\"2014-01-08T00:00:00+00:00\" \/>\n<meta name=\"author\" content=\"rafaelrjp\" \/>\n<meta name=\"twitter:card\" content=\"summary_large_image\" \/>\n<meta name=\"twitter:label1\" content=\"Escrito por\" \/>\n\t<meta name=\"twitter:data1\" content=\"rafaelrjp\" \/>\n\t<meta name=\"twitter:label2\" content=\"Est. tempo de leitura\" \/>\n\t<meta name=\"twitter:data2\" content=\"4 minutos\" \/>\n<script type=\"application\/ld+json\" class=\"yoast-schema-graph\">{\"@context\":\"https:\/\/schema.org\",\"@graph\":[{\"@type\":\"WebPage\",\"@id\":\"https:\/\/www.sinpro-rio.org.br\/principal\/ato-reune-alunos-e-professores-da-ugf-e-univercidade\/\",\"url\":\"https:\/\/www.sinpro-rio.org.br\/principal\/ato-reune-alunos-e-professores-da-ugf-e-univercidade\/\",\"name\":\"Ato re\u00fane alunos e professores da UGF e UniverCidade - Sinpro-Rio\",\"isPartOf\":{\"@id\":\"https:\/\/www.sinpro-rio.org.br\/principal\/#website\"},\"datePublished\":\"2014-01-08T00:00:00+00:00\",\"author\":{\"@id\":\"https:\/\/www.sinpro-rio.org.br\/principal\/#\/schema\/person\/49feb585a2f57a31a6bd9f16f78e5be6\"},\"breadcrumb\":{\"@id\":\"https:\/\/www.sinpro-rio.org.br\/principal\/ato-reune-alunos-e-professores-da-ugf-e-univercidade\/#breadcrumb\"},\"inLanguage\":\"pt-BR\",\"potentialAction\":[{\"@type\":\"ReadAction\",\"target\":[\"https:\/\/www.sinpro-rio.org.br\/principal\/ato-reune-alunos-e-professores-da-ugf-e-univercidade\/\"]}]},{\"@type\":\"BreadcrumbList\",\"@id\":\"https:\/\/www.sinpro-rio.org.br\/principal\/ato-reune-alunos-e-professores-da-ugf-e-univercidade\/#breadcrumb\",\"itemListElement\":[{\"@type\":\"ListItem\",\"position\":1,\"name\":\"In\u00edcio\",\"item\":\"https:\/\/www.sinpro-rio.org.br\/principal\/\"},{\"@type\":\"ListItem\",\"position\":2,\"name\":\"Ato re\u00fane alunos e professores da UGF e UniverCidade\"}]},{\"@type\":\"WebSite\",\"@id\":\"https:\/\/www.sinpro-rio.org.br\/principal\/#website\",\"url\":\"https:\/\/www.sinpro-rio.org.br\/principal\/\",\"name\":\"Sinpro-Rio\",\"description\":\"Sindicato dos Professores do Munic\u00edpio do Rio de Janeiro e Regi\u00e3o\",\"potentialAction\":[{\"@type\":\"SearchAction\",\"target\":{\"@type\":\"EntryPoint\",\"urlTemplate\":\"https:\/\/www.sinpro-rio.org.br\/principal\/?s={search_term_string}\"},\"query-input\":{\"@type\":\"PropertyValueSpecification\",\"valueRequired\":true,\"valueName\":\"search_term_string\"}}],\"inLanguage\":\"pt-BR\"},{\"@type\":\"Person\",\"@id\":\"https:\/\/www.sinpro-rio.org.br\/principal\/#\/schema\/person\/49feb585a2f57a31a6bd9f16f78e5be6\",\"name\":\"rafaelrjp\",\"image\":{\"@type\":\"ImageObject\",\"inLanguage\":\"pt-BR\",\"@id\":\"https:\/\/www.sinpro-rio.org.br\/principal\/#\/schema\/person\/image\/\",\"url\":\"https:\/\/secure.gravatar.com\/avatar\/489371a0ba4655c340b519882c68cf68?s=96&d=mm&r=g\",\"contentUrl\":\"https:\/\/secure.gravatar.com\/avatar\/489371a0ba4655c340b519882c68cf68?s=96&d=mm&r=g\",\"caption\":\"rafaelrjp\"},\"url\":\"https:\/\/www.sinpro-rio.org.br\/principal\/author\/rafaelrjp\/\"}]}<\/script>\n<!-- \/ Yoast SEO plugin. -->","yoast_head_json":{"title":"Ato re\u00fane alunos e professores da UGF e UniverCidade - Sinpro-Rio","robots":{"index":"index","follow":"follow","max-snippet":"max-snippet:-1","max-image-preview":"max-image-preview:large","max-video-preview":"max-video-preview:-1"},"canonical":"https:\/\/www.sinpro-rio.org.br\/principal\/ato-reune-alunos-e-professores-da-ugf-e-univercidade\/","og_locale":"pt_BR","og_type":"article","og_title":"Ato re\u00fane alunos e professores da UGF e UniverCidade - Sinpro-Rio","og_description":"08\/01\/2014 Alunos e professores da Universidade Gama Filho e da UniverCidade se reuniram em um ato unificado para protestar e chamar a aten\u00e7\u00e3o da sociedade para cobrar uma solu\u00e7\u00e3o do Minist\u00e9rio da Educa\u00e7\u00e3o para a situa\u00e7\u00e3o das institui\u00e7\u00f5es de ensino (IES) ligadas ao grupo Galileo. O ato come\u00e7ou na Candel\u00e1ria e caminhou pela Avenida Rio [&hellip;]","og_url":"https:\/\/www.sinpro-rio.org.br\/principal\/ato-reune-alunos-e-professores-da-ugf-e-univercidade\/","og_site_name":"Sinpro-Rio","article_published_time":"2014-01-08T00:00:00+00:00","author":"rafaelrjp","twitter_card":"summary_large_image","twitter_misc":{"Escrito por":"rafaelrjp","Est. tempo de leitura":"4 minutos"},"schema":{"@context":"https:\/\/schema.org","@graph":[{"@type":"WebPage","@id":"https:\/\/www.sinpro-rio.org.br\/principal\/ato-reune-alunos-e-professores-da-ugf-e-univercidade\/","url":"https:\/\/www.sinpro-rio.org.br\/principal\/ato-reune-alunos-e-professores-da-ugf-e-univercidade\/","name":"Ato re\u00fane alunos e professores da UGF e UniverCidade - Sinpro-Rio","isPartOf":{"@id":"https:\/\/www.sinpro-rio.org.br\/principal\/#website"},"datePublished":"2014-01-08T00:00:00+00:00","author":{"@id":"https:\/\/www.sinpro-rio.org.br\/principal\/#\/schema\/person\/49feb585a2f57a31a6bd9f16f78e5be6"},"breadcrumb":{"@id":"https:\/\/www.sinpro-rio.org.br\/principal\/ato-reune-alunos-e-professores-da-ugf-e-univercidade\/#breadcrumb"},"inLanguage":"pt-BR","potentialAction":[{"@type":"ReadAction","target":["https:\/\/www.sinpro-rio.org.br\/principal\/ato-reune-alunos-e-professores-da-ugf-e-univercidade\/"]}]},{"@type":"BreadcrumbList","@id":"https:\/\/www.sinpro-rio.org.br\/principal\/ato-reune-alunos-e-professores-da-ugf-e-univercidade\/#breadcrumb","itemListElement":[{"@type":"ListItem","position":1,"name":"In\u00edcio","item":"https:\/\/www.sinpro-rio.org.br\/principal\/"},{"@type":"ListItem","position":2,"name":"Ato re\u00fane alunos e professores da UGF e UniverCidade"}]},{"@type":"WebSite","@id":"https:\/\/www.sinpro-rio.org.br\/principal\/#website","url":"https:\/\/www.sinpro-rio.org.br\/principal\/","name":"Sinpro-Rio","description":"Sindicato dos Professores do Munic\u00edpio do Rio de Janeiro e Regi\u00e3o","potentialAction":[{"@type":"SearchAction","target":{"@type":"EntryPoint","urlTemplate":"https:\/\/www.sinpro-rio.org.br\/principal\/?s={search_term_string}"},"query-input":{"@type":"PropertyValueSpecification","valueRequired":true,"valueName":"search_term_string"}}],"inLanguage":"pt-BR"},{"@type":"Person","@id":"https:\/\/www.sinpro-rio.org.br\/principal\/#\/schema\/person\/49feb585a2f57a31a6bd9f16f78e5be6","name":"rafaelrjp","image":{"@type":"ImageObject","inLanguage":"pt-BR","@id":"https:\/\/www.sinpro-rio.org.br\/principal\/#\/schema\/person\/image\/","url":"https:\/\/secure.gravatar.com\/avatar\/489371a0ba4655c340b519882c68cf68?s=96&d=mm&r=g","contentUrl":"https:\/\/secure.gravatar.com\/avatar\/489371a0ba4655c340b519882c68cf68?s=96&d=mm&r=g","caption":"rafaelrjp"},"url":"https:\/\/www.sinpro-rio.org.br\/principal\/author\/rafaelrjp\/"}]}},"_links":{"self":[{"href":"https:\/\/www.sinpro-rio.org.br\/principal\/wp-json\/wp\/v2\/posts\/20305","targetHints":{"allow":["GET"]}}],"collection":[{"href":"https:\/\/www.sinpro-rio.org.br\/principal\/wp-json\/wp\/v2\/posts"}],"about":[{"href":"https:\/\/www.sinpro-rio.org.br\/principal\/wp-json\/wp\/v2\/types\/post"}],"author":[{"embeddable":true,"href":"https:\/\/www.sinpro-rio.org.br\/principal\/wp-json\/wp\/v2\/users\/1"}],"replies":[{"embeddable":true,"href":"https:\/\/www.sinpro-rio.org.br\/principal\/wp-json\/wp\/v2\/comments?post=20305"}],"version-history":[{"count":0,"href":"https:\/\/www.sinpro-rio.org.br\/principal\/wp-json\/wp\/v2\/posts\/20305\/revisions"}],"wp:attachment":[{"href":"https:\/\/www.sinpro-rio.org.br\/principal\/wp-json\/wp\/v2\/media?parent=20305"}],"wp:term":[{"taxonomy":"category","embeddable":true,"href":"https:\/\/www.sinpro-rio.org.br\/principal\/wp-json\/wp\/v2\/categories?post=20305"},{"taxonomy":"post_tag","embeddable":true,"href":"https:\/\/www.sinpro-rio.org.br\/principal\/wp-json\/wp\/v2\/tags?post=20305"}],"curies":[{"name":"wp","href":"https:\/\/api.w.org\/{rel}","templated":true}]}}