{"id":20301,"date":"2014-01-13T00:00:00","date_gmt":"2014-01-13T00:00:00","guid":{"rendered":""},"modified":"-0001-11-30T00:00:00","modified_gmt":"-0001-11-30T03:00:00","slug":"sinpro-rio-vai-ao-ministerio-publico-federal-para-garantir-intervenc-o-do-mec","status":"publish","type":"post","link":"https:\/\/www.sinpro-rio.org.br\/principal\/sinpro-rio-vai-ao-ministerio-publico-federal-para-garantir-intervenc-o-do-mec\/","title":{"rendered":"Sinpro-Rio vai ao Minist\u00e9rio P\u00fablico Federal para garantir interven\u00e7\u00e3o do MEC"},"content":{"rendered":"\n<p>\n <em><br \/>\n  13\/01\/2014<br \/>\n <\/em>\n<\/p>\n<p>\n O presidente do Sinpro-Rio, professor Wanderley Qu\u00eado, est\u00e1 neste momento junto ao deputado Robson Leite (PT), no Minist\u00e9rio P\u00fablico Federal para buscar uma interven\u00e7\u00e3o do MEC no caso Galileo, que garanta os direitos dos professores, alunos e funcion\u00e1rios.\n<\/p>\n<p>\n <img decoding=\"async\" src=\"http:\/\/www.sinprorio.pro.br\/site_antigo\/imagens\/noticia\/2014\/mp-13-01.jpg\" width=\"600\"\/><\/p>\n","protected":false},"excerpt":{"rendered":"<p>13\/01\/2014 O presidente do Sinpro-Rio, professor Wanderley Qu\u00eado, est\u00e1 neste momento junto ao deputado Robson Leite (PT), no Minist\u00e9rio P\u00fablico Federal para buscar uma interven\u00e7\u00e3o do MEC no caso Galileo, que garanta os direitos dos professores, alunos e funcion\u00e1rios.<\/p>\n","protected":false},"author":1,"featured_media":0,"comment_status":"closed","ping_status":"open","sticky":false,"template":"","format":"standard","meta":{"footnotes":""},"categories":[1],"tags":[],"class_list":["post-20301","post","type-post","status-publish","format-standard","hentry","category-noticias"],"yoast_head":"<!-- This site is optimized with the Yoast SEO plugin v25.7 - https:\/\/yoast.com\/wordpress\/plugins\/seo\/ -->\n<title>Sinpro-Rio vai ao Minist\u00e9rio P\u00fablico Federal para garantir interven\u00e7\u00e3o do MEC - Sinpro-Rio<\/title>\n<meta name=\"robots\" content=\"index, follow, max-snippet:-1, max-image-preview:large, max-video-preview:-1\" \/>\n<link rel=\"canonical\" href=\"https:\/\/www.sinpro-rio.org.br\/principal\/sinpro-rio-vai-ao-ministerio-publico-federal-para-garantir-intervenc-o-do-mec\/\" \/>\n<meta property=\"og:locale\" content=\"pt_BR\" \/>\n<meta property=\"og:type\" content=\"article\" \/>\n<meta property=\"og:title\" content=\"Sinpro-Rio vai ao Minist\u00e9rio P\u00fablico Federal para garantir interven\u00e7\u00e3o do MEC - Sinpro-Rio\" \/>\n<meta property=\"og:description\" content=\"13\/01\/2014 O presidente do Sinpro-Rio, professor Wanderley Qu\u00eado, est\u00e1 neste momento junto ao deputado Robson Leite (PT), no Minist\u00e9rio P\u00fablico Federal para buscar uma interven\u00e7\u00e3o do MEC no caso Galileo, que garanta os direitos dos professores, alunos e funcion\u00e1rios.\" \/>\n<meta property=\"og:url\" content=\"https:\/\/www.sinpro-rio.org.br\/principal\/sinpro-rio-vai-ao-ministerio-publico-federal-para-garantir-intervenc-o-do-mec\/\" \/>\n<meta property=\"og:site_name\" content=\"Sinpro-Rio\" \/>\n<meta property=\"article:published_time\" content=\"2014-01-13T00:00:00+00:00\" \/>\n<meta property=\"og:image\" content=\"http:\/\/www.sinprorio.pro.br\/site_antigo\/imagens\/noticia\/2014\/mp-13-01.jpg\" \/>\n<meta name=\"author\" content=\"rafaelrjp\" \/>\n<meta name=\"twitter:card\" content=\"summary_large_image\" \/>\n<meta name=\"twitter:label1\" content=\"Escrito por\" \/>\n\t<meta name=\"twitter:data1\" content=\"rafaelrjp\" \/>\n<script type=\"application\/ld+json\" class=\"yoast-schema-graph\">{\"@context\":\"https:\/\/schema.org\",\"@graph\":[{\"@type\":\"WebPage\",\"@id\":\"https:\/\/www.sinpro-rio.org.br\/principal\/sinpro-rio-vai-ao-ministerio-publico-federal-para-garantir-intervenc-o-do-mec\/\",\"url\":\"https:\/\/www.sinpro-rio.org.br\/principal\/sinpro-rio-vai-ao-ministerio-publico-federal-para-garantir-intervenc-o-do-mec\/\",\"name\":\"Sinpro-Rio vai ao Minist\u00e9rio P\u00fablico Federal para garantir interven\u00e7\u00e3o do MEC - Sinpro-Rio\",\"isPartOf\":{\"@id\":\"https:\/\/www.sinpro-rio.org.br\/principal\/#website\"},\"primaryImageOfPage\":{\"@id\":\"https:\/\/www.sinpro-rio.org.br\/principal\/sinpro-rio-vai-ao-ministerio-publico-federal-para-garantir-intervenc-o-do-mec\/#primaryimage\"},\"image\":{\"@id\":\"https:\/\/www.sinpro-rio.org.br\/principal\/sinpro-rio-vai-ao-ministerio-publico-federal-para-garantir-intervenc-o-do-mec\/#primaryimage\"},\"thumbnailUrl\":\"http:\/\/www.sinprorio.pro.br\/site_antigo\/imagens\/noticia\/2014\/mp-13-01.jpg\",\"datePublished\":\"2014-01-13T00:00:00+00:00\",\"author\":{\"@id\":\"https:\/\/www.sinpro-rio.org.br\/principal\/#\/schema\/person\/49feb585a2f57a31a6bd9f16f78e5be6\"},\"breadcrumb\":{\"@id\":\"https:\/\/www.sinpro-rio.org.br\/principal\/sinpro-rio-vai-ao-ministerio-publico-federal-para-garantir-intervenc-o-do-mec\/#breadcrumb\"},\"inLanguage\":\"pt-BR\",\"potentialAction\":[{\"@type\":\"ReadAction\",\"target\":[\"https:\/\/www.sinpro-rio.org.br\/principal\/sinpro-rio-vai-ao-ministerio-publico-federal-para-garantir-intervenc-o-do-mec\/\"]}]},{\"@type\":\"ImageObject\",\"inLanguage\":\"pt-BR\",\"@id\":\"https:\/\/www.sinpro-rio.org.br\/principal\/sinpro-rio-vai-ao-ministerio-publico-federal-para-garantir-intervenc-o-do-mec\/#primaryimage\",\"url\":\"http:\/\/www.sinprorio.pro.br\/site_antigo\/imagens\/noticia\/2014\/mp-13-01.jpg\",\"contentUrl\":\"http:\/\/www.sinprorio.pro.br\/site_antigo\/imagens\/noticia\/2014\/mp-13-01.jpg\"},{\"@type\":\"BreadcrumbList\",\"@id\":\"https:\/\/www.sinpro-rio.org.br\/principal\/sinpro-rio-vai-ao-ministerio-publico-federal-para-garantir-intervenc-o-do-mec\/#breadcrumb\",\"itemListElement\":[{\"@type\":\"ListItem\",\"position\":1,\"name\":\"In\u00edcio\",\"item\":\"https:\/\/www.sinpro-rio.org.br\/principal\/\"},{\"@type\":\"ListItem\",\"position\":2,\"name\":\"Sinpro-Rio vai ao Minist\u00e9rio P\u00fablico Federal para garantir interven\u00e7\u00e3o do MEC\"}]},{\"@type\":\"WebSite\",\"@id\":\"https:\/\/www.sinpro-rio.org.br\/principal\/#website\",\"url\":\"https:\/\/www.sinpro-rio.org.br\/principal\/\",\"name\":\"Sinpro-Rio\",\"description\":\"Sindicato dos Professores do Munic\u00edpio do Rio de Janeiro e Regi\u00e3o\",\"potentialAction\":[{\"@type\":\"SearchAction\",\"target\":{\"@type\":\"EntryPoint\",\"urlTemplate\":\"https:\/\/www.sinpro-rio.org.br\/principal\/?s={search_term_string}\"},\"query-input\":{\"@type\":\"PropertyValueSpecification\",\"valueRequired\":true,\"valueName\":\"search_term_string\"}}],\"inLanguage\":\"pt-BR\"},{\"@type\":\"Person\",\"@id\":\"https:\/\/www.sinpro-rio.org.br\/principal\/#\/schema\/person\/49feb585a2f57a31a6bd9f16f78e5be6\",\"name\":\"rafaelrjp\",\"image\":{\"@type\":\"ImageObject\",\"inLanguage\":\"pt-BR\",\"@id\":\"https:\/\/www.sinpro-rio.org.br\/principal\/#\/schema\/person\/image\/\",\"url\":\"https:\/\/secure.gravatar.com\/avatar\/489371a0ba4655c340b519882c68cf68?s=96&d=mm&r=g\",\"contentUrl\":\"https:\/\/secure.gravatar.com\/avatar\/489371a0ba4655c340b519882c68cf68?s=96&d=mm&r=g\",\"caption\":\"rafaelrjp\"},\"url\":\"https:\/\/www.sinpro-rio.org.br\/principal\/author\/rafaelrjp\/\"}]}<\/script>\n<!-- \/ Yoast SEO plugin. -->","yoast_head_json":{"title":"Sinpro-Rio vai ao Minist\u00e9rio P\u00fablico Federal para garantir interven\u00e7\u00e3o do MEC - Sinpro-Rio","robots":{"index":"index","follow":"follow","max-snippet":"max-snippet:-1","max-image-preview":"max-image-preview:large","max-video-preview":"max-video-preview:-1"},"canonical":"https:\/\/www.sinpro-rio.org.br\/principal\/sinpro-rio-vai-ao-ministerio-publico-federal-para-garantir-intervenc-o-do-mec\/","og_locale":"pt_BR","og_type":"article","og_title":"Sinpro-Rio vai ao Minist\u00e9rio P\u00fablico Federal para garantir interven\u00e7\u00e3o do MEC - Sinpro-Rio","og_description":"13\/01\/2014 O presidente do Sinpro-Rio, professor Wanderley Qu\u00eado, est\u00e1 neste momento junto ao deputado Robson Leite (PT), no Minist\u00e9rio P\u00fablico Federal para buscar uma interven\u00e7\u00e3o do MEC no caso Galileo, que garanta os direitos dos professores, alunos e funcion\u00e1rios.","og_url":"https:\/\/www.sinpro-rio.org.br\/principal\/sinpro-rio-vai-ao-ministerio-publico-federal-para-garantir-intervenc-o-do-mec\/","og_site_name":"Sinpro-Rio","article_published_time":"2014-01-13T00:00:00+00:00","og_image":[{"url":"http:\/\/www.sinprorio.pro.br\/site_antigo\/imagens\/noticia\/2014\/mp-13-01.jpg","type":"","width":"","height":""}],"author":"rafaelrjp","twitter_card":"summary_large_image","twitter_misc":{"Escrito por":"rafaelrjp"},"schema":{"@context":"https:\/\/schema.org","@graph":[{"@type":"WebPage","@id":"https:\/\/www.sinpro-rio.org.br\/principal\/sinpro-rio-vai-ao-ministerio-publico-federal-para-garantir-intervenc-o-do-mec\/","url":"https:\/\/www.sinpro-rio.org.br\/principal\/sinpro-rio-vai-ao-ministerio-publico-federal-para-garantir-intervenc-o-do-mec\/","name":"Sinpro-Rio vai ao Minist\u00e9rio P\u00fablico Federal para garantir interven\u00e7\u00e3o do MEC - Sinpro-Rio","isPartOf":{"@id":"https:\/\/www.sinpro-rio.org.br\/principal\/#website"},"primaryImageOfPage":{"@id":"https:\/\/www.sinpro-rio.org.br\/principal\/sinpro-rio-vai-ao-ministerio-publico-federal-para-garantir-intervenc-o-do-mec\/#primaryimage"},"image":{"@id":"https:\/\/www.sinpro-rio.org.br\/principal\/sinpro-rio-vai-ao-ministerio-publico-federal-para-garantir-intervenc-o-do-mec\/#primaryimage"},"thumbnailUrl":"http:\/\/www.sinprorio.pro.br\/site_antigo\/imagens\/noticia\/2014\/mp-13-01.jpg","datePublished":"2014-01-13T00:00:00+00:00","author":{"@id":"https:\/\/www.sinpro-rio.org.br\/principal\/#\/schema\/person\/49feb585a2f57a31a6bd9f16f78e5be6"},"breadcrumb":{"@id":"https:\/\/www.sinpro-rio.org.br\/principal\/sinpro-rio-vai-ao-ministerio-publico-federal-para-garantir-intervenc-o-do-mec\/#breadcrumb"},"inLanguage":"pt-BR","potentialAction":[{"@type":"ReadAction","target":["https:\/\/www.sinpro-rio.org.br\/principal\/sinpro-rio-vai-ao-ministerio-publico-federal-para-garantir-intervenc-o-do-mec\/"]}]},{"@type":"ImageObject","inLanguage":"pt-BR","@id":"https:\/\/www.sinpro-rio.org.br\/principal\/sinpro-rio-vai-ao-ministerio-publico-federal-para-garantir-intervenc-o-do-mec\/#primaryimage","url":"http:\/\/www.sinprorio.pro.br\/site_antigo\/imagens\/noticia\/2014\/mp-13-01.jpg","contentUrl":"http:\/\/www.sinprorio.pro.br\/site_antigo\/imagens\/noticia\/2014\/mp-13-01.jpg"},{"@type":"BreadcrumbList","@id":"https:\/\/www.sinpro-rio.org.br\/principal\/sinpro-rio-vai-ao-ministerio-publico-federal-para-garantir-intervenc-o-do-mec\/#breadcrumb","itemListElement":[{"@type":"ListItem","position":1,"name":"In\u00edcio","item":"https:\/\/www.sinpro-rio.org.br\/principal\/"},{"@type":"ListItem","position":2,"name":"Sinpro-Rio vai ao Minist\u00e9rio P\u00fablico Federal para garantir interven\u00e7\u00e3o do MEC"}]},{"@type":"WebSite","@id":"https:\/\/www.sinpro-rio.org.br\/principal\/#website","url":"https:\/\/www.sinpro-rio.org.br\/principal\/","name":"Sinpro-Rio","description":"Sindicato dos Professores do Munic\u00edpio do Rio de Janeiro e Regi\u00e3o","potentialAction":[{"@type":"SearchAction","target":{"@type":"EntryPoint","urlTemplate":"https:\/\/www.sinpro-rio.org.br\/principal\/?s={search_term_string}"},"query-input":{"@type":"PropertyValueSpecification","valueRequired":true,"valueName":"search_term_string"}}],"inLanguage":"pt-BR"},{"@type":"Person","@id":"https:\/\/www.sinpro-rio.org.br\/principal\/#\/schema\/person\/49feb585a2f57a31a6bd9f16f78e5be6","name":"rafaelrjp","image":{"@type":"ImageObject","inLanguage":"pt-BR","@id":"https:\/\/www.sinpro-rio.org.br\/principal\/#\/schema\/person\/image\/","url":"https:\/\/secure.gravatar.com\/avatar\/489371a0ba4655c340b519882c68cf68?s=96&d=mm&r=g","contentUrl":"https:\/\/secure.gravatar.com\/avatar\/489371a0ba4655c340b519882c68cf68?s=96&d=mm&r=g","caption":"rafaelrjp"},"url":"https:\/\/www.sinpro-rio.org.br\/principal\/author\/rafaelrjp\/"}]}},"_links":{"self":[{"href":"https:\/\/www.sinpro-rio.org.br\/principal\/wp-json\/wp\/v2\/posts\/20301","targetHints":{"allow":["GET"]}}],"collection":[{"href":"https:\/\/www.sinpro-rio.org.br\/principal\/wp-json\/wp\/v2\/posts"}],"about":[{"href":"https:\/\/www.sinpro-rio.org.br\/principal\/wp-json\/wp\/v2\/types\/post"}],"author":[{"embeddable":true,"href":"https:\/\/www.sinpro-rio.org.br\/principal\/wp-json\/wp\/v2\/users\/1"}],"replies":[{"embeddable":true,"href":"https:\/\/www.sinpro-rio.org.br\/principal\/wp-json\/wp\/v2\/comments?post=20301"}],"version-history":[{"count":0,"href":"https:\/\/www.sinpro-rio.org.br\/principal\/wp-json\/wp\/v2\/posts\/20301\/revisions"}],"wp:attachment":[{"href":"https:\/\/www.sinpro-rio.org.br\/principal\/wp-json\/wp\/v2\/media?parent=20301"}],"wp:term":[{"taxonomy":"category","embeddable":true,"href":"https:\/\/www.sinpro-rio.org.br\/principal\/wp-json\/wp\/v2\/categories?post=20301"},{"taxonomy":"post_tag","embeddable":true,"href":"https:\/\/www.sinpro-rio.org.br\/principal\/wp-json\/wp\/v2\/tags?post=20301"}],"curies":[{"name":"wp","href":"https:\/\/api.w.org\/{rel}","templated":true}]}}