{"id":20299,"date":"2014-01-14T00:00:00","date_gmt":"2014-01-14T00:00:00","guid":{"rendered":""},"modified":"-0001-11-30T00:00:00","modified_gmt":"-0001-11-30T03:00:00","slug":"sinpro-rio-exige-responsabilidade-do-mec-frente-ao-caso-galileo","status":"publish","type":"post","link":"https:\/\/www.sinpro-rio.org.br\/principal\/sinpro-rio-exige-responsabilidade-do-mec-frente-ao-caso-galileo\/","title":{"rendered":"Sinpro-Rio exige responsabilidade do MEC frente ao caso Galileo"},"content":{"rendered":"\n<p>\n <em><br \/>\n  14\/01\/2014<br \/>\n <\/em>\n<\/p>\n<p>\n Comunicamos \u00e0 categoria que o Sinpro-Rio, diante da atual medida do Minist\u00e9rio da Educa\u00e7\u00e3o (MEC) de descredenciamento da Universidade Gama Filho (UGF) e do Centro Universit\u00e1rio da Cidade (UniverCidade), vem, h\u00e1 mais de dois anos, atuando com os docentes, discentes e demais trabalhadores(as), junto ao Minist\u00e9rio P\u00fablico Federal, Justi\u00e7a Federal, Alerj, MEC, entre outros, apresentando den\u00fancias, encaminhando documentos e representando os(as) trabalhadores(as) em todas as inst\u00e2ncias competentes.<\/p>\n<p>\n  Neste momento, consideramos que o Minist\u00e9rio da Educa\u00e7\u00e3o tem uma responsabilidade grande diante dos mais de dois mil trabalhadores em Educa\u00e7\u00e3o, al\u00e9m dos estudantes, das duas IES. O Sinpro-Rio, mais uma vez, est\u00e1 tomando todas as medidas cab\u00edveis para garantir os direitos dos professores e das professoras da Gama Filho e UniverCidade.<\/p>\n<p>\n   Acompanhe novas not\u00edcias pelo portal e redes sociais do Sinpro-Rio: www.sinpro-rio.org.br<\/p>\n<p>\n    Veja<br \/>\n    <a href=\"http:\/\/pesquisa.in.gov.br\/imprensa\/jsp\/visualiza\/index.jsp?data=14\/01\/2014&amp;jornal=1&amp;pagina=20&amp;totalArquivos=120\"><br \/>\n     aqui<br \/>\n    <\/a><br \/>\n    o Despacho do MEC, publicado no Di\u00e1rio Oficial da Uni\u00e3o de 14 de janeiro de 2014.<\/p>\n<p>\n     <b><br \/>\n      A Diretoria<br \/>\n     <\/b>\n    <\/p>\n<\/p>\n<\/p>\n<p>\n Neste momento, consideramos que o Minist\u00e9rio da Educa\u00e7\u00e3o tem uma responsabilidade grande diante dos mais de dois mil trabalhadores em Educa\u00e7\u00e3o, al\u00e9m dos estudantes, das duas IES. O Sinpro-Rio, mais uma vez, est\u00e1 tomando todas as medidas cab\u00edveis para garantir os direitos dos professores e das professoras da Gama Filho e UniverCidade.<\/p>\n<p>\n  Acompanhe novas not\u00edcias pelo portal e redes sociais do Sinpro-Rio: www.sinpro-rio.org.br<\/p>\n<p>\n   Veja<br \/>\n   <a href=\"http:\/\/pesquisa.in.gov.br\/imprensa\/jsp\/visualiza\/index.jsp?data=14\/01\/2014&amp;jornal=1&amp;pagina=20&amp;totalArquivos=120\"><br \/>\n    aqui<br \/>\n   <\/a><br \/>\n   o Despacho do MEC, publicado no Di\u00e1rio Oficial da Uni\u00e3o de 14 de janeiro de 2014.<\/p>\n<p>\n    <b><br \/>\n     A Diretoria<br \/>\n    <\/b>\n   <\/p>\n<\/p>\n<\/p>\n<p>\n Acompanhe novas not\u00edcias pelo portal e redes sociais do Sinpro-Rio: www.sinpro-rio.org.br<\/p>\n<p>\n  Veja<br \/>\n  <a href=\"http:\/\/pesquisa.in.gov.br\/imprensa\/jsp\/visualiza\/index.jsp?data=14\/01\/2014&amp;jornal=1&amp;pagina=20&amp;totalArquivos=120\"><br \/>\n   aqui<br \/>\n  <\/a><br \/>\n  o Despacho do MEC, publicado no Di\u00e1rio Oficial da Uni\u00e3o de 14 de janeiro de 2014.<\/p>\n<p>\n   <b><br \/>\n    A Diretoria<br \/>\n   <\/b>\n  <\/p>\n<\/p>\n<p>\n Veja<br \/>\n <a href=\"http:\/\/pesquisa.in.gov.br\/imprensa\/jsp\/visualiza\/index.jsp?data=14\/01\/2014&amp;jornal=1&amp;pagina=20&amp;totalArquivos=120\"><br \/>\n  aqui<br \/>\n <\/a><br \/>\n o Despacho do MEC, publicado no Di\u00e1rio Oficial da Uni\u00e3o de 14 de janeiro de 2014.<\/p>\n<p>\n  <b><br \/>\n   A Diretoria<br \/>\n  <\/b>\n <\/p>\n<\/p>\n<p>\n <b><br \/>\n  A Diretoria<br \/>\n <\/b><\/p>\n","protected":false},"excerpt":{"rendered":"<p>14\/01\/2014 Comunicamos \u00e0 categoria que o Sinpro-Rio, diante da atual medida do Minist\u00e9rio da Educa\u00e7\u00e3o (MEC) de descredenciamento da Universidade Gama Filho (UGF) e do Centro Universit\u00e1rio da Cidade (UniverCidade), vem, h\u00e1 mais de dois anos, atuando com os docentes, discentes e demais trabalhadores(as), junto ao Minist\u00e9rio P\u00fablico Federal, Justi\u00e7a Federal, Alerj, MEC, entre outros, [&hellip;]<\/p>\n","protected":false},"author":1,"featured_media":0,"comment_status":"closed","ping_status":"open","sticky":false,"template":"","format":"standard","meta":{"footnotes":""},"categories":[1],"tags":[],"class_list":["post-20299","post","type-post","status-publish","format-standard","hentry","category-noticias"],"yoast_head":"<!-- This site is optimized with the Yoast SEO plugin v25.7 - https:\/\/yoast.com\/wordpress\/plugins\/seo\/ -->\n<title>Sinpro-Rio exige responsabilidade do MEC frente ao caso Galileo - Sinpro-Rio<\/title>\n<meta name=\"robots\" content=\"index, follow, max-snippet:-1, max-image-preview:large, max-video-preview:-1\" \/>\n<link rel=\"canonical\" href=\"https:\/\/www.sinpro-rio.org.br\/principal\/sinpro-rio-exige-responsabilidade-do-mec-frente-ao-caso-galileo\/\" \/>\n<meta property=\"og:locale\" content=\"pt_BR\" \/>\n<meta property=\"og:type\" content=\"article\" \/>\n<meta property=\"og:title\" content=\"Sinpro-Rio exige responsabilidade do MEC frente ao caso Galileo - Sinpro-Rio\" \/>\n<meta property=\"og:description\" content=\"14\/01\/2014 Comunicamos \u00e0 categoria que o Sinpro-Rio, diante da atual medida do Minist\u00e9rio da Educa\u00e7\u00e3o (MEC) de descredenciamento da Universidade Gama Filho (UGF) e do Centro Universit\u00e1rio da Cidade (UniverCidade), vem, h\u00e1 mais de dois anos, atuando com os docentes, discentes e demais trabalhadores(as), junto ao Minist\u00e9rio P\u00fablico Federal, Justi\u00e7a Federal, Alerj, MEC, entre outros, [&hellip;]\" \/>\n<meta property=\"og:url\" content=\"https:\/\/www.sinpro-rio.org.br\/principal\/sinpro-rio-exige-responsabilidade-do-mec-frente-ao-caso-galileo\/\" \/>\n<meta property=\"og:site_name\" content=\"Sinpro-Rio\" \/>\n<meta property=\"article:published_time\" content=\"2014-01-14T00:00:00+00:00\" \/>\n<meta name=\"author\" content=\"rafaelrjp\" \/>\n<meta name=\"twitter:card\" content=\"summary_large_image\" \/>\n<meta name=\"twitter:label1\" content=\"Escrito por\" \/>\n\t<meta name=\"twitter:data1\" content=\"rafaelrjp\" \/>\n\t<meta name=\"twitter:label2\" content=\"Est. tempo de leitura\" \/>\n\t<meta name=\"twitter:data2\" content=\"2 minutos\" \/>\n<script type=\"application\/ld+json\" class=\"yoast-schema-graph\">{\"@context\":\"https:\/\/schema.org\",\"@graph\":[{\"@type\":\"WebPage\",\"@id\":\"https:\/\/www.sinpro-rio.org.br\/principal\/sinpro-rio-exige-responsabilidade-do-mec-frente-ao-caso-galileo\/\",\"url\":\"https:\/\/www.sinpro-rio.org.br\/principal\/sinpro-rio-exige-responsabilidade-do-mec-frente-ao-caso-galileo\/\",\"name\":\"Sinpro-Rio exige responsabilidade do MEC frente ao caso Galileo - Sinpro-Rio\",\"isPartOf\":{\"@id\":\"https:\/\/www.sinpro-rio.org.br\/principal\/#website\"},\"datePublished\":\"2014-01-14T00:00:00+00:00\",\"author\":{\"@id\":\"https:\/\/www.sinpro-rio.org.br\/principal\/#\/schema\/person\/49feb585a2f57a31a6bd9f16f78e5be6\"},\"breadcrumb\":{\"@id\":\"https:\/\/www.sinpro-rio.org.br\/principal\/sinpro-rio-exige-responsabilidade-do-mec-frente-ao-caso-galileo\/#breadcrumb\"},\"inLanguage\":\"pt-BR\",\"potentialAction\":[{\"@type\":\"ReadAction\",\"target\":[\"https:\/\/www.sinpro-rio.org.br\/principal\/sinpro-rio-exige-responsabilidade-do-mec-frente-ao-caso-galileo\/\"]}]},{\"@type\":\"BreadcrumbList\",\"@id\":\"https:\/\/www.sinpro-rio.org.br\/principal\/sinpro-rio-exige-responsabilidade-do-mec-frente-ao-caso-galileo\/#breadcrumb\",\"itemListElement\":[{\"@type\":\"ListItem\",\"position\":1,\"name\":\"In\u00edcio\",\"item\":\"https:\/\/www.sinpro-rio.org.br\/principal\/\"},{\"@type\":\"ListItem\",\"position\":2,\"name\":\"Sinpro-Rio exige responsabilidade do MEC frente ao caso Galileo\"}]},{\"@type\":\"WebSite\",\"@id\":\"https:\/\/www.sinpro-rio.org.br\/principal\/#website\",\"url\":\"https:\/\/www.sinpro-rio.org.br\/principal\/\",\"name\":\"Sinpro-Rio\",\"description\":\"Sindicato dos Professores do Munic\u00edpio do Rio de Janeiro e Regi\u00e3o\",\"potentialAction\":[{\"@type\":\"SearchAction\",\"target\":{\"@type\":\"EntryPoint\",\"urlTemplate\":\"https:\/\/www.sinpro-rio.org.br\/principal\/?s={search_term_string}\"},\"query-input\":{\"@type\":\"PropertyValueSpecification\",\"valueRequired\":true,\"valueName\":\"search_term_string\"}}],\"inLanguage\":\"pt-BR\"},{\"@type\":\"Person\",\"@id\":\"https:\/\/www.sinpro-rio.org.br\/principal\/#\/schema\/person\/49feb585a2f57a31a6bd9f16f78e5be6\",\"name\":\"rafaelrjp\",\"image\":{\"@type\":\"ImageObject\",\"inLanguage\":\"pt-BR\",\"@id\":\"https:\/\/www.sinpro-rio.org.br\/principal\/#\/schema\/person\/image\/\",\"url\":\"https:\/\/secure.gravatar.com\/avatar\/489371a0ba4655c340b519882c68cf68?s=96&d=mm&r=g\",\"contentUrl\":\"https:\/\/secure.gravatar.com\/avatar\/489371a0ba4655c340b519882c68cf68?s=96&d=mm&r=g\",\"caption\":\"rafaelrjp\"},\"url\":\"https:\/\/www.sinpro-rio.org.br\/principal\/author\/rafaelrjp\/\"}]}<\/script>\n<!-- \/ Yoast SEO plugin. -->","yoast_head_json":{"title":"Sinpro-Rio exige responsabilidade do MEC frente ao caso Galileo - Sinpro-Rio","robots":{"index":"index","follow":"follow","max-snippet":"max-snippet:-1","max-image-preview":"max-image-preview:large","max-video-preview":"max-video-preview:-1"},"canonical":"https:\/\/www.sinpro-rio.org.br\/principal\/sinpro-rio-exige-responsabilidade-do-mec-frente-ao-caso-galileo\/","og_locale":"pt_BR","og_type":"article","og_title":"Sinpro-Rio exige responsabilidade do MEC frente ao caso Galileo - Sinpro-Rio","og_description":"14\/01\/2014 Comunicamos \u00e0 categoria que o Sinpro-Rio, diante da atual medida do Minist\u00e9rio da Educa\u00e7\u00e3o (MEC) de descredenciamento da Universidade Gama Filho (UGF) e do Centro Universit\u00e1rio da Cidade (UniverCidade), vem, h\u00e1 mais de dois anos, atuando com os docentes, discentes e demais trabalhadores(as), junto ao Minist\u00e9rio P\u00fablico Federal, Justi\u00e7a Federal, Alerj, MEC, entre outros, [&hellip;]","og_url":"https:\/\/www.sinpro-rio.org.br\/principal\/sinpro-rio-exige-responsabilidade-do-mec-frente-ao-caso-galileo\/","og_site_name":"Sinpro-Rio","article_published_time":"2014-01-14T00:00:00+00:00","author":"rafaelrjp","twitter_card":"summary_large_image","twitter_misc":{"Escrito por":"rafaelrjp","Est. tempo de leitura":"2 minutos"},"schema":{"@context":"https:\/\/schema.org","@graph":[{"@type":"WebPage","@id":"https:\/\/www.sinpro-rio.org.br\/principal\/sinpro-rio-exige-responsabilidade-do-mec-frente-ao-caso-galileo\/","url":"https:\/\/www.sinpro-rio.org.br\/principal\/sinpro-rio-exige-responsabilidade-do-mec-frente-ao-caso-galileo\/","name":"Sinpro-Rio exige responsabilidade do MEC frente ao caso Galileo - Sinpro-Rio","isPartOf":{"@id":"https:\/\/www.sinpro-rio.org.br\/principal\/#website"},"datePublished":"2014-01-14T00:00:00+00:00","author":{"@id":"https:\/\/www.sinpro-rio.org.br\/principal\/#\/schema\/person\/49feb585a2f57a31a6bd9f16f78e5be6"},"breadcrumb":{"@id":"https:\/\/www.sinpro-rio.org.br\/principal\/sinpro-rio-exige-responsabilidade-do-mec-frente-ao-caso-galileo\/#breadcrumb"},"inLanguage":"pt-BR","potentialAction":[{"@type":"ReadAction","target":["https:\/\/www.sinpro-rio.org.br\/principal\/sinpro-rio-exige-responsabilidade-do-mec-frente-ao-caso-galileo\/"]}]},{"@type":"BreadcrumbList","@id":"https:\/\/www.sinpro-rio.org.br\/principal\/sinpro-rio-exige-responsabilidade-do-mec-frente-ao-caso-galileo\/#breadcrumb","itemListElement":[{"@type":"ListItem","position":1,"name":"In\u00edcio","item":"https:\/\/www.sinpro-rio.org.br\/principal\/"},{"@type":"ListItem","position":2,"name":"Sinpro-Rio exige responsabilidade do MEC frente ao caso Galileo"}]},{"@type":"WebSite","@id":"https:\/\/www.sinpro-rio.org.br\/principal\/#website","url":"https:\/\/www.sinpro-rio.org.br\/principal\/","name":"Sinpro-Rio","description":"Sindicato dos Professores do Munic\u00edpio do Rio de Janeiro e Regi\u00e3o","potentialAction":[{"@type":"SearchAction","target":{"@type":"EntryPoint","urlTemplate":"https:\/\/www.sinpro-rio.org.br\/principal\/?s={search_term_string}"},"query-input":{"@type":"PropertyValueSpecification","valueRequired":true,"valueName":"search_term_string"}}],"inLanguage":"pt-BR"},{"@type":"Person","@id":"https:\/\/www.sinpro-rio.org.br\/principal\/#\/schema\/person\/49feb585a2f57a31a6bd9f16f78e5be6","name":"rafaelrjp","image":{"@type":"ImageObject","inLanguage":"pt-BR","@id":"https:\/\/www.sinpro-rio.org.br\/principal\/#\/schema\/person\/image\/","url":"https:\/\/secure.gravatar.com\/avatar\/489371a0ba4655c340b519882c68cf68?s=96&d=mm&r=g","contentUrl":"https:\/\/secure.gravatar.com\/avatar\/489371a0ba4655c340b519882c68cf68?s=96&d=mm&r=g","caption":"rafaelrjp"},"url":"https:\/\/www.sinpro-rio.org.br\/principal\/author\/rafaelrjp\/"}]}},"_links":{"self":[{"href":"https:\/\/www.sinpro-rio.org.br\/principal\/wp-json\/wp\/v2\/posts\/20299","targetHints":{"allow":["GET"]}}],"collection":[{"href":"https:\/\/www.sinpro-rio.org.br\/principal\/wp-json\/wp\/v2\/posts"}],"about":[{"href":"https:\/\/www.sinpro-rio.org.br\/principal\/wp-json\/wp\/v2\/types\/post"}],"author":[{"embeddable":true,"href":"https:\/\/www.sinpro-rio.org.br\/principal\/wp-json\/wp\/v2\/users\/1"}],"replies":[{"embeddable":true,"href":"https:\/\/www.sinpro-rio.org.br\/principal\/wp-json\/wp\/v2\/comments?post=20299"}],"version-history":[{"count":0,"href":"https:\/\/www.sinpro-rio.org.br\/principal\/wp-json\/wp\/v2\/posts\/20299\/revisions"}],"wp:attachment":[{"href":"https:\/\/www.sinpro-rio.org.br\/principal\/wp-json\/wp\/v2\/media?parent=20299"}],"wp:term":[{"taxonomy":"category","embeddable":true,"href":"https:\/\/www.sinpro-rio.org.br\/principal\/wp-json\/wp\/v2\/categories?post=20299"},{"taxonomy":"post_tag","embeddable":true,"href":"https:\/\/www.sinpro-rio.org.br\/principal\/wp-json\/wp\/v2\/tags?post=20299"}],"curies":[{"name":"wp","href":"https:\/\/api.w.org\/{rel}","templated":true}]}}