{"id":20296,"date":"2014-01-15T00:00:00","date_gmt":"2014-01-15T00:00:00","guid":{"rendered":""},"modified":"-0001-11-30T00:00:00","modified_gmt":"-0001-11-30T03:00:00","slug":"gama-filho-reuni-o-em-brasilia-hoje-15-01-manutenc-o-da-mobilizac-o-e-nova-assembleia-dia-21-01-as-17h30","status":"publish","type":"post","link":"https:\/\/www.sinpro-rio.org.br\/principal\/gama-filho-reuni-o-em-brasilia-hoje-15-01-manutenc-o-da-mobilizac-o-e-nova-assembleia-dia-21-01-as-17h30\/","title":{"rendered":"Gama Filho: reuni\u00e3o em Bras\u00edlia hoje (15\/01), manuten\u00e7\u00e3o da mobiliza\u00e7\u00e3o e  nova assembleia dia 21\/01, \u00e0s 17h30"},"content":{"rendered":"\n<p>\n <em><br \/>\n  15\/01\/2014<br \/>\n <\/em>\n<\/p>\n<p class=\"imgleft pic\">\n <img decoding=\"async\" align=\"right\" alt=\"foto\" src=\"http:\/\/www.sinprorio.pro.br\/site_antigo\/imagens\/noticia\/2014\/ugf.jpg\" width=\"300\"\/><\/p>\n<p>\n  Os professores da Universidade Gama Filho, reunidos em assembleia no in\u00edcio da noite de ontem (14\/01), deliberaram por:\n <\/p>\n<p>\n  1. Todas as medidas judiciais que apoiem a anula\u00e7\u00e3o do descredenciamento dever\u00e3o ser tomadas pela ADGF;<br \/>\n  <br \/>\n  2. Todas as a\u00e7\u00f5es para a informa\u00e7\u00e3o da sociedade carioca e nacional sobre o descalabro da decis\u00e3o do MEC, dever\u00e3o ter continuidade;<br \/>\n  <br \/>\n  3. Fica rejeitada a proposta da Galileo Educacional, por ser indigna, n\u00e3o demonstrar nenhuma boa f\u00e9, bem como indicar um plano danoso de demiss\u00f5es sem verbas, como eles t\u00eam feito, e novas rondas de atrasos salariais, sem investimentos em infra-estrutura, deixando tudo piorar ainda mais;<br \/>\n  <br \/>\n  4. Ficam aprovadas todas as mo\u00e7\u00f5es, atos, iniciativas siteistrativas no MEC e a\u00e7\u00f5es judiciais, que revoguem a manten\u00e7a da Galileo Educacional: Fora Galileo!<br \/>\n  <br \/>\n  5. Fica aprovada participa\u00e7\u00e3o em ato p\u00fablico junto ao MPF no Rio de Janeiro, apoiando a iniciativa do deputado Robson Leite e do presidente do Sinpro-Rio, Wanderley Qu\u00eado, em obter da justi\u00e7a federal a anula\u00e7\u00e3o do descredenciamento e a interven\u00e7\u00e3o do MEC;<br \/>\n  <br \/>\n  6. Fica aprovada a cont\u00ednua press\u00e3o ao MEC para que identifique alternativas ao descredenciamento, dentro das dispon\u00edveis na atual legisla\u00e7\u00e3o, ou criando novas possibilidades, quais sejam, interven\u00e7\u00e3o, revoga\u00e7\u00e3o da manten\u00e7\u00e3o, com mantenedor anterior ou abertura de licita\u00e7\u00e3o p\u00fablica para novo mantenedor, ou, como nos sugerem as pessoas que entendem de educa\u00e7\u00e3o, a saber, os reitores e o diretor do Cefet, a federaliza\u00e7\u00e3o.<br \/>\n  <br \/>\n  7. A nova assembleia dos docentes da UGF est\u00e1 marcada para quarta-feira, 21 de janeiro, no audit\u00f3rio do 2\u00ba andar do Sinpro-Rio, 18h;<br \/>\n  <br \/>\n  8. Fica aprovado ato p\u00fablico em defesa das IES, Centro Universit\u00e1rio da Cidade e Universidade Gama Filho, na ABI (a confirmar), dia 24 de janeiro.\n <\/p>\n<p>\n  Ap\u00f3s o fim da assembleia, todos seguiram para a manifesta\u00e7\u00e3o dos alunos, que acontecia na Av. Presidente Vargas.\n <\/p>\n<p>\n  Representantes do Sinpro-Rio ter\u00e3o uma reuni\u00e3o com o MEC hoje (15\/01), \u00e0s 14h, em Bras\u00edlia, em que ir\u00e3o tentar reverter o descredenciamento e cobrar o que ser\u00e1 feito com os professores e funcion\u00e1rios do grupo Galileo.\n <\/p>\n<\/p>\n<p>\n Os professores da Universidade Gama Filho, reunidos em assembleia no in\u00edcio da noite de ontem (14\/01), deliberaram por:\n<\/p>\n<p>\n 1. Todas as medidas judiciais que apoiem a anula\u00e7\u00e3o do descredenciamento dever\u00e3o ser tomadas pela ADGF;<br \/>\n <br \/>\n 2. Todas as a\u00e7\u00f5es para a informa\u00e7\u00e3o da sociedade carioca e nacional sobre o descalabro da decis\u00e3o do MEC, dever\u00e3o ter continuidade;<br \/>\n <br \/>\n 3. Fica rejeitada a proposta da Galileo Educacional, por ser indigna, n\u00e3o demonstrar nenhuma boa f\u00e9, bem como indicar um plano danoso de demiss\u00f5es sem verbas, como eles t\u00eam feito, e novas rondas de atrasos salariais, sem investimentos em infra-estrutura, deixando tudo piorar ainda mais;<br \/>\n <br \/>\n 4. Ficam aprovadas todas as mo\u00e7\u00f5es, atos, iniciativas siteistrativas no MEC e a\u00e7\u00f5es judiciais, que revoguem a manten\u00e7a da Galileo Educacional: Fora Galileo!<br \/>\n <br \/>\n 5. Fica aprovada participa\u00e7\u00e3o em ato p\u00fablico junto ao MPF no Rio de Janeiro, apoiando a iniciativa do deputado Robson Leite e do presidente do Sinpro-Rio, Wanderley Qu\u00eado, em obter da justi\u00e7a federal a anula\u00e7\u00e3o do descredenciamento e a interven\u00e7\u00e3o do MEC;<br \/>\n <br \/>\n 6. Fica aprovada a cont\u00ednua press\u00e3o ao MEC para que identifique alternativas ao descredenciamento, dentro das dispon\u00edveis na atual legisla\u00e7\u00e3o, ou criando novas possibilidades, quais sejam, interven\u00e7\u00e3o, revoga\u00e7\u00e3o da manten\u00e7\u00e3o, com mantenedor anterior ou abertura de licita\u00e7\u00e3o p\u00fablica para novo mantenedor, ou, como nos sugerem as pessoas que entendem de educa\u00e7\u00e3o, a saber, os reitores e o diretor do Cefet, a federaliza\u00e7\u00e3o.<br \/>\n <br \/>\n 7. A nova assembleia dos docentes da UGF est\u00e1 marcada para quarta-feira, 21 de janeiro, no audit\u00f3rio do 2\u00ba andar do Sinpro-Rio, 18h;<br \/>\n <br \/>\n 8. Fica aprovado ato p\u00fablico em defesa das IES, Centro Universit\u00e1rio da Cidade e Universidade Gama Filho, na ABI (a confirmar), dia 24 de janeiro.\n<\/p>\n<p>\n Ap\u00f3s o fim da assembleia, todos seguiram para a manifesta\u00e7\u00e3o dos alunos, que acontecia na Av. Presidente Vargas.\n<\/p>\n<p>\n Representantes do Sinpro-Rio ter\u00e3o uma reuni\u00e3o com o MEC hoje (15\/01), \u00e0s 14h, em Bras\u00edlia, em que ir\u00e3o tentar reverter o descredenciamento e cobrar o que ser\u00e1 feito com os professores e funcion\u00e1rios do grupo Galileo.<\/p>\n","protected":false},"excerpt":{"rendered":"<p>15\/01\/2014 Os professores da Universidade Gama Filho, reunidos em assembleia no in\u00edcio da noite de ontem (14\/01), deliberaram por: 1. Todas as medidas judiciais que apoiem a anula\u00e7\u00e3o do descredenciamento dever\u00e3o ser tomadas pela ADGF; 2. Todas as a\u00e7\u00f5es para a informa\u00e7\u00e3o da sociedade carioca e nacional sobre o descalabro da decis\u00e3o do MEC, dever\u00e3o [&hellip;]<\/p>\n","protected":false},"author":1,"featured_media":0,"comment_status":"closed","ping_status":"open","sticky":false,"template":"","format":"standard","meta":{"footnotes":""},"categories":[1],"tags":[],"class_list":["post-20296","post","type-post","status-publish","format-standard","hentry","category-noticias"],"yoast_head":"<!-- This site is optimized with the Yoast SEO plugin v25.7 - https:\/\/yoast.com\/wordpress\/plugins\/seo\/ -->\n<title>Gama Filho: reuni\u00e3o em Bras\u00edlia hoje (15\/01), manuten\u00e7\u00e3o da mobiliza\u00e7\u00e3o e nova assembleia dia 21\/01, \u00e0s 17h30 - Sinpro-Rio<\/title>\n<meta name=\"robots\" content=\"index, follow, max-snippet:-1, max-image-preview:large, max-video-preview:-1\" \/>\n<link rel=\"canonical\" href=\"https:\/\/www.sinpro-rio.org.br\/principal\/gama-filho-reuni-o-em-brasilia-hoje-15-01-manutenc-o-da-mobilizac-o-e-nova-assembleia-dia-21-01-as-17h30\/\" \/>\n<meta property=\"og:locale\" content=\"pt_BR\" \/>\n<meta property=\"og:type\" content=\"article\" \/>\n<meta property=\"og:title\" content=\"Gama Filho: reuni\u00e3o em Bras\u00edlia hoje (15\/01), manuten\u00e7\u00e3o da mobiliza\u00e7\u00e3o e nova assembleia dia 21\/01, \u00e0s 17h30 - Sinpro-Rio\" \/>\n<meta property=\"og:description\" content=\"15\/01\/2014 Os professores da Universidade Gama Filho, reunidos em assembleia no in\u00edcio da noite de ontem (14\/01), deliberaram por: 1. Todas as medidas judiciais que apoiem a anula\u00e7\u00e3o do descredenciamento dever\u00e3o ser tomadas pela ADGF; 2. Todas as a\u00e7\u00f5es para a informa\u00e7\u00e3o da sociedade carioca e nacional sobre o descalabro da decis\u00e3o do MEC, dever\u00e3o [&hellip;]\" \/>\n<meta property=\"og:url\" content=\"https:\/\/www.sinpro-rio.org.br\/principal\/gama-filho-reuni-o-em-brasilia-hoje-15-01-manutenc-o-da-mobilizac-o-e-nova-assembleia-dia-21-01-as-17h30\/\" \/>\n<meta property=\"og:site_name\" content=\"Sinpro-Rio\" \/>\n<meta property=\"article:published_time\" content=\"2014-01-15T00:00:00+00:00\" \/>\n<meta property=\"og:image\" content=\"http:\/\/www.sinprorio.pro.br\/site_antigo\/imagens\/noticia\/2014\/ugf.jpg\" \/>\n<meta name=\"author\" content=\"rafaelrjp\" \/>\n<meta name=\"twitter:card\" content=\"summary_large_image\" \/>\n<meta name=\"twitter:label1\" content=\"Escrito por\" \/>\n\t<meta name=\"twitter:data1\" content=\"rafaelrjp\" \/>\n\t<meta name=\"twitter:label2\" content=\"Est. tempo de leitura\" \/>\n\t<meta name=\"twitter:data2\" content=\"4 minutos\" \/>\n<script type=\"application\/ld+json\" class=\"yoast-schema-graph\">{\"@context\":\"https:\/\/schema.org\",\"@graph\":[{\"@type\":\"WebPage\",\"@id\":\"https:\/\/www.sinpro-rio.org.br\/principal\/gama-filho-reuni-o-em-brasilia-hoje-15-01-manutenc-o-da-mobilizac-o-e-nova-assembleia-dia-21-01-as-17h30\/\",\"url\":\"https:\/\/www.sinpro-rio.org.br\/principal\/gama-filho-reuni-o-em-brasilia-hoje-15-01-manutenc-o-da-mobilizac-o-e-nova-assembleia-dia-21-01-as-17h30\/\",\"name\":\"Gama Filho: reuni\u00e3o em Bras\u00edlia hoje (15\/01), manuten\u00e7\u00e3o da mobiliza\u00e7\u00e3o e nova assembleia dia 21\/01, \u00e0s 17h30 - Sinpro-Rio\",\"isPartOf\":{\"@id\":\"https:\/\/www.sinpro-rio.org.br\/principal\/#website\"},\"primaryImageOfPage\":{\"@id\":\"https:\/\/www.sinpro-rio.org.br\/principal\/gama-filho-reuni-o-em-brasilia-hoje-15-01-manutenc-o-da-mobilizac-o-e-nova-assembleia-dia-21-01-as-17h30\/#primaryimage\"},\"image\":{\"@id\":\"https:\/\/www.sinpro-rio.org.br\/principal\/gama-filho-reuni-o-em-brasilia-hoje-15-01-manutenc-o-da-mobilizac-o-e-nova-assembleia-dia-21-01-as-17h30\/#primaryimage\"},\"thumbnailUrl\":\"http:\/\/www.sinprorio.pro.br\/site_antigo\/imagens\/noticia\/2014\/ugf.jpg\",\"datePublished\":\"2014-01-15T00:00:00+00:00\",\"author\":{\"@id\":\"https:\/\/www.sinpro-rio.org.br\/principal\/#\/schema\/person\/49feb585a2f57a31a6bd9f16f78e5be6\"},\"breadcrumb\":{\"@id\":\"https:\/\/www.sinpro-rio.org.br\/principal\/gama-filho-reuni-o-em-brasilia-hoje-15-01-manutenc-o-da-mobilizac-o-e-nova-assembleia-dia-21-01-as-17h30\/#breadcrumb\"},\"inLanguage\":\"pt-BR\",\"potentialAction\":[{\"@type\":\"ReadAction\",\"target\":[\"https:\/\/www.sinpro-rio.org.br\/principal\/gama-filho-reuni-o-em-brasilia-hoje-15-01-manutenc-o-da-mobilizac-o-e-nova-assembleia-dia-21-01-as-17h30\/\"]}]},{\"@type\":\"ImageObject\",\"inLanguage\":\"pt-BR\",\"@id\":\"https:\/\/www.sinpro-rio.org.br\/principal\/gama-filho-reuni-o-em-brasilia-hoje-15-01-manutenc-o-da-mobilizac-o-e-nova-assembleia-dia-21-01-as-17h30\/#primaryimage\",\"url\":\"http:\/\/www.sinprorio.pro.br\/site_antigo\/imagens\/noticia\/2014\/ugf.jpg\",\"contentUrl\":\"http:\/\/www.sinprorio.pro.br\/site_antigo\/imagens\/noticia\/2014\/ugf.jpg\"},{\"@type\":\"BreadcrumbList\",\"@id\":\"https:\/\/www.sinpro-rio.org.br\/principal\/gama-filho-reuni-o-em-brasilia-hoje-15-01-manutenc-o-da-mobilizac-o-e-nova-assembleia-dia-21-01-as-17h30\/#breadcrumb\",\"itemListElement\":[{\"@type\":\"ListItem\",\"position\":1,\"name\":\"In\u00edcio\",\"item\":\"https:\/\/www.sinpro-rio.org.br\/principal\/\"},{\"@type\":\"ListItem\",\"position\":2,\"name\":\"Gama Filho: reuni\u00e3o em Bras\u00edlia hoje (15\/01), manuten\u00e7\u00e3o da mobiliza\u00e7\u00e3o e nova assembleia dia 21\/01, \u00e0s 17h30\"}]},{\"@type\":\"WebSite\",\"@id\":\"https:\/\/www.sinpro-rio.org.br\/principal\/#website\",\"url\":\"https:\/\/www.sinpro-rio.org.br\/principal\/\",\"name\":\"Sinpro-Rio\",\"description\":\"Sindicato dos Professores do Munic\u00edpio do Rio de Janeiro e Regi\u00e3o\",\"potentialAction\":[{\"@type\":\"SearchAction\",\"target\":{\"@type\":\"EntryPoint\",\"urlTemplate\":\"https:\/\/www.sinpro-rio.org.br\/principal\/?s={search_term_string}\"},\"query-input\":{\"@type\":\"PropertyValueSpecification\",\"valueRequired\":true,\"valueName\":\"search_term_string\"}}],\"inLanguage\":\"pt-BR\"},{\"@type\":\"Person\",\"@id\":\"https:\/\/www.sinpro-rio.org.br\/principal\/#\/schema\/person\/49feb585a2f57a31a6bd9f16f78e5be6\",\"name\":\"rafaelrjp\",\"image\":{\"@type\":\"ImageObject\",\"inLanguage\":\"pt-BR\",\"@id\":\"https:\/\/www.sinpro-rio.org.br\/principal\/#\/schema\/person\/image\/\",\"url\":\"https:\/\/secure.gravatar.com\/avatar\/489371a0ba4655c340b519882c68cf68?s=96&d=mm&r=g\",\"contentUrl\":\"https:\/\/secure.gravatar.com\/avatar\/489371a0ba4655c340b519882c68cf68?s=96&d=mm&r=g\",\"caption\":\"rafaelrjp\"},\"url\":\"https:\/\/www.sinpro-rio.org.br\/principal\/author\/rafaelrjp\/\"}]}<\/script>\n<!-- \/ Yoast SEO plugin. -->","yoast_head_json":{"title":"Gama Filho: reuni\u00e3o em Bras\u00edlia hoje (15\/01), manuten\u00e7\u00e3o da mobiliza\u00e7\u00e3o e nova assembleia dia 21\/01, \u00e0s 17h30 - Sinpro-Rio","robots":{"index":"index","follow":"follow","max-snippet":"max-snippet:-1","max-image-preview":"max-image-preview:large","max-video-preview":"max-video-preview:-1"},"canonical":"https:\/\/www.sinpro-rio.org.br\/principal\/gama-filho-reuni-o-em-brasilia-hoje-15-01-manutenc-o-da-mobilizac-o-e-nova-assembleia-dia-21-01-as-17h30\/","og_locale":"pt_BR","og_type":"article","og_title":"Gama Filho: reuni\u00e3o em Bras\u00edlia hoje (15\/01), manuten\u00e7\u00e3o da mobiliza\u00e7\u00e3o e nova assembleia dia 21\/01, \u00e0s 17h30 - Sinpro-Rio","og_description":"15\/01\/2014 Os professores da Universidade Gama Filho, reunidos em assembleia no in\u00edcio da noite de ontem (14\/01), deliberaram por: 1. Todas as medidas judiciais que apoiem a anula\u00e7\u00e3o do descredenciamento dever\u00e3o ser tomadas pela ADGF; 2. Todas as a\u00e7\u00f5es para a informa\u00e7\u00e3o da sociedade carioca e nacional sobre o descalabro da decis\u00e3o do MEC, dever\u00e3o [&hellip;]","og_url":"https:\/\/www.sinpro-rio.org.br\/principal\/gama-filho-reuni-o-em-brasilia-hoje-15-01-manutenc-o-da-mobilizac-o-e-nova-assembleia-dia-21-01-as-17h30\/","og_site_name":"Sinpro-Rio","article_published_time":"2014-01-15T00:00:00+00:00","og_image":[{"url":"http:\/\/www.sinprorio.pro.br\/site_antigo\/imagens\/noticia\/2014\/ugf.jpg","type":"","width":"","height":""}],"author":"rafaelrjp","twitter_card":"summary_large_image","twitter_misc":{"Escrito por":"rafaelrjp","Est. tempo de leitura":"4 minutos"},"schema":{"@context":"https:\/\/schema.org","@graph":[{"@type":"WebPage","@id":"https:\/\/www.sinpro-rio.org.br\/principal\/gama-filho-reuni-o-em-brasilia-hoje-15-01-manutenc-o-da-mobilizac-o-e-nova-assembleia-dia-21-01-as-17h30\/","url":"https:\/\/www.sinpro-rio.org.br\/principal\/gama-filho-reuni-o-em-brasilia-hoje-15-01-manutenc-o-da-mobilizac-o-e-nova-assembleia-dia-21-01-as-17h30\/","name":"Gama Filho: reuni\u00e3o em Bras\u00edlia hoje (15\/01), manuten\u00e7\u00e3o da mobiliza\u00e7\u00e3o e nova assembleia dia 21\/01, \u00e0s 17h30 - Sinpro-Rio","isPartOf":{"@id":"https:\/\/www.sinpro-rio.org.br\/principal\/#website"},"primaryImageOfPage":{"@id":"https:\/\/www.sinpro-rio.org.br\/principal\/gama-filho-reuni-o-em-brasilia-hoje-15-01-manutenc-o-da-mobilizac-o-e-nova-assembleia-dia-21-01-as-17h30\/#primaryimage"},"image":{"@id":"https:\/\/www.sinpro-rio.org.br\/principal\/gama-filho-reuni-o-em-brasilia-hoje-15-01-manutenc-o-da-mobilizac-o-e-nova-assembleia-dia-21-01-as-17h30\/#primaryimage"},"thumbnailUrl":"http:\/\/www.sinprorio.pro.br\/site_antigo\/imagens\/noticia\/2014\/ugf.jpg","datePublished":"2014-01-15T00:00:00+00:00","author":{"@id":"https:\/\/www.sinpro-rio.org.br\/principal\/#\/schema\/person\/49feb585a2f57a31a6bd9f16f78e5be6"},"breadcrumb":{"@id":"https:\/\/www.sinpro-rio.org.br\/principal\/gama-filho-reuni-o-em-brasilia-hoje-15-01-manutenc-o-da-mobilizac-o-e-nova-assembleia-dia-21-01-as-17h30\/#breadcrumb"},"inLanguage":"pt-BR","potentialAction":[{"@type":"ReadAction","target":["https:\/\/www.sinpro-rio.org.br\/principal\/gama-filho-reuni-o-em-brasilia-hoje-15-01-manutenc-o-da-mobilizac-o-e-nova-assembleia-dia-21-01-as-17h30\/"]}]},{"@type":"ImageObject","inLanguage":"pt-BR","@id":"https:\/\/www.sinpro-rio.org.br\/principal\/gama-filho-reuni-o-em-brasilia-hoje-15-01-manutenc-o-da-mobilizac-o-e-nova-assembleia-dia-21-01-as-17h30\/#primaryimage","url":"http:\/\/www.sinprorio.pro.br\/site_antigo\/imagens\/noticia\/2014\/ugf.jpg","contentUrl":"http:\/\/www.sinprorio.pro.br\/site_antigo\/imagens\/noticia\/2014\/ugf.jpg"},{"@type":"BreadcrumbList","@id":"https:\/\/www.sinpro-rio.org.br\/principal\/gama-filho-reuni-o-em-brasilia-hoje-15-01-manutenc-o-da-mobilizac-o-e-nova-assembleia-dia-21-01-as-17h30\/#breadcrumb","itemListElement":[{"@type":"ListItem","position":1,"name":"In\u00edcio","item":"https:\/\/www.sinpro-rio.org.br\/principal\/"},{"@type":"ListItem","position":2,"name":"Gama Filho: reuni\u00e3o em Bras\u00edlia hoje (15\/01), manuten\u00e7\u00e3o da mobiliza\u00e7\u00e3o e nova assembleia dia 21\/01, \u00e0s 17h30"}]},{"@type":"WebSite","@id":"https:\/\/www.sinpro-rio.org.br\/principal\/#website","url":"https:\/\/www.sinpro-rio.org.br\/principal\/","name":"Sinpro-Rio","description":"Sindicato dos Professores do Munic\u00edpio do Rio de Janeiro e Regi\u00e3o","potentialAction":[{"@type":"SearchAction","target":{"@type":"EntryPoint","urlTemplate":"https:\/\/www.sinpro-rio.org.br\/principal\/?s={search_term_string}"},"query-input":{"@type":"PropertyValueSpecification","valueRequired":true,"valueName":"search_term_string"}}],"inLanguage":"pt-BR"},{"@type":"Person","@id":"https:\/\/www.sinpro-rio.org.br\/principal\/#\/schema\/person\/49feb585a2f57a31a6bd9f16f78e5be6","name":"rafaelrjp","image":{"@type":"ImageObject","inLanguage":"pt-BR","@id":"https:\/\/www.sinpro-rio.org.br\/principal\/#\/schema\/person\/image\/","url":"https:\/\/secure.gravatar.com\/avatar\/489371a0ba4655c340b519882c68cf68?s=96&d=mm&r=g","contentUrl":"https:\/\/secure.gravatar.com\/avatar\/489371a0ba4655c340b519882c68cf68?s=96&d=mm&r=g","caption":"rafaelrjp"},"url":"https:\/\/www.sinpro-rio.org.br\/principal\/author\/rafaelrjp\/"}]}},"_links":{"self":[{"href":"https:\/\/www.sinpro-rio.org.br\/principal\/wp-json\/wp\/v2\/posts\/20296","targetHints":{"allow":["GET"]}}],"collection":[{"href":"https:\/\/www.sinpro-rio.org.br\/principal\/wp-json\/wp\/v2\/posts"}],"about":[{"href":"https:\/\/www.sinpro-rio.org.br\/principal\/wp-json\/wp\/v2\/types\/post"}],"author":[{"embeddable":true,"href":"https:\/\/www.sinpro-rio.org.br\/principal\/wp-json\/wp\/v2\/users\/1"}],"replies":[{"embeddable":true,"href":"https:\/\/www.sinpro-rio.org.br\/principal\/wp-json\/wp\/v2\/comments?post=20296"}],"version-history":[{"count":0,"href":"https:\/\/www.sinpro-rio.org.br\/principal\/wp-json\/wp\/v2\/posts\/20296\/revisions"}],"wp:attachment":[{"href":"https:\/\/www.sinpro-rio.org.br\/principal\/wp-json\/wp\/v2\/media?parent=20296"}],"wp:term":[{"taxonomy":"category","embeddable":true,"href":"https:\/\/www.sinpro-rio.org.br\/principal\/wp-json\/wp\/v2\/categories?post=20296"},{"taxonomy":"post_tag","embeddable":true,"href":"https:\/\/www.sinpro-rio.org.br\/principal\/wp-json\/wp\/v2\/tags?post=20296"}],"curies":[{"name":"wp","href":"https:\/\/api.w.org\/{rel}","templated":true}]}}