{"id":20294,"date":"2014-01-16T00:00:00","date_gmt":"2014-01-16T00:00:00","guid":{"rendered":""},"modified":"-0001-11-30T00:00:00","modified_gmt":"-0001-11-30T03:00:00","slug":"noticias-da-reuni-o-em-brasilia-mec-mantem-descredenciamento-das-ies-e-prepara-um-novo-modelo-de-transfer-ncia-assistida","status":"publish","type":"post","link":"https:\/\/www.sinpro-rio.org.br\/principal\/noticias-da-reuni-o-em-brasilia-mec-mantem-descredenciamento-das-ies-e-prepara-um-novo-modelo-de-transfer-ncia-assistida\/","title":{"rendered":"Not\u00edcias da reuni\u00e3o em Bras\u00edlia: MEC mant\u00e9m descredenciamento das IES e prepara um novo modelo de transfer\u00eancia assistida"},"content":{"rendered":"\n<p>\n <em><br \/>\n  16\/01\/2014<br \/>\n <\/em>\n<\/p>\n<p>\n <i><br \/>\n  Ainda n\u00e3o acabou. A luta continua<br \/>\n <\/i><\/p>\n<p>\n  A reuni\u00e3o com o Minist\u00e9rio da Educa\u00e7\u00e3o (MEC) nesta quarta-feira, dia 15 de janeiro, foi marcada por grande debate promovido pelo<br \/>\n  <b><br \/>\n   Sinpro-Rio<br \/>\n  <\/b><br \/>\n  , a Associa\u00e7\u00e3o Docente da Cidade (Adoci) e a Associa\u00e7\u00e3o Docente da Gama Filho (ADGF) sobre o descredenciamento das duas Institui\u00e7\u00f5es de Ensino Superior (IES). Na oportunidade as entidades mantiveram a posi\u00e7\u00e3o contr\u00e1ria \u00e0 a\u00e7\u00e3o, por\u00e9m o MEC manteve a portaria, admitindo que a revers\u00e3o da decis\u00e3o s\u00f3 poder\u00e1 acontecer por interven\u00e7\u00e3o judicial do Minist\u00e9rio P\u00fablico Federal ou por recurso da mantenedora, ap\u00f3s an\u00e1lise do Conselho Nacional de Educa\u00e7\u00e3o (CNE).<\/p>\n<p>\n   O presidente do<br \/>\n   <b><br \/>\n    Sinpro-Rio<br \/>\n   <\/b><br \/>\n   , Wanderley Qu\u00eado, sustentou que as entidades continuar\u00e3o contra o descredenciamento e, para tanto, aguardam a decis\u00e3o do MPF sobre o pedido de interven\u00e7\u00e3o. Quanto ao manifesto sobre federaliza\u00e7\u00e3o, o<br \/>\n   <b><br \/>\n    Sinpro-Rio<br \/>\n   <\/b><br \/>\n   vai convidar os reitores federais para um amplo debate para an\u00e1lise e aprofundamento com uma proposta concreta sobre a quest\u00e3o. O secret\u00e1rio da Seres, Jorge Messias, no entanto, declarou ser inconstitucional tal medida por parte do governo.<\/p>\n<p>\n    Sobre o semestre \u201c2013.2\u201d, o MEC considera encerrado com o descredenciamento, admitindo analisar a situa\u00e7\u00e3o dos alunos formandos.<\/p>\n<p>\n     O presidente da Adoci, Sidnei Amaral, ao solicitar esclarecimentos sobre os estudantes e os postos de trabalho, teve como resposta que o MEC anunciar\u00e1 uma nova modalidade para transfer\u00eancia assistida: \u201cNa pr\u00f3xima segunda-feira teremos uma audi\u00eancias p\u00fablica com v\u00e1rias institui\u00e7\u00f5es do Rio de Janeiro e, provavelmente na quinta-feira, dia 16, publicaremos o edital p\u00fablico para receber as propostas das universidades interessadas em receber os estudantes. Criaremos um sistema de pontua\u00e7\u00e3o por quesitos, onde as quest\u00f5es curriculares, localiza\u00e7\u00e3o, valor da mensalidade, certid\u00f5es negativas do Minist\u00e9rio do Trabalho e Emprego assim como capacidade e interesse em contratar docentes das IES descredenciadas\u201d declarou Messias. Segundo o secret\u00e1rio, o MEC est\u00e1 criando uma nova modalidade de transfer\u00eancia assistida, onde o corpo docente ter\u00e1 a oportunidade de contrata\u00e7\u00e3o (item com forte peso na pontua\u00e7\u00e3o final), por parte da institui\u00e7\u00e3o que, porventura, seja aprovada para receber os estudantes.<\/p>\n<p>\n      O presidente da ADGF, Cris\u00f3stomo Peixoto, foi enf\u00e1tico ao afirmar que a medida do MEC foi na hora errada, deixando toda a comunidade acad\u00eamica da Gama Filho insatisfeita. Peixoto cobrou ainda do secret\u00e1rio a afirma\u00e7\u00e3o sobre a baixa qualidade da educa\u00e7\u00e3o como um dos principais motivos para o descredenciamento. Jorge Messias argumentou que tal refer\u00eancia \u00e9 em fun\u00e7\u00e3o do que o grupo Galileo estava proporcionando, deixando claro que os professores s\u00e3o v\u00edtimas e que o corpo docente \u00e9 de alta capacidade e que merece todos os elogios e que jamais poder\u00e3o ser responsabilizados pela medida.<\/p>\n<p>\n       \u201cAINDA N\u00c3O ACABOU. A LUTA CONTINUA\u201d<\/p>\n<p>\n        Diretoria da<br \/>\n        <b><br \/>\n         Adoci<br \/>\n        <\/b>\n       <\/p>\n<\/p>\n<\/p>\n<\/p>\n<\/p>\n<p>\n A reuni\u00e3o com o Minist\u00e9rio da Educa\u00e7\u00e3o (MEC) nesta quarta-feira, dia 15 de janeiro, foi marcada por grande debate promovido pelo<br \/>\n <b><br \/>\n  Sinpro-Rio<br \/>\n <\/b><br \/>\n , a Associa\u00e7\u00e3o Docente da Cidade (Adoci) e a Associa\u00e7\u00e3o Docente da Gama Filho (ADGF) sobre o descredenciamento das duas Institui\u00e7\u00f5es de Ensino Superior (IES). Na oportunidade as entidades mantiveram a posi\u00e7\u00e3o contr\u00e1ria \u00e0 a\u00e7\u00e3o, por\u00e9m o MEC manteve a portaria, admitindo que a revers\u00e3o da decis\u00e3o s\u00f3 poder\u00e1 acontecer por interven\u00e7\u00e3o judicial do Minist\u00e9rio P\u00fablico Federal ou por recurso da mantenedora, ap\u00f3s an\u00e1lise do Conselho Nacional de Educa\u00e7\u00e3o (CNE).<\/p>\n<p>\n  O presidente do<br \/>\n  <b><br \/>\n   Sinpro-Rio<br \/>\n  <\/b><br \/>\n  , Wanderley Qu\u00eado, sustentou que as entidades continuar\u00e3o contra o descredenciamento e, para tanto, aguardam a decis\u00e3o do MPF sobre o pedido de interven\u00e7\u00e3o. Quanto ao manifesto sobre federaliza\u00e7\u00e3o, o<br \/>\n  <b><br \/>\n   Sinpro-Rio<br \/>\n  <\/b><br \/>\n  vai convidar os reitores federais para um amplo debate para an\u00e1lise e aprofundamento com uma proposta concreta sobre a quest\u00e3o. O secret\u00e1rio da Seres, Jorge Messias, no entanto, declarou ser inconstitucional tal medida por parte do governo.<\/p>\n<p>\n   Sobre o semestre \u201c2013.2\u201d, o MEC considera encerrado com o descredenciamento, admitindo analisar a situa\u00e7\u00e3o dos alunos formandos.<\/p>\n<p>\n    O presidente da Adoci, Sidnei Amaral, ao solicitar esclarecimentos sobre os estudantes e os postos de trabalho, teve como resposta que o MEC anunciar\u00e1 uma nova modalidade para transfer\u00eancia assistida: \u201cNa pr\u00f3xima segunda-feira teremos uma audi\u00eancias p\u00fablica com v\u00e1rias institui\u00e7\u00f5es do Rio de Janeiro e, provavelmente na quinta-feira, dia 16, publicaremos o edital p\u00fablico para receber as propostas das universidades interessadas em receber os estudantes. Criaremos um sistema de pontua\u00e7\u00e3o por quesitos, onde as quest\u00f5es curriculares, localiza\u00e7\u00e3o, valor da mensalidade, certid\u00f5es negativas do Minist\u00e9rio do Trabalho e Emprego assim como capacidade e interesse em contratar docentes das IES descredenciadas\u201d declarou Messias. Segundo o secret\u00e1rio, o MEC est\u00e1 criando uma nova modalidade de transfer\u00eancia assistida, onde o corpo docente ter\u00e1 a oportunidade de contrata\u00e7\u00e3o (item com forte peso na pontua\u00e7\u00e3o final), por parte da institui\u00e7\u00e3o que, porventura, seja aprovada para receber os estudantes.<\/p>\n<p>\n     O presidente da ADGF, Cris\u00f3stomo Peixoto, foi enf\u00e1tico ao afirmar que a medida do MEC foi na hora errada, deixando toda a comunidade acad\u00eamica da Gama Filho insatisfeita. Peixoto cobrou ainda do secret\u00e1rio a afirma\u00e7\u00e3o sobre a baixa qualidade da educa\u00e7\u00e3o como um dos principais motivos para o descredenciamento. Jorge Messias argumentou que tal refer\u00eancia \u00e9 em fun\u00e7\u00e3o do que o grupo Galileo estava proporcionando, deixando claro que os professores s\u00e3o v\u00edtimas e que o corpo docente \u00e9 de alta capacidade e que merece todos os elogios e que jamais poder\u00e3o ser responsabilizados pela medida.<\/p>\n<p>\n      \u201cAINDA N\u00c3O ACABOU. A LUTA CONTINUA\u201d<\/p>\n<p>\n       Diretoria da<br \/>\n       <b><br \/>\n        Adoci<br \/>\n       <\/b>\n      <\/p>\n<\/p>\n<\/p>\n<\/p>\n<p>\n O presidente do<br \/>\n <b><br \/>\n  Sinpro-Rio<br \/>\n <\/b><br \/>\n , Wanderley Qu\u00eado, sustentou que as entidades continuar\u00e3o contra o descredenciamento e, para tanto, aguardam a decis\u00e3o do MPF sobre o pedido de interven\u00e7\u00e3o. Quanto ao manifesto sobre federaliza\u00e7\u00e3o, o<br \/>\n <b><br \/>\n  Sinpro-Rio<br \/>\n <\/b><br \/>\n vai convidar os reitores federais para um amplo debate para an\u00e1lise e aprofundamento com uma proposta concreta sobre a quest\u00e3o. O secret\u00e1rio da Seres, Jorge Messias, no entanto, declarou ser inconstitucional tal medida por parte do governo.<\/p>\n<p>\n  Sobre o semestre \u201c2013.2\u201d, o MEC considera encerrado com o descredenciamento, admitindo analisar a situa\u00e7\u00e3o dos alunos formandos.<\/p>\n<p>\n   O presidente da Adoci, Sidnei Amaral, ao solicitar esclarecimentos sobre os estudantes e os postos de trabalho, teve como resposta que o MEC anunciar\u00e1 uma nova modalidade para transfer\u00eancia assistida: \u201cNa pr\u00f3xima segunda-feira teremos uma audi\u00eancias p\u00fablica com v\u00e1rias institui\u00e7\u00f5es do Rio de Janeiro e, provavelmente na quinta-feira, dia 16, publicaremos o edital p\u00fablico para receber as propostas das universidades interessadas em receber os estudantes. Criaremos um sistema de pontua\u00e7\u00e3o por quesitos, onde as quest\u00f5es curriculares, localiza\u00e7\u00e3o, valor da mensalidade, certid\u00f5es negativas do Minist\u00e9rio do Trabalho e Emprego assim como capacidade e interesse em contratar docentes das IES descredenciadas\u201d declarou Messias. Segundo o secret\u00e1rio, o MEC est\u00e1 criando uma nova modalidade de transfer\u00eancia assistida, onde o corpo docente ter\u00e1 a oportunidade de contrata\u00e7\u00e3o (item com forte peso na pontua\u00e7\u00e3o final), por parte da institui\u00e7\u00e3o que, porventura, seja aprovada para receber os estudantes.<\/p>\n<p>\n    O presidente da ADGF, Cris\u00f3stomo Peixoto, foi enf\u00e1tico ao afirmar que a medida do MEC foi na hora errada, deixando toda a comunidade acad\u00eamica da Gama Filho insatisfeita. Peixoto cobrou ainda do secret\u00e1rio a afirma\u00e7\u00e3o sobre a baixa qualidade da educa\u00e7\u00e3o como um dos principais motivos para o descredenciamento. Jorge Messias argumentou que tal refer\u00eancia \u00e9 em fun\u00e7\u00e3o do que o grupo Galileo estava proporcionando, deixando claro que os professores s\u00e3o v\u00edtimas e que o corpo docente \u00e9 de alta capacidade e que merece todos os elogios e que jamais poder\u00e3o ser responsabilizados pela medida.<\/p>\n<p>\n     \u201cAINDA N\u00c3O ACABOU. A LUTA CONTINUA\u201d<\/p>\n<p>\n      Diretoria da<br \/>\n      <b><br \/>\n       Adoci<br \/>\n      <\/b>\n     <\/p>\n<\/p>\n<\/p>\n<\/p>\n<p>\n Sobre o semestre \u201c2013.2\u201d, o MEC considera encerrado com o descredenciamento, admitindo analisar a situa\u00e7\u00e3o dos alunos formandos.<\/p>\n<p>\n  O presidente da Adoci, Sidnei Amaral, ao solicitar esclarecimentos sobre os estudantes e os postos de trabalho, teve como resposta que o MEC anunciar\u00e1 uma nova modalidade para transfer\u00eancia assistida: \u201cNa pr\u00f3xima segunda-feira teremos uma audi\u00eancias p\u00fablica com v\u00e1rias institui\u00e7\u00f5es do Rio de Janeiro e, provavelmente na quinta-feira, dia 16, publicaremos o edital p\u00fablico para receber as propostas das universidades interessadas em receber os estudantes. Criaremos um sistema de pontua\u00e7\u00e3o por quesitos, onde as quest\u00f5es curriculares, localiza\u00e7\u00e3o, valor da mensalidade, certid\u00f5es negativas do Minist\u00e9rio do Trabalho e Emprego assim como capacidade e interesse em contratar docentes das IES descredenciadas\u201d declarou Messias. Segundo o secret\u00e1rio, o MEC est\u00e1 criando uma nova modalidade de transfer\u00eancia assistida, onde o corpo docente ter\u00e1 a oportunidade de contrata\u00e7\u00e3o (item com forte peso na pontua\u00e7\u00e3o final), por parte da institui\u00e7\u00e3o que, porventura, seja aprovada para receber os estudantes.<\/p>\n<p>\n   O presidente da ADGF, Cris\u00f3stomo Peixoto, foi enf\u00e1tico ao afirmar que a medida do MEC foi na hora errada, deixando toda a comunidade acad\u00eamica da Gama Filho insatisfeita. Peixoto cobrou ainda do secret\u00e1rio a afirma\u00e7\u00e3o sobre a baixa qualidade da educa\u00e7\u00e3o como um dos principais motivos para o descredenciamento. Jorge Messias argumentou que tal refer\u00eancia \u00e9 em fun\u00e7\u00e3o do que o grupo Galileo estava proporcionando, deixando claro que os professores s\u00e3o v\u00edtimas e que o corpo docente \u00e9 de alta capacidade e que merece todos os elogios e que jamais poder\u00e3o ser responsabilizados pela medida.<\/p>\n<p>\n    \u201cAINDA N\u00c3O ACABOU. A LUTA CONTINUA\u201d<\/p>\n<p>\n     Diretoria da<br \/>\n     <b><br \/>\n      Adoci<br \/>\n     <\/b>\n    <\/p>\n<\/p>\n<\/p>\n<p>\n O presidente da Adoci, Sidnei Amaral, ao solicitar esclarecimentos sobre os estudantes e os postos de trabalho, teve como resposta que o MEC anunciar\u00e1 uma nova modalidade para transfer\u00eancia assistida: \u201cNa pr\u00f3xima segunda-feira teremos uma audi\u00eancias p\u00fablica com v\u00e1rias institui\u00e7\u00f5es do Rio de Janeiro e, provavelmente na quinta-feira, dia 16, publicaremos o edital p\u00fablico para receber as propostas das universidades interessadas em receber os estudantes. Criaremos um sistema de pontua\u00e7\u00e3o por quesitos, onde as quest\u00f5es curriculares, localiza\u00e7\u00e3o, valor da mensalidade, certid\u00f5es negativas do Minist\u00e9rio do Trabalho e Emprego assim como capacidade e interesse em contratar docentes das IES descredenciadas\u201d declarou Messias. Segundo o secret\u00e1rio, o MEC est\u00e1 criando uma nova modalidade de transfer\u00eancia assistida, onde o corpo docente ter\u00e1 a oportunidade de contrata\u00e7\u00e3o (item com forte peso na pontua\u00e7\u00e3o final), por parte da institui\u00e7\u00e3o que, porventura, seja aprovada para receber os estudantes.<\/p>\n<p>\n  O presidente da ADGF, Cris\u00f3stomo Peixoto, foi enf\u00e1tico ao afirmar que a medida do MEC foi na hora errada, deixando toda a comunidade acad\u00eamica da Gama Filho insatisfeita. Peixoto cobrou ainda do secret\u00e1rio a afirma\u00e7\u00e3o sobre a baixa qualidade da educa\u00e7\u00e3o como um dos principais motivos para o descredenciamento. Jorge Messias argumentou que tal refer\u00eancia \u00e9 em fun\u00e7\u00e3o do que o grupo Galileo estava proporcionando, deixando claro que os professores s\u00e3o v\u00edtimas e que o corpo docente \u00e9 de alta capacidade e que merece todos os elogios e que jamais poder\u00e3o ser responsabilizados pela medida.<\/p>\n<p>\n   \u201cAINDA N\u00c3O ACABOU. A LUTA CONTINUA\u201d<\/p>\n<p>\n    Diretoria da<br \/>\n    <b><br \/>\n     Adoci<br \/>\n    <\/b>\n   <\/p>\n<\/p>\n<\/p>\n<p>\n O presidente da ADGF, Cris\u00f3stomo Peixoto, foi enf\u00e1tico ao afirmar que a medida do MEC foi na hora errada, deixando toda a comunidade acad\u00eamica da Gama Filho insatisfeita. Peixoto cobrou ainda do secret\u00e1rio a afirma\u00e7\u00e3o sobre a baixa qualidade da educa\u00e7\u00e3o como um dos principais motivos para o descredenciamento. Jorge Messias argumentou que tal refer\u00eancia \u00e9 em fun\u00e7\u00e3o do que o grupo Galileo estava proporcionando, deixando claro que os professores s\u00e3o v\u00edtimas e que o corpo docente \u00e9 de alta capacidade e que merece todos os elogios e que jamais poder\u00e3o ser responsabilizados pela medida.<\/p>\n<p>\n  \u201cAINDA N\u00c3O ACABOU. A LUTA CONTINUA\u201d<\/p>\n<p>\n   Diretoria da<br \/>\n   <b><br \/>\n    Adoci<br \/>\n   <\/b>\n  <\/p>\n<\/p>\n<p>\n \u201cAINDA N\u00c3O ACABOU. A LUTA CONTINUA\u201d<\/p>\n<p>\n  Diretoria da<br \/>\n  <b><br \/>\n   Adoci<br \/>\n  <\/b>\n <\/p>\n<\/p>\n<p>\n Diretoria da<br \/>\n <b><br \/>\n  Adoci<br \/>\n <\/b><\/p>\n","protected":false},"excerpt":{"rendered":"<p>16\/01\/2014 Ainda n\u00e3o acabou. A luta continua A reuni\u00e3o com o Minist\u00e9rio da Educa\u00e7\u00e3o (MEC) nesta quarta-feira, dia 15 de janeiro, foi marcada por grande debate promovido pelo Sinpro-Rio , a Associa\u00e7\u00e3o Docente da Cidade (Adoci) e a Associa\u00e7\u00e3o Docente da Gama Filho (ADGF) sobre o descredenciamento das duas Institui\u00e7\u00f5es de Ensino Superior (IES). Na [&hellip;]<\/p>\n","protected":false},"author":1,"featured_media":0,"comment_status":"closed","ping_status":"open","sticky":false,"template":"","format":"standard","meta":{"footnotes":""},"categories":[1],"tags":[],"class_list":["post-20294","post","type-post","status-publish","format-standard","hentry","category-noticias"],"yoast_head":"<!-- This site is optimized with the Yoast SEO plugin v25.7 - https:\/\/yoast.com\/wordpress\/plugins\/seo\/ -->\n<title>Not\u00edcias da reuni\u00e3o em Bras\u00edlia: MEC mant\u00e9m descredenciamento das IES e prepara um novo modelo de transfer\u00eancia assistida - Sinpro-Rio<\/title>\n<meta name=\"robots\" content=\"index, follow, max-snippet:-1, max-image-preview:large, max-video-preview:-1\" \/>\n<link rel=\"canonical\" href=\"https:\/\/www.sinpro-rio.org.br\/principal\/noticias-da-reuni-o-em-brasilia-mec-mantem-descredenciamento-das-ies-e-prepara-um-novo-modelo-de-transfer-ncia-assistida\/\" \/>\n<meta property=\"og:locale\" content=\"pt_BR\" \/>\n<meta property=\"og:type\" content=\"article\" \/>\n<meta property=\"og:title\" content=\"Not\u00edcias da reuni\u00e3o em Bras\u00edlia: MEC mant\u00e9m descredenciamento das IES e prepara um novo modelo de transfer\u00eancia assistida - Sinpro-Rio\" \/>\n<meta property=\"og:description\" content=\"16\/01\/2014 Ainda n\u00e3o acabou. A luta continua A reuni\u00e3o com o Minist\u00e9rio da Educa\u00e7\u00e3o (MEC) nesta quarta-feira, dia 15 de janeiro, foi marcada por grande debate promovido pelo Sinpro-Rio , a Associa\u00e7\u00e3o Docente da Cidade (Adoci) e a Associa\u00e7\u00e3o Docente da Gama Filho (ADGF) sobre o descredenciamento das duas Institui\u00e7\u00f5es de Ensino Superior (IES). Na [&hellip;]\" \/>\n<meta property=\"og:url\" content=\"https:\/\/www.sinpro-rio.org.br\/principal\/noticias-da-reuni-o-em-brasilia-mec-mantem-descredenciamento-das-ies-e-prepara-um-novo-modelo-de-transfer-ncia-assistida\/\" \/>\n<meta property=\"og:site_name\" content=\"Sinpro-Rio\" \/>\n<meta property=\"article:published_time\" content=\"2014-01-16T00:00:00+00:00\" \/>\n<meta name=\"author\" content=\"rafaelrjp\" \/>\n<meta name=\"twitter:card\" content=\"summary_large_image\" \/>\n<meta name=\"twitter:label1\" content=\"Escrito por\" \/>\n\t<meta name=\"twitter:data1\" content=\"rafaelrjp\" \/>\n\t<meta name=\"twitter:label2\" content=\"Est. tempo de leitura\" \/>\n\t<meta name=\"twitter:data2\" content=\"10 minutos\" \/>\n<script type=\"application\/ld+json\" class=\"yoast-schema-graph\">{\"@context\":\"https:\/\/schema.org\",\"@graph\":[{\"@type\":\"WebPage\",\"@id\":\"https:\/\/www.sinpro-rio.org.br\/principal\/noticias-da-reuni-o-em-brasilia-mec-mantem-descredenciamento-das-ies-e-prepara-um-novo-modelo-de-transfer-ncia-assistida\/\",\"url\":\"https:\/\/www.sinpro-rio.org.br\/principal\/noticias-da-reuni-o-em-brasilia-mec-mantem-descredenciamento-das-ies-e-prepara-um-novo-modelo-de-transfer-ncia-assistida\/\",\"name\":\"Not\u00edcias da reuni\u00e3o em Bras\u00edlia: MEC mant\u00e9m descredenciamento das IES e prepara um novo modelo de transfer\u00eancia assistida - Sinpro-Rio\",\"isPartOf\":{\"@id\":\"https:\/\/www.sinpro-rio.org.br\/principal\/#website\"},\"datePublished\":\"2014-01-16T00:00:00+00:00\",\"author\":{\"@id\":\"https:\/\/www.sinpro-rio.org.br\/principal\/#\/schema\/person\/49feb585a2f57a31a6bd9f16f78e5be6\"},\"breadcrumb\":{\"@id\":\"https:\/\/www.sinpro-rio.org.br\/principal\/noticias-da-reuni-o-em-brasilia-mec-mantem-descredenciamento-das-ies-e-prepara-um-novo-modelo-de-transfer-ncia-assistida\/#breadcrumb\"},\"inLanguage\":\"pt-BR\",\"potentialAction\":[{\"@type\":\"ReadAction\",\"target\":[\"https:\/\/www.sinpro-rio.org.br\/principal\/noticias-da-reuni-o-em-brasilia-mec-mantem-descredenciamento-das-ies-e-prepara-um-novo-modelo-de-transfer-ncia-assistida\/\"]}]},{\"@type\":\"BreadcrumbList\",\"@id\":\"https:\/\/www.sinpro-rio.org.br\/principal\/noticias-da-reuni-o-em-brasilia-mec-mantem-descredenciamento-das-ies-e-prepara-um-novo-modelo-de-transfer-ncia-assistida\/#breadcrumb\",\"itemListElement\":[{\"@type\":\"ListItem\",\"position\":1,\"name\":\"In\u00edcio\",\"item\":\"https:\/\/www.sinpro-rio.org.br\/principal\/\"},{\"@type\":\"ListItem\",\"position\":2,\"name\":\"Not\u00edcias da reuni\u00e3o em Bras\u00edlia: MEC mant\u00e9m descredenciamento das IES e prepara um novo modelo de transfer\u00eancia assistida\"}]},{\"@type\":\"WebSite\",\"@id\":\"https:\/\/www.sinpro-rio.org.br\/principal\/#website\",\"url\":\"https:\/\/www.sinpro-rio.org.br\/principal\/\",\"name\":\"Sinpro-Rio\",\"description\":\"Sindicato dos Professores do Munic\u00edpio do Rio de Janeiro e Regi\u00e3o\",\"potentialAction\":[{\"@type\":\"SearchAction\",\"target\":{\"@type\":\"EntryPoint\",\"urlTemplate\":\"https:\/\/www.sinpro-rio.org.br\/principal\/?s={search_term_string}\"},\"query-input\":{\"@type\":\"PropertyValueSpecification\",\"valueRequired\":true,\"valueName\":\"search_term_string\"}}],\"inLanguage\":\"pt-BR\"},{\"@type\":\"Person\",\"@id\":\"https:\/\/www.sinpro-rio.org.br\/principal\/#\/schema\/person\/49feb585a2f57a31a6bd9f16f78e5be6\",\"name\":\"rafaelrjp\",\"image\":{\"@type\":\"ImageObject\",\"inLanguage\":\"pt-BR\",\"@id\":\"https:\/\/www.sinpro-rio.org.br\/principal\/#\/schema\/person\/image\/\",\"url\":\"https:\/\/secure.gravatar.com\/avatar\/489371a0ba4655c340b519882c68cf68?s=96&d=mm&r=g\",\"contentUrl\":\"https:\/\/secure.gravatar.com\/avatar\/489371a0ba4655c340b519882c68cf68?s=96&d=mm&r=g\",\"caption\":\"rafaelrjp\"},\"url\":\"https:\/\/www.sinpro-rio.org.br\/principal\/author\/rafaelrjp\/\"}]}<\/script>\n<!-- \/ Yoast SEO plugin. -->","yoast_head_json":{"title":"Not\u00edcias da reuni\u00e3o em Bras\u00edlia: MEC mant\u00e9m descredenciamento das IES e prepara um novo modelo de transfer\u00eancia assistida - Sinpro-Rio","robots":{"index":"index","follow":"follow","max-snippet":"max-snippet:-1","max-image-preview":"max-image-preview:large","max-video-preview":"max-video-preview:-1"},"canonical":"https:\/\/www.sinpro-rio.org.br\/principal\/noticias-da-reuni-o-em-brasilia-mec-mantem-descredenciamento-das-ies-e-prepara-um-novo-modelo-de-transfer-ncia-assistida\/","og_locale":"pt_BR","og_type":"article","og_title":"Not\u00edcias da reuni\u00e3o em Bras\u00edlia: MEC mant\u00e9m descredenciamento das IES e prepara um novo modelo de transfer\u00eancia assistida - Sinpro-Rio","og_description":"16\/01\/2014 Ainda n\u00e3o acabou. A luta continua A reuni\u00e3o com o Minist\u00e9rio da Educa\u00e7\u00e3o (MEC) nesta quarta-feira, dia 15 de janeiro, foi marcada por grande debate promovido pelo Sinpro-Rio , a Associa\u00e7\u00e3o Docente da Cidade (Adoci) e a Associa\u00e7\u00e3o Docente da Gama Filho (ADGF) sobre o descredenciamento das duas Institui\u00e7\u00f5es de Ensino Superior (IES). Na [&hellip;]","og_url":"https:\/\/www.sinpro-rio.org.br\/principal\/noticias-da-reuni-o-em-brasilia-mec-mantem-descredenciamento-das-ies-e-prepara-um-novo-modelo-de-transfer-ncia-assistida\/","og_site_name":"Sinpro-Rio","article_published_time":"2014-01-16T00:00:00+00:00","author":"rafaelrjp","twitter_card":"summary_large_image","twitter_misc":{"Escrito por":"rafaelrjp","Est. tempo de leitura":"10 minutos"},"schema":{"@context":"https:\/\/schema.org","@graph":[{"@type":"WebPage","@id":"https:\/\/www.sinpro-rio.org.br\/principal\/noticias-da-reuni-o-em-brasilia-mec-mantem-descredenciamento-das-ies-e-prepara-um-novo-modelo-de-transfer-ncia-assistida\/","url":"https:\/\/www.sinpro-rio.org.br\/principal\/noticias-da-reuni-o-em-brasilia-mec-mantem-descredenciamento-das-ies-e-prepara-um-novo-modelo-de-transfer-ncia-assistida\/","name":"Not\u00edcias da reuni\u00e3o em Bras\u00edlia: MEC mant\u00e9m descredenciamento das IES e prepara um novo modelo de transfer\u00eancia assistida - Sinpro-Rio","isPartOf":{"@id":"https:\/\/www.sinpro-rio.org.br\/principal\/#website"},"datePublished":"2014-01-16T00:00:00+00:00","author":{"@id":"https:\/\/www.sinpro-rio.org.br\/principal\/#\/schema\/person\/49feb585a2f57a31a6bd9f16f78e5be6"},"breadcrumb":{"@id":"https:\/\/www.sinpro-rio.org.br\/principal\/noticias-da-reuni-o-em-brasilia-mec-mantem-descredenciamento-das-ies-e-prepara-um-novo-modelo-de-transfer-ncia-assistida\/#breadcrumb"},"inLanguage":"pt-BR","potentialAction":[{"@type":"ReadAction","target":["https:\/\/www.sinpro-rio.org.br\/principal\/noticias-da-reuni-o-em-brasilia-mec-mantem-descredenciamento-das-ies-e-prepara-um-novo-modelo-de-transfer-ncia-assistida\/"]}]},{"@type":"BreadcrumbList","@id":"https:\/\/www.sinpro-rio.org.br\/principal\/noticias-da-reuni-o-em-brasilia-mec-mantem-descredenciamento-das-ies-e-prepara-um-novo-modelo-de-transfer-ncia-assistida\/#breadcrumb","itemListElement":[{"@type":"ListItem","position":1,"name":"In\u00edcio","item":"https:\/\/www.sinpro-rio.org.br\/principal\/"},{"@type":"ListItem","position":2,"name":"Not\u00edcias da reuni\u00e3o em Bras\u00edlia: MEC mant\u00e9m descredenciamento das IES e prepara um novo modelo de transfer\u00eancia assistida"}]},{"@type":"WebSite","@id":"https:\/\/www.sinpro-rio.org.br\/principal\/#website","url":"https:\/\/www.sinpro-rio.org.br\/principal\/","name":"Sinpro-Rio","description":"Sindicato dos Professores do Munic\u00edpio do Rio de Janeiro e Regi\u00e3o","potentialAction":[{"@type":"SearchAction","target":{"@type":"EntryPoint","urlTemplate":"https:\/\/www.sinpro-rio.org.br\/principal\/?s={search_term_string}"},"query-input":{"@type":"PropertyValueSpecification","valueRequired":true,"valueName":"search_term_string"}}],"inLanguage":"pt-BR"},{"@type":"Person","@id":"https:\/\/www.sinpro-rio.org.br\/principal\/#\/schema\/person\/49feb585a2f57a31a6bd9f16f78e5be6","name":"rafaelrjp","image":{"@type":"ImageObject","inLanguage":"pt-BR","@id":"https:\/\/www.sinpro-rio.org.br\/principal\/#\/schema\/person\/image\/","url":"https:\/\/secure.gravatar.com\/avatar\/489371a0ba4655c340b519882c68cf68?s=96&d=mm&r=g","contentUrl":"https:\/\/secure.gravatar.com\/avatar\/489371a0ba4655c340b519882c68cf68?s=96&d=mm&r=g","caption":"rafaelrjp"},"url":"https:\/\/www.sinpro-rio.org.br\/principal\/author\/rafaelrjp\/"}]}},"_links":{"self":[{"href":"https:\/\/www.sinpro-rio.org.br\/principal\/wp-json\/wp\/v2\/posts\/20294","targetHints":{"allow":["GET"]}}],"collection":[{"href":"https:\/\/www.sinpro-rio.org.br\/principal\/wp-json\/wp\/v2\/posts"}],"about":[{"href":"https:\/\/www.sinpro-rio.org.br\/principal\/wp-json\/wp\/v2\/types\/post"}],"author":[{"embeddable":true,"href":"https:\/\/www.sinpro-rio.org.br\/principal\/wp-json\/wp\/v2\/users\/1"}],"replies":[{"embeddable":true,"href":"https:\/\/www.sinpro-rio.org.br\/principal\/wp-json\/wp\/v2\/comments?post=20294"}],"version-history":[{"count":0,"href":"https:\/\/www.sinpro-rio.org.br\/principal\/wp-json\/wp\/v2\/posts\/20294\/revisions"}],"wp:attachment":[{"href":"https:\/\/www.sinpro-rio.org.br\/principal\/wp-json\/wp\/v2\/media?parent=20294"}],"wp:term":[{"taxonomy":"category","embeddable":true,"href":"https:\/\/www.sinpro-rio.org.br\/principal\/wp-json\/wp\/v2\/categories?post=20294"},{"taxonomy":"post_tag","embeddable":true,"href":"https:\/\/www.sinpro-rio.org.br\/principal\/wp-json\/wp\/v2\/tags?post=20294"}],"curies":[{"name":"wp","href":"https:\/\/api.w.org\/{rel}","templated":true}]}}