{"id":20293,"date":"2014-01-17T00:00:00","date_gmt":"2014-01-17T00:00:00","guid":{"rendered":""},"modified":"-0001-11-30T00:00:00","modified_gmt":"-0001-11-30T03:00:00","slug":"parlamentares-sindicalistas-e-estudantes-t-m-reuni-o-no-mpf-sobre-descredenciamento-da-ugf-e-univercidade","status":"publish","type":"post","link":"https:\/\/www.sinpro-rio.org.br\/principal\/parlamentares-sindicalistas-e-estudantes-t-m-reuni-o-no-mpf-sobre-descredenciamento-da-ugf-e-univercidade\/","title":{"rendered":"Parlamentares, sindicalistas e estudantes t\u00eam reuni\u00e3o no MPF sobre descredenciamento da UGF e UniverCidade"},"content":{"rendered":"\n<p>\n <em><br \/>\n  17\/01\/2014<br \/>\n <\/em>\n<\/p>\n<p class=\"imgleft pic\">\n <img decoding=\"async\" align=\"right\" alt=\"foto\" src=\"http:\/\/www.sinprorio.pro.br\/site_antigo\/imagens\/noticia\/2014\/mpf.jpg\" width=\"300\"\/><\/p>\n<p>\n  Diretores do Sinpro-Rio, do SinMed\/RJ e  representantes da Adoci, da ADGF e dos estudantes estiveram ontem, dia 16 de janeiro, junto com os deputados estaduais Robson Leite e Jorge Bittar no Minist\u00e9rio P\u00fablico Federal (MPF) para expor dados e argumentos que demonstram a necessidade e urg\u00eancia de uma INTERVEN\u00c7\u00c3O na Gama Filho e UniverCidade.<\/p>\n<p>\n   Enquanto ocorria a audi\u00eancia, estudantes faziam manifesta\u00e7\u00e3o na porta do MPF.<\/p>\n<p>\n    \u201cNa reuni\u00e3o, foi demonstrada a inviabilidade da transfer\u00eancia dos mais de 10 mil alunos (2200 s\u00f3 de Medicina) e do aproveitamento dos 1600 professores e 1000 funcion\u00e1rios. Al\u00e9m da enxurrada de a\u00e7\u00f5es judiciais que a perda de direitos pode gerar. A melhor sa\u00edda \u00e9 a interven\u00e7\u00e3o judicial atrav\u00e9s de uma a\u00e7\u00e3o civil p\u00fablica, que nomeie um interventor, afaste o Grupo Galileo, fa\u00e7a uma auditoria e retome o funcionamento das universidades&#8221;, divulgou o deputado Robson Leite.<\/p>\n<p>\n     A luta continua!\n    <\/p>\n<\/p>\n<\/p>\n<p>\n Diretores do Sinpro-Rio, do SinMed\/RJ e  representantes da Adoci, da ADGF e dos estudantes estiveram ontem, dia 16 de janeiro, junto com os deputados estaduais Robson Leite e Jorge Bittar no Minist\u00e9rio P\u00fablico Federal (MPF) para expor dados e argumentos que demonstram a necessidade e urg\u00eancia de uma INTERVEN\u00c7\u00c3O na Gama Filho e UniverCidade.<\/p>\n<p>\n  Enquanto ocorria a audi\u00eancia, estudantes faziam manifesta\u00e7\u00e3o na porta do MPF.<\/p>\n<p>\n   \u201cNa reuni\u00e3o, foi demonstrada a inviabilidade da transfer\u00eancia dos mais de 10 mil alunos (2200 s\u00f3 de Medicina) e do aproveitamento dos 1600 professores e 1000 funcion\u00e1rios. Al\u00e9m da enxurrada de a\u00e7\u00f5es judiciais que a perda de direitos pode gerar. A melhor sa\u00edda \u00e9 a interven\u00e7\u00e3o judicial atrav\u00e9s de uma a\u00e7\u00e3o civil p\u00fablica, que nomeie um interventor, afaste o Grupo Galileo, fa\u00e7a uma auditoria e retome o funcionamento das universidades&#8221;, divulgou o deputado Robson Leite.<\/p>\n<p>\n    A luta continua!\n   <\/p>\n<\/p>\n<\/p>\n<p>\n Enquanto ocorria a audi\u00eancia, estudantes faziam manifesta\u00e7\u00e3o na porta do MPF.<\/p>\n<p>\n  \u201cNa reuni\u00e3o, foi demonstrada a inviabilidade da transfer\u00eancia dos mais de 10 mil alunos (2200 s\u00f3 de Medicina) e do aproveitamento dos 1600 professores e 1000 funcion\u00e1rios. Al\u00e9m da enxurrada de a\u00e7\u00f5es judiciais que a perda de direitos pode gerar. A melhor sa\u00edda \u00e9 a interven\u00e7\u00e3o judicial atrav\u00e9s de uma a\u00e7\u00e3o civil p\u00fablica, que nomeie um interventor, afaste o Grupo Galileo, fa\u00e7a uma auditoria e retome o funcionamento das universidades&#8221;, divulgou o deputado Robson Leite.<\/p>\n<p>\n   A luta continua!\n  <\/p>\n<\/p>\n<p>\n \u201cNa reuni\u00e3o, foi demonstrada a inviabilidade da transfer\u00eancia dos mais de 10 mil alunos (2200 s\u00f3 de Medicina) e do aproveitamento dos 1600 professores e 1000 funcion\u00e1rios. Al\u00e9m da enxurrada de a\u00e7\u00f5es judiciais que a perda de direitos pode gerar. A melhor sa\u00edda \u00e9 a interven\u00e7\u00e3o judicial atrav\u00e9s de uma a\u00e7\u00e3o civil p\u00fablica, que nomeie um interventor, afaste o Grupo Galileo, fa\u00e7a uma auditoria e retome o funcionamento das universidades&#8221;, divulgou o deputado Robson Leite.<\/p>\n<p>\n  A luta continua!\n <\/p>\n<\/p>\n<p>\n A luta continua!<\/p>\n","protected":false},"excerpt":{"rendered":"<p>17\/01\/2014 Diretores do Sinpro-Rio, do SinMed\/RJ e representantes da Adoci, da ADGF e dos estudantes estiveram ontem, dia 16 de janeiro, junto com os deputados estaduais Robson Leite e Jorge Bittar no Minist\u00e9rio P\u00fablico Federal (MPF) para expor dados e argumentos que demonstram a necessidade e urg\u00eancia de uma INTERVEN\u00c7\u00c3O na Gama Filho e UniverCidade. [&hellip;]<\/p>\n","protected":false},"author":1,"featured_media":0,"comment_status":"closed","ping_status":"open","sticky":false,"template":"","format":"standard","meta":{"footnotes":""},"categories":[1],"tags":[],"class_list":["post-20293","post","type-post","status-publish","format-standard","hentry","category-noticias"],"yoast_head":"<!-- This site is optimized with the Yoast SEO plugin v25.7 - https:\/\/yoast.com\/wordpress\/plugins\/seo\/ -->\n<title>Parlamentares, sindicalistas e estudantes t\u00eam reuni\u00e3o no MPF sobre descredenciamento da UGF e UniverCidade - Sinpro-Rio<\/title>\n<meta name=\"robots\" content=\"index, follow, max-snippet:-1, max-image-preview:large, max-video-preview:-1\" \/>\n<link rel=\"canonical\" href=\"https:\/\/www.sinpro-rio.org.br\/principal\/parlamentares-sindicalistas-e-estudantes-t-m-reuni-o-no-mpf-sobre-descredenciamento-da-ugf-e-univercidade\/\" \/>\n<meta property=\"og:locale\" content=\"pt_BR\" \/>\n<meta property=\"og:type\" content=\"article\" \/>\n<meta property=\"og:title\" content=\"Parlamentares, sindicalistas e estudantes t\u00eam reuni\u00e3o no MPF sobre descredenciamento da UGF e UniverCidade - Sinpro-Rio\" \/>\n<meta property=\"og:description\" content=\"17\/01\/2014 Diretores do Sinpro-Rio, do SinMed\/RJ e representantes da Adoci, da ADGF e dos estudantes estiveram ontem, dia 16 de janeiro, junto com os deputados estaduais Robson Leite e Jorge Bittar no Minist\u00e9rio P\u00fablico Federal (MPF) para expor dados e argumentos que demonstram a necessidade e urg\u00eancia de uma INTERVEN\u00c7\u00c3O na Gama Filho e UniverCidade. [&hellip;]\" \/>\n<meta property=\"og:url\" content=\"https:\/\/www.sinpro-rio.org.br\/principal\/parlamentares-sindicalistas-e-estudantes-t-m-reuni-o-no-mpf-sobre-descredenciamento-da-ugf-e-univercidade\/\" \/>\n<meta property=\"og:site_name\" content=\"Sinpro-Rio\" \/>\n<meta property=\"article:published_time\" content=\"2014-01-17T00:00:00+00:00\" \/>\n<meta property=\"og:image\" content=\"http:\/\/www.sinprorio.pro.br\/site_antigo\/imagens\/noticia\/2014\/mpf.jpg\" \/>\n<meta name=\"author\" content=\"rafaelrjp\" \/>\n<meta name=\"twitter:card\" content=\"summary_large_image\" \/>\n<meta name=\"twitter:label1\" content=\"Escrito por\" \/>\n\t<meta name=\"twitter:data1\" content=\"rafaelrjp\" \/>\n\t<meta name=\"twitter:label2\" content=\"Est. tempo de leitura\" \/>\n\t<meta name=\"twitter:data2\" content=\"2 minutos\" \/>\n<script type=\"application\/ld+json\" class=\"yoast-schema-graph\">{\"@context\":\"https:\/\/schema.org\",\"@graph\":[{\"@type\":\"WebPage\",\"@id\":\"https:\/\/www.sinpro-rio.org.br\/principal\/parlamentares-sindicalistas-e-estudantes-t-m-reuni-o-no-mpf-sobre-descredenciamento-da-ugf-e-univercidade\/\",\"url\":\"https:\/\/www.sinpro-rio.org.br\/principal\/parlamentares-sindicalistas-e-estudantes-t-m-reuni-o-no-mpf-sobre-descredenciamento-da-ugf-e-univercidade\/\",\"name\":\"Parlamentares, sindicalistas e estudantes t\u00eam reuni\u00e3o no MPF sobre descredenciamento da UGF e UniverCidade - Sinpro-Rio\",\"isPartOf\":{\"@id\":\"https:\/\/www.sinpro-rio.org.br\/principal\/#website\"},\"primaryImageOfPage\":{\"@id\":\"https:\/\/www.sinpro-rio.org.br\/principal\/parlamentares-sindicalistas-e-estudantes-t-m-reuni-o-no-mpf-sobre-descredenciamento-da-ugf-e-univercidade\/#primaryimage\"},\"image\":{\"@id\":\"https:\/\/www.sinpro-rio.org.br\/principal\/parlamentares-sindicalistas-e-estudantes-t-m-reuni-o-no-mpf-sobre-descredenciamento-da-ugf-e-univercidade\/#primaryimage\"},\"thumbnailUrl\":\"http:\/\/www.sinprorio.pro.br\/site_antigo\/imagens\/noticia\/2014\/mpf.jpg\",\"datePublished\":\"2014-01-17T00:00:00+00:00\",\"author\":{\"@id\":\"https:\/\/www.sinpro-rio.org.br\/principal\/#\/schema\/person\/49feb585a2f57a31a6bd9f16f78e5be6\"},\"breadcrumb\":{\"@id\":\"https:\/\/www.sinpro-rio.org.br\/principal\/parlamentares-sindicalistas-e-estudantes-t-m-reuni-o-no-mpf-sobre-descredenciamento-da-ugf-e-univercidade\/#breadcrumb\"},\"inLanguage\":\"pt-BR\",\"potentialAction\":[{\"@type\":\"ReadAction\",\"target\":[\"https:\/\/www.sinpro-rio.org.br\/principal\/parlamentares-sindicalistas-e-estudantes-t-m-reuni-o-no-mpf-sobre-descredenciamento-da-ugf-e-univercidade\/\"]}]},{\"@type\":\"ImageObject\",\"inLanguage\":\"pt-BR\",\"@id\":\"https:\/\/www.sinpro-rio.org.br\/principal\/parlamentares-sindicalistas-e-estudantes-t-m-reuni-o-no-mpf-sobre-descredenciamento-da-ugf-e-univercidade\/#primaryimage\",\"url\":\"http:\/\/www.sinprorio.pro.br\/site_antigo\/imagens\/noticia\/2014\/mpf.jpg\",\"contentUrl\":\"http:\/\/www.sinprorio.pro.br\/site_antigo\/imagens\/noticia\/2014\/mpf.jpg\"},{\"@type\":\"BreadcrumbList\",\"@id\":\"https:\/\/www.sinpro-rio.org.br\/principal\/parlamentares-sindicalistas-e-estudantes-t-m-reuni-o-no-mpf-sobre-descredenciamento-da-ugf-e-univercidade\/#breadcrumb\",\"itemListElement\":[{\"@type\":\"ListItem\",\"position\":1,\"name\":\"In\u00edcio\",\"item\":\"https:\/\/www.sinpro-rio.org.br\/principal\/\"},{\"@type\":\"ListItem\",\"position\":2,\"name\":\"Parlamentares, sindicalistas e estudantes t\u00eam reuni\u00e3o no MPF sobre descredenciamento da UGF e UniverCidade\"}]},{\"@type\":\"WebSite\",\"@id\":\"https:\/\/www.sinpro-rio.org.br\/principal\/#website\",\"url\":\"https:\/\/www.sinpro-rio.org.br\/principal\/\",\"name\":\"Sinpro-Rio\",\"description\":\"Sindicato dos Professores do Munic\u00edpio do Rio de Janeiro e Regi\u00e3o\",\"potentialAction\":[{\"@type\":\"SearchAction\",\"target\":{\"@type\":\"EntryPoint\",\"urlTemplate\":\"https:\/\/www.sinpro-rio.org.br\/principal\/?s={search_term_string}\"},\"query-input\":{\"@type\":\"PropertyValueSpecification\",\"valueRequired\":true,\"valueName\":\"search_term_string\"}}],\"inLanguage\":\"pt-BR\"},{\"@type\":\"Person\",\"@id\":\"https:\/\/www.sinpro-rio.org.br\/principal\/#\/schema\/person\/49feb585a2f57a31a6bd9f16f78e5be6\",\"name\":\"rafaelrjp\",\"image\":{\"@type\":\"ImageObject\",\"inLanguage\":\"pt-BR\",\"@id\":\"https:\/\/www.sinpro-rio.org.br\/principal\/#\/schema\/person\/image\/\",\"url\":\"https:\/\/secure.gravatar.com\/avatar\/489371a0ba4655c340b519882c68cf68?s=96&d=mm&r=g\",\"contentUrl\":\"https:\/\/secure.gravatar.com\/avatar\/489371a0ba4655c340b519882c68cf68?s=96&d=mm&r=g\",\"caption\":\"rafaelrjp\"},\"url\":\"https:\/\/www.sinpro-rio.org.br\/principal\/author\/rafaelrjp\/\"}]}<\/script>\n<!-- \/ Yoast SEO plugin. -->","yoast_head_json":{"title":"Parlamentares, sindicalistas e estudantes t\u00eam reuni\u00e3o no MPF sobre descredenciamento da UGF e UniverCidade - Sinpro-Rio","robots":{"index":"index","follow":"follow","max-snippet":"max-snippet:-1","max-image-preview":"max-image-preview:large","max-video-preview":"max-video-preview:-1"},"canonical":"https:\/\/www.sinpro-rio.org.br\/principal\/parlamentares-sindicalistas-e-estudantes-t-m-reuni-o-no-mpf-sobre-descredenciamento-da-ugf-e-univercidade\/","og_locale":"pt_BR","og_type":"article","og_title":"Parlamentares, sindicalistas e estudantes t\u00eam reuni\u00e3o no MPF sobre descredenciamento da UGF e UniverCidade - Sinpro-Rio","og_description":"17\/01\/2014 Diretores do Sinpro-Rio, do SinMed\/RJ e representantes da Adoci, da ADGF e dos estudantes estiveram ontem, dia 16 de janeiro, junto com os deputados estaduais Robson Leite e Jorge Bittar no Minist\u00e9rio P\u00fablico Federal (MPF) para expor dados e argumentos que demonstram a necessidade e urg\u00eancia de uma INTERVEN\u00c7\u00c3O na Gama Filho e UniverCidade. [&hellip;]","og_url":"https:\/\/www.sinpro-rio.org.br\/principal\/parlamentares-sindicalistas-e-estudantes-t-m-reuni-o-no-mpf-sobre-descredenciamento-da-ugf-e-univercidade\/","og_site_name":"Sinpro-Rio","article_published_time":"2014-01-17T00:00:00+00:00","og_image":[{"url":"http:\/\/www.sinprorio.pro.br\/site_antigo\/imagens\/noticia\/2014\/mpf.jpg","type":"","width":"","height":""}],"author":"rafaelrjp","twitter_card":"summary_large_image","twitter_misc":{"Escrito por":"rafaelrjp","Est. tempo de leitura":"2 minutos"},"schema":{"@context":"https:\/\/schema.org","@graph":[{"@type":"WebPage","@id":"https:\/\/www.sinpro-rio.org.br\/principal\/parlamentares-sindicalistas-e-estudantes-t-m-reuni-o-no-mpf-sobre-descredenciamento-da-ugf-e-univercidade\/","url":"https:\/\/www.sinpro-rio.org.br\/principal\/parlamentares-sindicalistas-e-estudantes-t-m-reuni-o-no-mpf-sobre-descredenciamento-da-ugf-e-univercidade\/","name":"Parlamentares, sindicalistas e estudantes t\u00eam reuni\u00e3o no MPF sobre descredenciamento da UGF e UniverCidade - Sinpro-Rio","isPartOf":{"@id":"https:\/\/www.sinpro-rio.org.br\/principal\/#website"},"primaryImageOfPage":{"@id":"https:\/\/www.sinpro-rio.org.br\/principal\/parlamentares-sindicalistas-e-estudantes-t-m-reuni-o-no-mpf-sobre-descredenciamento-da-ugf-e-univercidade\/#primaryimage"},"image":{"@id":"https:\/\/www.sinpro-rio.org.br\/principal\/parlamentares-sindicalistas-e-estudantes-t-m-reuni-o-no-mpf-sobre-descredenciamento-da-ugf-e-univercidade\/#primaryimage"},"thumbnailUrl":"http:\/\/www.sinprorio.pro.br\/site_antigo\/imagens\/noticia\/2014\/mpf.jpg","datePublished":"2014-01-17T00:00:00+00:00","author":{"@id":"https:\/\/www.sinpro-rio.org.br\/principal\/#\/schema\/person\/49feb585a2f57a31a6bd9f16f78e5be6"},"breadcrumb":{"@id":"https:\/\/www.sinpro-rio.org.br\/principal\/parlamentares-sindicalistas-e-estudantes-t-m-reuni-o-no-mpf-sobre-descredenciamento-da-ugf-e-univercidade\/#breadcrumb"},"inLanguage":"pt-BR","potentialAction":[{"@type":"ReadAction","target":["https:\/\/www.sinpro-rio.org.br\/principal\/parlamentares-sindicalistas-e-estudantes-t-m-reuni-o-no-mpf-sobre-descredenciamento-da-ugf-e-univercidade\/"]}]},{"@type":"ImageObject","inLanguage":"pt-BR","@id":"https:\/\/www.sinpro-rio.org.br\/principal\/parlamentares-sindicalistas-e-estudantes-t-m-reuni-o-no-mpf-sobre-descredenciamento-da-ugf-e-univercidade\/#primaryimage","url":"http:\/\/www.sinprorio.pro.br\/site_antigo\/imagens\/noticia\/2014\/mpf.jpg","contentUrl":"http:\/\/www.sinprorio.pro.br\/site_antigo\/imagens\/noticia\/2014\/mpf.jpg"},{"@type":"BreadcrumbList","@id":"https:\/\/www.sinpro-rio.org.br\/principal\/parlamentares-sindicalistas-e-estudantes-t-m-reuni-o-no-mpf-sobre-descredenciamento-da-ugf-e-univercidade\/#breadcrumb","itemListElement":[{"@type":"ListItem","position":1,"name":"In\u00edcio","item":"https:\/\/www.sinpro-rio.org.br\/principal\/"},{"@type":"ListItem","position":2,"name":"Parlamentares, sindicalistas e estudantes t\u00eam reuni\u00e3o no MPF sobre descredenciamento da UGF e UniverCidade"}]},{"@type":"WebSite","@id":"https:\/\/www.sinpro-rio.org.br\/principal\/#website","url":"https:\/\/www.sinpro-rio.org.br\/principal\/","name":"Sinpro-Rio","description":"Sindicato dos Professores do Munic\u00edpio do Rio de Janeiro e Regi\u00e3o","potentialAction":[{"@type":"SearchAction","target":{"@type":"EntryPoint","urlTemplate":"https:\/\/www.sinpro-rio.org.br\/principal\/?s={search_term_string}"},"query-input":{"@type":"PropertyValueSpecification","valueRequired":true,"valueName":"search_term_string"}}],"inLanguage":"pt-BR"},{"@type":"Person","@id":"https:\/\/www.sinpro-rio.org.br\/principal\/#\/schema\/person\/49feb585a2f57a31a6bd9f16f78e5be6","name":"rafaelrjp","image":{"@type":"ImageObject","inLanguage":"pt-BR","@id":"https:\/\/www.sinpro-rio.org.br\/principal\/#\/schema\/person\/image\/","url":"https:\/\/secure.gravatar.com\/avatar\/489371a0ba4655c340b519882c68cf68?s=96&d=mm&r=g","contentUrl":"https:\/\/secure.gravatar.com\/avatar\/489371a0ba4655c340b519882c68cf68?s=96&d=mm&r=g","caption":"rafaelrjp"},"url":"https:\/\/www.sinpro-rio.org.br\/principal\/author\/rafaelrjp\/"}]}},"_links":{"self":[{"href":"https:\/\/www.sinpro-rio.org.br\/principal\/wp-json\/wp\/v2\/posts\/20293","targetHints":{"allow":["GET"]}}],"collection":[{"href":"https:\/\/www.sinpro-rio.org.br\/principal\/wp-json\/wp\/v2\/posts"}],"about":[{"href":"https:\/\/www.sinpro-rio.org.br\/principal\/wp-json\/wp\/v2\/types\/post"}],"author":[{"embeddable":true,"href":"https:\/\/www.sinpro-rio.org.br\/principal\/wp-json\/wp\/v2\/users\/1"}],"replies":[{"embeddable":true,"href":"https:\/\/www.sinpro-rio.org.br\/principal\/wp-json\/wp\/v2\/comments?post=20293"}],"version-history":[{"count":0,"href":"https:\/\/www.sinpro-rio.org.br\/principal\/wp-json\/wp\/v2\/posts\/20293\/revisions"}],"wp:attachment":[{"href":"https:\/\/www.sinpro-rio.org.br\/principal\/wp-json\/wp\/v2\/media?parent=20293"}],"wp:term":[{"taxonomy":"category","embeddable":true,"href":"https:\/\/www.sinpro-rio.org.br\/principal\/wp-json\/wp\/v2\/categories?post=20293"},{"taxonomy":"post_tag","embeddable":true,"href":"https:\/\/www.sinpro-rio.org.br\/principal\/wp-json\/wp\/v2\/tags?post=20293"}],"curies":[{"name":"wp","href":"https:\/\/api.w.org\/{rel}","templated":true}]}}