{"id":20288,"date":"2014-01-23T00:00:00","date_gmt":"2014-01-23T00:00:00","guid":{"rendered":""},"modified":"-0001-11-30T00:00:00","modified_gmt":"-0001-11-30T03:00:00","slug":"caso-galileo-seres-divulgou-editais-de-transfer-ncia-assistida-confira","status":"publish","type":"post","link":"https:\/\/www.sinpro-rio.org.br\/principal\/caso-galileo-seres-divulgou-editais-de-transfer-ncia-assistida-confira\/","title":{"rendered":"Caso Galileo: Seres divulgou editais de transfer\u00eancia assistida. Confira!"},"content":{"rendered":"\n<p>\n <em><br \/>\n  23\/01\/2014<br \/>\n <\/em>\n<\/p>\n<p>\n Os editais de processo de transfer\u00eancia assistida dos estudantes da Universidade Gama Filho (UGF) e do Centro Universit\u00e1rio da Cidade (UniverCidade) foram publicados na edi\u00e7\u00e3o extraordin\u00e1ria de ontem, dia 23 de janeiro. As duas IES foram descredenciadas pelo Despacho n\u00ba2, de 13 de janeiro de 2014, da Seres.<\/p>\n<p>\n  Segundo divulgou o portal do MEC, \u201cos editais t\u00eam como objetivo selecionar institui\u00e7\u00f5es de ensino superior que tenham interesse em admitir os estudantes advindos da UGF e UniverCidade. Para o curso de Medicina da UGF, foi publicado um edital pr\u00f3prio\u201d. Ainda segundo o minist\u00e9rio, representantes da Seres se reunir\u00e3o no dia 27, pr\u00f3xima segunda-feira, para apresentar os editais \u00e0s institui\u00e7\u00f5es de ensino superior interessadas.<\/p>\n<p>\n   Leia<br \/>\n   <a href=\"http:\/\/pesquisa.in.gov.br\/imprensa\/jsp\/visualiza\/index.jsp?data=23\/01\/2014&amp;jornal=3000&amp;pagina=1&amp;totalArquivos=12\"><br \/>\n    aqui<br \/>\n   <\/a><br \/>\n   os editais de transfer\u00eancia assistida, publicados na edi\u00e7\u00e3o extraordin\u00e1ria do Di\u00e1rio Oficial da Uni\u00e3o de 23 de janeiro de 2014.<\/p>\n<p>\n    Veja<br \/>\n    <a href=\"http:\/\/pesquisa.in.gov.br\/imprensa\/jsp\/visualiza\/index.jsp?data=14\/01\/2014&amp;jornal=1&amp;pagina=20&amp;totalArquivos=120\"><br \/>\n     aqui<br \/>\n    <\/a><br \/>\n    o Despacho do MEC, publicado no Di\u00e1rio Oficial da Uni\u00e3o de 14 de janeiro de 2014.<\/p>\n<p>\n     <b><br \/>\n      A Diretoria<br \/>\n     <\/b>\n    <\/p>\n<\/p>\n<\/p>\n<p>\n Segundo divulgou o portal do MEC, \u201cos editais t\u00eam como objetivo selecionar institui\u00e7\u00f5es de ensino superior que tenham interesse em admitir os estudantes advindos da UGF e UniverCidade. Para o curso de Medicina da UGF, foi publicado um edital pr\u00f3prio\u201d. Ainda segundo o minist\u00e9rio, representantes da Seres se reunir\u00e3o no dia 27, pr\u00f3xima segunda-feira, para apresentar os editais \u00e0s institui\u00e7\u00f5es de ensino superior interessadas.<\/p>\n<p>\n  Leia<br \/>\n  <a href=\"http:\/\/pesquisa.in.gov.br\/imprensa\/jsp\/visualiza\/index.jsp?data=23\/01\/2014&amp;jornal=3000&amp;pagina=1&amp;totalArquivos=12\"><br \/>\n   aqui<br \/>\n  <\/a><br \/>\n  os editais de transfer\u00eancia assistida, publicados na edi\u00e7\u00e3o extraordin\u00e1ria do Di\u00e1rio Oficial da Uni\u00e3o de 23 de janeiro de 2014.<\/p>\n<p>\n   Veja<br \/>\n   <a href=\"http:\/\/pesquisa.in.gov.br\/imprensa\/jsp\/visualiza\/index.jsp?data=14\/01\/2014&amp;jornal=1&amp;pagina=20&amp;totalArquivos=120\"><br \/>\n    aqui<br \/>\n   <\/a><br \/>\n   o Despacho do MEC, publicado no Di\u00e1rio Oficial da Uni\u00e3o de 14 de janeiro de 2014.<\/p>\n<p>\n    <b><br \/>\n     A Diretoria<br \/>\n    <\/b>\n   <\/p>\n<\/p>\n<\/p>\n<p>\n Leia<br \/>\n <a href=\"http:\/\/pesquisa.in.gov.br\/imprensa\/jsp\/visualiza\/index.jsp?data=23\/01\/2014&amp;jornal=3000&amp;pagina=1&amp;totalArquivos=12\"><br \/>\n  aqui<br \/>\n <\/a><br \/>\n os editais de transfer\u00eancia assistida, publicados na edi\u00e7\u00e3o extraordin\u00e1ria do Di\u00e1rio Oficial da Uni\u00e3o de 23 de janeiro de 2014.<\/p>\n<p>\n  Veja<br \/>\n  <a href=\"http:\/\/pesquisa.in.gov.br\/imprensa\/jsp\/visualiza\/index.jsp?data=14\/01\/2014&amp;jornal=1&amp;pagina=20&amp;totalArquivos=120\"><br \/>\n   aqui<br \/>\n  <\/a><br \/>\n  o Despacho do MEC, publicado no Di\u00e1rio Oficial da Uni\u00e3o de 14 de janeiro de 2014.<\/p>\n<p>\n   <b><br \/>\n    A Diretoria<br \/>\n   <\/b>\n  <\/p>\n<\/p>\n<p>\n Veja<br \/>\n <a href=\"http:\/\/pesquisa.in.gov.br\/imprensa\/jsp\/visualiza\/index.jsp?data=14\/01\/2014&amp;jornal=1&amp;pagina=20&amp;totalArquivos=120\"><br \/>\n  aqui<br \/>\n <\/a><br \/>\n o Despacho do MEC, publicado no Di\u00e1rio Oficial da Uni\u00e3o de 14 de janeiro de 2014.<\/p>\n<p>\n  <b><br \/>\n   A Diretoria<br \/>\n  <\/b>\n <\/p>\n<\/p>\n<p>\n <b><br \/>\n  A Diretoria<br \/>\n <\/b><\/p>\n","protected":false},"excerpt":{"rendered":"<p>23\/01\/2014 Os editais de processo de transfer\u00eancia assistida dos estudantes da Universidade Gama Filho (UGF) e do Centro Universit\u00e1rio da Cidade (UniverCidade) foram publicados na edi\u00e7\u00e3o extraordin\u00e1ria de ontem, dia 23 de janeiro. As duas IES foram descredenciadas pelo Despacho n\u00ba2, de 13 de janeiro de 2014, da Seres. Segundo divulgou o portal do MEC, [&hellip;]<\/p>\n","protected":false},"author":1,"featured_media":0,"comment_status":"closed","ping_status":"open","sticky":false,"template":"","format":"standard","meta":{"footnotes":""},"categories":[1],"tags":[],"class_list":["post-20288","post","type-post","status-publish","format-standard","hentry","category-noticias"],"yoast_head":"<!-- This site is optimized with the Yoast SEO plugin v25.7 - https:\/\/yoast.com\/wordpress\/plugins\/seo\/ -->\n<title>Caso Galileo: Seres divulgou editais de transfer\u00eancia assistida. Confira! - Sinpro-Rio<\/title>\n<meta name=\"robots\" content=\"index, follow, max-snippet:-1, max-image-preview:large, max-video-preview:-1\" \/>\n<link rel=\"canonical\" href=\"https:\/\/www.sinpro-rio.org.br\/principal\/caso-galileo-seres-divulgou-editais-de-transfer-ncia-assistida-confira\/\" \/>\n<meta property=\"og:locale\" content=\"pt_BR\" \/>\n<meta property=\"og:type\" content=\"article\" \/>\n<meta property=\"og:title\" content=\"Caso Galileo: Seres divulgou editais de transfer\u00eancia assistida. Confira! - Sinpro-Rio\" \/>\n<meta property=\"og:description\" content=\"23\/01\/2014 Os editais de processo de transfer\u00eancia assistida dos estudantes da Universidade Gama Filho (UGF) e do Centro Universit\u00e1rio da Cidade (UniverCidade) foram publicados na edi\u00e7\u00e3o extraordin\u00e1ria de ontem, dia 23 de janeiro. As duas IES foram descredenciadas pelo Despacho n\u00ba2, de 13 de janeiro de 2014, da Seres. Segundo divulgou o portal do MEC, [&hellip;]\" \/>\n<meta property=\"og:url\" content=\"https:\/\/www.sinpro-rio.org.br\/principal\/caso-galileo-seres-divulgou-editais-de-transfer-ncia-assistida-confira\/\" \/>\n<meta property=\"og:site_name\" content=\"Sinpro-Rio\" \/>\n<meta property=\"article:published_time\" content=\"2014-01-23T00:00:00+00:00\" \/>\n<meta name=\"author\" content=\"rafaelrjp\" \/>\n<meta name=\"twitter:card\" content=\"summary_large_image\" \/>\n<meta name=\"twitter:label1\" content=\"Escrito por\" \/>\n\t<meta name=\"twitter:data1\" content=\"rafaelrjp\" \/>\n\t<meta name=\"twitter:label2\" content=\"Est. tempo de leitura\" \/>\n\t<meta name=\"twitter:data2\" content=\"2 minutos\" \/>\n<script type=\"application\/ld+json\" class=\"yoast-schema-graph\">{\"@context\":\"https:\/\/schema.org\",\"@graph\":[{\"@type\":\"WebPage\",\"@id\":\"https:\/\/www.sinpro-rio.org.br\/principal\/caso-galileo-seres-divulgou-editais-de-transfer-ncia-assistida-confira\/\",\"url\":\"https:\/\/www.sinpro-rio.org.br\/principal\/caso-galileo-seres-divulgou-editais-de-transfer-ncia-assistida-confira\/\",\"name\":\"Caso Galileo: Seres divulgou editais de transfer\u00eancia assistida. Confira! - Sinpro-Rio\",\"isPartOf\":{\"@id\":\"https:\/\/www.sinpro-rio.org.br\/principal\/#website\"},\"datePublished\":\"2014-01-23T00:00:00+00:00\",\"author\":{\"@id\":\"https:\/\/www.sinpro-rio.org.br\/principal\/#\/schema\/person\/49feb585a2f57a31a6bd9f16f78e5be6\"},\"breadcrumb\":{\"@id\":\"https:\/\/www.sinpro-rio.org.br\/principal\/caso-galileo-seres-divulgou-editais-de-transfer-ncia-assistida-confira\/#breadcrumb\"},\"inLanguage\":\"pt-BR\",\"potentialAction\":[{\"@type\":\"ReadAction\",\"target\":[\"https:\/\/www.sinpro-rio.org.br\/principal\/caso-galileo-seres-divulgou-editais-de-transfer-ncia-assistida-confira\/\"]}]},{\"@type\":\"BreadcrumbList\",\"@id\":\"https:\/\/www.sinpro-rio.org.br\/principal\/caso-galileo-seres-divulgou-editais-de-transfer-ncia-assistida-confira\/#breadcrumb\",\"itemListElement\":[{\"@type\":\"ListItem\",\"position\":1,\"name\":\"In\u00edcio\",\"item\":\"https:\/\/www.sinpro-rio.org.br\/principal\/\"},{\"@type\":\"ListItem\",\"position\":2,\"name\":\"Caso Galileo: Seres divulgou editais de transfer\u00eancia assistida. Confira!\"}]},{\"@type\":\"WebSite\",\"@id\":\"https:\/\/www.sinpro-rio.org.br\/principal\/#website\",\"url\":\"https:\/\/www.sinpro-rio.org.br\/principal\/\",\"name\":\"Sinpro-Rio\",\"description\":\"Sindicato dos Professores do Munic\u00edpio do Rio de Janeiro e Regi\u00e3o\",\"potentialAction\":[{\"@type\":\"SearchAction\",\"target\":{\"@type\":\"EntryPoint\",\"urlTemplate\":\"https:\/\/www.sinpro-rio.org.br\/principal\/?s={search_term_string}\"},\"query-input\":{\"@type\":\"PropertyValueSpecification\",\"valueRequired\":true,\"valueName\":\"search_term_string\"}}],\"inLanguage\":\"pt-BR\"},{\"@type\":\"Person\",\"@id\":\"https:\/\/www.sinpro-rio.org.br\/principal\/#\/schema\/person\/49feb585a2f57a31a6bd9f16f78e5be6\",\"name\":\"rafaelrjp\",\"image\":{\"@type\":\"ImageObject\",\"inLanguage\":\"pt-BR\",\"@id\":\"https:\/\/www.sinpro-rio.org.br\/principal\/#\/schema\/person\/image\/\",\"url\":\"https:\/\/secure.gravatar.com\/avatar\/489371a0ba4655c340b519882c68cf68?s=96&d=mm&r=g\",\"contentUrl\":\"https:\/\/secure.gravatar.com\/avatar\/489371a0ba4655c340b519882c68cf68?s=96&d=mm&r=g\",\"caption\":\"rafaelrjp\"},\"url\":\"https:\/\/www.sinpro-rio.org.br\/principal\/author\/rafaelrjp\/\"}]}<\/script>\n<!-- \/ Yoast SEO plugin. -->","yoast_head_json":{"title":"Caso Galileo: Seres divulgou editais de transfer\u00eancia assistida. Confira! - Sinpro-Rio","robots":{"index":"index","follow":"follow","max-snippet":"max-snippet:-1","max-image-preview":"max-image-preview:large","max-video-preview":"max-video-preview:-1"},"canonical":"https:\/\/www.sinpro-rio.org.br\/principal\/caso-galileo-seres-divulgou-editais-de-transfer-ncia-assistida-confira\/","og_locale":"pt_BR","og_type":"article","og_title":"Caso Galileo: Seres divulgou editais de transfer\u00eancia assistida. Confira! - Sinpro-Rio","og_description":"23\/01\/2014 Os editais de processo de transfer\u00eancia assistida dos estudantes da Universidade Gama Filho (UGF) e do Centro Universit\u00e1rio da Cidade (UniverCidade) foram publicados na edi\u00e7\u00e3o extraordin\u00e1ria de ontem, dia 23 de janeiro. As duas IES foram descredenciadas pelo Despacho n\u00ba2, de 13 de janeiro de 2014, da Seres. Segundo divulgou o portal do MEC, [&hellip;]","og_url":"https:\/\/www.sinpro-rio.org.br\/principal\/caso-galileo-seres-divulgou-editais-de-transfer-ncia-assistida-confira\/","og_site_name":"Sinpro-Rio","article_published_time":"2014-01-23T00:00:00+00:00","author":"rafaelrjp","twitter_card":"summary_large_image","twitter_misc":{"Escrito por":"rafaelrjp","Est. tempo de leitura":"2 minutos"},"schema":{"@context":"https:\/\/schema.org","@graph":[{"@type":"WebPage","@id":"https:\/\/www.sinpro-rio.org.br\/principal\/caso-galileo-seres-divulgou-editais-de-transfer-ncia-assistida-confira\/","url":"https:\/\/www.sinpro-rio.org.br\/principal\/caso-galileo-seres-divulgou-editais-de-transfer-ncia-assistida-confira\/","name":"Caso Galileo: Seres divulgou editais de transfer\u00eancia assistida. Confira! - Sinpro-Rio","isPartOf":{"@id":"https:\/\/www.sinpro-rio.org.br\/principal\/#website"},"datePublished":"2014-01-23T00:00:00+00:00","author":{"@id":"https:\/\/www.sinpro-rio.org.br\/principal\/#\/schema\/person\/49feb585a2f57a31a6bd9f16f78e5be6"},"breadcrumb":{"@id":"https:\/\/www.sinpro-rio.org.br\/principal\/caso-galileo-seres-divulgou-editais-de-transfer-ncia-assistida-confira\/#breadcrumb"},"inLanguage":"pt-BR","potentialAction":[{"@type":"ReadAction","target":["https:\/\/www.sinpro-rio.org.br\/principal\/caso-galileo-seres-divulgou-editais-de-transfer-ncia-assistida-confira\/"]}]},{"@type":"BreadcrumbList","@id":"https:\/\/www.sinpro-rio.org.br\/principal\/caso-galileo-seres-divulgou-editais-de-transfer-ncia-assistida-confira\/#breadcrumb","itemListElement":[{"@type":"ListItem","position":1,"name":"In\u00edcio","item":"https:\/\/www.sinpro-rio.org.br\/principal\/"},{"@type":"ListItem","position":2,"name":"Caso Galileo: Seres divulgou editais de transfer\u00eancia assistida. Confira!"}]},{"@type":"WebSite","@id":"https:\/\/www.sinpro-rio.org.br\/principal\/#website","url":"https:\/\/www.sinpro-rio.org.br\/principal\/","name":"Sinpro-Rio","description":"Sindicato dos Professores do Munic\u00edpio do Rio de Janeiro e Regi\u00e3o","potentialAction":[{"@type":"SearchAction","target":{"@type":"EntryPoint","urlTemplate":"https:\/\/www.sinpro-rio.org.br\/principal\/?s={search_term_string}"},"query-input":{"@type":"PropertyValueSpecification","valueRequired":true,"valueName":"search_term_string"}}],"inLanguage":"pt-BR"},{"@type":"Person","@id":"https:\/\/www.sinpro-rio.org.br\/principal\/#\/schema\/person\/49feb585a2f57a31a6bd9f16f78e5be6","name":"rafaelrjp","image":{"@type":"ImageObject","inLanguage":"pt-BR","@id":"https:\/\/www.sinpro-rio.org.br\/principal\/#\/schema\/person\/image\/","url":"https:\/\/secure.gravatar.com\/avatar\/489371a0ba4655c340b519882c68cf68?s=96&d=mm&r=g","contentUrl":"https:\/\/secure.gravatar.com\/avatar\/489371a0ba4655c340b519882c68cf68?s=96&d=mm&r=g","caption":"rafaelrjp"},"url":"https:\/\/www.sinpro-rio.org.br\/principal\/author\/rafaelrjp\/"}]}},"_links":{"self":[{"href":"https:\/\/www.sinpro-rio.org.br\/principal\/wp-json\/wp\/v2\/posts\/20288","targetHints":{"allow":["GET"]}}],"collection":[{"href":"https:\/\/www.sinpro-rio.org.br\/principal\/wp-json\/wp\/v2\/posts"}],"about":[{"href":"https:\/\/www.sinpro-rio.org.br\/principal\/wp-json\/wp\/v2\/types\/post"}],"author":[{"embeddable":true,"href":"https:\/\/www.sinpro-rio.org.br\/principal\/wp-json\/wp\/v2\/users\/1"}],"replies":[{"embeddable":true,"href":"https:\/\/www.sinpro-rio.org.br\/principal\/wp-json\/wp\/v2\/comments?post=20288"}],"version-history":[{"count":0,"href":"https:\/\/www.sinpro-rio.org.br\/principal\/wp-json\/wp\/v2\/posts\/20288\/revisions"}],"wp:attachment":[{"href":"https:\/\/www.sinpro-rio.org.br\/principal\/wp-json\/wp\/v2\/media?parent=20288"}],"wp:term":[{"taxonomy":"category","embeddable":true,"href":"https:\/\/www.sinpro-rio.org.br\/principal\/wp-json\/wp\/v2\/categories?post=20288"},{"taxonomy":"post_tag","embeddable":true,"href":"https:\/\/www.sinpro-rio.org.br\/principal\/wp-json\/wp\/v2\/tags?post=20288"}],"curies":[{"name":"wp","href":"https:\/\/api.w.org\/{rel}","templated":true}]}}