{"id":20272,"date":"2014-02-21T00:00:00","date_gmt":"2014-02-21T00:00:00","guid":{"rendered":""},"modified":"-0001-11-30T00:00:00","modified_gmt":"-0001-11-30T03:00:00","slug":"mec-rejeita-proposta-de-criac-o-de-universidade-federal-no-campus-da-gama-filho","status":"publish","type":"post","link":"https:\/\/www.sinpro-rio.org.br\/principal\/mec-rejeita-proposta-de-criac-o-de-universidade-federal-no-campus-da-gama-filho\/","title":{"rendered":"MEC rejeita proposta de cria\u00e7\u00e3o de universidade federal no campus da Gama Filho"},"content":{"rendered":"\n<p>\n <em><br \/>\n  21\/02\/2014<br \/>\n <\/em>\n<\/p>\n<p>\n O Minist\u00e9rio da Educa\u00e7\u00e3o (MEC) enviou na \u00faltima quinta-feira um comunicado para a imprensa negando a inten\u00e7\u00e3o de tornar o campus Piedade da Universidade Gama Filho em uma universidade federal, descartando a possibilidade de federaliza\u00e7\u00e3o da UGF e da UniverCidade.\n<\/p>\n<p>\n Com o apoio dos reitores da UFRJ, UFF, UFRRJ e da Unirio, o projeto de federaliza\u00e7\u00e3o previa criar no campus Piedade a Universidade Federal de Ci\u00eancias Aplicadas do Rio de Janeiro (UFCARJ) que uniria a Universidade Gama Filho e UniverCidade com o Centro Federal de Educa\u00e7\u00e3o Tecnol\u00f3gica Celso Suckol da Fonseca (Cefet-RJ).O corpo docente da UFCARJ seria formado por funcion\u00e1rios tempor\u00e1rios a partir da abertura editais para contrata\u00e7\u00e3o de professores por um ano, renov\u00e1veis por mais 12 meses. Depois, seriam abertos editais para a contrata\u00e7\u00e3o permanente. A inten\u00e7\u00e3o era abrir o n\u00famero de vagas suficiente para abrigar os cerca de 1,2 professores demitidos da UGF e UniverCidade.\n<\/p>\n<p>\n Na nota o MEC afirmou que seria inconstitucional e ilegal a contrata\u00e7\u00e3o dos professores e t\u00e9cnicos siteistrativos sem concurso p\u00fablico, al\u00e9m dos 12 mil estudantes que ingressariam em uma universidade p\u00fablica sem processo seletivo.\n<\/p>\n<p>\n <b><br \/>\n  Leia a nota do MEC:<br \/>\n <\/b>\n<\/p>\n<p>\n <i><br \/>\n  N\u00e3o existe qualquer amparo constitucional e legal para a contrata\u00e7\u00e3o dos cerca de 1.600 professores e aproximadamente mil t\u00e9cnicos-siteistrativos das institui\u00e7\u00f5es sem concurso p\u00fablico. N\u00e3o reconhecemos base jur\u00eddica para que cerca de12 mil estudantes da Gama Filho e Univercidade possam ingressar em qualquer universidade p\u00fablica desconsiderando o processo seletivo em curso, o Sisu, que teve mais de 2,5 milh\u00f5es de inscritos no Brasil, sendo 479.496 nas universidades p\u00fablicas do Rio de Janeiro. Considerando ainda que em todas as institui\u00e7\u00f5es p\u00fablicas do Rio de Janeiro foram oferecidas 16.740 vagas. O MEC, em conjunto com a Procuradoria Federal de Direito de do Cidad\u00e3o, est\u00e1 encaminhando a transfer\u00eancia assistida por meio de edital p\u00fablico, com acompanhamento dos estudantes, pais e comunidade acad\u00eamica. Seis propostas foram acolhidas. Para que com esse trabalho respons\u00e1vel e com respaldo jur\u00eddico, na retomada do ano letivo, os estudantes tenham sua situa\u00e7\u00e3o acad\u00eamica normalizada. Cabe destacar ainda que at\u00e9 o momento, nenhuma proposta foi apresentada na Seres.<br \/>\n <\/i><\/p>\n","protected":false},"excerpt":{"rendered":"<p>21\/02\/2014 O Minist\u00e9rio da Educa\u00e7\u00e3o (MEC) enviou na \u00faltima quinta-feira um comunicado para a imprensa negando a inten\u00e7\u00e3o de tornar o campus Piedade da Universidade Gama Filho em uma universidade federal, descartando a possibilidade de federaliza\u00e7\u00e3o da UGF e da UniverCidade. Com o apoio dos reitores da UFRJ, UFF, UFRRJ e da Unirio, o projeto [&hellip;]<\/p>\n","protected":false},"author":1,"featured_media":0,"comment_status":"closed","ping_status":"open","sticky":false,"template":"","format":"standard","meta":{"footnotes":""},"categories":[1],"tags":[],"class_list":["post-20272","post","type-post","status-publish","format-standard","hentry","category-noticias"],"yoast_head":"<!-- This site is optimized with the Yoast SEO plugin v25.7 - https:\/\/yoast.com\/wordpress\/plugins\/seo\/ -->\n<title>MEC rejeita proposta de cria\u00e7\u00e3o de universidade federal no campus da Gama Filho - Sinpro-Rio<\/title>\n<meta name=\"robots\" content=\"index, follow, max-snippet:-1, max-image-preview:large, max-video-preview:-1\" \/>\n<link rel=\"canonical\" href=\"https:\/\/www.sinpro-rio.org.br\/principal\/mec-rejeita-proposta-de-criac-o-de-universidade-federal-no-campus-da-gama-filho\/\" \/>\n<meta property=\"og:locale\" content=\"pt_BR\" \/>\n<meta property=\"og:type\" content=\"article\" \/>\n<meta property=\"og:title\" content=\"MEC rejeita proposta de cria\u00e7\u00e3o de universidade federal no campus da Gama Filho - Sinpro-Rio\" \/>\n<meta property=\"og:description\" content=\"21\/02\/2014 O Minist\u00e9rio da Educa\u00e7\u00e3o (MEC) enviou na \u00faltima quinta-feira um comunicado para a imprensa negando a inten\u00e7\u00e3o de tornar o campus Piedade da Universidade Gama Filho em uma universidade federal, descartando a possibilidade de federaliza\u00e7\u00e3o da UGF e da UniverCidade. Com o apoio dos reitores da UFRJ, UFF, UFRRJ e da Unirio, o projeto [&hellip;]\" \/>\n<meta property=\"og:url\" content=\"https:\/\/www.sinpro-rio.org.br\/principal\/mec-rejeita-proposta-de-criac-o-de-universidade-federal-no-campus-da-gama-filho\/\" \/>\n<meta property=\"og:site_name\" content=\"Sinpro-Rio\" \/>\n<meta property=\"article:published_time\" content=\"2014-02-21T00:00:00+00:00\" \/>\n<meta name=\"author\" content=\"rafaelrjp\" \/>\n<meta name=\"twitter:card\" content=\"summary_large_image\" \/>\n<meta name=\"twitter:label1\" content=\"Escrito por\" \/>\n\t<meta name=\"twitter:data1\" content=\"rafaelrjp\" \/>\n\t<meta name=\"twitter:label2\" content=\"Est. tempo de leitura\" \/>\n\t<meta name=\"twitter:data2\" content=\"2 minutos\" \/>\n<script type=\"application\/ld+json\" class=\"yoast-schema-graph\">{\"@context\":\"https:\/\/schema.org\",\"@graph\":[{\"@type\":\"WebPage\",\"@id\":\"https:\/\/www.sinpro-rio.org.br\/principal\/mec-rejeita-proposta-de-criac-o-de-universidade-federal-no-campus-da-gama-filho\/\",\"url\":\"https:\/\/www.sinpro-rio.org.br\/principal\/mec-rejeita-proposta-de-criac-o-de-universidade-federal-no-campus-da-gama-filho\/\",\"name\":\"MEC rejeita proposta de cria\u00e7\u00e3o de universidade federal no campus da Gama Filho - Sinpro-Rio\",\"isPartOf\":{\"@id\":\"https:\/\/www.sinpro-rio.org.br\/principal\/#website\"},\"datePublished\":\"2014-02-21T00:00:00+00:00\",\"author\":{\"@id\":\"https:\/\/www.sinpro-rio.org.br\/principal\/#\/schema\/person\/49feb585a2f57a31a6bd9f16f78e5be6\"},\"breadcrumb\":{\"@id\":\"https:\/\/www.sinpro-rio.org.br\/principal\/mec-rejeita-proposta-de-criac-o-de-universidade-federal-no-campus-da-gama-filho\/#breadcrumb\"},\"inLanguage\":\"pt-BR\",\"potentialAction\":[{\"@type\":\"ReadAction\",\"target\":[\"https:\/\/www.sinpro-rio.org.br\/principal\/mec-rejeita-proposta-de-criac-o-de-universidade-federal-no-campus-da-gama-filho\/\"]}]},{\"@type\":\"BreadcrumbList\",\"@id\":\"https:\/\/www.sinpro-rio.org.br\/principal\/mec-rejeita-proposta-de-criac-o-de-universidade-federal-no-campus-da-gama-filho\/#breadcrumb\",\"itemListElement\":[{\"@type\":\"ListItem\",\"position\":1,\"name\":\"In\u00edcio\",\"item\":\"https:\/\/www.sinpro-rio.org.br\/principal\/\"},{\"@type\":\"ListItem\",\"position\":2,\"name\":\"MEC rejeita proposta de cria\u00e7\u00e3o de universidade federal no campus da Gama Filho\"}]},{\"@type\":\"WebSite\",\"@id\":\"https:\/\/www.sinpro-rio.org.br\/principal\/#website\",\"url\":\"https:\/\/www.sinpro-rio.org.br\/principal\/\",\"name\":\"Sinpro-Rio\",\"description\":\"Sindicato dos Professores do Munic\u00edpio do Rio de Janeiro e Regi\u00e3o\",\"potentialAction\":[{\"@type\":\"SearchAction\",\"target\":{\"@type\":\"EntryPoint\",\"urlTemplate\":\"https:\/\/www.sinpro-rio.org.br\/principal\/?s={search_term_string}\"},\"query-input\":{\"@type\":\"PropertyValueSpecification\",\"valueRequired\":true,\"valueName\":\"search_term_string\"}}],\"inLanguage\":\"pt-BR\"},{\"@type\":\"Person\",\"@id\":\"https:\/\/www.sinpro-rio.org.br\/principal\/#\/schema\/person\/49feb585a2f57a31a6bd9f16f78e5be6\",\"name\":\"rafaelrjp\",\"image\":{\"@type\":\"ImageObject\",\"inLanguage\":\"pt-BR\",\"@id\":\"https:\/\/www.sinpro-rio.org.br\/principal\/#\/schema\/person\/image\/\",\"url\":\"https:\/\/secure.gravatar.com\/avatar\/489371a0ba4655c340b519882c68cf68?s=96&d=mm&r=g\",\"contentUrl\":\"https:\/\/secure.gravatar.com\/avatar\/489371a0ba4655c340b519882c68cf68?s=96&d=mm&r=g\",\"caption\":\"rafaelrjp\"},\"url\":\"https:\/\/www.sinpro-rio.org.br\/principal\/author\/rafaelrjp\/\"}]}<\/script>\n<!-- \/ Yoast SEO plugin. -->","yoast_head_json":{"title":"MEC rejeita proposta de cria\u00e7\u00e3o de universidade federal no campus da Gama Filho - Sinpro-Rio","robots":{"index":"index","follow":"follow","max-snippet":"max-snippet:-1","max-image-preview":"max-image-preview:large","max-video-preview":"max-video-preview:-1"},"canonical":"https:\/\/www.sinpro-rio.org.br\/principal\/mec-rejeita-proposta-de-criac-o-de-universidade-federal-no-campus-da-gama-filho\/","og_locale":"pt_BR","og_type":"article","og_title":"MEC rejeita proposta de cria\u00e7\u00e3o de universidade federal no campus da Gama Filho - Sinpro-Rio","og_description":"21\/02\/2014 O Minist\u00e9rio da Educa\u00e7\u00e3o (MEC) enviou na \u00faltima quinta-feira um comunicado para a imprensa negando a inten\u00e7\u00e3o de tornar o campus Piedade da Universidade Gama Filho em uma universidade federal, descartando a possibilidade de federaliza\u00e7\u00e3o da UGF e da UniverCidade. Com o apoio dos reitores da UFRJ, UFF, UFRRJ e da Unirio, o projeto [&hellip;]","og_url":"https:\/\/www.sinpro-rio.org.br\/principal\/mec-rejeita-proposta-de-criac-o-de-universidade-federal-no-campus-da-gama-filho\/","og_site_name":"Sinpro-Rio","article_published_time":"2014-02-21T00:00:00+00:00","author":"rafaelrjp","twitter_card":"summary_large_image","twitter_misc":{"Escrito por":"rafaelrjp","Est. tempo de leitura":"2 minutos"},"schema":{"@context":"https:\/\/schema.org","@graph":[{"@type":"WebPage","@id":"https:\/\/www.sinpro-rio.org.br\/principal\/mec-rejeita-proposta-de-criac-o-de-universidade-federal-no-campus-da-gama-filho\/","url":"https:\/\/www.sinpro-rio.org.br\/principal\/mec-rejeita-proposta-de-criac-o-de-universidade-federal-no-campus-da-gama-filho\/","name":"MEC rejeita proposta de cria\u00e7\u00e3o de universidade federal no campus da Gama Filho - Sinpro-Rio","isPartOf":{"@id":"https:\/\/www.sinpro-rio.org.br\/principal\/#website"},"datePublished":"2014-02-21T00:00:00+00:00","author":{"@id":"https:\/\/www.sinpro-rio.org.br\/principal\/#\/schema\/person\/49feb585a2f57a31a6bd9f16f78e5be6"},"breadcrumb":{"@id":"https:\/\/www.sinpro-rio.org.br\/principal\/mec-rejeita-proposta-de-criac-o-de-universidade-federal-no-campus-da-gama-filho\/#breadcrumb"},"inLanguage":"pt-BR","potentialAction":[{"@type":"ReadAction","target":["https:\/\/www.sinpro-rio.org.br\/principal\/mec-rejeita-proposta-de-criac-o-de-universidade-federal-no-campus-da-gama-filho\/"]}]},{"@type":"BreadcrumbList","@id":"https:\/\/www.sinpro-rio.org.br\/principal\/mec-rejeita-proposta-de-criac-o-de-universidade-federal-no-campus-da-gama-filho\/#breadcrumb","itemListElement":[{"@type":"ListItem","position":1,"name":"In\u00edcio","item":"https:\/\/www.sinpro-rio.org.br\/principal\/"},{"@type":"ListItem","position":2,"name":"MEC rejeita proposta de cria\u00e7\u00e3o de universidade federal no campus da Gama Filho"}]},{"@type":"WebSite","@id":"https:\/\/www.sinpro-rio.org.br\/principal\/#website","url":"https:\/\/www.sinpro-rio.org.br\/principal\/","name":"Sinpro-Rio","description":"Sindicato dos Professores do Munic\u00edpio do Rio de Janeiro e Regi\u00e3o","potentialAction":[{"@type":"SearchAction","target":{"@type":"EntryPoint","urlTemplate":"https:\/\/www.sinpro-rio.org.br\/principal\/?s={search_term_string}"},"query-input":{"@type":"PropertyValueSpecification","valueRequired":true,"valueName":"search_term_string"}}],"inLanguage":"pt-BR"},{"@type":"Person","@id":"https:\/\/www.sinpro-rio.org.br\/principal\/#\/schema\/person\/49feb585a2f57a31a6bd9f16f78e5be6","name":"rafaelrjp","image":{"@type":"ImageObject","inLanguage":"pt-BR","@id":"https:\/\/www.sinpro-rio.org.br\/principal\/#\/schema\/person\/image\/","url":"https:\/\/secure.gravatar.com\/avatar\/489371a0ba4655c340b519882c68cf68?s=96&d=mm&r=g","contentUrl":"https:\/\/secure.gravatar.com\/avatar\/489371a0ba4655c340b519882c68cf68?s=96&d=mm&r=g","caption":"rafaelrjp"},"url":"https:\/\/www.sinpro-rio.org.br\/principal\/author\/rafaelrjp\/"}]}},"_links":{"self":[{"href":"https:\/\/www.sinpro-rio.org.br\/principal\/wp-json\/wp\/v2\/posts\/20272","targetHints":{"allow":["GET"]}}],"collection":[{"href":"https:\/\/www.sinpro-rio.org.br\/principal\/wp-json\/wp\/v2\/posts"}],"about":[{"href":"https:\/\/www.sinpro-rio.org.br\/principal\/wp-json\/wp\/v2\/types\/post"}],"author":[{"embeddable":true,"href":"https:\/\/www.sinpro-rio.org.br\/principal\/wp-json\/wp\/v2\/users\/1"}],"replies":[{"embeddable":true,"href":"https:\/\/www.sinpro-rio.org.br\/principal\/wp-json\/wp\/v2\/comments?post=20272"}],"version-history":[{"count":0,"href":"https:\/\/www.sinpro-rio.org.br\/principal\/wp-json\/wp\/v2\/posts\/20272\/revisions"}],"wp:attachment":[{"href":"https:\/\/www.sinpro-rio.org.br\/principal\/wp-json\/wp\/v2\/media?parent=20272"}],"wp:term":[{"taxonomy":"category","embeddable":true,"href":"https:\/\/www.sinpro-rio.org.br\/principal\/wp-json\/wp\/v2\/categories?post=20272"},{"taxonomy":"post_tag","embeddable":true,"href":"https:\/\/www.sinpro-rio.org.br\/principal\/wp-json\/wp\/v2\/tags?post=20272"}],"curies":[{"name":"wp","href":"https:\/\/api.w.org\/{rel}","templated":true}]}}