{"id":20270,"date":"2014-02-24T00:00:00","date_gmt":"2014-02-24T00:00:00","guid":{"rendered":""},"modified":"2023-07-07T14:40:24","modified_gmt":"2023-07-07T17:40:24","slug":"fgts-ac-o-judicial-sobre-atualizac-o-do-seu-saldo","status":"publish","type":"post","link":"https:\/\/www.sinpro-rio.org.br\/principal\/fgts-ac-o-judicial-sobre-atualizac-o-do-seu-saldo\/","title":{"rendered":"FGTS: a\u00e7\u00e3o judicial sobre atualiza\u00e7\u00e3o do seu saldo"},"content":{"rendered":"\n<p>\n <em><br \/>\n  24\/02\/2014<br \/>\n <\/em>\n<\/p>\n<p>\n Aten\u00e7\u00e3o, professor(a)!\n<\/p>\n<p>\n O<br \/>\n <b><br \/>\n  Sinpro-Rio<br \/>\n <\/b><br \/>\n convoca os(as) professores(as) para ingressar na a\u00e7\u00e3o que vamos ajuizar visando o rec\u00e1lculo retroativo da Taxa Referencial (TR) com pedido de liminar antecipada, para repor uma perda de 88,3% na corre\u00e7\u00e3o do FGTS desde 1999. A partir de tal ano, a TR come\u00e7ou a reduzir gradativamente at\u00e9 estacionar no zero, em setembro do ano passado, encolhendo tamb\u00e9m a remunera\u00e7\u00e3o do Fundo de Garantia &#8211; corrigido por juros de 3% ao ano, mais a TR.\n<\/p>\n<p>\n Assim, iremos ajuizar a\u00e7\u00f5es individuais de corre\u00e7\u00e3o de FGTS objetivando a substitui\u00e7\u00e3o da TR por um outro \u00edndice de corre\u00e7\u00e3o das contas do FGTS e recomposi\u00e7\u00e3o do preju\u00edzo desde 1999.\n<\/p>\n<p>\n <b><br \/>\n  Marque uma consulta com nossos advogados e informe-se!<br \/>\n <\/b>\n<\/p>\n<p>\n Dr. Igor C\u00f4rtes &#8211; segunda-feira, de 13h \u00e0s 14h30;<br \/>\n <br \/>\n Dra. Natalia Davidovich &#8211; ter\u00e7a-feira, de 10h \u00e0s 11h30;<br \/>\n <br \/>\n Dr. Alexsandro &#8211; sexta-feira, de 10h \u00e0s 11h30.<\/p>\n<p> <b><br \/>\n  juridico@sinpro-rio.org.br<br \/>\n <\/b>\n<\/p>\n<p>\n <b><br \/>\n  Documenta\u00e7\u00e3o necess\u00e1ria para o ajuizamento da a\u00e7\u00e3o:<br \/>\n <\/b>\n<\/p>\n<p>\n C\u00f3pia<br \/>\n <br \/>\n &#8211; Identidade e CPF;<br \/>\n <br \/>\n &#8211; Comprovante de resid\u00eancia;<br \/>\n <br \/>\n &#8211; Carteira de trabalho (foto, qualifica\u00e7\u00e3o civil, op\u00e7\u00e3o pelo FGTS, contrato de trabalho e o n\u00famero do PIS);<br \/>\n <br \/>\n &#8211; Extrato da conta do FGTS a ser obtido na CEF(desde 1999 at\u00e9 hoje).<\/p>\n","protected":false},"excerpt":{"rendered":"<p>24\/02\/2014 Aten\u00e7\u00e3o, professor(a)! O Sinpro-Rio convoca os(as) professores(as) para ingressar na a\u00e7\u00e3o que vamos ajuizar visando o rec\u00e1lculo retroativo da Taxa Referencial (TR) com pedido de liminar antecipada, para repor uma perda de 88,3% na corre\u00e7\u00e3o do FGTS desde 1999. A partir de tal ano, a TR come\u00e7ou a reduzir gradativamente at\u00e9 estacionar no zero, [&hellip;]<\/p>\n","protected":false},"author":1,"featured_media":0,"comment_status":"closed","ping_status":"open","sticky":false,"template":"","format":"standard","meta":{"footnotes":""},"categories":[1],"tags":[495],"class_list":["post-20270","post","type-post","status-publish","format-standard","hentry","category-noticias","tag-estacio"],"yoast_head":"<!-- This site is optimized with the Yoast SEO plugin v25.7 - https:\/\/yoast.com\/wordpress\/plugins\/seo\/ -->\n<title>FGTS: a\u00e7\u00e3o judicial sobre atualiza\u00e7\u00e3o do seu saldo - Sinpro-Rio<\/title>\n<meta name=\"robots\" content=\"index, follow, max-snippet:-1, max-image-preview:large, max-video-preview:-1\" \/>\n<link rel=\"canonical\" href=\"https:\/\/www.sinpro-rio.org.br\/principal\/fgts-ac-o-judicial-sobre-atualizac-o-do-seu-saldo\/\" \/>\n<meta property=\"og:locale\" content=\"pt_BR\" \/>\n<meta property=\"og:type\" content=\"article\" \/>\n<meta property=\"og:title\" content=\"FGTS: a\u00e7\u00e3o judicial sobre atualiza\u00e7\u00e3o do seu saldo - Sinpro-Rio\" \/>\n<meta property=\"og:description\" content=\"24\/02\/2014 Aten\u00e7\u00e3o, professor(a)! O Sinpro-Rio convoca os(as) professores(as) para ingressar na a\u00e7\u00e3o que vamos ajuizar visando o rec\u00e1lculo retroativo da Taxa Referencial (TR) com pedido de liminar antecipada, para repor uma perda de 88,3% na corre\u00e7\u00e3o do FGTS desde 1999. A partir de tal ano, a TR come\u00e7ou a reduzir gradativamente at\u00e9 estacionar no zero, [&hellip;]\" \/>\n<meta property=\"og:url\" content=\"https:\/\/www.sinpro-rio.org.br\/principal\/fgts-ac-o-judicial-sobre-atualizac-o-do-seu-saldo\/\" \/>\n<meta property=\"og:site_name\" content=\"Sinpro-Rio\" \/>\n<meta property=\"article:published_time\" content=\"2014-02-24T00:00:00+00:00\" \/>\n<meta property=\"article:modified_time\" content=\"2023-07-07T17:40:24+00:00\" \/>\n<meta name=\"author\" content=\"rafaelrjp\" \/>\n<meta name=\"twitter:card\" content=\"summary_large_image\" \/>\n<meta name=\"twitter:label1\" content=\"Escrito por\" \/>\n\t<meta name=\"twitter:data1\" content=\"rafaelrjp\" \/>\n\t<meta name=\"twitter:label2\" content=\"Est. tempo de leitura\" \/>\n\t<meta name=\"twitter:data2\" content=\"1 minuto\" \/>\n<script type=\"application\/ld+json\" class=\"yoast-schema-graph\">{\"@context\":\"https:\/\/schema.org\",\"@graph\":[{\"@type\":\"WebPage\",\"@id\":\"https:\/\/www.sinpro-rio.org.br\/principal\/fgts-ac-o-judicial-sobre-atualizac-o-do-seu-saldo\/\",\"url\":\"https:\/\/www.sinpro-rio.org.br\/principal\/fgts-ac-o-judicial-sobre-atualizac-o-do-seu-saldo\/\",\"name\":\"FGTS: a\u00e7\u00e3o judicial sobre atualiza\u00e7\u00e3o do seu saldo - Sinpro-Rio\",\"isPartOf\":{\"@id\":\"https:\/\/www.sinpro-rio.org.br\/principal\/#website\"},\"datePublished\":\"2014-02-24T00:00:00+00:00\",\"dateModified\":\"2023-07-07T17:40:24+00:00\",\"author\":{\"@id\":\"https:\/\/www.sinpro-rio.org.br\/principal\/#\/schema\/person\/49feb585a2f57a31a6bd9f16f78e5be6\"},\"breadcrumb\":{\"@id\":\"https:\/\/www.sinpro-rio.org.br\/principal\/fgts-ac-o-judicial-sobre-atualizac-o-do-seu-saldo\/#breadcrumb\"},\"inLanguage\":\"pt-BR\",\"potentialAction\":[{\"@type\":\"ReadAction\",\"target\":[\"https:\/\/www.sinpro-rio.org.br\/principal\/fgts-ac-o-judicial-sobre-atualizac-o-do-seu-saldo\/\"]}]},{\"@type\":\"BreadcrumbList\",\"@id\":\"https:\/\/www.sinpro-rio.org.br\/principal\/fgts-ac-o-judicial-sobre-atualizac-o-do-seu-saldo\/#breadcrumb\",\"itemListElement\":[{\"@type\":\"ListItem\",\"position\":1,\"name\":\"In\u00edcio\",\"item\":\"https:\/\/www.sinpro-rio.org.br\/principal\/\"},{\"@type\":\"ListItem\",\"position\":2,\"name\":\"FGTS: a\u00e7\u00e3o judicial sobre atualiza\u00e7\u00e3o do seu saldo\"}]},{\"@type\":\"WebSite\",\"@id\":\"https:\/\/www.sinpro-rio.org.br\/principal\/#website\",\"url\":\"https:\/\/www.sinpro-rio.org.br\/principal\/\",\"name\":\"Sinpro-Rio\",\"description\":\"Sindicato dos Professores do Munic\u00edpio do Rio de Janeiro e Regi\u00e3o\",\"potentialAction\":[{\"@type\":\"SearchAction\",\"target\":{\"@type\":\"EntryPoint\",\"urlTemplate\":\"https:\/\/www.sinpro-rio.org.br\/principal\/?s={search_term_string}\"},\"query-input\":{\"@type\":\"PropertyValueSpecification\",\"valueRequired\":true,\"valueName\":\"search_term_string\"}}],\"inLanguage\":\"pt-BR\"},{\"@type\":\"Person\",\"@id\":\"https:\/\/www.sinpro-rio.org.br\/principal\/#\/schema\/person\/49feb585a2f57a31a6bd9f16f78e5be6\",\"name\":\"rafaelrjp\",\"image\":{\"@type\":\"ImageObject\",\"inLanguage\":\"pt-BR\",\"@id\":\"https:\/\/www.sinpro-rio.org.br\/principal\/#\/schema\/person\/image\/\",\"url\":\"https:\/\/secure.gravatar.com\/avatar\/489371a0ba4655c340b519882c68cf68?s=96&d=mm&r=g\",\"contentUrl\":\"https:\/\/secure.gravatar.com\/avatar\/489371a0ba4655c340b519882c68cf68?s=96&d=mm&r=g\",\"caption\":\"rafaelrjp\"},\"url\":\"https:\/\/www.sinpro-rio.org.br\/principal\/author\/rafaelrjp\/\"}]}<\/script>\n<!-- \/ Yoast SEO plugin. -->","yoast_head_json":{"title":"FGTS: a\u00e7\u00e3o judicial sobre atualiza\u00e7\u00e3o do seu saldo - Sinpro-Rio","robots":{"index":"index","follow":"follow","max-snippet":"max-snippet:-1","max-image-preview":"max-image-preview:large","max-video-preview":"max-video-preview:-1"},"canonical":"https:\/\/www.sinpro-rio.org.br\/principal\/fgts-ac-o-judicial-sobre-atualizac-o-do-seu-saldo\/","og_locale":"pt_BR","og_type":"article","og_title":"FGTS: a\u00e7\u00e3o judicial sobre atualiza\u00e7\u00e3o do seu saldo - Sinpro-Rio","og_description":"24\/02\/2014 Aten\u00e7\u00e3o, professor(a)! O Sinpro-Rio convoca os(as) professores(as) para ingressar na a\u00e7\u00e3o que vamos ajuizar visando o rec\u00e1lculo retroativo da Taxa Referencial (TR) com pedido de liminar antecipada, para repor uma perda de 88,3% na corre\u00e7\u00e3o do FGTS desde 1999. A partir de tal ano, a TR come\u00e7ou a reduzir gradativamente at\u00e9 estacionar no zero, [&hellip;]","og_url":"https:\/\/www.sinpro-rio.org.br\/principal\/fgts-ac-o-judicial-sobre-atualizac-o-do-seu-saldo\/","og_site_name":"Sinpro-Rio","article_published_time":"2014-02-24T00:00:00+00:00","article_modified_time":"2023-07-07T17:40:24+00:00","author":"rafaelrjp","twitter_card":"summary_large_image","twitter_misc":{"Escrito por":"rafaelrjp","Est. tempo de leitura":"1 minuto"},"schema":{"@context":"https:\/\/schema.org","@graph":[{"@type":"WebPage","@id":"https:\/\/www.sinpro-rio.org.br\/principal\/fgts-ac-o-judicial-sobre-atualizac-o-do-seu-saldo\/","url":"https:\/\/www.sinpro-rio.org.br\/principal\/fgts-ac-o-judicial-sobre-atualizac-o-do-seu-saldo\/","name":"FGTS: a\u00e7\u00e3o judicial sobre atualiza\u00e7\u00e3o do seu saldo - Sinpro-Rio","isPartOf":{"@id":"https:\/\/www.sinpro-rio.org.br\/principal\/#website"},"datePublished":"2014-02-24T00:00:00+00:00","dateModified":"2023-07-07T17:40:24+00:00","author":{"@id":"https:\/\/www.sinpro-rio.org.br\/principal\/#\/schema\/person\/49feb585a2f57a31a6bd9f16f78e5be6"},"breadcrumb":{"@id":"https:\/\/www.sinpro-rio.org.br\/principal\/fgts-ac-o-judicial-sobre-atualizac-o-do-seu-saldo\/#breadcrumb"},"inLanguage":"pt-BR","potentialAction":[{"@type":"ReadAction","target":["https:\/\/www.sinpro-rio.org.br\/principal\/fgts-ac-o-judicial-sobre-atualizac-o-do-seu-saldo\/"]}]},{"@type":"BreadcrumbList","@id":"https:\/\/www.sinpro-rio.org.br\/principal\/fgts-ac-o-judicial-sobre-atualizac-o-do-seu-saldo\/#breadcrumb","itemListElement":[{"@type":"ListItem","position":1,"name":"In\u00edcio","item":"https:\/\/www.sinpro-rio.org.br\/principal\/"},{"@type":"ListItem","position":2,"name":"FGTS: a\u00e7\u00e3o judicial sobre atualiza\u00e7\u00e3o do seu saldo"}]},{"@type":"WebSite","@id":"https:\/\/www.sinpro-rio.org.br\/principal\/#website","url":"https:\/\/www.sinpro-rio.org.br\/principal\/","name":"Sinpro-Rio","description":"Sindicato dos Professores do Munic\u00edpio do Rio de Janeiro e Regi\u00e3o","potentialAction":[{"@type":"SearchAction","target":{"@type":"EntryPoint","urlTemplate":"https:\/\/www.sinpro-rio.org.br\/principal\/?s={search_term_string}"},"query-input":{"@type":"PropertyValueSpecification","valueRequired":true,"valueName":"search_term_string"}}],"inLanguage":"pt-BR"},{"@type":"Person","@id":"https:\/\/www.sinpro-rio.org.br\/principal\/#\/schema\/person\/49feb585a2f57a31a6bd9f16f78e5be6","name":"rafaelrjp","image":{"@type":"ImageObject","inLanguage":"pt-BR","@id":"https:\/\/www.sinpro-rio.org.br\/principal\/#\/schema\/person\/image\/","url":"https:\/\/secure.gravatar.com\/avatar\/489371a0ba4655c340b519882c68cf68?s=96&d=mm&r=g","contentUrl":"https:\/\/secure.gravatar.com\/avatar\/489371a0ba4655c340b519882c68cf68?s=96&d=mm&r=g","caption":"rafaelrjp"},"url":"https:\/\/www.sinpro-rio.org.br\/principal\/author\/rafaelrjp\/"}]}},"_links":{"self":[{"href":"https:\/\/www.sinpro-rio.org.br\/principal\/wp-json\/wp\/v2\/posts\/20270","targetHints":{"allow":["GET"]}}],"collection":[{"href":"https:\/\/www.sinpro-rio.org.br\/principal\/wp-json\/wp\/v2\/posts"}],"about":[{"href":"https:\/\/www.sinpro-rio.org.br\/principal\/wp-json\/wp\/v2\/types\/post"}],"author":[{"embeddable":true,"href":"https:\/\/www.sinpro-rio.org.br\/principal\/wp-json\/wp\/v2\/users\/1"}],"replies":[{"embeddable":true,"href":"https:\/\/www.sinpro-rio.org.br\/principal\/wp-json\/wp\/v2\/comments?post=20270"}],"version-history":[{"count":1,"href":"https:\/\/www.sinpro-rio.org.br\/principal\/wp-json\/wp\/v2\/posts\/20270\/revisions"}],"predecessor-version":[{"id":36102,"href":"https:\/\/www.sinpro-rio.org.br\/principal\/wp-json\/wp\/v2\/posts\/20270\/revisions\/36102"}],"wp:attachment":[{"href":"https:\/\/www.sinpro-rio.org.br\/principal\/wp-json\/wp\/v2\/media?parent=20270"}],"wp:term":[{"taxonomy":"category","embeddable":true,"href":"https:\/\/www.sinpro-rio.org.br\/principal\/wp-json\/wp\/v2\/categories?post=20270"},{"taxonomy":"post_tag","embeddable":true,"href":"https:\/\/www.sinpro-rio.org.br\/principal\/wp-json\/wp\/v2\/tags?post=20270"}],"curies":[{"name":"wp","href":"https:\/\/api.w.org\/{rel}","templated":true}]}}