{"id":20266,"date":"2014-03-10T00:00:00","date_gmt":"2014-03-10T00:00:00","guid":{"rendered":""},"modified":"-0001-11-30T00:00:00","modified_gmt":"-0001-11-30T03:00:00","slug":"declarada-a-ilegalidade-da-terceirizac-o-para-a-pos-graduac-o-e-para-as-atividades-de-pesquisa-da-uva","status":"publish","type":"post","link":"https:\/\/www.sinpro-rio.org.br\/principal\/declarada-a-ilegalidade-da-terceirizac-o-para-a-pos-graduac-o-e-para-as-atividades-de-pesquisa-da-uva\/","title":{"rendered":"Declarada a ilegalidade da terceiriza\u00e7\u00e3o para a P\u00f3s-gradua\u00e7\u00e3o e para as atividades de Pesquisa da UVA"},"content":{"rendered":"\n<p>\n <em><br \/>\n  10\/03\/2014<br \/>\n <\/em>\n<\/p>\n<p>\n Em a\u00e7\u00e3o individual proposta pelo Sinpro-Rio, a 10\u00aa Vara do Trabalho declarou a ilegalidade da terceiriza\u00e7\u00e3o da atividade de p\u00f3s-gradua\u00e7\u00e3o e de pesquisa da Universidade Veiga de Almeida (UVA).<\/p>\n<p>\n  A institui\u00e7\u00e3o contratou a professora para ministrar aulas para turmas da gradua\u00e7\u00e3o, p\u00f3s-gradua\u00e7\u00e3o e para a realiza\u00e7\u00e3o de pesquisa e remunerava parte dessas atividades por meio de uma bolsa contratada junto \u00e0 Funda\u00e7\u00e3o Nacional de Desenvolvimento do Ensino Superior Particular (Funadesp).<\/p>\n<p>\n   O juiz declarou que compete \u00e0 institui\u00e7\u00e3o, como prev\u00ea a Lei de Diretrizes e Bases, desenvolver as atividades de pesquisa e que a fraude trabalhista estava evidenciada, conforme demonstra este trecho da decis\u00e3o: \u201cDiante de toda a evid\u00eancia configurada no cotejo dos contratos, outra n\u00e3o pode ser a ila\u00e7\u00e3o sen\u00e3o a terceiriza\u00e7\u00e3o a atividade fim da reclamada, fraude que n\u00e3o pode ser chancelada, como dito alhures, pela Justi\u00e7a do Trabalho\u201d.\n  <\/p>\n<\/p>\n<p>\n A institui\u00e7\u00e3o contratou a professora para ministrar aulas para turmas da gradua\u00e7\u00e3o, p\u00f3s-gradua\u00e7\u00e3o e para a realiza\u00e7\u00e3o de pesquisa e remunerava parte dessas atividades por meio de uma bolsa contratada junto \u00e0 Funda\u00e7\u00e3o Nacional de Desenvolvimento do Ensino Superior Particular (Funadesp).<\/p>\n<p>\n  O juiz declarou que compete \u00e0 institui\u00e7\u00e3o, como prev\u00ea a Lei de Diretrizes e Bases, desenvolver as atividades de pesquisa e que a fraude trabalhista estava evidenciada, conforme demonstra este trecho da decis\u00e3o: \u201cDiante de toda a evid\u00eancia configurada no cotejo dos contratos, outra n\u00e3o pode ser a ila\u00e7\u00e3o sen\u00e3o a terceiriza\u00e7\u00e3o a atividade fim da reclamada, fraude que n\u00e3o pode ser chancelada, como dito alhures, pela Justi\u00e7a do Trabalho\u201d.\n <\/p>\n<\/p>\n<p>\n O juiz declarou que compete \u00e0 institui\u00e7\u00e3o, como prev\u00ea a Lei de Diretrizes e Bases, desenvolver as atividades de pesquisa e que a fraude trabalhista estava evidenciada, conforme demonstra este trecho da decis\u00e3o: \u201cDiante de toda a evid\u00eancia configurada no cotejo dos contratos, outra n\u00e3o pode ser a ila\u00e7\u00e3o sen\u00e3o a terceiriza\u00e7\u00e3o a atividade fim da reclamada, fraude que n\u00e3o pode ser chancelada, como dito alhures, pela Justi\u00e7a do Trabalho\u201d.<\/p>\n","protected":false},"excerpt":{"rendered":"<p>10\/03\/2014 Em a\u00e7\u00e3o individual proposta pelo Sinpro-Rio, a 10\u00aa Vara do Trabalho declarou a ilegalidade da terceiriza\u00e7\u00e3o da atividade de p\u00f3s-gradua\u00e7\u00e3o e de pesquisa da Universidade Veiga de Almeida (UVA). A institui\u00e7\u00e3o contratou a professora para ministrar aulas para turmas da gradua\u00e7\u00e3o, p\u00f3s-gradua\u00e7\u00e3o e para a realiza\u00e7\u00e3o de pesquisa e remunerava parte dessas atividades por [&hellip;]<\/p>\n","protected":false},"author":1,"featured_media":0,"comment_status":"closed","ping_status":"open","sticky":false,"template":"","format":"standard","meta":{"footnotes":""},"categories":[1],"tags":[],"class_list":["post-20266","post","type-post","status-publish","format-standard","hentry","category-noticias"],"yoast_head":"<!-- This site is optimized with the Yoast SEO plugin v25.7 - https:\/\/yoast.com\/wordpress\/plugins\/seo\/ -->\n<title>Declarada a ilegalidade da terceiriza\u00e7\u00e3o para a P\u00f3s-gradua\u00e7\u00e3o e para as atividades de Pesquisa da UVA - Sinpro-Rio<\/title>\n<meta name=\"robots\" content=\"index, follow, max-snippet:-1, max-image-preview:large, max-video-preview:-1\" \/>\n<link rel=\"canonical\" href=\"https:\/\/www.sinpro-rio.org.br\/principal\/declarada-a-ilegalidade-da-terceirizac-o-para-a-pos-graduac-o-e-para-as-atividades-de-pesquisa-da-uva\/\" \/>\n<meta property=\"og:locale\" content=\"pt_BR\" \/>\n<meta property=\"og:type\" content=\"article\" \/>\n<meta property=\"og:title\" content=\"Declarada a ilegalidade da terceiriza\u00e7\u00e3o para a P\u00f3s-gradua\u00e7\u00e3o e para as atividades de Pesquisa da UVA - Sinpro-Rio\" \/>\n<meta property=\"og:description\" content=\"10\/03\/2014 Em a\u00e7\u00e3o individual proposta pelo Sinpro-Rio, a 10\u00aa Vara do Trabalho declarou a ilegalidade da terceiriza\u00e7\u00e3o da atividade de p\u00f3s-gradua\u00e7\u00e3o e de pesquisa da Universidade Veiga de Almeida (UVA). A institui\u00e7\u00e3o contratou a professora para ministrar aulas para turmas da gradua\u00e7\u00e3o, p\u00f3s-gradua\u00e7\u00e3o e para a realiza\u00e7\u00e3o de pesquisa e remunerava parte dessas atividades por [&hellip;]\" \/>\n<meta property=\"og:url\" content=\"https:\/\/www.sinpro-rio.org.br\/principal\/declarada-a-ilegalidade-da-terceirizac-o-para-a-pos-graduac-o-e-para-as-atividades-de-pesquisa-da-uva\/\" \/>\n<meta property=\"og:site_name\" content=\"Sinpro-Rio\" \/>\n<meta property=\"article:published_time\" content=\"2014-03-10T00:00:00+00:00\" \/>\n<meta name=\"author\" content=\"rafaelrjp\" \/>\n<meta name=\"twitter:card\" content=\"summary_large_image\" \/>\n<meta name=\"twitter:label1\" content=\"Escrito por\" \/>\n\t<meta name=\"twitter:data1\" content=\"rafaelrjp\" \/>\n\t<meta name=\"twitter:label2\" content=\"Est. tempo de leitura\" \/>\n\t<meta name=\"twitter:data2\" content=\"2 minutos\" \/>\n<script type=\"application\/ld+json\" class=\"yoast-schema-graph\">{\"@context\":\"https:\/\/schema.org\",\"@graph\":[{\"@type\":\"WebPage\",\"@id\":\"https:\/\/www.sinpro-rio.org.br\/principal\/declarada-a-ilegalidade-da-terceirizac-o-para-a-pos-graduac-o-e-para-as-atividades-de-pesquisa-da-uva\/\",\"url\":\"https:\/\/www.sinpro-rio.org.br\/principal\/declarada-a-ilegalidade-da-terceirizac-o-para-a-pos-graduac-o-e-para-as-atividades-de-pesquisa-da-uva\/\",\"name\":\"Declarada a ilegalidade da terceiriza\u00e7\u00e3o para a P\u00f3s-gradua\u00e7\u00e3o e para as atividades de Pesquisa da UVA - Sinpro-Rio\",\"isPartOf\":{\"@id\":\"https:\/\/www.sinpro-rio.org.br\/principal\/#website\"},\"datePublished\":\"2014-03-10T00:00:00+00:00\",\"author\":{\"@id\":\"https:\/\/www.sinpro-rio.org.br\/principal\/#\/schema\/person\/49feb585a2f57a31a6bd9f16f78e5be6\"},\"breadcrumb\":{\"@id\":\"https:\/\/www.sinpro-rio.org.br\/principal\/declarada-a-ilegalidade-da-terceirizac-o-para-a-pos-graduac-o-e-para-as-atividades-de-pesquisa-da-uva\/#breadcrumb\"},\"inLanguage\":\"pt-BR\",\"potentialAction\":[{\"@type\":\"ReadAction\",\"target\":[\"https:\/\/www.sinpro-rio.org.br\/principal\/declarada-a-ilegalidade-da-terceirizac-o-para-a-pos-graduac-o-e-para-as-atividades-de-pesquisa-da-uva\/\"]}]},{\"@type\":\"BreadcrumbList\",\"@id\":\"https:\/\/www.sinpro-rio.org.br\/principal\/declarada-a-ilegalidade-da-terceirizac-o-para-a-pos-graduac-o-e-para-as-atividades-de-pesquisa-da-uva\/#breadcrumb\",\"itemListElement\":[{\"@type\":\"ListItem\",\"position\":1,\"name\":\"In\u00edcio\",\"item\":\"https:\/\/www.sinpro-rio.org.br\/principal\/\"},{\"@type\":\"ListItem\",\"position\":2,\"name\":\"Declarada a ilegalidade da terceiriza\u00e7\u00e3o para a P\u00f3s-gradua\u00e7\u00e3o e para as atividades de Pesquisa da UVA\"}]},{\"@type\":\"WebSite\",\"@id\":\"https:\/\/www.sinpro-rio.org.br\/principal\/#website\",\"url\":\"https:\/\/www.sinpro-rio.org.br\/principal\/\",\"name\":\"Sinpro-Rio\",\"description\":\"Sindicato dos Professores do Munic\u00edpio do Rio de Janeiro e Regi\u00e3o\",\"potentialAction\":[{\"@type\":\"SearchAction\",\"target\":{\"@type\":\"EntryPoint\",\"urlTemplate\":\"https:\/\/www.sinpro-rio.org.br\/principal\/?s={search_term_string}\"},\"query-input\":{\"@type\":\"PropertyValueSpecification\",\"valueRequired\":true,\"valueName\":\"search_term_string\"}}],\"inLanguage\":\"pt-BR\"},{\"@type\":\"Person\",\"@id\":\"https:\/\/www.sinpro-rio.org.br\/principal\/#\/schema\/person\/49feb585a2f57a31a6bd9f16f78e5be6\",\"name\":\"rafaelrjp\",\"image\":{\"@type\":\"ImageObject\",\"inLanguage\":\"pt-BR\",\"@id\":\"https:\/\/www.sinpro-rio.org.br\/principal\/#\/schema\/person\/image\/\",\"url\":\"https:\/\/secure.gravatar.com\/avatar\/489371a0ba4655c340b519882c68cf68?s=96&d=mm&r=g\",\"contentUrl\":\"https:\/\/secure.gravatar.com\/avatar\/489371a0ba4655c340b519882c68cf68?s=96&d=mm&r=g\",\"caption\":\"rafaelrjp\"},\"url\":\"https:\/\/www.sinpro-rio.org.br\/principal\/author\/rafaelrjp\/\"}]}<\/script>\n<!-- \/ Yoast SEO plugin. -->","yoast_head_json":{"title":"Declarada a ilegalidade da terceiriza\u00e7\u00e3o para a P\u00f3s-gradua\u00e7\u00e3o e para as atividades de Pesquisa da UVA - Sinpro-Rio","robots":{"index":"index","follow":"follow","max-snippet":"max-snippet:-1","max-image-preview":"max-image-preview:large","max-video-preview":"max-video-preview:-1"},"canonical":"https:\/\/www.sinpro-rio.org.br\/principal\/declarada-a-ilegalidade-da-terceirizac-o-para-a-pos-graduac-o-e-para-as-atividades-de-pesquisa-da-uva\/","og_locale":"pt_BR","og_type":"article","og_title":"Declarada a ilegalidade da terceiriza\u00e7\u00e3o para a P\u00f3s-gradua\u00e7\u00e3o e para as atividades de Pesquisa da UVA - Sinpro-Rio","og_description":"10\/03\/2014 Em a\u00e7\u00e3o individual proposta pelo Sinpro-Rio, a 10\u00aa Vara do Trabalho declarou a ilegalidade da terceiriza\u00e7\u00e3o da atividade de p\u00f3s-gradua\u00e7\u00e3o e de pesquisa da Universidade Veiga de Almeida (UVA). A institui\u00e7\u00e3o contratou a professora para ministrar aulas para turmas da gradua\u00e7\u00e3o, p\u00f3s-gradua\u00e7\u00e3o e para a realiza\u00e7\u00e3o de pesquisa e remunerava parte dessas atividades por [&hellip;]","og_url":"https:\/\/www.sinpro-rio.org.br\/principal\/declarada-a-ilegalidade-da-terceirizac-o-para-a-pos-graduac-o-e-para-as-atividades-de-pesquisa-da-uva\/","og_site_name":"Sinpro-Rio","article_published_time":"2014-03-10T00:00:00+00:00","author":"rafaelrjp","twitter_card":"summary_large_image","twitter_misc":{"Escrito por":"rafaelrjp","Est. tempo de leitura":"2 minutos"},"schema":{"@context":"https:\/\/schema.org","@graph":[{"@type":"WebPage","@id":"https:\/\/www.sinpro-rio.org.br\/principal\/declarada-a-ilegalidade-da-terceirizac-o-para-a-pos-graduac-o-e-para-as-atividades-de-pesquisa-da-uva\/","url":"https:\/\/www.sinpro-rio.org.br\/principal\/declarada-a-ilegalidade-da-terceirizac-o-para-a-pos-graduac-o-e-para-as-atividades-de-pesquisa-da-uva\/","name":"Declarada a ilegalidade da terceiriza\u00e7\u00e3o para a P\u00f3s-gradua\u00e7\u00e3o e para as atividades de Pesquisa da UVA - Sinpro-Rio","isPartOf":{"@id":"https:\/\/www.sinpro-rio.org.br\/principal\/#website"},"datePublished":"2014-03-10T00:00:00+00:00","author":{"@id":"https:\/\/www.sinpro-rio.org.br\/principal\/#\/schema\/person\/49feb585a2f57a31a6bd9f16f78e5be6"},"breadcrumb":{"@id":"https:\/\/www.sinpro-rio.org.br\/principal\/declarada-a-ilegalidade-da-terceirizac-o-para-a-pos-graduac-o-e-para-as-atividades-de-pesquisa-da-uva\/#breadcrumb"},"inLanguage":"pt-BR","potentialAction":[{"@type":"ReadAction","target":["https:\/\/www.sinpro-rio.org.br\/principal\/declarada-a-ilegalidade-da-terceirizac-o-para-a-pos-graduac-o-e-para-as-atividades-de-pesquisa-da-uva\/"]}]},{"@type":"BreadcrumbList","@id":"https:\/\/www.sinpro-rio.org.br\/principal\/declarada-a-ilegalidade-da-terceirizac-o-para-a-pos-graduac-o-e-para-as-atividades-de-pesquisa-da-uva\/#breadcrumb","itemListElement":[{"@type":"ListItem","position":1,"name":"In\u00edcio","item":"https:\/\/www.sinpro-rio.org.br\/principal\/"},{"@type":"ListItem","position":2,"name":"Declarada a ilegalidade da terceiriza\u00e7\u00e3o para a P\u00f3s-gradua\u00e7\u00e3o e para as atividades de Pesquisa da UVA"}]},{"@type":"WebSite","@id":"https:\/\/www.sinpro-rio.org.br\/principal\/#website","url":"https:\/\/www.sinpro-rio.org.br\/principal\/","name":"Sinpro-Rio","description":"Sindicato dos Professores do Munic\u00edpio do Rio de Janeiro e Regi\u00e3o","potentialAction":[{"@type":"SearchAction","target":{"@type":"EntryPoint","urlTemplate":"https:\/\/www.sinpro-rio.org.br\/principal\/?s={search_term_string}"},"query-input":{"@type":"PropertyValueSpecification","valueRequired":true,"valueName":"search_term_string"}}],"inLanguage":"pt-BR"},{"@type":"Person","@id":"https:\/\/www.sinpro-rio.org.br\/principal\/#\/schema\/person\/49feb585a2f57a31a6bd9f16f78e5be6","name":"rafaelrjp","image":{"@type":"ImageObject","inLanguage":"pt-BR","@id":"https:\/\/www.sinpro-rio.org.br\/principal\/#\/schema\/person\/image\/","url":"https:\/\/secure.gravatar.com\/avatar\/489371a0ba4655c340b519882c68cf68?s=96&d=mm&r=g","contentUrl":"https:\/\/secure.gravatar.com\/avatar\/489371a0ba4655c340b519882c68cf68?s=96&d=mm&r=g","caption":"rafaelrjp"},"url":"https:\/\/www.sinpro-rio.org.br\/principal\/author\/rafaelrjp\/"}]}},"_links":{"self":[{"href":"https:\/\/www.sinpro-rio.org.br\/principal\/wp-json\/wp\/v2\/posts\/20266","targetHints":{"allow":["GET"]}}],"collection":[{"href":"https:\/\/www.sinpro-rio.org.br\/principal\/wp-json\/wp\/v2\/posts"}],"about":[{"href":"https:\/\/www.sinpro-rio.org.br\/principal\/wp-json\/wp\/v2\/types\/post"}],"author":[{"embeddable":true,"href":"https:\/\/www.sinpro-rio.org.br\/principal\/wp-json\/wp\/v2\/users\/1"}],"replies":[{"embeddable":true,"href":"https:\/\/www.sinpro-rio.org.br\/principal\/wp-json\/wp\/v2\/comments?post=20266"}],"version-history":[{"count":0,"href":"https:\/\/www.sinpro-rio.org.br\/principal\/wp-json\/wp\/v2\/posts\/20266\/revisions"}],"wp:attachment":[{"href":"https:\/\/www.sinpro-rio.org.br\/principal\/wp-json\/wp\/v2\/media?parent=20266"}],"wp:term":[{"taxonomy":"category","embeddable":true,"href":"https:\/\/www.sinpro-rio.org.br\/principal\/wp-json\/wp\/v2\/categories?post=20266"},{"taxonomy":"post_tag","embeddable":true,"href":"https:\/\/www.sinpro-rio.org.br\/principal\/wp-json\/wp\/v2\/tags?post=20266"}],"curies":[{"name":"wp","href":"https:\/\/api.w.org\/{rel}","templated":true}]}}