{"id":20262,"date":"2014-03-13T00:00:00","date_gmt":"2014-03-13T00:00:00","guid":{"rendered":""},"modified":"-0001-11-30T00:00:00","modified_gmt":"-0001-11-30T03:00:00","slug":"feriado-parcial-nos-dias-18-e-25-06-e-integral-no-dia-04-07-veja-detalhes-do-decreto-da-prefeitura-do-rio-para-a-copa-do-mundo","status":"publish","type":"post","link":"https:\/\/www.sinpro-rio.org.br\/principal\/feriado-parcial-nos-dias-18-e-25-06-e-integral-no-dia-04-07-veja-detalhes-do-decreto-da-prefeitura-do-rio-para-a-copa-do-mundo\/","title":{"rendered":"Feriado parcial nos dias 18 e 25\/06 e integral no dia 04\/07: veja detalhes do Decreto da Prefeitura do Rio para a Copa do Mundo"},"content":{"rendered":"\n<p>\n <em><br \/>\n  13\/03\/2014<br \/>\n <\/em>\n<\/p>\n<p>\n Com o objetivo de reduzir o fluxo de ve\u00edculos na cidade e agilizar o deslocamento dos torcedores, a Prefeitura do Rio decretou feriado nos dias \u00fateis em que haver\u00e1 realiza\u00e7\u00e3o de jogos da Copa do Mundo na cidade: dias 18 e 25 de junho, a partir do meio dia, e feriado integral no dia 04 de julho.\n<\/p>\n<p>\n O decreto n\u00ba 38,365, publicado no Di\u00e1rio Oficial do Munic\u00edpio do Rio de Janeiro do dia 12 de mar\u00e7o, faz ainda uma lista de servi\u00e7os exclu\u00eddos do feriado, tais como unidades hospitalares e subprefeituras.\n<\/p>\n<p>\n No mesmo D.O., o decreto seguinte, de n\u00ba 38.366, revoga autoriza\u00e7\u00f5es para realiza\u00e7\u00e3o de eventos no munic\u00edpio entre os dias 22 de maio e 18 de julho, bem como ordena a interrup\u00e7\u00e3o de obras em logradouros p\u00fablicos no mesmo per\u00edodo.\n<\/p>\n<p>\n O Rio de Janeiro receber\u00e1 partidas da Copa do Mundo nos dias 15, 18, 22, 25 e 28 de junho e 04 e 13 de julho de 2014.\n<\/p>\n<p>\n Leia<br \/>\n <a href=\"http:\/\/www.sinprorio.pro.br\/site_antigo\/download\/arquivos\/feriados-copa-pagina9.pdf\"><br \/>\n  aqui<br \/>\n <\/a><br \/>\n o decreto que disp\u00f5e sobre o feriado e<br \/>\n <a href=\"http:\/\/www.sinprorio.pro.br\/site_antigo\/download\/arquivos\/feriados-copa-pagina10.pdf\"><br \/>\n  aqui<br \/>\n <\/a><br \/>\n sobre eventos e obras na cidade.<\/p>\n","protected":false},"excerpt":{"rendered":"<p>13\/03\/2014 Com o objetivo de reduzir o fluxo de ve\u00edculos na cidade e agilizar o deslocamento dos torcedores, a Prefeitura do Rio decretou feriado nos dias \u00fateis em que haver\u00e1 realiza\u00e7\u00e3o de jogos da Copa do Mundo na cidade: dias 18 e 25 de junho, a partir do meio dia, e feriado integral no dia [&hellip;]<\/p>\n","protected":false},"author":1,"featured_media":0,"comment_status":"closed","ping_status":"open","sticky":false,"template":"","format":"standard","meta":{"footnotes":""},"categories":[1],"tags":[],"class_list":["post-20262","post","type-post","status-publish","format-standard","hentry","category-noticias"],"yoast_head":"<!-- This site is optimized with the Yoast SEO plugin v25.7 - https:\/\/yoast.com\/wordpress\/plugins\/seo\/ -->\n<title>Feriado parcial nos dias 18 e 25\/06 e integral no dia 04\/07: veja detalhes do Decreto da Prefeitura do Rio para a Copa do Mundo - Sinpro-Rio<\/title>\n<meta name=\"robots\" content=\"index, follow, max-snippet:-1, max-image-preview:large, max-video-preview:-1\" \/>\n<link rel=\"canonical\" href=\"https:\/\/www.sinpro-rio.org.br\/principal\/feriado-parcial-nos-dias-18-e-25-06-e-integral-no-dia-04-07-veja-detalhes-do-decreto-da-prefeitura-do-rio-para-a-copa-do-mundo\/\" \/>\n<meta property=\"og:locale\" content=\"pt_BR\" \/>\n<meta property=\"og:type\" content=\"article\" \/>\n<meta property=\"og:title\" content=\"Feriado parcial nos dias 18 e 25\/06 e integral no dia 04\/07: veja detalhes do Decreto da Prefeitura do Rio para a Copa do Mundo - Sinpro-Rio\" \/>\n<meta property=\"og:description\" content=\"13\/03\/2014 Com o objetivo de reduzir o fluxo de ve\u00edculos na cidade e agilizar o deslocamento dos torcedores, a Prefeitura do Rio decretou feriado nos dias \u00fateis em que haver\u00e1 realiza\u00e7\u00e3o de jogos da Copa do Mundo na cidade: dias 18 e 25 de junho, a partir do meio dia, e feriado integral no dia [&hellip;]\" \/>\n<meta property=\"og:url\" content=\"https:\/\/www.sinpro-rio.org.br\/principal\/feriado-parcial-nos-dias-18-e-25-06-e-integral-no-dia-04-07-veja-detalhes-do-decreto-da-prefeitura-do-rio-para-a-copa-do-mundo\/\" \/>\n<meta property=\"og:site_name\" content=\"Sinpro-Rio\" \/>\n<meta property=\"article:published_time\" content=\"2014-03-13T00:00:00+00:00\" \/>\n<meta name=\"author\" content=\"rafaelrjp\" \/>\n<meta name=\"twitter:card\" content=\"summary_large_image\" \/>\n<meta name=\"twitter:label1\" content=\"Escrito por\" \/>\n\t<meta name=\"twitter:data1\" content=\"rafaelrjp\" \/>\n\t<meta name=\"twitter:label2\" content=\"Est. tempo de leitura\" \/>\n\t<meta name=\"twitter:data2\" content=\"1 minuto\" \/>\n<script type=\"application\/ld+json\" class=\"yoast-schema-graph\">{\"@context\":\"https:\/\/schema.org\",\"@graph\":[{\"@type\":\"WebPage\",\"@id\":\"https:\/\/www.sinpro-rio.org.br\/principal\/feriado-parcial-nos-dias-18-e-25-06-e-integral-no-dia-04-07-veja-detalhes-do-decreto-da-prefeitura-do-rio-para-a-copa-do-mundo\/\",\"url\":\"https:\/\/www.sinpro-rio.org.br\/principal\/feriado-parcial-nos-dias-18-e-25-06-e-integral-no-dia-04-07-veja-detalhes-do-decreto-da-prefeitura-do-rio-para-a-copa-do-mundo\/\",\"name\":\"Feriado parcial nos dias 18 e 25\/06 e integral no dia 04\/07: veja detalhes do Decreto da Prefeitura do Rio para a Copa do Mundo - Sinpro-Rio\",\"isPartOf\":{\"@id\":\"https:\/\/www.sinpro-rio.org.br\/principal\/#website\"},\"datePublished\":\"2014-03-13T00:00:00+00:00\",\"author\":{\"@id\":\"https:\/\/www.sinpro-rio.org.br\/principal\/#\/schema\/person\/49feb585a2f57a31a6bd9f16f78e5be6\"},\"breadcrumb\":{\"@id\":\"https:\/\/www.sinpro-rio.org.br\/principal\/feriado-parcial-nos-dias-18-e-25-06-e-integral-no-dia-04-07-veja-detalhes-do-decreto-da-prefeitura-do-rio-para-a-copa-do-mundo\/#breadcrumb\"},\"inLanguage\":\"pt-BR\",\"potentialAction\":[{\"@type\":\"ReadAction\",\"target\":[\"https:\/\/www.sinpro-rio.org.br\/principal\/feriado-parcial-nos-dias-18-e-25-06-e-integral-no-dia-04-07-veja-detalhes-do-decreto-da-prefeitura-do-rio-para-a-copa-do-mundo\/\"]}]},{\"@type\":\"BreadcrumbList\",\"@id\":\"https:\/\/www.sinpro-rio.org.br\/principal\/feriado-parcial-nos-dias-18-e-25-06-e-integral-no-dia-04-07-veja-detalhes-do-decreto-da-prefeitura-do-rio-para-a-copa-do-mundo\/#breadcrumb\",\"itemListElement\":[{\"@type\":\"ListItem\",\"position\":1,\"name\":\"In\u00edcio\",\"item\":\"https:\/\/www.sinpro-rio.org.br\/principal\/\"},{\"@type\":\"ListItem\",\"position\":2,\"name\":\"Feriado parcial nos dias 18 e 25\/06 e integral no dia 04\/07: veja detalhes do Decreto da Prefeitura do Rio para a Copa do Mundo\"}]},{\"@type\":\"WebSite\",\"@id\":\"https:\/\/www.sinpro-rio.org.br\/principal\/#website\",\"url\":\"https:\/\/www.sinpro-rio.org.br\/principal\/\",\"name\":\"Sinpro-Rio\",\"description\":\"Sindicato dos Professores do Munic\u00edpio do Rio de Janeiro e Regi\u00e3o\",\"potentialAction\":[{\"@type\":\"SearchAction\",\"target\":{\"@type\":\"EntryPoint\",\"urlTemplate\":\"https:\/\/www.sinpro-rio.org.br\/principal\/?s={search_term_string}\"},\"query-input\":{\"@type\":\"PropertyValueSpecification\",\"valueRequired\":true,\"valueName\":\"search_term_string\"}}],\"inLanguage\":\"pt-BR\"},{\"@type\":\"Person\",\"@id\":\"https:\/\/www.sinpro-rio.org.br\/principal\/#\/schema\/person\/49feb585a2f57a31a6bd9f16f78e5be6\",\"name\":\"rafaelrjp\",\"image\":{\"@type\":\"ImageObject\",\"inLanguage\":\"pt-BR\",\"@id\":\"https:\/\/www.sinpro-rio.org.br\/principal\/#\/schema\/person\/image\/\",\"url\":\"https:\/\/secure.gravatar.com\/avatar\/489371a0ba4655c340b519882c68cf68?s=96&d=mm&r=g\",\"contentUrl\":\"https:\/\/secure.gravatar.com\/avatar\/489371a0ba4655c340b519882c68cf68?s=96&d=mm&r=g\",\"caption\":\"rafaelrjp\"},\"url\":\"https:\/\/www.sinpro-rio.org.br\/principal\/author\/rafaelrjp\/\"}]}<\/script>\n<!-- \/ Yoast SEO plugin. -->","yoast_head_json":{"title":"Feriado parcial nos dias 18 e 25\/06 e integral no dia 04\/07: veja detalhes do Decreto da Prefeitura do Rio para a Copa do Mundo - Sinpro-Rio","robots":{"index":"index","follow":"follow","max-snippet":"max-snippet:-1","max-image-preview":"max-image-preview:large","max-video-preview":"max-video-preview:-1"},"canonical":"https:\/\/www.sinpro-rio.org.br\/principal\/feriado-parcial-nos-dias-18-e-25-06-e-integral-no-dia-04-07-veja-detalhes-do-decreto-da-prefeitura-do-rio-para-a-copa-do-mundo\/","og_locale":"pt_BR","og_type":"article","og_title":"Feriado parcial nos dias 18 e 25\/06 e integral no dia 04\/07: veja detalhes do Decreto da Prefeitura do Rio para a Copa do Mundo - Sinpro-Rio","og_description":"13\/03\/2014 Com o objetivo de reduzir o fluxo de ve\u00edculos na cidade e agilizar o deslocamento dos torcedores, a Prefeitura do Rio decretou feriado nos dias \u00fateis em que haver\u00e1 realiza\u00e7\u00e3o de jogos da Copa do Mundo na cidade: dias 18 e 25 de junho, a partir do meio dia, e feriado integral no dia [&hellip;]","og_url":"https:\/\/www.sinpro-rio.org.br\/principal\/feriado-parcial-nos-dias-18-e-25-06-e-integral-no-dia-04-07-veja-detalhes-do-decreto-da-prefeitura-do-rio-para-a-copa-do-mundo\/","og_site_name":"Sinpro-Rio","article_published_time":"2014-03-13T00:00:00+00:00","author":"rafaelrjp","twitter_card":"summary_large_image","twitter_misc":{"Escrito por":"rafaelrjp","Est. tempo de leitura":"1 minuto"},"schema":{"@context":"https:\/\/schema.org","@graph":[{"@type":"WebPage","@id":"https:\/\/www.sinpro-rio.org.br\/principal\/feriado-parcial-nos-dias-18-e-25-06-e-integral-no-dia-04-07-veja-detalhes-do-decreto-da-prefeitura-do-rio-para-a-copa-do-mundo\/","url":"https:\/\/www.sinpro-rio.org.br\/principal\/feriado-parcial-nos-dias-18-e-25-06-e-integral-no-dia-04-07-veja-detalhes-do-decreto-da-prefeitura-do-rio-para-a-copa-do-mundo\/","name":"Feriado parcial nos dias 18 e 25\/06 e integral no dia 04\/07: veja detalhes do Decreto da Prefeitura do Rio para a Copa do Mundo - Sinpro-Rio","isPartOf":{"@id":"https:\/\/www.sinpro-rio.org.br\/principal\/#website"},"datePublished":"2014-03-13T00:00:00+00:00","author":{"@id":"https:\/\/www.sinpro-rio.org.br\/principal\/#\/schema\/person\/49feb585a2f57a31a6bd9f16f78e5be6"},"breadcrumb":{"@id":"https:\/\/www.sinpro-rio.org.br\/principal\/feriado-parcial-nos-dias-18-e-25-06-e-integral-no-dia-04-07-veja-detalhes-do-decreto-da-prefeitura-do-rio-para-a-copa-do-mundo\/#breadcrumb"},"inLanguage":"pt-BR","potentialAction":[{"@type":"ReadAction","target":["https:\/\/www.sinpro-rio.org.br\/principal\/feriado-parcial-nos-dias-18-e-25-06-e-integral-no-dia-04-07-veja-detalhes-do-decreto-da-prefeitura-do-rio-para-a-copa-do-mundo\/"]}]},{"@type":"BreadcrumbList","@id":"https:\/\/www.sinpro-rio.org.br\/principal\/feriado-parcial-nos-dias-18-e-25-06-e-integral-no-dia-04-07-veja-detalhes-do-decreto-da-prefeitura-do-rio-para-a-copa-do-mundo\/#breadcrumb","itemListElement":[{"@type":"ListItem","position":1,"name":"In\u00edcio","item":"https:\/\/www.sinpro-rio.org.br\/principal\/"},{"@type":"ListItem","position":2,"name":"Feriado parcial nos dias 18 e 25\/06 e integral no dia 04\/07: veja detalhes do Decreto da Prefeitura do Rio para a Copa do Mundo"}]},{"@type":"WebSite","@id":"https:\/\/www.sinpro-rio.org.br\/principal\/#website","url":"https:\/\/www.sinpro-rio.org.br\/principal\/","name":"Sinpro-Rio","description":"Sindicato dos Professores do Munic\u00edpio do Rio de Janeiro e Regi\u00e3o","potentialAction":[{"@type":"SearchAction","target":{"@type":"EntryPoint","urlTemplate":"https:\/\/www.sinpro-rio.org.br\/principal\/?s={search_term_string}"},"query-input":{"@type":"PropertyValueSpecification","valueRequired":true,"valueName":"search_term_string"}}],"inLanguage":"pt-BR"},{"@type":"Person","@id":"https:\/\/www.sinpro-rio.org.br\/principal\/#\/schema\/person\/49feb585a2f57a31a6bd9f16f78e5be6","name":"rafaelrjp","image":{"@type":"ImageObject","inLanguage":"pt-BR","@id":"https:\/\/www.sinpro-rio.org.br\/principal\/#\/schema\/person\/image\/","url":"https:\/\/secure.gravatar.com\/avatar\/489371a0ba4655c340b519882c68cf68?s=96&d=mm&r=g","contentUrl":"https:\/\/secure.gravatar.com\/avatar\/489371a0ba4655c340b519882c68cf68?s=96&d=mm&r=g","caption":"rafaelrjp"},"url":"https:\/\/www.sinpro-rio.org.br\/principal\/author\/rafaelrjp\/"}]}},"_links":{"self":[{"href":"https:\/\/www.sinpro-rio.org.br\/principal\/wp-json\/wp\/v2\/posts\/20262","targetHints":{"allow":["GET"]}}],"collection":[{"href":"https:\/\/www.sinpro-rio.org.br\/principal\/wp-json\/wp\/v2\/posts"}],"about":[{"href":"https:\/\/www.sinpro-rio.org.br\/principal\/wp-json\/wp\/v2\/types\/post"}],"author":[{"embeddable":true,"href":"https:\/\/www.sinpro-rio.org.br\/principal\/wp-json\/wp\/v2\/users\/1"}],"replies":[{"embeddable":true,"href":"https:\/\/www.sinpro-rio.org.br\/principal\/wp-json\/wp\/v2\/comments?post=20262"}],"version-history":[{"count":0,"href":"https:\/\/www.sinpro-rio.org.br\/principal\/wp-json\/wp\/v2\/posts\/20262\/revisions"}],"wp:attachment":[{"href":"https:\/\/www.sinpro-rio.org.br\/principal\/wp-json\/wp\/v2\/media?parent=20262"}],"wp:term":[{"taxonomy":"category","embeddable":true,"href":"https:\/\/www.sinpro-rio.org.br\/principal\/wp-json\/wp\/v2\/categories?post=20262"},{"taxonomy":"post_tag","embeddable":true,"href":"https:\/\/www.sinpro-rio.org.br\/principal\/wp-json\/wp\/v2\/tags?post=20262"}],"curies":[{"name":"wp","href":"https:\/\/api.w.org\/{rel}","templated":true}]}}