{"id":20261,"date":"2014-03-17T00:00:00","date_gmt":"2014-03-17T00:00:00","guid":{"rendered":""},"modified":"-0001-11-30T00:00:00","modified_gmt":"-0001-11-30T03:00:00","slug":"curso-de-gest-o-de-politicas-publicas-tem-aula-inaugural-no-sinpro-rio","status":"publish","type":"post","link":"https:\/\/www.sinpro-rio.org.br\/principal\/curso-de-gest-o-de-politicas-publicas-tem-aula-inaugural-no-sinpro-rio\/","title":{"rendered":"Curso de Gest\u00e3o de Pol\u00edticas P\u00fablicas tem aula inaugural no Sinpro-Rio<"},"content":{"rendered":"\n<p>\n <em><br \/>\n  17\/03\/2014<br \/>\n <\/em>\n<\/p>\n<p>\n A aula inaugural do curso de Difus\u00e3o do Conhecimento de Gest\u00e3o de Pol\u00edticas P\u00fablicas aconteceu no dia 17 de mar\u00e7o, na sede do Sinpro-Rio, com a presen\u00e7a do presidente da Funda\u00e7\u00e3o Perseu Abramo, M\u00e1rcio Pochmann, e do economista Jo\u00e3o Sicsu.\n<\/p>\n<p>\n O curso \u00e9 promovido pela Funda\u00e7\u00e3o Perseu Abramo (FPA) &#8211; que foi criada em 1996 pelo Partido dos Trabalhadores (PT) para desenvolver projetos pol\u00edtico-culturais \u2013  coordenado pelo professor de Ci\u00eancia Pol\u00edtica, Lu\u00eds Fernando Vitagliano. O objetivo principal do curso \u00e9 ser um espa\u00e7o para troca de experi\u00eancias sobre gest\u00e3o e pol\u00edticas p\u00fablicas, contribuindo assim para a difus\u00e3o do conhecimento, considerado um processo fundamental na forma\u00e7\u00e3o cr\u00edtica e pol\u00edtica dos indiv\u00edduos.\n<\/p>\n<p>\n O debate deste ano ser\u00e1 sobre os \u201cProjetos para o Brasil\u201d, com 18 temas trabalhados no projeto \u201cIdeias para o Brasil\u201d, que fundamentar\u00e3o o curso.No primeiro m\u00f3dulo do curso, o prop\u00f3sito \u00e9 analisar a situa\u00e7\u00e3o atual do Brasil e propor uma discuss\u00e3o sobre as principais quest\u00f5es que fazem parte da realidade do pa\u00eds nestes \u00faltimos anos de governos p\u00f3s-neoliberais.\n<\/p>\n<p>\n Sobre uma nova pol\u00edtica educacional para o Estado do Rio de Janeiro, Jo\u00e3o Sicsu aponta o desenvolvimento tecnol\u00f3gico como um ponto decisivo para a transforma\u00e7\u00e3o da sociedade: \u201cMas para termos uma sociedade capaz de produzir ci\u00eancias e tecnologia n\u00f3s temos que ter uma base de forma\u00e7\u00e3o do cidad\u00e3o e da educa\u00e7\u00e3o tamb\u00e9m. A escola \u00e9 o local de forma\u00e7\u00e3o de cidad\u00e3o para que ele seja capaz de refletir sobre a realidade brasileira\u201d, explicou.\n<\/p>\n<p>\n M\u00e1rcio Pochmann acrescenta que \u00e9 fundamental entender educa\u00e7\u00e3o como um elemento chave da transforma\u00e7\u00e3o individual e coletiva ao longo da vida, atentando para a transforma\u00e7\u00e3o do pr\u00f3prio Estado e da forma que ele organiza a educa\u00e7\u00e3o. \u201c O sistema de educa\u00e7\u00e3o que temos hoje \u00e9 insuficiente, \u00e9 uma educa\u00e7\u00e3o funcional.  Mudar esse paradigma \u00e9 o grande desafio do nosso tempo. A educa\u00e7\u00e3o deve passar a ser o centro da vida,  algo que nos acompanhar\u00e1 a vida toda\u201d, afirmou o presidente da FPA.<\/p>\n","protected":false},"excerpt":{"rendered":"<p>17\/03\/2014 A aula inaugural do curso de Difus\u00e3o do Conhecimento de Gest\u00e3o de Pol\u00edticas P\u00fablicas aconteceu no dia 17 de mar\u00e7o, na sede do Sinpro-Rio, com a presen\u00e7a do presidente da Funda\u00e7\u00e3o Perseu Abramo, M\u00e1rcio Pochmann, e do economista Jo\u00e3o Sicsu. O curso \u00e9 promovido pela Funda\u00e7\u00e3o Perseu Abramo (FPA) &#8211; que foi criada em [&hellip;]<\/p>\n","protected":false},"author":1,"featured_media":0,"comment_status":"closed","ping_status":"open","sticky":false,"template":"","format":"standard","meta":{"footnotes":""},"categories":[1],"tags":[],"class_list":["post-20261","post","type-post","status-publish","format-standard","hentry","category-noticias"],"yoast_head":"<!-- This site is optimized with the Yoast SEO plugin v25.7 - https:\/\/yoast.com\/wordpress\/plugins\/seo\/ -->\n<title>Curso de Gest\u00e3o de Pol\u00edticas P\u00fablicas tem aula inaugural no Sinpro-Rio&lt; - Sinpro-Rio<\/title>\n<meta name=\"robots\" content=\"index, follow, max-snippet:-1, max-image-preview:large, max-video-preview:-1\" \/>\n<link rel=\"canonical\" href=\"https:\/\/www.sinpro-rio.org.br\/principal\/curso-de-gest-o-de-politicas-publicas-tem-aula-inaugural-no-sinpro-rio\/\" \/>\n<meta property=\"og:locale\" content=\"pt_BR\" \/>\n<meta property=\"og:type\" content=\"article\" \/>\n<meta property=\"og:title\" content=\"Curso de Gest\u00e3o de Pol\u00edticas P\u00fablicas tem aula inaugural no Sinpro-Rio&lt; - Sinpro-Rio\" \/>\n<meta property=\"og:description\" content=\"17\/03\/2014 A aula inaugural do curso de Difus\u00e3o do Conhecimento de Gest\u00e3o de Pol\u00edticas P\u00fablicas aconteceu no dia 17 de mar\u00e7o, na sede do Sinpro-Rio, com a presen\u00e7a do presidente da Funda\u00e7\u00e3o Perseu Abramo, M\u00e1rcio Pochmann, e do economista Jo\u00e3o Sicsu. O curso \u00e9 promovido pela Funda\u00e7\u00e3o Perseu Abramo (FPA) &#8211; que foi criada em [&hellip;]\" \/>\n<meta property=\"og:url\" content=\"https:\/\/www.sinpro-rio.org.br\/principal\/curso-de-gest-o-de-politicas-publicas-tem-aula-inaugural-no-sinpro-rio\/\" \/>\n<meta property=\"og:site_name\" content=\"Sinpro-Rio\" \/>\n<meta property=\"article:published_time\" content=\"2014-03-17T00:00:00+00:00\" \/>\n<meta name=\"author\" content=\"rafaelrjp\" \/>\n<meta name=\"twitter:card\" content=\"summary_large_image\" \/>\n<meta name=\"twitter:label1\" content=\"Escrito por\" \/>\n\t<meta name=\"twitter:data1\" content=\"rafaelrjp\" \/>\n\t<meta name=\"twitter:label2\" content=\"Est. tempo de leitura\" \/>\n\t<meta name=\"twitter:data2\" content=\"2 minutos\" \/>\n<script type=\"application\/ld+json\" class=\"yoast-schema-graph\">{\"@context\":\"https:\/\/schema.org\",\"@graph\":[{\"@type\":\"WebPage\",\"@id\":\"https:\/\/www.sinpro-rio.org.br\/principal\/curso-de-gest-o-de-politicas-publicas-tem-aula-inaugural-no-sinpro-rio\/\",\"url\":\"https:\/\/www.sinpro-rio.org.br\/principal\/curso-de-gest-o-de-politicas-publicas-tem-aula-inaugural-no-sinpro-rio\/\",\"name\":\"Curso de Gest\u00e3o de Pol\u00edticas P\u00fablicas tem aula inaugural no Sinpro-Rio< - Sinpro-Rio\",\"isPartOf\":{\"@id\":\"https:\/\/www.sinpro-rio.org.br\/principal\/#website\"},\"datePublished\":\"2014-03-17T00:00:00+00:00\",\"author\":{\"@id\":\"https:\/\/www.sinpro-rio.org.br\/principal\/#\/schema\/person\/49feb585a2f57a31a6bd9f16f78e5be6\"},\"breadcrumb\":{\"@id\":\"https:\/\/www.sinpro-rio.org.br\/principal\/curso-de-gest-o-de-politicas-publicas-tem-aula-inaugural-no-sinpro-rio\/#breadcrumb\"},\"inLanguage\":\"pt-BR\",\"potentialAction\":[{\"@type\":\"ReadAction\",\"target\":[\"https:\/\/www.sinpro-rio.org.br\/principal\/curso-de-gest-o-de-politicas-publicas-tem-aula-inaugural-no-sinpro-rio\/\"]}]},{\"@type\":\"BreadcrumbList\",\"@id\":\"https:\/\/www.sinpro-rio.org.br\/principal\/curso-de-gest-o-de-politicas-publicas-tem-aula-inaugural-no-sinpro-rio\/#breadcrumb\",\"itemListElement\":[{\"@type\":\"ListItem\",\"position\":1,\"name\":\"In\u00edcio\",\"item\":\"https:\/\/www.sinpro-rio.org.br\/principal\/\"},{\"@type\":\"ListItem\",\"position\":2,\"name\":\"Curso de Gest\u00e3o de Pol\u00edticas P\u00fablicas tem aula inaugural no Sinpro-Rio\"}]},{\"@type\":\"WebSite\",\"@id\":\"https:\/\/www.sinpro-rio.org.br\/principal\/#website\",\"url\":\"https:\/\/www.sinpro-rio.org.br\/principal\/\",\"name\":\"Sinpro-Rio\",\"description\":\"Sindicato dos Professores do Munic\u00edpio do Rio de Janeiro e Regi\u00e3o\",\"potentialAction\":[{\"@type\":\"SearchAction\",\"target\":{\"@type\":\"EntryPoint\",\"urlTemplate\":\"https:\/\/www.sinpro-rio.org.br\/principal\/?s={search_term_string}\"},\"query-input\":{\"@type\":\"PropertyValueSpecification\",\"valueRequired\":true,\"valueName\":\"search_term_string\"}}],\"inLanguage\":\"pt-BR\"},{\"@type\":\"Person\",\"@id\":\"https:\/\/www.sinpro-rio.org.br\/principal\/#\/schema\/person\/49feb585a2f57a31a6bd9f16f78e5be6\",\"name\":\"rafaelrjp\",\"image\":{\"@type\":\"ImageObject\",\"inLanguage\":\"pt-BR\",\"@id\":\"https:\/\/www.sinpro-rio.org.br\/principal\/#\/schema\/person\/image\/\",\"url\":\"https:\/\/secure.gravatar.com\/avatar\/489371a0ba4655c340b519882c68cf68?s=96&d=mm&r=g\",\"contentUrl\":\"https:\/\/secure.gravatar.com\/avatar\/489371a0ba4655c340b519882c68cf68?s=96&d=mm&r=g\",\"caption\":\"rafaelrjp\"},\"url\":\"https:\/\/www.sinpro-rio.org.br\/principal\/author\/rafaelrjp\/\"}]}<\/script>\n<!-- \/ Yoast SEO plugin. -->","yoast_head_json":{"title":"Curso de Gest\u00e3o de Pol\u00edticas P\u00fablicas tem aula inaugural no Sinpro-Rio< - Sinpro-Rio","robots":{"index":"index","follow":"follow","max-snippet":"max-snippet:-1","max-image-preview":"max-image-preview:large","max-video-preview":"max-video-preview:-1"},"canonical":"https:\/\/www.sinpro-rio.org.br\/principal\/curso-de-gest-o-de-politicas-publicas-tem-aula-inaugural-no-sinpro-rio\/","og_locale":"pt_BR","og_type":"article","og_title":"Curso de Gest\u00e3o de Pol\u00edticas P\u00fablicas tem aula inaugural no Sinpro-Rio< - Sinpro-Rio","og_description":"17\/03\/2014 A aula inaugural do curso de Difus\u00e3o do Conhecimento de Gest\u00e3o de Pol\u00edticas P\u00fablicas aconteceu no dia 17 de mar\u00e7o, na sede do Sinpro-Rio, com a presen\u00e7a do presidente da Funda\u00e7\u00e3o Perseu Abramo, M\u00e1rcio Pochmann, e do economista Jo\u00e3o Sicsu. O curso \u00e9 promovido pela Funda\u00e7\u00e3o Perseu Abramo (FPA) &#8211; que foi criada em [&hellip;]","og_url":"https:\/\/www.sinpro-rio.org.br\/principal\/curso-de-gest-o-de-politicas-publicas-tem-aula-inaugural-no-sinpro-rio\/","og_site_name":"Sinpro-Rio","article_published_time":"2014-03-17T00:00:00+00:00","author":"rafaelrjp","twitter_card":"summary_large_image","twitter_misc":{"Escrito por":"rafaelrjp","Est. tempo de leitura":"2 minutos"},"schema":{"@context":"https:\/\/schema.org","@graph":[{"@type":"WebPage","@id":"https:\/\/www.sinpro-rio.org.br\/principal\/curso-de-gest-o-de-politicas-publicas-tem-aula-inaugural-no-sinpro-rio\/","url":"https:\/\/www.sinpro-rio.org.br\/principal\/curso-de-gest-o-de-politicas-publicas-tem-aula-inaugural-no-sinpro-rio\/","name":"Curso de Gest\u00e3o de Pol\u00edticas P\u00fablicas tem aula inaugural no Sinpro-Rio< - Sinpro-Rio","isPartOf":{"@id":"https:\/\/www.sinpro-rio.org.br\/principal\/#website"},"datePublished":"2014-03-17T00:00:00+00:00","author":{"@id":"https:\/\/www.sinpro-rio.org.br\/principal\/#\/schema\/person\/49feb585a2f57a31a6bd9f16f78e5be6"},"breadcrumb":{"@id":"https:\/\/www.sinpro-rio.org.br\/principal\/curso-de-gest-o-de-politicas-publicas-tem-aula-inaugural-no-sinpro-rio\/#breadcrumb"},"inLanguage":"pt-BR","potentialAction":[{"@type":"ReadAction","target":["https:\/\/www.sinpro-rio.org.br\/principal\/curso-de-gest-o-de-politicas-publicas-tem-aula-inaugural-no-sinpro-rio\/"]}]},{"@type":"BreadcrumbList","@id":"https:\/\/www.sinpro-rio.org.br\/principal\/curso-de-gest-o-de-politicas-publicas-tem-aula-inaugural-no-sinpro-rio\/#breadcrumb","itemListElement":[{"@type":"ListItem","position":1,"name":"In\u00edcio","item":"https:\/\/www.sinpro-rio.org.br\/principal\/"},{"@type":"ListItem","position":2,"name":"Curso de Gest\u00e3o de Pol\u00edticas P\u00fablicas tem aula inaugural no Sinpro-Rio"}]},{"@type":"WebSite","@id":"https:\/\/www.sinpro-rio.org.br\/principal\/#website","url":"https:\/\/www.sinpro-rio.org.br\/principal\/","name":"Sinpro-Rio","description":"Sindicato dos Professores do Munic\u00edpio do Rio de Janeiro e Regi\u00e3o","potentialAction":[{"@type":"SearchAction","target":{"@type":"EntryPoint","urlTemplate":"https:\/\/www.sinpro-rio.org.br\/principal\/?s={search_term_string}"},"query-input":{"@type":"PropertyValueSpecification","valueRequired":true,"valueName":"search_term_string"}}],"inLanguage":"pt-BR"},{"@type":"Person","@id":"https:\/\/www.sinpro-rio.org.br\/principal\/#\/schema\/person\/49feb585a2f57a31a6bd9f16f78e5be6","name":"rafaelrjp","image":{"@type":"ImageObject","inLanguage":"pt-BR","@id":"https:\/\/www.sinpro-rio.org.br\/principal\/#\/schema\/person\/image\/","url":"https:\/\/secure.gravatar.com\/avatar\/489371a0ba4655c340b519882c68cf68?s=96&d=mm&r=g","contentUrl":"https:\/\/secure.gravatar.com\/avatar\/489371a0ba4655c340b519882c68cf68?s=96&d=mm&r=g","caption":"rafaelrjp"},"url":"https:\/\/www.sinpro-rio.org.br\/principal\/author\/rafaelrjp\/"}]}},"_links":{"self":[{"href":"https:\/\/www.sinpro-rio.org.br\/principal\/wp-json\/wp\/v2\/posts\/20261","targetHints":{"allow":["GET"]}}],"collection":[{"href":"https:\/\/www.sinpro-rio.org.br\/principal\/wp-json\/wp\/v2\/posts"}],"about":[{"href":"https:\/\/www.sinpro-rio.org.br\/principal\/wp-json\/wp\/v2\/types\/post"}],"author":[{"embeddable":true,"href":"https:\/\/www.sinpro-rio.org.br\/principal\/wp-json\/wp\/v2\/users\/1"}],"replies":[{"embeddable":true,"href":"https:\/\/www.sinpro-rio.org.br\/principal\/wp-json\/wp\/v2\/comments?post=20261"}],"version-history":[{"count":0,"href":"https:\/\/www.sinpro-rio.org.br\/principal\/wp-json\/wp\/v2\/posts\/20261\/revisions"}],"wp:attachment":[{"href":"https:\/\/www.sinpro-rio.org.br\/principal\/wp-json\/wp\/v2\/media?parent=20261"}],"wp:term":[{"taxonomy":"category","embeddable":true,"href":"https:\/\/www.sinpro-rio.org.br\/principal\/wp-json\/wp\/v2\/categories?post=20261"},{"taxonomy":"post_tag","embeddable":true,"href":"https:\/\/www.sinpro-rio.org.br\/principal\/wp-json\/wp\/v2\/tags?post=20261"}],"curies":[{"name":"wp","href":"https:\/\/api.w.org\/{rel}","templated":true}]}}