{"id":20256,"date":"2014-03-19T00:00:00","date_gmt":"2014-03-19T00:00:00","guid":{"rendered":""},"modified":"-0001-11-30T00:00:00","modified_gmt":"-0001-11-30T03:00:00","slug":"seminario-para-profissionais-da-voz-dia-15-04-em-nova-friburgo","status":"publish","type":"post","link":"https:\/\/www.sinpro-rio.org.br\/principal\/seminario-para-profissionais-da-voz-dia-15-04-em-nova-friburgo\/","title":{"rendered":"Semin\u00e1rio para profissionais da voz, dia 15\/04, em Nova Friburgo"},"content":{"rendered":"\n<p>\n <em><br \/>\n  19\/03\/2014<br \/>\n <\/em>\n<\/p>\n<p class=\"imgleft pic\">\n <img decoding=\"async\" align=\"right\" alt=\"foto\" src=\"http:\/\/www.sinprorio.pro.br\/site_antigo\/imagens\/noticia\/2014\/humanizavoz.jpg\" width=\"300\"\/><\/p>\n<p>\n  Est\u00e3o abertas as inscri\u00e7\u00f5es para o II Semin\u00e1rio Nacional de Promo\u00e7\u00e3o da Sa\u00fade Vocal e da Comunica\u00e7\u00e3o para Profissionais da Voz, que ser\u00e1 realizado no dia 15 de abril, em Nova Friburgo.\n <\/p>\n<p>\n  O evento \u00e9 organizado pelo Programa HumanizaVoz da Universidade Federal Fluminense (UFF) e tem como p\u00fablico alvo profissionais cuja voz \u00e9 essencial para o seu trabalho, tais como professores, advogados, executivos, propagandistas, vendedores, alunos de gradua\u00e7\u00e3o em Fonoaudiologia e \u00e1reas relacionadas.\n <\/p>\n<p>\n  Al\u00e9m disso, o semin\u00e1rio ser\u00e1 um espa\u00e7o para troca de experi\u00eancias, workshops, palestras, premia\u00e7\u00f5es e debates.\n <\/p>\n<p>\n  As inscri\u00e7\u00f5es s\u00e3o gratuitas, mas as vagas s\u00e3o limitadas.<br \/>\n  <br \/>\n  Voc\u00ea pode se inscrever pelo site<br \/>\n  <a href=\"www.humanizavoz.uff.br\"><br \/>\n   www.humanizavoz.uff.br<br \/>\n  <\/a><br \/>\n  onde voc\u00ea tamb\u00e9m encontra mais informa\u00e7\u00f5es.\n <\/p>\n<p>\n  Todos os participantes receber\u00e3o material individual e certificados.\n <\/p>\n<p>\n  Servi\u00e7o:<br \/>\n  <br \/>\n  <b><br \/>\n   II Semin\u00e1rio Nacional de Promo\u00e7\u00e3o da Sa\u00fade Vocal e da Comunica\u00e7\u00e3o para Profissionais da Voz<br \/>\n  <\/b><br \/>\n  <br \/>\n  <b><br \/>\n   Data<br \/>\n  <\/b><br \/>\n  : 15 de abril de 2014<br \/>\n  <br \/>\n  <b><br \/>\n   Hor\u00e1rio<br \/>\n  <\/b><br \/>\n  : 8h \u00e0s 16h<br \/>\n  <br \/>\n  <b><br \/>\n   Local<br \/>\n  <\/b><br \/>\n  : Teatro Irm\u00e3 Sania Cosmelli, Nova Friburgo &#8211; RJ\n <\/p>\n<\/p>\n<p>\n Est\u00e3o abertas as inscri\u00e7\u00f5es para o II Semin\u00e1rio Nacional de Promo\u00e7\u00e3o da Sa\u00fade Vocal e da Comunica\u00e7\u00e3o para Profissionais da Voz, que ser\u00e1 realizado no dia 15 de abril, em Nova Friburgo.\n<\/p>\n<p>\n O evento \u00e9 organizado pelo Programa HumanizaVoz da Universidade Federal Fluminense (UFF) e tem como p\u00fablico alvo profissionais cuja voz \u00e9 essencial para o seu trabalho, tais como professores, advogados, executivos, propagandistas, vendedores, alunos de gradua\u00e7\u00e3o em Fonoaudiologia e \u00e1reas relacionadas.\n<\/p>\n<p>\n Al\u00e9m disso, o semin\u00e1rio ser\u00e1 um espa\u00e7o para troca de experi\u00eancias, workshops, palestras, premia\u00e7\u00f5es e debates.\n<\/p>\n<p>\n As inscri\u00e7\u00f5es s\u00e3o gratuitas, mas as vagas s\u00e3o limitadas.<br \/>\n <br \/>\n Voc\u00ea pode se inscrever pelo site<br \/>\n <a href=\"www.humanizavoz.uff.br\"><br \/>\n  www.humanizavoz.uff.br<br \/>\n <\/a><br \/>\n onde voc\u00ea tamb\u00e9m encontra mais informa\u00e7\u00f5es.\n<\/p>\n<p>\n Todos os participantes receber\u00e3o material individual e certificados.\n<\/p>\n<p>\n Servi\u00e7o:<br \/>\n <br \/>\n <b><br \/>\n  II Semin\u00e1rio Nacional de Promo\u00e7\u00e3o da Sa\u00fade Vocal e da Comunica\u00e7\u00e3o para Profissionais da Voz<br \/>\n <\/b><br \/>\n <br \/>\n <b><br \/>\n  Data<br \/>\n <\/b><br \/>\n : 15 de abril de 2014<br \/>\n <br \/>\n <b><br \/>\n  Hor\u00e1rio<br \/>\n <\/b><br \/>\n : 8h \u00e0s 16h<br \/>\n <br \/>\n <b><br \/>\n  Local<br \/>\n <\/b><br \/>\n : Teatro Irm\u00e3 Sania Cosmelli, Nova Friburgo &#8211; RJ<\/p>\n","protected":false},"excerpt":{"rendered":"<p>19\/03\/2014 Est\u00e3o abertas as inscri\u00e7\u00f5es para o II Semin\u00e1rio Nacional de Promo\u00e7\u00e3o da Sa\u00fade Vocal e da Comunica\u00e7\u00e3o para Profissionais da Voz, que ser\u00e1 realizado no dia 15 de abril, em Nova Friburgo. O evento \u00e9 organizado pelo Programa HumanizaVoz da Universidade Federal Fluminense (UFF) e tem como p\u00fablico alvo profissionais cuja voz \u00e9 essencial [&hellip;]<\/p>\n","protected":false},"author":1,"featured_media":0,"comment_status":"closed","ping_status":"open","sticky":false,"template":"","format":"standard","meta":{"footnotes":""},"categories":[1],"tags":[],"class_list":["post-20256","post","type-post","status-publish","format-standard","hentry","category-noticias"],"yoast_head":"<!-- This site is optimized with the Yoast SEO plugin v25.7 - https:\/\/yoast.com\/wordpress\/plugins\/seo\/ -->\n<title>Semin\u00e1rio para profissionais da voz, dia 15\/04, em Nova Friburgo - Sinpro-Rio<\/title>\n<meta name=\"robots\" content=\"index, follow, max-snippet:-1, max-image-preview:large, max-video-preview:-1\" \/>\n<link rel=\"canonical\" href=\"https:\/\/www.sinpro-rio.org.br\/principal\/seminario-para-profissionais-da-voz-dia-15-04-em-nova-friburgo\/\" \/>\n<meta property=\"og:locale\" content=\"pt_BR\" \/>\n<meta property=\"og:type\" content=\"article\" \/>\n<meta property=\"og:title\" content=\"Semin\u00e1rio para profissionais da voz, dia 15\/04, em Nova Friburgo - Sinpro-Rio\" \/>\n<meta property=\"og:description\" content=\"19\/03\/2014 Est\u00e3o abertas as inscri\u00e7\u00f5es para o II Semin\u00e1rio Nacional de Promo\u00e7\u00e3o da Sa\u00fade Vocal e da Comunica\u00e7\u00e3o para Profissionais da Voz, que ser\u00e1 realizado no dia 15 de abril, em Nova Friburgo. O evento \u00e9 organizado pelo Programa HumanizaVoz da Universidade Federal Fluminense (UFF) e tem como p\u00fablico alvo profissionais cuja voz \u00e9 essencial [&hellip;]\" \/>\n<meta property=\"og:url\" content=\"https:\/\/www.sinpro-rio.org.br\/principal\/seminario-para-profissionais-da-voz-dia-15-04-em-nova-friburgo\/\" \/>\n<meta property=\"og:site_name\" content=\"Sinpro-Rio\" \/>\n<meta property=\"article:published_time\" content=\"2014-03-19T00:00:00+00:00\" \/>\n<meta property=\"og:image\" content=\"http:\/\/www.sinprorio.pro.br\/site_antigo\/imagens\/noticia\/2014\/humanizavoz.jpg\" \/>\n<meta name=\"author\" content=\"rafaelrjp\" \/>\n<meta name=\"twitter:card\" content=\"summary_large_image\" \/>\n<meta name=\"twitter:label1\" content=\"Escrito por\" \/>\n\t<meta name=\"twitter:data1\" content=\"rafaelrjp\" \/>\n\t<meta name=\"twitter:label2\" content=\"Est. tempo de leitura\" \/>\n\t<meta name=\"twitter:data2\" content=\"2 minutos\" \/>\n<script type=\"application\/ld+json\" class=\"yoast-schema-graph\">{\"@context\":\"https:\/\/schema.org\",\"@graph\":[{\"@type\":\"WebPage\",\"@id\":\"https:\/\/www.sinpro-rio.org.br\/principal\/seminario-para-profissionais-da-voz-dia-15-04-em-nova-friburgo\/\",\"url\":\"https:\/\/www.sinpro-rio.org.br\/principal\/seminario-para-profissionais-da-voz-dia-15-04-em-nova-friburgo\/\",\"name\":\"Semin\u00e1rio para profissionais da voz, dia 15\/04, em Nova Friburgo - Sinpro-Rio\",\"isPartOf\":{\"@id\":\"https:\/\/www.sinpro-rio.org.br\/principal\/#website\"},\"primaryImageOfPage\":{\"@id\":\"https:\/\/www.sinpro-rio.org.br\/principal\/seminario-para-profissionais-da-voz-dia-15-04-em-nova-friburgo\/#primaryimage\"},\"image\":{\"@id\":\"https:\/\/www.sinpro-rio.org.br\/principal\/seminario-para-profissionais-da-voz-dia-15-04-em-nova-friburgo\/#primaryimage\"},\"thumbnailUrl\":\"http:\/\/www.sinprorio.pro.br\/site_antigo\/imagens\/noticia\/2014\/humanizavoz.jpg\",\"datePublished\":\"2014-03-19T00:00:00+00:00\",\"author\":{\"@id\":\"https:\/\/www.sinpro-rio.org.br\/principal\/#\/schema\/person\/49feb585a2f57a31a6bd9f16f78e5be6\"},\"breadcrumb\":{\"@id\":\"https:\/\/www.sinpro-rio.org.br\/principal\/seminario-para-profissionais-da-voz-dia-15-04-em-nova-friburgo\/#breadcrumb\"},\"inLanguage\":\"pt-BR\",\"potentialAction\":[{\"@type\":\"ReadAction\",\"target\":[\"https:\/\/www.sinpro-rio.org.br\/principal\/seminario-para-profissionais-da-voz-dia-15-04-em-nova-friburgo\/\"]}]},{\"@type\":\"ImageObject\",\"inLanguage\":\"pt-BR\",\"@id\":\"https:\/\/www.sinpro-rio.org.br\/principal\/seminario-para-profissionais-da-voz-dia-15-04-em-nova-friburgo\/#primaryimage\",\"url\":\"http:\/\/www.sinprorio.pro.br\/site_antigo\/imagens\/noticia\/2014\/humanizavoz.jpg\",\"contentUrl\":\"http:\/\/www.sinprorio.pro.br\/site_antigo\/imagens\/noticia\/2014\/humanizavoz.jpg\"},{\"@type\":\"BreadcrumbList\",\"@id\":\"https:\/\/www.sinpro-rio.org.br\/principal\/seminario-para-profissionais-da-voz-dia-15-04-em-nova-friburgo\/#breadcrumb\",\"itemListElement\":[{\"@type\":\"ListItem\",\"position\":1,\"name\":\"In\u00edcio\",\"item\":\"https:\/\/www.sinpro-rio.org.br\/principal\/\"},{\"@type\":\"ListItem\",\"position\":2,\"name\":\"Semin\u00e1rio para profissionais da voz, dia 15\/04, em Nova Friburgo\"}]},{\"@type\":\"WebSite\",\"@id\":\"https:\/\/www.sinpro-rio.org.br\/principal\/#website\",\"url\":\"https:\/\/www.sinpro-rio.org.br\/principal\/\",\"name\":\"Sinpro-Rio\",\"description\":\"Sindicato dos Professores do Munic\u00edpio do Rio de Janeiro e Regi\u00e3o\",\"potentialAction\":[{\"@type\":\"SearchAction\",\"target\":{\"@type\":\"EntryPoint\",\"urlTemplate\":\"https:\/\/www.sinpro-rio.org.br\/principal\/?s={search_term_string}\"},\"query-input\":{\"@type\":\"PropertyValueSpecification\",\"valueRequired\":true,\"valueName\":\"search_term_string\"}}],\"inLanguage\":\"pt-BR\"},{\"@type\":\"Person\",\"@id\":\"https:\/\/www.sinpro-rio.org.br\/principal\/#\/schema\/person\/49feb585a2f57a31a6bd9f16f78e5be6\",\"name\":\"rafaelrjp\",\"image\":{\"@type\":\"ImageObject\",\"inLanguage\":\"pt-BR\",\"@id\":\"https:\/\/www.sinpro-rio.org.br\/principal\/#\/schema\/person\/image\/\",\"url\":\"https:\/\/secure.gravatar.com\/avatar\/489371a0ba4655c340b519882c68cf68?s=96&d=mm&r=g\",\"contentUrl\":\"https:\/\/secure.gravatar.com\/avatar\/489371a0ba4655c340b519882c68cf68?s=96&d=mm&r=g\",\"caption\":\"rafaelrjp\"},\"url\":\"https:\/\/www.sinpro-rio.org.br\/principal\/author\/rafaelrjp\/\"}]}<\/script>\n<!-- \/ Yoast SEO plugin. -->","yoast_head_json":{"title":"Semin\u00e1rio para profissionais da voz, dia 15\/04, em Nova Friburgo - Sinpro-Rio","robots":{"index":"index","follow":"follow","max-snippet":"max-snippet:-1","max-image-preview":"max-image-preview:large","max-video-preview":"max-video-preview:-1"},"canonical":"https:\/\/www.sinpro-rio.org.br\/principal\/seminario-para-profissionais-da-voz-dia-15-04-em-nova-friburgo\/","og_locale":"pt_BR","og_type":"article","og_title":"Semin\u00e1rio para profissionais da voz, dia 15\/04, em Nova Friburgo - Sinpro-Rio","og_description":"19\/03\/2014 Est\u00e3o abertas as inscri\u00e7\u00f5es para o II Semin\u00e1rio Nacional de Promo\u00e7\u00e3o da Sa\u00fade Vocal e da Comunica\u00e7\u00e3o para Profissionais da Voz, que ser\u00e1 realizado no dia 15 de abril, em Nova Friburgo. O evento \u00e9 organizado pelo Programa HumanizaVoz da Universidade Federal Fluminense (UFF) e tem como p\u00fablico alvo profissionais cuja voz \u00e9 essencial [&hellip;]","og_url":"https:\/\/www.sinpro-rio.org.br\/principal\/seminario-para-profissionais-da-voz-dia-15-04-em-nova-friburgo\/","og_site_name":"Sinpro-Rio","article_published_time":"2014-03-19T00:00:00+00:00","og_image":[{"url":"http:\/\/www.sinprorio.pro.br\/site_antigo\/imagens\/noticia\/2014\/humanizavoz.jpg","type":"","width":"","height":""}],"author":"rafaelrjp","twitter_card":"summary_large_image","twitter_misc":{"Escrito por":"rafaelrjp","Est. tempo de leitura":"2 minutos"},"schema":{"@context":"https:\/\/schema.org","@graph":[{"@type":"WebPage","@id":"https:\/\/www.sinpro-rio.org.br\/principal\/seminario-para-profissionais-da-voz-dia-15-04-em-nova-friburgo\/","url":"https:\/\/www.sinpro-rio.org.br\/principal\/seminario-para-profissionais-da-voz-dia-15-04-em-nova-friburgo\/","name":"Semin\u00e1rio para profissionais da voz, dia 15\/04, em Nova Friburgo - Sinpro-Rio","isPartOf":{"@id":"https:\/\/www.sinpro-rio.org.br\/principal\/#website"},"primaryImageOfPage":{"@id":"https:\/\/www.sinpro-rio.org.br\/principal\/seminario-para-profissionais-da-voz-dia-15-04-em-nova-friburgo\/#primaryimage"},"image":{"@id":"https:\/\/www.sinpro-rio.org.br\/principal\/seminario-para-profissionais-da-voz-dia-15-04-em-nova-friburgo\/#primaryimage"},"thumbnailUrl":"http:\/\/www.sinprorio.pro.br\/site_antigo\/imagens\/noticia\/2014\/humanizavoz.jpg","datePublished":"2014-03-19T00:00:00+00:00","author":{"@id":"https:\/\/www.sinpro-rio.org.br\/principal\/#\/schema\/person\/49feb585a2f57a31a6bd9f16f78e5be6"},"breadcrumb":{"@id":"https:\/\/www.sinpro-rio.org.br\/principal\/seminario-para-profissionais-da-voz-dia-15-04-em-nova-friburgo\/#breadcrumb"},"inLanguage":"pt-BR","potentialAction":[{"@type":"ReadAction","target":["https:\/\/www.sinpro-rio.org.br\/principal\/seminario-para-profissionais-da-voz-dia-15-04-em-nova-friburgo\/"]}]},{"@type":"ImageObject","inLanguage":"pt-BR","@id":"https:\/\/www.sinpro-rio.org.br\/principal\/seminario-para-profissionais-da-voz-dia-15-04-em-nova-friburgo\/#primaryimage","url":"http:\/\/www.sinprorio.pro.br\/site_antigo\/imagens\/noticia\/2014\/humanizavoz.jpg","contentUrl":"http:\/\/www.sinprorio.pro.br\/site_antigo\/imagens\/noticia\/2014\/humanizavoz.jpg"},{"@type":"BreadcrumbList","@id":"https:\/\/www.sinpro-rio.org.br\/principal\/seminario-para-profissionais-da-voz-dia-15-04-em-nova-friburgo\/#breadcrumb","itemListElement":[{"@type":"ListItem","position":1,"name":"In\u00edcio","item":"https:\/\/www.sinpro-rio.org.br\/principal\/"},{"@type":"ListItem","position":2,"name":"Semin\u00e1rio para profissionais da voz, dia 15\/04, em Nova Friburgo"}]},{"@type":"WebSite","@id":"https:\/\/www.sinpro-rio.org.br\/principal\/#website","url":"https:\/\/www.sinpro-rio.org.br\/principal\/","name":"Sinpro-Rio","description":"Sindicato dos Professores do Munic\u00edpio do Rio de Janeiro e Regi\u00e3o","potentialAction":[{"@type":"SearchAction","target":{"@type":"EntryPoint","urlTemplate":"https:\/\/www.sinpro-rio.org.br\/principal\/?s={search_term_string}"},"query-input":{"@type":"PropertyValueSpecification","valueRequired":true,"valueName":"search_term_string"}}],"inLanguage":"pt-BR"},{"@type":"Person","@id":"https:\/\/www.sinpro-rio.org.br\/principal\/#\/schema\/person\/49feb585a2f57a31a6bd9f16f78e5be6","name":"rafaelrjp","image":{"@type":"ImageObject","inLanguage":"pt-BR","@id":"https:\/\/www.sinpro-rio.org.br\/principal\/#\/schema\/person\/image\/","url":"https:\/\/secure.gravatar.com\/avatar\/489371a0ba4655c340b519882c68cf68?s=96&d=mm&r=g","contentUrl":"https:\/\/secure.gravatar.com\/avatar\/489371a0ba4655c340b519882c68cf68?s=96&d=mm&r=g","caption":"rafaelrjp"},"url":"https:\/\/www.sinpro-rio.org.br\/principal\/author\/rafaelrjp\/"}]}},"_links":{"self":[{"href":"https:\/\/www.sinpro-rio.org.br\/principal\/wp-json\/wp\/v2\/posts\/20256","targetHints":{"allow":["GET"]}}],"collection":[{"href":"https:\/\/www.sinpro-rio.org.br\/principal\/wp-json\/wp\/v2\/posts"}],"about":[{"href":"https:\/\/www.sinpro-rio.org.br\/principal\/wp-json\/wp\/v2\/types\/post"}],"author":[{"embeddable":true,"href":"https:\/\/www.sinpro-rio.org.br\/principal\/wp-json\/wp\/v2\/users\/1"}],"replies":[{"embeddable":true,"href":"https:\/\/www.sinpro-rio.org.br\/principal\/wp-json\/wp\/v2\/comments?post=20256"}],"version-history":[{"count":0,"href":"https:\/\/www.sinpro-rio.org.br\/principal\/wp-json\/wp\/v2\/posts\/20256\/revisions"}],"wp:attachment":[{"href":"https:\/\/www.sinpro-rio.org.br\/principal\/wp-json\/wp\/v2\/media?parent=20256"}],"wp:term":[{"taxonomy":"category","embeddable":true,"href":"https:\/\/www.sinpro-rio.org.br\/principal\/wp-json\/wp\/v2\/categories?post=20256"},{"taxonomy":"post_tag","embeddable":true,"href":"https:\/\/www.sinpro-rio.org.br\/principal\/wp-json\/wp\/v2\/tags?post=20256"}],"curies":[{"name":"wp","href":"https:\/\/api.w.org\/{rel}","templated":true}]}}