{"id":20237,"date":"2014-04-28T00:00:00","date_gmt":"2014-04-28T00:00:00","guid":{"rendered":""},"modified":"-0001-11-30T00:00:00","modified_gmt":"-0001-11-30T03:00:00","slug":"mestrado-profissional-em-ensino-de-historia-na-ufrj-inscric-es-ate-01-05","status":"publish","type":"post","link":"https:\/\/www.sinpro-rio.org.br\/principal\/mestrado-profissional-em-ensino-de-historia-na-ufrj-inscric-es-ate-01-05\/","title":{"rendered":"Mestrado profissional em Ensino de Hist\u00f3ria na UFRJ: inscri\u00e7\u00f5es at\u00e9 01\/05"},"content":{"rendered":"\n<p>\n <em><br \/>\n  28\/04\/2014<br \/>\n <\/em>\n<\/p>\n<p>\n O Mestrado profissional em Ensino de Hist\u00f3ria coordenado pela Universidade Federal do Rio de Janeiro (UFRJ), est\u00e1 com inscri\u00e7\u00f5es abertas para o processo seletivo at\u00e9 o dia 01\/05.\n<\/p>\n<p>\n O ProfHist\u00f3ria \u00e9 um programa de p\u00f3s-gradua\u00e7\u00e3o stricto sensu em Ensino de Hist\u00f3ria, reconhecido pela Coordena\u00e7\u00e3o de Aperfei\u00e7oamento de Pessoal de N\u00edvel Superior (CAPES) do Minist\u00e9rio da Educa\u00e7\u00e3o. Coordenado pela UFRJ, ele tem como objetivo proporcionar forma\u00e7\u00e3o continuada aos docentes de Hist\u00f3ria da Educa\u00e7\u00e3o B\u00e1sica, contribuindo para a melhoria da qualidade do ensino e visando dar ao egresso qualifica\u00e7\u00e3o certificada para o exerc\u00edcio da profiss\u00e3o de professor de Hist\u00f3ria.\n<\/p>\n<p>\n Poder\u00e3o participar do Exame Nacional de Acesso ao ProfHist\u00f3ria candidatos portadores de diploma de curso superior de Licenciatura, devidamente registrados no Minist\u00e9rio da Educa\u00e7\u00e3o, que estejam ministrando aulas de Hist\u00f3ria em qualquer ano da Educa\u00e7\u00e3o B\u00e1sica (Ensino Fundamental e Ensino M\u00e9dio).\n<\/p>\n<p>\n In\u00edcio: Agosto de 2014<br \/>\n <br \/>\n Inscri\u00e7\u00f5es: 01\/04 a 01\/05\n<\/p>\n<p>\n Mais informa\u00e7\u00f5es sobre a inscri\u00e7\u00e3o e processo seletivo: www.profhistoria.uerj.br \/ profhistoria@dsea.uerj.br\n<\/p>\n<p>\n Clique<br \/>\n <a href=\"http:\/\/www.sinprorio.pro.br\/site_antigo\/download\/arquivos\/folderhistoria01.pdf\"><br \/>\n  aqui<br \/>\n <\/a><br \/>\n para visualizar o folder virtual.<\/p>\n","protected":false},"excerpt":{"rendered":"<p>28\/04\/2014 O Mestrado profissional em Ensino de Hist\u00f3ria coordenado pela Universidade Federal do Rio de Janeiro (UFRJ), est\u00e1 com inscri\u00e7\u00f5es abertas para o processo seletivo at\u00e9 o dia 01\/05. O ProfHist\u00f3ria \u00e9 um programa de p\u00f3s-gradua\u00e7\u00e3o stricto sensu em Ensino de Hist\u00f3ria, reconhecido pela Coordena\u00e7\u00e3o de Aperfei\u00e7oamento de Pessoal de N\u00edvel Superior (CAPES) do Minist\u00e9rio [&hellip;]<\/p>\n","protected":false},"author":1,"featured_media":0,"comment_status":"closed","ping_status":"open","sticky":false,"template":"","format":"standard","meta":{"footnotes":""},"categories":[1],"tags":[],"class_list":["post-20237","post","type-post","status-publish","format-standard","hentry","category-noticias"],"yoast_head":"<!-- This site is optimized with the Yoast SEO plugin v25.7 - https:\/\/yoast.com\/wordpress\/plugins\/seo\/ -->\n<title>Mestrado profissional em Ensino de Hist\u00f3ria na UFRJ: inscri\u00e7\u00f5es at\u00e9 01\/05 - Sinpro-Rio<\/title>\n<meta name=\"robots\" content=\"index, follow, max-snippet:-1, max-image-preview:large, max-video-preview:-1\" \/>\n<link rel=\"canonical\" href=\"https:\/\/www.sinpro-rio.org.br\/principal\/mestrado-profissional-em-ensino-de-historia-na-ufrj-inscric-es-ate-01-05\/\" \/>\n<meta property=\"og:locale\" content=\"pt_BR\" \/>\n<meta property=\"og:type\" content=\"article\" \/>\n<meta property=\"og:title\" content=\"Mestrado profissional em Ensino de Hist\u00f3ria na UFRJ: inscri\u00e7\u00f5es at\u00e9 01\/05 - Sinpro-Rio\" \/>\n<meta property=\"og:description\" content=\"28\/04\/2014 O Mestrado profissional em Ensino de Hist\u00f3ria coordenado pela Universidade Federal do Rio de Janeiro (UFRJ), est\u00e1 com inscri\u00e7\u00f5es abertas para o processo seletivo at\u00e9 o dia 01\/05. O ProfHist\u00f3ria \u00e9 um programa de p\u00f3s-gradua\u00e7\u00e3o stricto sensu em Ensino de Hist\u00f3ria, reconhecido pela Coordena\u00e7\u00e3o de Aperfei\u00e7oamento de Pessoal de N\u00edvel Superior (CAPES) do Minist\u00e9rio [&hellip;]\" \/>\n<meta property=\"og:url\" content=\"https:\/\/www.sinpro-rio.org.br\/principal\/mestrado-profissional-em-ensino-de-historia-na-ufrj-inscric-es-ate-01-05\/\" \/>\n<meta property=\"og:site_name\" content=\"Sinpro-Rio\" \/>\n<meta property=\"article:published_time\" content=\"2014-04-28T00:00:00+00:00\" \/>\n<meta name=\"author\" content=\"rafaelrjp\" \/>\n<meta name=\"twitter:card\" content=\"summary_large_image\" \/>\n<meta name=\"twitter:label1\" content=\"Escrito por\" \/>\n\t<meta name=\"twitter:data1\" content=\"rafaelrjp\" \/>\n\t<meta name=\"twitter:label2\" content=\"Est. tempo de leitura\" \/>\n\t<meta name=\"twitter:data2\" content=\"1 minuto\" \/>\n<script type=\"application\/ld+json\" class=\"yoast-schema-graph\">{\"@context\":\"https:\/\/schema.org\",\"@graph\":[{\"@type\":\"WebPage\",\"@id\":\"https:\/\/www.sinpro-rio.org.br\/principal\/mestrado-profissional-em-ensino-de-historia-na-ufrj-inscric-es-ate-01-05\/\",\"url\":\"https:\/\/www.sinpro-rio.org.br\/principal\/mestrado-profissional-em-ensino-de-historia-na-ufrj-inscric-es-ate-01-05\/\",\"name\":\"Mestrado profissional em Ensino de Hist\u00f3ria na UFRJ: inscri\u00e7\u00f5es at\u00e9 01\/05 - Sinpro-Rio\",\"isPartOf\":{\"@id\":\"https:\/\/www.sinpro-rio.org.br\/principal\/#website\"},\"datePublished\":\"2014-04-28T00:00:00+00:00\",\"author\":{\"@id\":\"https:\/\/www.sinpro-rio.org.br\/principal\/#\/schema\/person\/49feb585a2f57a31a6bd9f16f78e5be6\"},\"breadcrumb\":{\"@id\":\"https:\/\/www.sinpro-rio.org.br\/principal\/mestrado-profissional-em-ensino-de-historia-na-ufrj-inscric-es-ate-01-05\/#breadcrumb\"},\"inLanguage\":\"pt-BR\",\"potentialAction\":[{\"@type\":\"ReadAction\",\"target\":[\"https:\/\/www.sinpro-rio.org.br\/principal\/mestrado-profissional-em-ensino-de-historia-na-ufrj-inscric-es-ate-01-05\/\"]}]},{\"@type\":\"BreadcrumbList\",\"@id\":\"https:\/\/www.sinpro-rio.org.br\/principal\/mestrado-profissional-em-ensino-de-historia-na-ufrj-inscric-es-ate-01-05\/#breadcrumb\",\"itemListElement\":[{\"@type\":\"ListItem\",\"position\":1,\"name\":\"In\u00edcio\",\"item\":\"https:\/\/www.sinpro-rio.org.br\/principal\/\"},{\"@type\":\"ListItem\",\"position\":2,\"name\":\"Mestrado profissional em Ensino de Hist\u00f3ria na UFRJ: inscri\u00e7\u00f5es at\u00e9 01\/05\"}]},{\"@type\":\"WebSite\",\"@id\":\"https:\/\/www.sinpro-rio.org.br\/principal\/#website\",\"url\":\"https:\/\/www.sinpro-rio.org.br\/principal\/\",\"name\":\"Sinpro-Rio\",\"description\":\"Sindicato dos Professores do Munic\u00edpio do Rio de Janeiro e Regi\u00e3o\",\"potentialAction\":[{\"@type\":\"SearchAction\",\"target\":{\"@type\":\"EntryPoint\",\"urlTemplate\":\"https:\/\/www.sinpro-rio.org.br\/principal\/?s={search_term_string}\"},\"query-input\":{\"@type\":\"PropertyValueSpecification\",\"valueRequired\":true,\"valueName\":\"search_term_string\"}}],\"inLanguage\":\"pt-BR\"},{\"@type\":\"Person\",\"@id\":\"https:\/\/www.sinpro-rio.org.br\/principal\/#\/schema\/person\/49feb585a2f57a31a6bd9f16f78e5be6\",\"name\":\"rafaelrjp\",\"image\":{\"@type\":\"ImageObject\",\"inLanguage\":\"pt-BR\",\"@id\":\"https:\/\/www.sinpro-rio.org.br\/principal\/#\/schema\/person\/image\/\",\"url\":\"https:\/\/secure.gravatar.com\/avatar\/489371a0ba4655c340b519882c68cf68?s=96&d=mm&r=g\",\"contentUrl\":\"https:\/\/secure.gravatar.com\/avatar\/489371a0ba4655c340b519882c68cf68?s=96&d=mm&r=g\",\"caption\":\"rafaelrjp\"},\"url\":\"https:\/\/www.sinpro-rio.org.br\/principal\/author\/rafaelrjp\/\"}]}<\/script>\n<!-- \/ Yoast SEO plugin. -->","yoast_head_json":{"title":"Mestrado profissional em Ensino de Hist\u00f3ria na UFRJ: inscri\u00e7\u00f5es at\u00e9 01\/05 - Sinpro-Rio","robots":{"index":"index","follow":"follow","max-snippet":"max-snippet:-1","max-image-preview":"max-image-preview:large","max-video-preview":"max-video-preview:-1"},"canonical":"https:\/\/www.sinpro-rio.org.br\/principal\/mestrado-profissional-em-ensino-de-historia-na-ufrj-inscric-es-ate-01-05\/","og_locale":"pt_BR","og_type":"article","og_title":"Mestrado profissional em Ensino de Hist\u00f3ria na UFRJ: inscri\u00e7\u00f5es at\u00e9 01\/05 - Sinpro-Rio","og_description":"28\/04\/2014 O Mestrado profissional em Ensino de Hist\u00f3ria coordenado pela Universidade Federal do Rio de Janeiro (UFRJ), est\u00e1 com inscri\u00e7\u00f5es abertas para o processo seletivo at\u00e9 o dia 01\/05. O ProfHist\u00f3ria \u00e9 um programa de p\u00f3s-gradua\u00e7\u00e3o stricto sensu em Ensino de Hist\u00f3ria, reconhecido pela Coordena\u00e7\u00e3o de Aperfei\u00e7oamento de Pessoal de N\u00edvel Superior (CAPES) do Minist\u00e9rio [&hellip;]","og_url":"https:\/\/www.sinpro-rio.org.br\/principal\/mestrado-profissional-em-ensino-de-historia-na-ufrj-inscric-es-ate-01-05\/","og_site_name":"Sinpro-Rio","article_published_time":"2014-04-28T00:00:00+00:00","author":"rafaelrjp","twitter_card":"summary_large_image","twitter_misc":{"Escrito por":"rafaelrjp","Est. tempo de leitura":"1 minuto"},"schema":{"@context":"https:\/\/schema.org","@graph":[{"@type":"WebPage","@id":"https:\/\/www.sinpro-rio.org.br\/principal\/mestrado-profissional-em-ensino-de-historia-na-ufrj-inscric-es-ate-01-05\/","url":"https:\/\/www.sinpro-rio.org.br\/principal\/mestrado-profissional-em-ensino-de-historia-na-ufrj-inscric-es-ate-01-05\/","name":"Mestrado profissional em Ensino de Hist\u00f3ria na UFRJ: inscri\u00e7\u00f5es at\u00e9 01\/05 - Sinpro-Rio","isPartOf":{"@id":"https:\/\/www.sinpro-rio.org.br\/principal\/#website"},"datePublished":"2014-04-28T00:00:00+00:00","author":{"@id":"https:\/\/www.sinpro-rio.org.br\/principal\/#\/schema\/person\/49feb585a2f57a31a6bd9f16f78e5be6"},"breadcrumb":{"@id":"https:\/\/www.sinpro-rio.org.br\/principal\/mestrado-profissional-em-ensino-de-historia-na-ufrj-inscric-es-ate-01-05\/#breadcrumb"},"inLanguage":"pt-BR","potentialAction":[{"@type":"ReadAction","target":["https:\/\/www.sinpro-rio.org.br\/principal\/mestrado-profissional-em-ensino-de-historia-na-ufrj-inscric-es-ate-01-05\/"]}]},{"@type":"BreadcrumbList","@id":"https:\/\/www.sinpro-rio.org.br\/principal\/mestrado-profissional-em-ensino-de-historia-na-ufrj-inscric-es-ate-01-05\/#breadcrumb","itemListElement":[{"@type":"ListItem","position":1,"name":"In\u00edcio","item":"https:\/\/www.sinpro-rio.org.br\/principal\/"},{"@type":"ListItem","position":2,"name":"Mestrado profissional em Ensino de Hist\u00f3ria na UFRJ: inscri\u00e7\u00f5es at\u00e9 01\/05"}]},{"@type":"WebSite","@id":"https:\/\/www.sinpro-rio.org.br\/principal\/#website","url":"https:\/\/www.sinpro-rio.org.br\/principal\/","name":"Sinpro-Rio","description":"Sindicato dos Professores do Munic\u00edpio do Rio de Janeiro e Regi\u00e3o","potentialAction":[{"@type":"SearchAction","target":{"@type":"EntryPoint","urlTemplate":"https:\/\/www.sinpro-rio.org.br\/principal\/?s={search_term_string}"},"query-input":{"@type":"PropertyValueSpecification","valueRequired":true,"valueName":"search_term_string"}}],"inLanguage":"pt-BR"},{"@type":"Person","@id":"https:\/\/www.sinpro-rio.org.br\/principal\/#\/schema\/person\/49feb585a2f57a31a6bd9f16f78e5be6","name":"rafaelrjp","image":{"@type":"ImageObject","inLanguage":"pt-BR","@id":"https:\/\/www.sinpro-rio.org.br\/principal\/#\/schema\/person\/image\/","url":"https:\/\/secure.gravatar.com\/avatar\/489371a0ba4655c340b519882c68cf68?s=96&d=mm&r=g","contentUrl":"https:\/\/secure.gravatar.com\/avatar\/489371a0ba4655c340b519882c68cf68?s=96&d=mm&r=g","caption":"rafaelrjp"},"url":"https:\/\/www.sinpro-rio.org.br\/principal\/author\/rafaelrjp\/"}]}},"_links":{"self":[{"href":"https:\/\/www.sinpro-rio.org.br\/principal\/wp-json\/wp\/v2\/posts\/20237","targetHints":{"allow":["GET"]}}],"collection":[{"href":"https:\/\/www.sinpro-rio.org.br\/principal\/wp-json\/wp\/v2\/posts"}],"about":[{"href":"https:\/\/www.sinpro-rio.org.br\/principal\/wp-json\/wp\/v2\/types\/post"}],"author":[{"embeddable":true,"href":"https:\/\/www.sinpro-rio.org.br\/principal\/wp-json\/wp\/v2\/users\/1"}],"replies":[{"embeddable":true,"href":"https:\/\/www.sinpro-rio.org.br\/principal\/wp-json\/wp\/v2\/comments?post=20237"}],"version-history":[{"count":0,"href":"https:\/\/www.sinpro-rio.org.br\/principal\/wp-json\/wp\/v2\/posts\/20237\/revisions"}],"wp:attachment":[{"href":"https:\/\/www.sinpro-rio.org.br\/principal\/wp-json\/wp\/v2\/media?parent=20237"}],"wp:term":[{"taxonomy":"category","embeddable":true,"href":"https:\/\/www.sinpro-rio.org.br\/principal\/wp-json\/wp\/v2\/categories?post=20237"},{"taxonomy":"post_tag","embeddable":true,"href":"https:\/\/www.sinpro-rio.org.br\/principal\/wp-json\/wp\/v2\/tags?post=20237"}],"curies":[{"name":"wp","href":"https:\/\/api.w.org\/{rel}","templated":true}]}}