{"id":20224,"date":"2014-05-20T00:00:00","date_gmt":"2014-05-20T00:00:00","guid":{"rendered":""},"modified":"-0001-11-30T00:00:00","modified_gmt":"-0001-11-30T03:00:00","slug":"professores-e-funcionarios-da-univercidade-e-ugf-audi-ncia-publica-na-alerj-quer-abordar-a-situac-o-pos-descredenciamento-dos-trabalhadores","status":"publish","type":"post","link":"https:\/\/www.sinpro-rio.org.br\/principal\/professores-e-funcionarios-da-univercidade-e-ugf-audi-ncia-publica-na-alerj-quer-abordar-a-situac-o-pos-descredenciamento-dos-trabalhadores\/","title":{"rendered":"Professores e funcion\u00e1rios da UniverCidade e UGF: audi\u00eancia p\u00fablica na Alerj quer abordar a situa\u00e7\u00e3o p\u00f3s-descredenciamento dos trabalhadores"},"content":{"rendered":"\n<p>\n <em><br \/>\n  20\/05\/2014<br \/>\n <\/em>\n<\/p>\n<p>\n O<br \/>\n <b><br \/>\n  Sinpro-Rio<br \/>\n <\/b><br \/>\n participar\u00e1, amanh\u00e3, dia 21, \u00e0s 10h, de Audi\u00eancia P\u00fablica na Assembleia Legislativa do Rio (Alerj) sobre situa\u00e7\u00e3o dos professores e funcion\u00e1rios da Universidade Gama Filho e UniverCidade, em decorr\u00eancia do descredenciamento feito pelo MEC.<\/p>\n<p>\n  A audi\u00eancia ser\u00e1 realizada pela Comiss\u00e3o do Trabalho, Legisla\u00e7\u00e3o Social e Seguridade Social da Casa Legislativa &#8211; cujo presidente \u00e9 o mesmo deputado da CPI da Educa\u00e7\u00e3o Superior Privada, o deputado Paulo Ramos &#8211; na sala 311 do Pal\u00e1cio Tiradentes.<\/p>\n<p>\n   Sua participa\u00e7\u00e3o \u00e9 de fundamental import\u00e2ncia para que a Alerj tome ci\u00eancia e continue a ajudar para que os problemas sofridos pelos trabalhadores sejam solucionados. Compare\u00e7a!\n  <\/p>\n<\/p>\n<p>\n A audi\u00eancia ser\u00e1 realizada pela Comiss\u00e3o do Trabalho, Legisla\u00e7\u00e3o Social e Seguridade Social da Casa Legislativa &#8211; cujo presidente \u00e9 o mesmo deputado da CPI da Educa\u00e7\u00e3o Superior Privada, o deputado Paulo Ramos &#8211; na sala 311 do Pal\u00e1cio Tiradentes.<\/p>\n<p>\n  Sua participa\u00e7\u00e3o \u00e9 de fundamental import\u00e2ncia para que a Alerj tome ci\u00eancia e continue a ajudar para que os problemas sofridos pelos trabalhadores sejam solucionados. Compare\u00e7a!\n <\/p>\n<\/p>\n<p>\n Sua participa\u00e7\u00e3o \u00e9 de fundamental import\u00e2ncia para que a Alerj tome ci\u00eancia e continue a ajudar para que os problemas sofridos pelos trabalhadores sejam solucionados. Compare\u00e7a!<\/p>\n","protected":false},"excerpt":{"rendered":"<p>20\/05\/2014 O Sinpro-Rio participar\u00e1, amanh\u00e3, dia 21, \u00e0s 10h, de Audi\u00eancia P\u00fablica na Assembleia Legislativa do Rio (Alerj) sobre situa\u00e7\u00e3o dos professores e funcion\u00e1rios da Universidade Gama Filho e UniverCidade, em decorr\u00eancia do descredenciamento feito pelo MEC. A audi\u00eancia ser\u00e1 realizada pela Comiss\u00e3o do Trabalho, Legisla\u00e7\u00e3o Social e Seguridade Social da Casa Legislativa &#8211; cujo [&hellip;]<\/p>\n","protected":false},"author":1,"featured_media":0,"comment_status":"closed","ping_status":"open","sticky":false,"template":"","format":"standard","meta":{"footnotes":""},"categories":[1],"tags":[],"class_list":["post-20224","post","type-post","status-publish","format-standard","hentry","category-noticias"],"yoast_head":"<!-- This site is optimized with the Yoast SEO plugin v25.7 - https:\/\/yoast.com\/wordpress\/plugins\/seo\/ -->\n<title>Professores e funcion\u00e1rios da UniverCidade e UGF: audi\u00eancia p\u00fablica na Alerj quer abordar a situa\u00e7\u00e3o p\u00f3s-descredenciamento dos trabalhadores - Sinpro-Rio<\/title>\n<meta name=\"robots\" content=\"index, follow, max-snippet:-1, max-image-preview:large, max-video-preview:-1\" \/>\n<link rel=\"canonical\" href=\"https:\/\/www.sinpro-rio.org.br\/principal\/professores-e-funcionarios-da-univercidade-e-ugf-audi-ncia-publica-na-alerj-quer-abordar-a-situac-o-pos-descredenciamento-dos-trabalhadores\/\" \/>\n<meta property=\"og:locale\" content=\"pt_BR\" \/>\n<meta property=\"og:type\" content=\"article\" \/>\n<meta property=\"og:title\" content=\"Professores e funcion\u00e1rios da UniverCidade e UGF: audi\u00eancia p\u00fablica na Alerj quer abordar a situa\u00e7\u00e3o p\u00f3s-descredenciamento dos trabalhadores - Sinpro-Rio\" \/>\n<meta property=\"og:description\" content=\"20\/05\/2014 O Sinpro-Rio participar\u00e1, amanh\u00e3, dia 21, \u00e0s 10h, de Audi\u00eancia P\u00fablica na Assembleia Legislativa do Rio (Alerj) sobre situa\u00e7\u00e3o dos professores e funcion\u00e1rios da Universidade Gama Filho e UniverCidade, em decorr\u00eancia do descredenciamento feito pelo MEC. A audi\u00eancia ser\u00e1 realizada pela Comiss\u00e3o do Trabalho, Legisla\u00e7\u00e3o Social e Seguridade Social da Casa Legislativa &#8211; cujo [&hellip;]\" \/>\n<meta property=\"og:url\" content=\"https:\/\/www.sinpro-rio.org.br\/principal\/professores-e-funcionarios-da-univercidade-e-ugf-audi-ncia-publica-na-alerj-quer-abordar-a-situac-o-pos-descredenciamento-dos-trabalhadores\/\" \/>\n<meta property=\"og:site_name\" content=\"Sinpro-Rio\" \/>\n<meta property=\"article:published_time\" content=\"2014-05-20T00:00:00+00:00\" \/>\n<meta name=\"author\" content=\"rafaelrjp\" \/>\n<meta name=\"twitter:card\" content=\"summary_large_image\" \/>\n<meta name=\"twitter:label1\" content=\"Escrito por\" \/>\n\t<meta name=\"twitter:data1\" content=\"rafaelrjp\" \/>\n\t<meta name=\"twitter:label2\" content=\"Est. tempo de leitura\" \/>\n\t<meta name=\"twitter:data2\" content=\"1 minuto\" \/>\n<script type=\"application\/ld+json\" class=\"yoast-schema-graph\">{\"@context\":\"https:\/\/schema.org\",\"@graph\":[{\"@type\":\"WebPage\",\"@id\":\"https:\/\/www.sinpro-rio.org.br\/principal\/professores-e-funcionarios-da-univercidade-e-ugf-audi-ncia-publica-na-alerj-quer-abordar-a-situac-o-pos-descredenciamento-dos-trabalhadores\/\",\"url\":\"https:\/\/www.sinpro-rio.org.br\/principal\/professores-e-funcionarios-da-univercidade-e-ugf-audi-ncia-publica-na-alerj-quer-abordar-a-situac-o-pos-descredenciamento-dos-trabalhadores\/\",\"name\":\"Professores e funcion\u00e1rios da UniverCidade e UGF: audi\u00eancia p\u00fablica na Alerj quer abordar a situa\u00e7\u00e3o p\u00f3s-descredenciamento dos trabalhadores - Sinpro-Rio\",\"isPartOf\":{\"@id\":\"https:\/\/www.sinpro-rio.org.br\/principal\/#website\"},\"datePublished\":\"2014-05-20T00:00:00+00:00\",\"author\":{\"@id\":\"https:\/\/www.sinpro-rio.org.br\/principal\/#\/schema\/person\/49feb585a2f57a31a6bd9f16f78e5be6\"},\"breadcrumb\":{\"@id\":\"https:\/\/www.sinpro-rio.org.br\/principal\/professores-e-funcionarios-da-univercidade-e-ugf-audi-ncia-publica-na-alerj-quer-abordar-a-situac-o-pos-descredenciamento-dos-trabalhadores\/#breadcrumb\"},\"inLanguage\":\"pt-BR\",\"potentialAction\":[{\"@type\":\"ReadAction\",\"target\":[\"https:\/\/www.sinpro-rio.org.br\/principal\/professores-e-funcionarios-da-univercidade-e-ugf-audi-ncia-publica-na-alerj-quer-abordar-a-situac-o-pos-descredenciamento-dos-trabalhadores\/\"]}]},{\"@type\":\"BreadcrumbList\",\"@id\":\"https:\/\/www.sinpro-rio.org.br\/principal\/professores-e-funcionarios-da-univercidade-e-ugf-audi-ncia-publica-na-alerj-quer-abordar-a-situac-o-pos-descredenciamento-dos-trabalhadores\/#breadcrumb\",\"itemListElement\":[{\"@type\":\"ListItem\",\"position\":1,\"name\":\"In\u00edcio\",\"item\":\"https:\/\/www.sinpro-rio.org.br\/principal\/\"},{\"@type\":\"ListItem\",\"position\":2,\"name\":\"Professores e funcion\u00e1rios da UniverCidade e UGF: audi\u00eancia p\u00fablica na Alerj quer abordar a situa\u00e7\u00e3o p\u00f3s-descredenciamento dos trabalhadores\"}]},{\"@type\":\"WebSite\",\"@id\":\"https:\/\/www.sinpro-rio.org.br\/principal\/#website\",\"url\":\"https:\/\/www.sinpro-rio.org.br\/principal\/\",\"name\":\"Sinpro-Rio\",\"description\":\"Sindicato dos Professores do Munic\u00edpio do Rio de Janeiro e Regi\u00e3o\",\"potentialAction\":[{\"@type\":\"SearchAction\",\"target\":{\"@type\":\"EntryPoint\",\"urlTemplate\":\"https:\/\/www.sinpro-rio.org.br\/principal\/?s={search_term_string}\"},\"query-input\":{\"@type\":\"PropertyValueSpecification\",\"valueRequired\":true,\"valueName\":\"search_term_string\"}}],\"inLanguage\":\"pt-BR\"},{\"@type\":\"Person\",\"@id\":\"https:\/\/www.sinpro-rio.org.br\/principal\/#\/schema\/person\/49feb585a2f57a31a6bd9f16f78e5be6\",\"name\":\"rafaelrjp\",\"image\":{\"@type\":\"ImageObject\",\"inLanguage\":\"pt-BR\",\"@id\":\"https:\/\/www.sinpro-rio.org.br\/principal\/#\/schema\/person\/image\/\",\"url\":\"https:\/\/secure.gravatar.com\/avatar\/489371a0ba4655c340b519882c68cf68?s=96&d=mm&r=g\",\"contentUrl\":\"https:\/\/secure.gravatar.com\/avatar\/489371a0ba4655c340b519882c68cf68?s=96&d=mm&r=g\",\"caption\":\"rafaelrjp\"},\"url\":\"https:\/\/www.sinpro-rio.org.br\/principal\/author\/rafaelrjp\/\"}]}<\/script>\n<!-- \/ Yoast SEO plugin. -->","yoast_head_json":{"title":"Professores e funcion\u00e1rios da UniverCidade e UGF: audi\u00eancia p\u00fablica na Alerj quer abordar a situa\u00e7\u00e3o p\u00f3s-descredenciamento dos trabalhadores - Sinpro-Rio","robots":{"index":"index","follow":"follow","max-snippet":"max-snippet:-1","max-image-preview":"max-image-preview:large","max-video-preview":"max-video-preview:-1"},"canonical":"https:\/\/www.sinpro-rio.org.br\/principal\/professores-e-funcionarios-da-univercidade-e-ugf-audi-ncia-publica-na-alerj-quer-abordar-a-situac-o-pos-descredenciamento-dos-trabalhadores\/","og_locale":"pt_BR","og_type":"article","og_title":"Professores e funcion\u00e1rios da UniverCidade e UGF: audi\u00eancia p\u00fablica na Alerj quer abordar a situa\u00e7\u00e3o p\u00f3s-descredenciamento dos trabalhadores - Sinpro-Rio","og_description":"20\/05\/2014 O Sinpro-Rio participar\u00e1, amanh\u00e3, dia 21, \u00e0s 10h, de Audi\u00eancia P\u00fablica na Assembleia Legislativa do Rio (Alerj) sobre situa\u00e7\u00e3o dos professores e funcion\u00e1rios da Universidade Gama Filho e UniverCidade, em decorr\u00eancia do descredenciamento feito pelo MEC. A audi\u00eancia ser\u00e1 realizada pela Comiss\u00e3o do Trabalho, Legisla\u00e7\u00e3o Social e Seguridade Social da Casa Legislativa &#8211; cujo [&hellip;]","og_url":"https:\/\/www.sinpro-rio.org.br\/principal\/professores-e-funcionarios-da-univercidade-e-ugf-audi-ncia-publica-na-alerj-quer-abordar-a-situac-o-pos-descredenciamento-dos-trabalhadores\/","og_site_name":"Sinpro-Rio","article_published_time":"2014-05-20T00:00:00+00:00","author":"rafaelrjp","twitter_card":"summary_large_image","twitter_misc":{"Escrito por":"rafaelrjp","Est. tempo de leitura":"1 minuto"},"schema":{"@context":"https:\/\/schema.org","@graph":[{"@type":"WebPage","@id":"https:\/\/www.sinpro-rio.org.br\/principal\/professores-e-funcionarios-da-univercidade-e-ugf-audi-ncia-publica-na-alerj-quer-abordar-a-situac-o-pos-descredenciamento-dos-trabalhadores\/","url":"https:\/\/www.sinpro-rio.org.br\/principal\/professores-e-funcionarios-da-univercidade-e-ugf-audi-ncia-publica-na-alerj-quer-abordar-a-situac-o-pos-descredenciamento-dos-trabalhadores\/","name":"Professores e funcion\u00e1rios da UniverCidade e UGF: audi\u00eancia p\u00fablica na Alerj quer abordar a situa\u00e7\u00e3o p\u00f3s-descredenciamento dos trabalhadores - Sinpro-Rio","isPartOf":{"@id":"https:\/\/www.sinpro-rio.org.br\/principal\/#website"},"datePublished":"2014-05-20T00:00:00+00:00","author":{"@id":"https:\/\/www.sinpro-rio.org.br\/principal\/#\/schema\/person\/49feb585a2f57a31a6bd9f16f78e5be6"},"breadcrumb":{"@id":"https:\/\/www.sinpro-rio.org.br\/principal\/professores-e-funcionarios-da-univercidade-e-ugf-audi-ncia-publica-na-alerj-quer-abordar-a-situac-o-pos-descredenciamento-dos-trabalhadores\/#breadcrumb"},"inLanguage":"pt-BR","potentialAction":[{"@type":"ReadAction","target":["https:\/\/www.sinpro-rio.org.br\/principal\/professores-e-funcionarios-da-univercidade-e-ugf-audi-ncia-publica-na-alerj-quer-abordar-a-situac-o-pos-descredenciamento-dos-trabalhadores\/"]}]},{"@type":"BreadcrumbList","@id":"https:\/\/www.sinpro-rio.org.br\/principal\/professores-e-funcionarios-da-univercidade-e-ugf-audi-ncia-publica-na-alerj-quer-abordar-a-situac-o-pos-descredenciamento-dos-trabalhadores\/#breadcrumb","itemListElement":[{"@type":"ListItem","position":1,"name":"In\u00edcio","item":"https:\/\/www.sinpro-rio.org.br\/principal\/"},{"@type":"ListItem","position":2,"name":"Professores e funcion\u00e1rios da UniverCidade e UGF: audi\u00eancia p\u00fablica na Alerj quer abordar a situa\u00e7\u00e3o p\u00f3s-descredenciamento dos trabalhadores"}]},{"@type":"WebSite","@id":"https:\/\/www.sinpro-rio.org.br\/principal\/#website","url":"https:\/\/www.sinpro-rio.org.br\/principal\/","name":"Sinpro-Rio","description":"Sindicato dos Professores do Munic\u00edpio do Rio de Janeiro e Regi\u00e3o","potentialAction":[{"@type":"SearchAction","target":{"@type":"EntryPoint","urlTemplate":"https:\/\/www.sinpro-rio.org.br\/principal\/?s={search_term_string}"},"query-input":{"@type":"PropertyValueSpecification","valueRequired":true,"valueName":"search_term_string"}}],"inLanguage":"pt-BR"},{"@type":"Person","@id":"https:\/\/www.sinpro-rio.org.br\/principal\/#\/schema\/person\/49feb585a2f57a31a6bd9f16f78e5be6","name":"rafaelrjp","image":{"@type":"ImageObject","inLanguage":"pt-BR","@id":"https:\/\/www.sinpro-rio.org.br\/principal\/#\/schema\/person\/image\/","url":"https:\/\/secure.gravatar.com\/avatar\/489371a0ba4655c340b519882c68cf68?s=96&d=mm&r=g","contentUrl":"https:\/\/secure.gravatar.com\/avatar\/489371a0ba4655c340b519882c68cf68?s=96&d=mm&r=g","caption":"rafaelrjp"},"url":"https:\/\/www.sinpro-rio.org.br\/principal\/author\/rafaelrjp\/"}]}},"_links":{"self":[{"href":"https:\/\/www.sinpro-rio.org.br\/principal\/wp-json\/wp\/v2\/posts\/20224","targetHints":{"allow":["GET"]}}],"collection":[{"href":"https:\/\/www.sinpro-rio.org.br\/principal\/wp-json\/wp\/v2\/posts"}],"about":[{"href":"https:\/\/www.sinpro-rio.org.br\/principal\/wp-json\/wp\/v2\/types\/post"}],"author":[{"embeddable":true,"href":"https:\/\/www.sinpro-rio.org.br\/principal\/wp-json\/wp\/v2\/users\/1"}],"replies":[{"embeddable":true,"href":"https:\/\/www.sinpro-rio.org.br\/principal\/wp-json\/wp\/v2\/comments?post=20224"}],"version-history":[{"count":0,"href":"https:\/\/www.sinpro-rio.org.br\/principal\/wp-json\/wp\/v2\/posts\/20224\/revisions"}],"wp:attachment":[{"href":"https:\/\/www.sinpro-rio.org.br\/principal\/wp-json\/wp\/v2\/media?parent=20224"}],"wp:term":[{"taxonomy":"category","embeddable":true,"href":"https:\/\/www.sinpro-rio.org.br\/principal\/wp-json\/wp\/v2\/categories?post=20224"},{"taxonomy":"post_tag","embeddable":true,"href":"https:\/\/www.sinpro-rio.org.br\/principal\/wp-json\/wp\/v2\/tags?post=20224"}],"curies":[{"name":"wp","href":"https:\/\/api.w.org\/{rel}","templated":true}]}}