{"id":20219,"date":"2014-05-22T00:00:00","date_gmt":"2014-05-22T00:00:00","guid":{"rendered":""},"modified":"2023-07-07T14:40:04","modified_gmt":"2023-07-07T17:40:04","slug":"ugf-e-univercidade-audi-ncia-publica-na-alerj-discute-situac-o-de-professores","status":"publish","type":"post","link":"https:\/\/www.sinpro-rio.org.br\/principal\/ugf-e-univercidade-audi-ncia-publica-na-alerj-discute-situac-o-de-professores\/","title":{"rendered":"UGF e UniverCidade: audi\u00eancia P\u00fablica na Alerj discute situa\u00e7\u00e3o de professores"},"content":{"rendered":"\n<p>\n <em><br \/>\n  22\/05\/2014<br \/>\n <\/em>\n<\/p>\n<p>\n A Comiss\u00e3o do Trabalho da Alerj, presidida pelo deputado estadual Paulo Ramos, realizou uma audi\u00eancia p\u00fablica, nesta quarta, dia 21 de maio, para discutir a situa\u00e7\u00e3o da comunidade acad\u00eamica da Universidade Gama Filho e da UniverCidade p\u00f3s-descredenciamento. A audi\u00eancia foi mais um desdobramento da CPI da Educa\u00e7\u00e3o Superior Privada, da qual o deputado foi presidente.\n<\/p>\n<p>\n Participaram da audi\u00eancia a procuradora do Minist\u00e9rio P\u00fablico do Trabalho (MPT), Dulce Martini Torzecki; o representante da Superintend\u00eancia Regional do Trabalho (SRTE-RJ), Elmar Fonseca; o vice-reitor da Universidade Est\u00e1cio de S\u00e1, Jo\u00e3o Barroso; o presidente do Sindicato dos funcion\u00e1rios SAAE-RJ, Elles Carneiro; representantes dos alunos da UniverCidade e Gama Filho; os diretores do Sinpro-Rio, Wanderley Qu\u00eado, Magna Carvalho, Francisco Brossard, Fernando Linhares, Ronaldo Louro e o assessor jur\u00eddico do Sindicato, Marcio Cordero; da Adoci, Sidnei Amaral e Rose Figueiredo e da ADGF, Jorge At\u00edlio; o diretor do SinMed\/RJ, Jorge Amaral \u201cBigu\u201d; o ent\u00e3o deputado-relator da CPI, professor Robson Leite; entre outros professores e estudantes.\n<\/p>\n<p>\n O deputado Paulo Ramos lembrou todo o trabalho da CPI e lamentou a aus\u00eancia de representante do MEC, tamb\u00e9m convocado para audi\u00eancia.<br \/>\nA procuradora da MPT, Dulce Torzecki, ressaltou que o MPT cumpre seu papel na tentativa de obter solu\u00e7\u00f5es conciliadoras \u201csempre nos deparamos com muitas den\u00fancias de demiss\u00f5es coletivas, normalmente com grande complexidade de solu\u00e7\u00e3o\u201d. Para professor Sidnei Amaral, presidente da Adoci, o caso j\u00e1 virou quest\u00e3o de pol\u00edcia. \u201cMesmo diante de todos os problemas, muitos professores deram aulas e orientaram seus formandos na cal\u00e7ada das faculdades, para que os estudantes n\u00e3o fossem prejudicados\u201d, revelou ele, que acredita que o MEC prestou um desservi\u00e7o \u00e0 Educa\u00e7\u00e3o: \u201celes j\u00e1 tinha o exemplo da Institui\u00e7\u00e3o Alvorada, em Bras\u00edlia. E ainda nos jogaram no desemprego\u201d.\n<\/p>\n<p>\n Magna Correa, diretora do Sinpro-Rio e vice-presidente da Adoci, fez duras cr\u00edticas ao MEC \u201cNos espanta, depois da Portaria do descredenciamento, o MEC n\u00e3o acompanhar o desenrolar das atividades do edital\u201d, apontou. O presidente do Sindicato dos Auxiliares de Administra\u00e7\u00e3o Escolar do Rio (SAAE-RJ), Elles Carneiro, tamb\u00e9m apresentou as preocupa\u00e7\u00f5es do Sindicato em rela\u00e7\u00e3o ao andamento dos processos na Justi\u00e7a do Trabalho e ao MEC.\n<\/p>\n<p>\n O presidente do Sinpro-Rio, Wanderley Qu\u00eado, salientou que a situa\u00e7\u00e3o dos professores tem se agravado com a demora por uma solu\u00e7\u00e3o: \u201co v\u00e1cuo que ficou nessa situa\u00e7\u00e3o \u00e9 uma quest\u00e3o muito perturbadora,  os professores continuam sem uma homologa\u00e7\u00e3o, as a\u00e7\u00f5es individuais e coletivas continuam correndo dentro do tempo e dos prazos que a justi\u00e7a do trabalho hoje determina ou institui para todos os trabalhadores, ou seja, extremamente moroso\u201d, disse. O presidente do Sindicato enfatizou que o plano para os trabalhadores ap\u00f3s a interven\u00e7\u00e3o do MEC tem sido insignificante: \u201cn\u00e3o tem trazido nenhuma solu\u00e7\u00e3o efetiva para os problemas urgentes\u201d, acrescentou.\n<\/p>\n<p>\n Ao fim da audi\u00eancia, em conversa com o Sinpro-Rio, a dra. Dulce Torzecki contou que, nessa fase p\u00f3s-descredenciamento das IES, o MPT est\u00e1 com uma a\u00e7\u00e3o civil p\u00fablica para manifestar antes da decis\u00e3o final: \u201cna realidade estou estudando as possibilidades que teremos para atuar ent\u00e3o, para buscar algum pagamento que est\u00e1 faltando, partir dessa nova condi\u00e7\u00e3o. Isso est\u00e1 sob an\u00e1lise neste momento\u201d, contou.\n<\/p>\n<p>\n O presidente do Sindicato destacou a import\u00e2ncia da presen\u00e7a da Universidade Veiga de Almeida e da Est\u00e1cio de S\u00e1, e tamb\u00e9m relatou problemas que alunos e professores est\u00e3o enfrentando com a transfer\u00eancia assistida do MEC: \u201co Sindicato tem entrado em contato com as duas institui\u00e7\u00f5es, sobre problemas com bolsas de estudos, isso e aquilo, quest\u00f5es previstas no edital do MEC, por isso que seria importante o MEC estar aqui hoje, porque n\u00e3o \u00e9 s\u00f3 dizer quanto cada institui\u00e7\u00e3o vai levar de cada professor, porque n\u00e3o \u00e9 s\u00f3 esse o problema, tem outras situa\u00e7\u00f5es\u201d, refor\u00e7ou Wanderley.<\/p>\n","protected":false},"excerpt":{"rendered":"<p>22\/05\/2014 A Comiss\u00e3o do Trabalho da Alerj, presidida pelo deputado estadual Paulo Ramos, realizou uma audi\u00eancia p\u00fablica, nesta quarta, dia 21 de maio, para discutir a situa\u00e7\u00e3o da comunidade acad\u00eamica da Universidade Gama Filho e da UniverCidade p\u00f3s-descredenciamento. A audi\u00eancia foi mais um desdobramento da CPI da Educa\u00e7\u00e3o Superior Privada, da qual o deputado foi [&hellip;]<\/p>\n","protected":false},"author":1,"featured_media":0,"comment_status":"closed","ping_status":"open","sticky":false,"template":"","format":"standard","meta":{"footnotes":""},"categories":[1],"tags":[495],"class_list":["post-20219","post","type-post","status-publish","format-standard","hentry","category-noticias","tag-estacio"],"yoast_head":"<!-- This site is optimized with the Yoast SEO plugin v25.7 - https:\/\/yoast.com\/wordpress\/plugins\/seo\/ -->\n<title>UGF e UniverCidade: audi\u00eancia P\u00fablica na Alerj discute situa\u00e7\u00e3o de professores - Sinpro-Rio<\/title>\n<meta name=\"robots\" content=\"index, follow, max-snippet:-1, max-image-preview:large, max-video-preview:-1\" \/>\n<link rel=\"canonical\" href=\"https:\/\/www.sinpro-rio.org.br\/principal\/ugf-e-univercidade-audi-ncia-publica-na-alerj-discute-situac-o-de-professores\/\" \/>\n<meta property=\"og:locale\" content=\"pt_BR\" \/>\n<meta property=\"og:type\" content=\"article\" \/>\n<meta property=\"og:title\" content=\"UGF e UniverCidade: audi\u00eancia P\u00fablica na Alerj discute situa\u00e7\u00e3o de professores - Sinpro-Rio\" \/>\n<meta property=\"og:description\" content=\"22\/05\/2014 A Comiss\u00e3o do Trabalho da Alerj, presidida pelo deputado estadual Paulo Ramos, realizou uma audi\u00eancia p\u00fablica, nesta quarta, dia 21 de maio, para discutir a situa\u00e7\u00e3o da comunidade acad\u00eamica da Universidade Gama Filho e da UniverCidade p\u00f3s-descredenciamento. A audi\u00eancia foi mais um desdobramento da CPI da Educa\u00e7\u00e3o Superior Privada, da qual o deputado foi [&hellip;]\" \/>\n<meta property=\"og:url\" content=\"https:\/\/www.sinpro-rio.org.br\/principal\/ugf-e-univercidade-audi-ncia-publica-na-alerj-discute-situac-o-de-professores\/\" \/>\n<meta property=\"og:site_name\" content=\"Sinpro-Rio\" \/>\n<meta property=\"article:published_time\" content=\"2014-05-22T00:00:00+00:00\" \/>\n<meta property=\"article:modified_time\" content=\"2023-07-07T17:40:04+00:00\" \/>\n<meta name=\"author\" content=\"rafaelrjp\" \/>\n<meta name=\"twitter:card\" content=\"summary_large_image\" \/>\n<meta name=\"twitter:label1\" content=\"Escrito por\" \/>\n\t<meta name=\"twitter:data1\" content=\"rafaelrjp\" \/>\n\t<meta name=\"twitter:label2\" content=\"Est. tempo de leitura\" \/>\n\t<meta name=\"twitter:data2\" content=\"3 minutos\" \/>\n<script type=\"application\/ld+json\" class=\"yoast-schema-graph\">{\"@context\":\"https:\/\/schema.org\",\"@graph\":[{\"@type\":\"WebPage\",\"@id\":\"https:\/\/www.sinpro-rio.org.br\/principal\/ugf-e-univercidade-audi-ncia-publica-na-alerj-discute-situac-o-de-professores\/\",\"url\":\"https:\/\/www.sinpro-rio.org.br\/principal\/ugf-e-univercidade-audi-ncia-publica-na-alerj-discute-situac-o-de-professores\/\",\"name\":\"UGF e UniverCidade: audi\u00eancia P\u00fablica na Alerj discute situa\u00e7\u00e3o de professores - Sinpro-Rio\",\"isPartOf\":{\"@id\":\"https:\/\/www.sinpro-rio.org.br\/principal\/#website\"},\"datePublished\":\"2014-05-22T00:00:00+00:00\",\"dateModified\":\"2023-07-07T17:40:04+00:00\",\"author\":{\"@id\":\"https:\/\/www.sinpro-rio.org.br\/principal\/#\/schema\/person\/49feb585a2f57a31a6bd9f16f78e5be6\"},\"breadcrumb\":{\"@id\":\"https:\/\/www.sinpro-rio.org.br\/principal\/ugf-e-univercidade-audi-ncia-publica-na-alerj-discute-situac-o-de-professores\/#breadcrumb\"},\"inLanguage\":\"pt-BR\",\"potentialAction\":[{\"@type\":\"ReadAction\",\"target\":[\"https:\/\/www.sinpro-rio.org.br\/principal\/ugf-e-univercidade-audi-ncia-publica-na-alerj-discute-situac-o-de-professores\/\"]}]},{\"@type\":\"BreadcrumbList\",\"@id\":\"https:\/\/www.sinpro-rio.org.br\/principal\/ugf-e-univercidade-audi-ncia-publica-na-alerj-discute-situac-o-de-professores\/#breadcrumb\",\"itemListElement\":[{\"@type\":\"ListItem\",\"position\":1,\"name\":\"In\u00edcio\",\"item\":\"https:\/\/www.sinpro-rio.org.br\/principal\/\"},{\"@type\":\"ListItem\",\"position\":2,\"name\":\"UGF e UniverCidade: audi\u00eancia P\u00fablica na Alerj discute situa\u00e7\u00e3o de professores\"}]},{\"@type\":\"WebSite\",\"@id\":\"https:\/\/www.sinpro-rio.org.br\/principal\/#website\",\"url\":\"https:\/\/www.sinpro-rio.org.br\/principal\/\",\"name\":\"Sinpro-Rio\",\"description\":\"Sindicato dos Professores do Munic\u00edpio do Rio de Janeiro e Regi\u00e3o\",\"potentialAction\":[{\"@type\":\"SearchAction\",\"target\":{\"@type\":\"EntryPoint\",\"urlTemplate\":\"https:\/\/www.sinpro-rio.org.br\/principal\/?s={search_term_string}\"},\"query-input\":{\"@type\":\"PropertyValueSpecification\",\"valueRequired\":true,\"valueName\":\"search_term_string\"}}],\"inLanguage\":\"pt-BR\"},{\"@type\":\"Person\",\"@id\":\"https:\/\/www.sinpro-rio.org.br\/principal\/#\/schema\/person\/49feb585a2f57a31a6bd9f16f78e5be6\",\"name\":\"rafaelrjp\",\"image\":{\"@type\":\"ImageObject\",\"inLanguage\":\"pt-BR\",\"@id\":\"https:\/\/www.sinpro-rio.org.br\/principal\/#\/schema\/person\/image\/\",\"url\":\"https:\/\/secure.gravatar.com\/avatar\/489371a0ba4655c340b519882c68cf68?s=96&d=mm&r=g\",\"contentUrl\":\"https:\/\/secure.gravatar.com\/avatar\/489371a0ba4655c340b519882c68cf68?s=96&d=mm&r=g\",\"caption\":\"rafaelrjp\"},\"url\":\"https:\/\/www.sinpro-rio.org.br\/principal\/author\/rafaelrjp\/\"}]}<\/script>\n<!-- \/ Yoast SEO plugin. -->","yoast_head_json":{"title":"UGF e UniverCidade: audi\u00eancia P\u00fablica na Alerj discute situa\u00e7\u00e3o de professores - Sinpro-Rio","robots":{"index":"index","follow":"follow","max-snippet":"max-snippet:-1","max-image-preview":"max-image-preview:large","max-video-preview":"max-video-preview:-1"},"canonical":"https:\/\/www.sinpro-rio.org.br\/principal\/ugf-e-univercidade-audi-ncia-publica-na-alerj-discute-situac-o-de-professores\/","og_locale":"pt_BR","og_type":"article","og_title":"UGF e UniverCidade: audi\u00eancia P\u00fablica na Alerj discute situa\u00e7\u00e3o de professores - Sinpro-Rio","og_description":"22\/05\/2014 A Comiss\u00e3o do Trabalho da Alerj, presidida pelo deputado estadual Paulo Ramos, realizou uma audi\u00eancia p\u00fablica, nesta quarta, dia 21 de maio, para discutir a situa\u00e7\u00e3o da comunidade acad\u00eamica da Universidade Gama Filho e da UniverCidade p\u00f3s-descredenciamento. A audi\u00eancia foi mais um desdobramento da CPI da Educa\u00e7\u00e3o Superior Privada, da qual o deputado foi [&hellip;]","og_url":"https:\/\/www.sinpro-rio.org.br\/principal\/ugf-e-univercidade-audi-ncia-publica-na-alerj-discute-situac-o-de-professores\/","og_site_name":"Sinpro-Rio","article_published_time":"2014-05-22T00:00:00+00:00","article_modified_time":"2023-07-07T17:40:04+00:00","author":"rafaelrjp","twitter_card":"summary_large_image","twitter_misc":{"Escrito por":"rafaelrjp","Est. tempo de leitura":"3 minutos"},"schema":{"@context":"https:\/\/schema.org","@graph":[{"@type":"WebPage","@id":"https:\/\/www.sinpro-rio.org.br\/principal\/ugf-e-univercidade-audi-ncia-publica-na-alerj-discute-situac-o-de-professores\/","url":"https:\/\/www.sinpro-rio.org.br\/principal\/ugf-e-univercidade-audi-ncia-publica-na-alerj-discute-situac-o-de-professores\/","name":"UGF e UniverCidade: audi\u00eancia P\u00fablica na Alerj discute situa\u00e7\u00e3o de professores - Sinpro-Rio","isPartOf":{"@id":"https:\/\/www.sinpro-rio.org.br\/principal\/#website"},"datePublished":"2014-05-22T00:00:00+00:00","dateModified":"2023-07-07T17:40:04+00:00","author":{"@id":"https:\/\/www.sinpro-rio.org.br\/principal\/#\/schema\/person\/49feb585a2f57a31a6bd9f16f78e5be6"},"breadcrumb":{"@id":"https:\/\/www.sinpro-rio.org.br\/principal\/ugf-e-univercidade-audi-ncia-publica-na-alerj-discute-situac-o-de-professores\/#breadcrumb"},"inLanguage":"pt-BR","potentialAction":[{"@type":"ReadAction","target":["https:\/\/www.sinpro-rio.org.br\/principal\/ugf-e-univercidade-audi-ncia-publica-na-alerj-discute-situac-o-de-professores\/"]}]},{"@type":"BreadcrumbList","@id":"https:\/\/www.sinpro-rio.org.br\/principal\/ugf-e-univercidade-audi-ncia-publica-na-alerj-discute-situac-o-de-professores\/#breadcrumb","itemListElement":[{"@type":"ListItem","position":1,"name":"In\u00edcio","item":"https:\/\/www.sinpro-rio.org.br\/principal\/"},{"@type":"ListItem","position":2,"name":"UGF e UniverCidade: audi\u00eancia P\u00fablica na Alerj discute situa\u00e7\u00e3o de professores"}]},{"@type":"WebSite","@id":"https:\/\/www.sinpro-rio.org.br\/principal\/#website","url":"https:\/\/www.sinpro-rio.org.br\/principal\/","name":"Sinpro-Rio","description":"Sindicato dos Professores do Munic\u00edpio do Rio de Janeiro e Regi\u00e3o","potentialAction":[{"@type":"SearchAction","target":{"@type":"EntryPoint","urlTemplate":"https:\/\/www.sinpro-rio.org.br\/principal\/?s={search_term_string}"},"query-input":{"@type":"PropertyValueSpecification","valueRequired":true,"valueName":"search_term_string"}}],"inLanguage":"pt-BR"},{"@type":"Person","@id":"https:\/\/www.sinpro-rio.org.br\/principal\/#\/schema\/person\/49feb585a2f57a31a6bd9f16f78e5be6","name":"rafaelrjp","image":{"@type":"ImageObject","inLanguage":"pt-BR","@id":"https:\/\/www.sinpro-rio.org.br\/principal\/#\/schema\/person\/image\/","url":"https:\/\/secure.gravatar.com\/avatar\/489371a0ba4655c340b519882c68cf68?s=96&d=mm&r=g","contentUrl":"https:\/\/secure.gravatar.com\/avatar\/489371a0ba4655c340b519882c68cf68?s=96&d=mm&r=g","caption":"rafaelrjp"},"url":"https:\/\/www.sinpro-rio.org.br\/principal\/author\/rafaelrjp\/"}]}},"_links":{"self":[{"href":"https:\/\/www.sinpro-rio.org.br\/principal\/wp-json\/wp\/v2\/posts\/20219","targetHints":{"allow":["GET"]}}],"collection":[{"href":"https:\/\/www.sinpro-rio.org.br\/principal\/wp-json\/wp\/v2\/posts"}],"about":[{"href":"https:\/\/www.sinpro-rio.org.br\/principal\/wp-json\/wp\/v2\/types\/post"}],"author":[{"embeddable":true,"href":"https:\/\/www.sinpro-rio.org.br\/principal\/wp-json\/wp\/v2\/users\/1"}],"replies":[{"embeddable":true,"href":"https:\/\/www.sinpro-rio.org.br\/principal\/wp-json\/wp\/v2\/comments?post=20219"}],"version-history":[{"count":1,"href":"https:\/\/www.sinpro-rio.org.br\/principal\/wp-json\/wp\/v2\/posts\/20219\/revisions"}],"predecessor-version":[{"id":36099,"href":"https:\/\/www.sinpro-rio.org.br\/principal\/wp-json\/wp\/v2\/posts\/20219\/revisions\/36099"}],"wp:attachment":[{"href":"https:\/\/www.sinpro-rio.org.br\/principal\/wp-json\/wp\/v2\/media?parent=20219"}],"wp:term":[{"taxonomy":"category","embeddable":true,"href":"https:\/\/www.sinpro-rio.org.br\/principal\/wp-json\/wp\/v2\/categories?post=20219"},{"taxonomy":"post_tag","embeddable":true,"href":"https:\/\/www.sinpro-rio.org.br\/principal\/wp-json\/wp\/v2\/tags?post=20219"}],"curies":[{"name":"wp","href":"https:\/\/api.w.org\/{rel}","templated":true}]}}