{"id":20214,"date":"2014-05-27T00:00:00","date_gmt":"2014-05-27T00:00:00","guid":{"rendered":""},"modified":"-0001-11-30T00:00:00","modified_gmt":"-0001-11-30T03:00:00","slug":"sinpro-rio-tem-audi-ncia-com-vice-presid-ncia-do-trt-rj","status":"publish","type":"post","link":"https:\/\/www.sinpro-rio.org.br\/principal\/sinpro-rio-tem-audi-ncia-com-vice-presid-ncia-do-trt-rj\/","title":{"rendered":"Sinpro-Rio tem audi\u00eancia com Vice-Presid\u00eancia do TRT-RJ"},"content":{"rendered":"\n<p>\n <em><br \/>\n  27\/05\/2014<br \/>\n <\/em>\n<\/p>\n<p>\n O Sinpro-Rio participou, na manh\u00e3 do dia 28 de maio, de uma reuni\u00e3o com a  vice-presidente do TRT\/RJ, desembargadora Maria das Gra\u00e7as Cabral Viegas Paranhos. Na ocasi\u00e3o, o presidente do Sindicato, professor Wanderley Qu\u00eado, apresentou \u00e0 desembargadora a problem\u00e1tica dos professores dispensados do Centro Universit\u00e1rio da Cidade (UniverCidade) e Universidade Gama Filho (UGF).\n<\/p>\n<p>\n O sindicalista fez um relato sucinto do sofrimento desses professores, h\u00e1 meses sem receber seus sal\u00e1rios e com aviso pr\u00e9vio desde de abril, mas sem perspectiva de receberem suas verbas rescis\u00f3rias, visto que at\u00e9 o momento o grupo Galileo Educacional n\u00e3o agendou as homologa\u00e7\u00f5es no Sindicato. Wanderley tamb\u00e9m destacou, durante a reuni\u00e3o, o significativo volume de processos trabalhistas, em tramita\u00e7\u00e3o nas diversas Varas da Justi\u00e7a Trabalhista, envolvendo o grupo Galileo. Ele solicitou tamb\u00e9m que a Vice-Presid\u00eancia analisasse um procedimento que pudesse agilizar os andamentos processuais.\n<\/p>\n<p>\n Al\u00e9m do presidente do Sinpro-Rio, participaram da reuni\u00e3o os diretores Marcio Fialho; Francisco Brossard, que tamb\u00e9m \u00e9 representante da Associa\u00e7\u00e3o Docente da Gama Filho; Ricardo Oliveira, representante da Associa\u00e7\u00e3o dos professores da UniverCidade; o tamb\u00e9m diretor do Sindicato, Fernando Linhares; al\u00e9m do deputado estadual Paulo Ramos, respons\u00e1vel pelo agendamento da reuni\u00e3o.\n<\/p>\n<p>\n Confira a galeria de fotos<br \/>\n <a href=\"http:\/\/www.sinprorio.pro.br\/site_antigo\/atualidades\/fotos-2014-mai-27-trt.php\"><br \/>\n  clicando aqui<br \/>\n <\/a><br \/>\n .\n<\/p>\n<p>\n Clique<br \/>\n <a href=\" http:\/\/www.trt1.jus.br\/web\/guest\/materia-completa?nID=15843477\"><br \/>\n  aqui<br \/>\n <\/a><br \/>\n para ler a mat\u00e9ria publicada no site do TRT-RJ.<\/p>\n","protected":false},"excerpt":{"rendered":"<p>27\/05\/2014 O Sinpro-Rio participou, na manh\u00e3 do dia 28 de maio, de uma reuni\u00e3o com a vice-presidente do TRT\/RJ, desembargadora Maria das Gra\u00e7as Cabral Viegas Paranhos. Na ocasi\u00e3o, o presidente do Sindicato, professor Wanderley Qu\u00eado, apresentou \u00e0 desembargadora a problem\u00e1tica dos professores dispensados do Centro Universit\u00e1rio da Cidade (UniverCidade) e Universidade Gama Filho (UGF). O [&hellip;]<\/p>\n","protected":false},"author":1,"featured_media":0,"comment_status":"closed","ping_status":"open","sticky":false,"template":"","format":"standard","meta":{"footnotes":""},"categories":[1],"tags":[],"class_list":["post-20214","post","type-post","status-publish","format-standard","hentry","category-noticias"],"yoast_head":"<!-- This site is optimized with the Yoast SEO plugin v25.7 - https:\/\/yoast.com\/wordpress\/plugins\/seo\/ -->\n<title>Sinpro-Rio tem audi\u00eancia com Vice-Presid\u00eancia do TRT-RJ - Sinpro-Rio<\/title>\n<meta name=\"robots\" content=\"index, follow, max-snippet:-1, max-image-preview:large, max-video-preview:-1\" \/>\n<link rel=\"canonical\" href=\"https:\/\/www.sinpro-rio.org.br\/principal\/sinpro-rio-tem-audi-ncia-com-vice-presid-ncia-do-trt-rj\/\" \/>\n<meta property=\"og:locale\" content=\"pt_BR\" \/>\n<meta property=\"og:type\" content=\"article\" \/>\n<meta property=\"og:title\" content=\"Sinpro-Rio tem audi\u00eancia com Vice-Presid\u00eancia do TRT-RJ - Sinpro-Rio\" \/>\n<meta property=\"og:description\" content=\"27\/05\/2014 O Sinpro-Rio participou, na manh\u00e3 do dia 28 de maio, de uma reuni\u00e3o com a vice-presidente do TRT\/RJ, desembargadora Maria das Gra\u00e7as Cabral Viegas Paranhos. Na ocasi\u00e3o, o presidente do Sindicato, professor Wanderley Qu\u00eado, apresentou \u00e0 desembargadora a problem\u00e1tica dos professores dispensados do Centro Universit\u00e1rio da Cidade (UniverCidade) e Universidade Gama Filho (UGF). O [&hellip;]\" \/>\n<meta property=\"og:url\" content=\"https:\/\/www.sinpro-rio.org.br\/principal\/sinpro-rio-tem-audi-ncia-com-vice-presid-ncia-do-trt-rj\/\" \/>\n<meta property=\"og:site_name\" content=\"Sinpro-Rio\" \/>\n<meta property=\"article:published_time\" content=\"2014-05-27T00:00:00+00:00\" \/>\n<meta name=\"author\" content=\"rafaelrjp\" \/>\n<meta name=\"twitter:card\" content=\"summary_large_image\" \/>\n<meta name=\"twitter:label1\" content=\"Escrito por\" \/>\n\t<meta name=\"twitter:data1\" content=\"rafaelrjp\" \/>\n\t<meta name=\"twitter:label2\" content=\"Est. tempo de leitura\" \/>\n\t<meta name=\"twitter:data2\" content=\"1 minuto\" \/>\n<script type=\"application\/ld+json\" class=\"yoast-schema-graph\">{\"@context\":\"https:\/\/schema.org\",\"@graph\":[{\"@type\":\"WebPage\",\"@id\":\"https:\/\/www.sinpro-rio.org.br\/principal\/sinpro-rio-tem-audi-ncia-com-vice-presid-ncia-do-trt-rj\/\",\"url\":\"https:\/\/www.sinpro-rio.org.br\/principal\/sinpro-rio-tem-audi-ncia-com-vice-presid-ncia-do-trt-rj\/\",\"name\":\"Sinpro-Rio tem audi\u00eancia com Vice-Presid\u00eancia do TRT-RJ - Sinpro-Rio\",\"isPartOf\":{\"@id\":\"https:\/\/www.sinpro-rio.org.br\/principal\/#website\"},\"datePublished\":\"2014-05-27T00:00:00+00:00\",\"author\":{\"@id\":\"https:\/\/www.sinpro-rio.org.br\/principal\/#\/schema\/person\/49feb585a2f57a31a6bd9f16f78e5be6\"},\"breadcrumb\":{\"@id\":\"https:\/\/www.sinpro-rio.org.br\/principal\/sinpro-rio-tem-audi-ncia-com-vice-presid-ncia-do-trt-rj\/#breadcrumb\"},\"inLanguage\":\"pt-BR\",\"potentialAction\":[{\"@type\":\"ReadAction\",\"target\":[\"https:\/\/www.sinpro-rio.org.br\/principal\/sinpro-rio-tem-audi-ncia-com-vice-presid-ncia-do-trt-rj\/\"]}]},{\"@type\":\"BreadcrumbList\",\"@id\":\"https:\/\/www.sinpro-rio.org.br\/principal\/sinpro-rio-tem-audi-ncia-com-vice-presid-ncia-do-trt-rj\/#breadcrumb\",\"itemListElement\":[{\"@type\":\"ListItem\",\"position\":1,\"name\":\"In\u00edcio\",\"item\":\"https:\/\/www.sinpro-rio.org.br\/principal\/\"},{\"@type\":\"ListItem\",\"position\":2,\"name\":\"Sinpro-Rio tem audi\u00eancia com Vice-Presid\u00eancia do TRT-RJ\"}]},{\"@type\":\"WebSite\",\"@id\":\"https:\/\/www.sinpro-rio.org.br\/principal\/#website\",\"url\":\"https:\/\/www.sinpro-rio.org.br\/principal\/\",\"name\":\"Sinpro-Rio\",\"description\":\"Sindicato dos Professores do Munic\u00edpio do Rio de Janeiro e Regi\u00e3o\",\"potentialAction\":[{\"@type\":\"SearchAction\",\"target\":{\"@type\":\"EntryPoint\",\"urlTemplate\":\"https:\/\/www.sinpro-rio.org.br\/principal\/?s={search_term_string}\"},\"query-input\":{\"@type\":\"PropertyValueSpecification\",\"valueRequired\":true,\"valueName\":\"search_term_string\"}}],\"inLanguage\":\"pt-BR\"},{\"@type\":\"Person\",\"@id\":\"https:\/\/www.sinpro-rio.org.br\/principal\/#\/schema\/person\/49feb585a2f57a31a6bd9f16f78e5be6\",\"name\":\"rafaelrjp\",\"image\":{\"@type\":\"ImageObject\",\"inLanguage\":\"pt-BR\",\"@id\":\"https:\/\/www.sinpro-rio.org.br\/principal\/#\/schema\/person\/image\/\",\"url\":\"https:\/\/secure.gravatar.com\/avatar\/489371a0ba4655c340b519882c68cf68?s=96&d=mm&r=g\",\"contentUrl\":\"https:\/\/secure.gravatar.com\/avatar\/489371a0ba4655c340b519882c68cf68?s=96&d=mm&r=g\",\"caption\":\"rafaelrjp\"},\"url\":\"https:\/\/www.sinpro-rio.org.br\/principal\/author\/rafaelrjp\/\"}]}<\/script>\n<!-- \/ Yoast SEO plugin. -->","yoast_head_json":{"title":"Sinpro-Rio tem audi\u00eancia com Vice-Presid\u00eancia do TRT-RJ - Sinpro-Rio","robots":{"index":"index","follow":"follow","max-snippet":"max-snippet:-1","max-image-preview":"max-image-preview:large","max-video-preview":"max-video-preview:-1"},"canonical":"https:\/\/www.sinpro-rio.org.br\/principal\/sinpro-rio-tem-audi-ncia-com-vice-presid-ncia-do-trt-rj\/","og_locale":"pt_BR","og_type":"article","og_title":"Sinpro-Rio tem audi\u00eancia com Vice-Presid\u00eancia do TRT-RJ - Sinpro-Rio","og_description":"27\/05\/2014 O Sinpro-Rio participou, na manh\u00e3 do dia 28 de maio, de uma reuni\u00e3o com a vice-presidente do TRT\/RJ, desembargadora Maria das Gra\u00e7as Cabral Viegas Paranhos. Na ocasi\u00e3o, o presidente do Sindicato, professor Wanderley Qu\u00eado, apresentou \u00e0 desembargadora a problem\u00e1tica dos professores dispensados do Centro Universit\u00e1rio da Cidade (UniverCidade) e Universidade Gama Filho (UGF). O [&hellip;]","og_url":"https:\/\/www.sinpro-rio.org.br\/principal\/sinpro-rio-tem-audi-ncia-com-vice-presid-ncia-do-trt-rj\/","og_site_name":"Sinpro-Rio","article_published_time":"2014-05-27T00:00:00+00:00","author":"rafaelrjp","twitter_card":"summary_large_image","twitter_misc":{"Escrito por":"rafaelrjp","Est. tempo de leitura":"1 minuto"},"schema":{"@context":"https:\/\/schema.org","@graph":[{"@type":"WebPage","@id":"https:\/\/www.sinpro-rio.org.br\/principal\/sinpro-rio-tem-audi-ncia-com-vice-presid-ncia-do-trt-rj\/","url":"https:\/\/www.sinpro-rio.org.br\/principal\/sinpro-rio-tem-audi-ncia-com-vice-presid-ncia-do-trt-rj\/","name":"Sinpro-Rio tem audi\u00eancia com Vice-Presid\u00eancia do TRT-RJ - Sinpro-Rio","isPartOf":{"@id":"https:\/\/www.sinpro-rio.org.br\/principal\/#website"},"datePublished":"2014-05-27T00:00:00+00:00","author":{"@id":"https:\/\/www.sinpro-rio.org.br\/principal\/#\/schema\/person\/49feb585a2f57a31a6bd9f16f78e5be6"},"breadcrumb":{"@id":"https:\/\/www.sinpro-rio.org.br\/principal\/sinpro-rio-tem-audi-ncia-com-vice-presid-ncia-do-trt-rj\/#breadcrumb"},"inLanguage":"pt-BR","potentialAction":[{"@type":"ReadAction","target":["https:\/\/www.sinpro-rio.org.br\/principal\/sinpro-rio-tem-audi-ncia-com-vice-presid-ncia-do-trt-rj\/"]}]},{"@type":"BreadcrumbList","@id":"https:\/\/www.sinpro-rio.org.br\/principal\/sinpro-rio-tem-audi-ncia-com-vice-presid-ncia-do-trt-rj\/#breadcrumb","itemListElement":[{"@type":"ListItem","position":1,"name":"In\u00edcio","item":"https:\/\/www.sinpro-rio.org.br\/principal\/"},{"@type":"ListItem","position":2,"name":"Sinpro-Rio tem audi\u00eancia com Vice-Presid\u00eancia do TRT-RJ"}]},{"@type":"WebSite","@id":"https:\/\/www.sinpro-rio.org.br\/principal\/#website","url":"https:\/\/www.sinpro-rio.org.br\/principal\/","name":"Sinpro-Rio","description":"Sindicato dos Professores do Munic\u00edpio do Rio de Janeiro e Regi\u00e3o","potentialAction":[{"@type":"SearchAction","target":{"@type":"EntryPoint","urlTemplate":"https:\/\/www.sinpro-rio.org.br\/principal\/?s={search_term_string}"},"query-input":{"@type":"PropertyValueSpecification","valueRequired":true,"valueName":"search_term_string"}}],"inLanguage":"pt-BR"},{"@type":"Person","@id":"https:\/\/www.sinpro-rio.org.br\/principal\/#\/schema\/person\/49feb585a2f57a31a6bd9f16f78e5be6","name":"rafaelrjp","image":{"@type":"ImageObject","inLanguage":"pt-BR","@id":"https:\/\/www.sinpro-rio.org.br\/principal\/#\/schema\/person\/image\/","url":"https:\/\/secure.gravatar.com\/avatar\/489371a0ba4655c340b519882c68cf68?s=96&d=mm&r=g","contentUrl":"https:\/\/secure.gravatar.com\/avatar\/489371a0ba4655c340b519882c68cf68?s=96&d=mm&r=g","caption":"rafaelrjp"},"url":"https:\/\/www.sinpro-rio.org.br\/principal\/author\/rafaelrjp\/"}]}},"_links":{"self":[{"href":"https:\/\/www.sinpro-rio.org.br\/principal\/wp-json\/wp\/v2\/posts\/20214","targetHints":{"allow":["GET"]}}],"collection":[{"href":"https:\/\/www.sinpro-rio.org.br\/principal\/wp-json\/wp\/v2\/posts"}],"about":[{"href":"https:\/\/www.sinpro-rio.org.br\/principal\/wp-json\/wp\/v2\/types\/post"}],"author":[{"embeddable":true,"href":"https:\/\/www.sinpro-rio.org.br\/principal\/wp-json\/wp\/v2\/users\/1"}],"replies":[{"embeddable":true,"href":"https:\/\/www.sinpro-rio.org.br\/principal\/wp-json\/wp\/v2\/comments?post=20214"}],"version-history":[{"count":0,"href":"https:\/\/www.sinpro-rio.org.br\/principal\/wp-json\/wp\/v2\/posts\/20214\/revisions"}],"wp:attachment":[{"href":"https:\/\/www.sinpro-rio.org.br\/principal\/wp-json\/wp\/v2\/media?parent=20214"}],"wp:term":[{"taxonomy":"category","embeddable":true,"href":"https:\/\/www.sinpro-rio.org.br\/principal\/wp-json\/wp\/v2\/categories?post=20214"},{"taxonomy":"post_tag","embeddable":true,"href":"https:\/\/www.sinpro-rio.org.br\/principal\/wp-json\/wp\/v2\/tags?post=20214"}],"curies":[{"name":"wp","href":"https:\/\/api.w.org\/{rel}","templated":true}]}}