{"id":20211,"date":"2014-05-31T00:00:00","date_gmt":"2014-05-31T00:00:00","guid":{"rendered":""},"modified":"-0001-11-30T00:00:00","modified_gmt":"-0001-11-30T03:00:00","slug":"assembleia-da-educac-o-basica-aprova-reajuste-salarial-para-2014","status":"publish","type":"post","link":"https:\/\/www.sinpro-rio.org.br\/principal\/assembleia-da-educac-o-basica-aprova-reajuste-salarial-para-2014\/","title":{"rendered":"Assembleia da Educa\u00e7\u00e3o B\u00e1sica aprova reajuste salarial para 2014"},"content":{"rendered":"\n<p>\n <em><br \/>\n  31\/05\/2014<br \/>\n <\/em>\n<\/p>\n<\/p>\n<p>\n Reunidos em assembleia no audit\u00f3rio da Associa\u00e7\u00e3o Brasileira de  Imprensa (ABI), os professores da Educa\u00e7\u00e3o B\u00e1sica aprovaram a proposta negociada na parit\u00e1ria de reajuste salarial para 2014:<\/p>\n<p>\n  &#8211; Professores da Educa\u00e7\u00e3o Infantil ao 5\u00b0 ano do Fundamental que recebem o piso salarial: 7% de reajuste, com ganho real de 1,4%;<\/p>\n<p>\n   &#8211; Demais professores da Educa\u00e7\u00e3o B\u00e1sica: 6,5% de reajuste, com ganho real pr\u00f3ximo a 1,0%.<\/p>\n<p>\n    Os professores tamb\u00e9m aprovaram a proposta da diretoria de iniciar a Campanha Salarial 2015 em outubro, com \u00eanfase na valoriza\u00e7\u00e3o e equipara\u00e7\u00e3o salarial.\n   <\/p>\n<p>\n    Confira a galeria de fotos<br \/>\n    <a href=\"http:\/\/www.sinprorio.pro.br\/site_antigo\/atualidades\/fotos-2014-mai-31-basica.php\"><br \/>\n     clicando aqui<br \/>\n    <\/a><br \/>\n    .\n   <\/p>\n<\/p>\n<\/p>\n<p>\n &#8211; Professores da Educa\u00e7\u00e3o Infantil ao 5\u00b0 ano do Fundamental que recebem o piso salarial: 7% de reajuste, com ganho real de 1,4%;<\/p>\n<p>\n  &#8211; Demais professores da Educa\u00e7\u00e3o B\u00e1sica: 6,5% de reajuste, com ganho real pr\u00f3ximo a 1,0%.<\/p>\n<p>\n   Os professores tamb\u00e9m aprovaram a proposta da diretoria de iniciar a Campanha Salarial 2015 em outubro, com \u00eanfase na valoriza\u00e7\u00e3o e equipara\u00e7\u00e3o salarial.\n  <\/p>\n<p>\n   Confira a galeria de fotos<br \/>\n   <a href=\"http:\/\/www.sinprorio.pro.br\/site_antigo\/atualidades\/fotos-2014-mai-31-basica.php\"><br \/>\n    clicando aqui<br \/>\n   <\/a><br \/>\n   .\n  <\/p>\n<\/p>\n<p>\n &#8211; Demais professores da Educa\u00e7\u00e3o B\u00e1sica: 6,5% de reajuste, com ganho real pr\u00f3ximo a 1,0%.<\/p>\n<p>\n  Os professores tamb\u00e9m aprovaram a proposta da diretoria de iniciar a Campanha Salarial 2015 em outubro, com \u00eanfase na valoriza\u00e7\u00e3o e equipara\u00e7\u00e3o salarial.\n <\/p>\n<p>\n  Confira a galeria de fotos<br \/>\n  <a href=\"http:\/\/www.sinprorio.pro.br\/site_antigo\/atualidades\/fotos-2014-mai-31-basica.php\"><br \/>\n   clicando aqui<br \/>\n  <\/a><br \/>\n  .\n <\/p>\n<\/p>\n<p>\n Os professores tamb\u00e9m aprovaram a proposta da diretoria de iniciar a Campanha Salarial 2015 em outubro, com \u00eanfase na valoriza\u00e7\u00e3o e equipara\u00e7\u00e3o salarial.\n<\/p>\n<p>\n Confira a galeria de fotos<br \/>\n <a href=\"http:\/\/www.sinprorio.pro.br\/site_antigo\/atualidades\/fotos-2014-mai-31-basica.php\"><br \/>\n  clicando aqui<br \/>\n <\/a><br \/>\n .<\/p>\n","protected":false},"excerpt":{"rendered":"<p>31\/05\/2014 Reunidos em assembleia no audit\u00f3rio da Associa\u00e7\u00e3o Brasileira de Imprensa (ABI), os professores da Educa\u00e7\u00e3o B\u00e1sica aprovaram a proposta negociada na parit\u00e1ria de reajuste salarial para 2014: &#8211; Professores da Educa\u00e7\u00e3o Infantil ao 5\u00b0 ano do Fundamental que recebem o piso salarial: 7% de reajuste, com ganho real de 1,4%; &#8211; Demais professores da [&hellip;]<\/p>\n","protected":false},"author":1,"featured_media":0,"comment_status":"closed","ping_status":"open","sticky":false,"template":"","format":"standard","meta":{"footnotes":""},"categories":[1],"tags":[],"class_list":["post-20211","post","type-post","status-publish","format-standard","hentry","category-noticias"],"yoast_head":"<!-- This site is optimized with the Yoast SEO plugin v25.7 - https:\/\/yoast.com\/wordpress\/plugins\/seo\/ -->\n<title>Assembleia da Educa\u00e7\u00e3o B\u00e1sica aprova reajuste salarial para 2014 - Sinpro-Rio<\/title>\n<meta name=\"robots\" content=\"index, follow, max-snippet:-1, max-image-preview:large, max-video-preview:-1\" \/>\n<link rel=\"canonical\" href=\"https:\/\/www.sinpro-rio.org.br\/principal\/assembleia-da-educac-o-basica-aprova-reajuste-salarial-para-2014\/\" \/>\n<meta property=\"og:locale\" content=\"pt_BR\" \/>\n<meta property=\"og:type\" content=\"article\" \/>\n<meta property=\"og:title\" content=\"Assembleia da Educa\u00e7\u00e3o B\u00e1sica aprova reajuste salarial para 2014 - Sinpro-Rio\" \/>\n<meta property=\"og:description\" content=\"31\/05\/2014 Reunidos em assembleia no audit\u00f3rio da Associa\u00e7\u00e3o Brasileira de Imprensa (ABI), os professores da Educa\u00e7\u00e3o B\u00e1sica aprovaram a proposta negociada na parit\u00e1ria de reajuste salarial para 2014: &#8211; Professores da Educa\u00e7\u00e3o Infantil ao 5\u00b0 ano do Fundamental que recebem o piso salarial: 7% de reajuste, com ganho real de 1,4%; &#8211; Demais professores da [&hellip;]\" \/>\n<meta property=\"og:url\" content=\"https:\/\/www.sinpro-rio.org.br\/principal\/assembleia-da-educac-o-basica-aprova-reajuste-salarial-para-2014\/\" \/>\n<meta property=\"og:site_name\" content=\"Sinpro-Rio\" \/>\n<meta property=\"article:published_time\" content=\"2014-05-31T00:00:00+00:00\" \/>\n<meta name=\"author\" content=\"rafaelrjp\" \/>\n<meta name=\"twitter:card\" content=\"summary_large_image\" \/>\n<meta name=\"twitter:label1\" content=\"Escrito por\" \/>\n\t<meta name=\"twitter:data1\" content=\"rafaelrjp\" \/>\n\t<meta name=\"twitter:label2\" content=\"Est. tempo de leitura\" \/>\n\t<meta name=\"twitter:data2\" content=\"1 minuto\" \/>\n<script type=\"application\/ld+json\" class=\"yoast-schema-graph\">{\"@context\":\"https:\/\/schema.org\",\"@graph\":[{\"@type\":\"WebPage\",\"@id\":\"https:\/\/www.sinpro-rio.org.br\/principal\/assembleia-da-educac-o-basica-aprova-reajuste-salarial-para-2014\/\",\"url\":\"https:\/\/www.sinpro-rio.org.br\/principal\/assembleia-da-educac-o-basica-aprova-reajuste-salarial-para-2014\/\",\"name\":\"Assembleia da Educa\u00e7\u00e3o B\u00e1sica aprova reajuste salarial para 2014 - Sinpro-Rio\",\"isPartOf\":{\"@id\":\"https:\/\/www.sinpro-rio.org.br\/principal\/#website\"},\"datePublished\":\"2014-05-31T00:00:00+00:00\",\"author\":{\"@id\":\"https:\/\/www.sinpro-rio.org.br\/principal\/#\/schema\/person\/49feb585a2f57a31a6bd9f16f78e5be6\"},\"breadcrumb\":{\"@id\":\"https:\/\/www.sinpro-rio.org.br\/principal\/assembleia-da-educac-o-basica-aprova-reajuste-salarial-para-2014\/#breadcrumb\"},\"inLanguage\":\"pt-BR\",\"potentialAction\":[{\"@type\":\"ReadAction\",\"target\":[\"https:\/\/www.sinpro-rio.org.br\/principal\/assembleia-da-educac-o-basica-aprova-reajuste-salarial-para-2014\/\"]}]},{\"@type\":\"BreadcrumbList\",\"@id\":\"https:\/\/www.sinpro-rio.org.br\/principal\/assembleia-da-educac-o-basica-aprova-reajuste-salarial-para-2014\/#breadcrumb\",\"itemListElement\":[{\"@type\":\"ListItem\",\"position\":1,\"name\":\"In\u00edcio\",\"item\":\"https:\/\/www.sinpro-rio.org.br\/principal\/\"},{\"@type\":\"ListItem\",\"position\":2,\"name\":\"Assembleia da Educa\u00e7\u00e3o B\u00e1sica aprova reajuste salarial para 2014\"}]},{\"@type\":\"WebSite\",\"@id\":\"https:\/\/www.sinpro-rio.org.br\/principal\/#website\",\"url\":\"https:\/\/www.sinpro-rio.org.br\/principal\/\",\"name\":\"Sinpro-Rio\",\"description\":\"Sindicato dos Professores do Munic\u00edpio do Rio de Janeiro e Regi\u00e3o\",\"potentialAction\":[{\"@type\":\"SearchAction\",\"target\":{\"@type\":\"EntryPoint\",\"urlTemplate\":\"https:\/\/www.sinpro-rio.org.br\/principal\/?s={search_term_string}\"},\"query-input\":{\"@type\":\"PropertyValueSpecification\",\"valueRequired\":true,\"valueName\":\"search_term_string\"}}],\"inLanguage\":\"pt-BR\"},{\"@type\":\"Person\",\"@id\":\"https:\/\/www.sinpro-rio.org.br\/principal\/#\/schema\/person\/49feb585a2f57a31a6bd9f16f78e5be6\",\"name\":\"rafaelrjp\",\"image\":{\"@type\":\"ImageObject\",\"inLanguage\":\"pt-BR\",\"@id\":\"https:\/\/www.sinpro-rio.org.br\/principal\/#\/schema\/person\/image\/\",\"url\":\"https:\/\/secure.gravatar.com\/avatar\/489371a0ba4655c340b519882c68cf68?s=96&d=mm&r=g\",\"contentUrl\":\"https:\/\/secure.gravatar.com\/avatar\/489371a0ba4655c340b519882c68cf68?s=96&d=mm&r=g\",\"caption\":\"rafaelrjp\"},\"url\":\"https:\/\/www.sinpro-rio.org.br\/principal\/author\/rafaelrjp\/\"}]}<\/script>\n<!-- \/ Yoast SEO plugin. -->","yoast_head_json":{"title":"Assembleia da Educa\u00e7\u00e3o B\u00e1sica aprova reajuste salarial para 2014 - Sinpro-Rio","robots":{"index":"index","follow":"follow","max-snippet":"max-snippet:-1","max-image-preview":"max-image-preview:large","max-video-preview":"max-video-preview:-1"},"canonical":"https:\/\/www.sinpro-rio.org.br\/principal\/assembleia-da-educac-o-basica-aprova-reajuste-salarial-para-2014\/","og_locale":"pt_BR","og_type":"article","og_title":"Assembleia da Educa\u00e7\u00e3o B\u00e1sica aprova reajuste salarial para 2014 - Sinpro-Rio","og_description":"31\/05\/2014 Reunidos em assembleia no audit\u00f3rio da Associa\u00e7\u00e3o Brasileira de Imprensa (ABI), os professores da Educa\u00e7\u00e3o B\u00e1sica aprovaram a proposta negociada na parit\u00e1ria de reajuste salarial para 2014: &#8211; Professores da Educa\u00e7\u00e3o Infantil ao 5\u00b0 ano do Fundamental que recebem o piso salarial: 7% de reajuste, com ganho real de 1,4%; &#8211; Demais professores da [&hellip;]","og_url":"https:\/\/www.sinpro-rio.org.br\/principal\/assembleia-da-educac-o-basica-aprova-reajuste-salarial-para-2014\/","og_site_name":"Sinpro-Rio","article_published_time":"2014-05-31T00:00:00+00:00","author":"rafaelrjp","twitter_card":"summary_large_image","twitter_misc":{"Escrito por":"rafaelrjp","Est. tempo de leitura":"1 minuto"},"schema":{"@context":"https:\/\/schema.org","@graph":[{"@type":"WebPage","@id":"https:\/\/www.sinpro-rio.org.br\/principal\/assembleia-da-educac-o-basica-aprova-reajuste-salarial-para-2014\/","url":"https:\/\/www.sinpro-rio.org.br\/principal\/assembleia-da-educac-o-basica-aprova-reajuste-salarial-para-2014\/","name":"Assembleia da Educa\u00e7\u00e3o B\u00e1sica aprova reajuste salarial para 2014 - Sinpro-Rio","isPartOf":{"@id":"https:\/\/www.sinpro-rio.org.br\/principal\/#website"},"datePublished":"2014-05-31T00:00:00+00:00","author":{"@id":"https:\/\/www.sinpro-rio.org.br\/principal\/#\/schema\/person\/49feb585a2f57a31a6bd9f16f78e5be6"},"breadcrumb":{"@id":"https:\/\/www.sinpro-rio.org.br\/principal\/assembleia-da-educac-o-basica-aprova-reajuste-salarial-para-2014\/#breadcrumb"},"inLanguage":"pt-BR","potentialAction":[{"@type":"ReadAction","target":["https:\/\/www.sinpro-rio.org.br\/principal\/assembleia-da-educac-o-basica-aprova-reajuste-salarial-para-2014\/"]}]},{"@type":"BreadcrumbList","@id":"https:\/\/www.sinpro-rio.org.br\/principal\/assembleia-da-educac-o-basica-aprova-reajuste-salarial-para-2014\/#breadcrumb","itemListElement":[{"@type":"ListItem","position":1,"name":"In\u00edcio","item":"https:\/\/www.sinpro-rio.org.br\/principal\/"},{"@type":"ListItem","position":2,"name":"Assembleia da Educa\u00e7\u00e3o B\u00e1sica aprova reajuste salarial para 2014"}]},{"@type":"WebSite","@id":"https:\/\/www.sinpro-rio.org.br\/principal\/#website","url":"https:\/\/www.sinpro-rio.org.br\/principal\/","name":"Sinpro-Rio","description":"Sindicato dos Professores do Munic\u00edpio do Rio de Janeiro e Regi\u00e3o","potentialAction":[{"@type":"SearchAction","target":{"@type":"EntryPoint","urlTemplate":"https:\/\/www.sinpro-rio.org.br\/principal\/?s={search_term_string}"},"query-input":{"@type":"PropertyValueSpecification","valueRequired":true,"valueName":"search_term_string"}}],"inLanguage":"pt-BR"},{"@type":"Person","@id":"https:\/\/www.sinpro-rio.org.br\/principal\/#\/schema\/person\/49feb585a2f57a31a6bd9f16f78e5be6","name":"rafaelrjp","image":{"@type":"ImageObject","inLanguage":"pt-BR","@id":"https:\/\/www.sinpro-rio.org.br\/principal\/#\/schema\/person\/image\/","url":"https:\/\/secure.gravatar.com\/avatar\/489371a0ba4655c340b519882c68cf68?s=96&d=mm&r=g","contentUrl":"https:\/\/secure.gravatar.com\/avatar\/489371a0ba4655c340b519882c68cf68?s=96&d=mm&r=g","caption":"rafaelrjp"},"url":"https:\/\/www.sinpro-rio.org.br\/principal\/author\/rafaelrjp\/"}]}},"_links":{"self":[{"href":"https:\/\/www.sinpro-rio.org.br\/principal\/wp-json\/wp\/v2\/posts\/20211","targetHints":{"allow":["GET"]}}],"collection":[{"href":"https:\/\/www.sinpro-rio.org.br\/principal\/wp-json\/wp\/v2\/posts"}],"about":[{"href":"https:\/\/www.sinpro-rio.org.br\/principal\/wp-json\/wp\/v2\/types\/post"}],"author":[{"embeddable":true,"href":"https:\/\/www.sinpro-rio.org.br\/principal\/wp-json\/wp\/v2\/users\/1"}],"replies":[{"embeddable":true,"href":"https:\/\/www.sinpro-rio.org.br\/principal\/wp-json\/wp\/v2\/comments?post=20211"}],"version-history":[{"count":0,"href":"https:\/\/www.sinpro-rio.org.br\/principal\/wp-json\/wp\/v2\/posts\/20211\/revisions"}],"wp:attachment":[{"href":"https:\/\/www.sinpro-rio.org.br\/principal\/wp-json\/wp\/v2\/media?parent=20211"}],"wp:term":[{"taxonomy":"category","embeddable":true,"href":"https:\/\/www.sinpro-rio.org.br\/principal\/wp-json\/wp\/v2\/categories?post=20211"},{"taxonomy":"post_tag","embeddable":true,"href":"https:\/\/www.sinpro-rio.org.br\/principal\/wp-json\/wp\/v2\/tags?post=20211"}],"curies":[{"name":"wp","href":"https:\/\/api.w.org\/{rel}","templated":true}]}}