{"id":20209,"date":"2014-06-02T00:00:00","date_gmt":"2014-06-02T00:00:00","guid":{"rendered":""},"modified":"-0001-11-30T00:00:00","modified_gmt":"-0001-11-30T03:00:00","slug":"sinpro-rio-na-luta-pelos-docentes-da-ugf-univercidade-reuni-o-com-amatra-para-tentar-resolver-pend-ncias","status":"publish","type":"post","link":"https:\/\/www.sinpro-rio.org.br\/principal\/sinpro-rio-na-luta-pelos-docentes-da-ugf-univercidade-reuni-o-com-amatra-para-tentar-resolver-pend-ncias\/","title":{"rendered":"Sinpro-Rio na luta pelos docentes da UGF\/ UniverCidade: reuni\u00e3o com Amatra para tentar resolver pend\u00eancias"},"content":{"rendered":"\n<p>\n <em><br \/>\n  02\/06\/2014<br \/>\n <\/em>\n<\/p>\n<\/p>\n<p>\n Em mais uma tentativa de equacionar os problemas dos professores do Centro Universit\u00e1rio da Cidade (UniverCidade) e da Universidade Gama Filho (UGF), o presidente do Sinpro-Rio, professor Wanderley Qu\u00eado, se reuniu nesta  segunda feira, 02 de junho, com o presidente da Associa\u00e7\u00e3o dos Magistrados da Justi\u00e7a do Trabalho (Amatra), Dr. Paulo Guilherme Santos P\u00e9riss\u00e9.\n<\/p>\n<p>\n O sindicalista solicitou \u00e0 Associa\u00e7\u00e3o apoio para que os ju\u00edzes fossem sensibilizados quanto a necessidade de agilizar o julgamento das a\u00e7\u00f5es relacionadas aos professores destas duas Institui\u00e7\u00f5es de Ensino Superior (IES). Na ocasi\u00e3o, o presidente do SAAE\/RJ, Elles Carneiro, que tamb\u00e9m participou da reuni\u00e3o, requisitou  o mesmo empenho para os processos que tramitam relativo aos funcion\u00e1rios siteistrativos das IES.  Al\u00e9m do presidente do Sinpro-Rio e do SAAE\/RJ, tamb\u00e9m compareceu ao encontro o deputado estadual Paulo ramos, a quem coube agendar o encontro; e os diretores do Sinpro-Rio, Marcio Fialho, Vera C\u00e2mara, Francisco Brossard, Hiran Roedel e Ronaldo Louro.<\/p>\n","protected":false},"excerpt":{"rendered":"<p>02\/06\/2014 Em mais uma tentativa de equacionar os problemas dos professores do Centro Universit\u00e1rio da Cidade (UniverCidade) e da Universidade Gama Filho (UGF), o presidente do Sinpro-Rio, professor Wanderley Qu\u00eado, se reuniu nesta segunda feira, 02 de junho, com o presidente da Associa\u00e7\u00e3o dos Magistrados da Justi\u00e7a do Trabalho (Amatra), Dr. Paulo Guilherme Santos P\u00e9riss\u00e9. [&hellip;]<\/p>\n","protected":false},"author":1,"featured_media":0,"comment_status":"closed","ping_status":"open","sticky":false,"template":"","format":"standard","meta":{"footnotes":""},"categories":[1],"tags":[],"class_list":["post-20209","post","type-post","status-publish","format-standard","hentry","category-noticias"],"yoast_head":"<!-- This site is optimized with the Yoast SEO plugin v25.7 - https:\/\/yoast.com\/wordpress\/plugins\/seo\/ -->\n<title>Sinpro-Rio na luta pelos docentes da UGF\/ UniverCidade: reuni\u00e3o com Amatra para tentar resolver pend\u00eancias - Sinpro-Rio<\/title>\n<meta name=\"robots\" content=\"index, follow, max-snippet:-1, max-image-preview:large, max-video-preview:-1\" \/>\n<link rel=\"canonical\" href=\"https:\/\/www.sinpro-rio.org.br\/principal\/sinpro-rio-na-luta-pelos-docentes-da-ugf-univercidade-reuni-o-com-amatra-para-tentar-resolver-pend-ncias\/\" \/>\n<meta property=\"og:locale\" content=\"pt_BR\" \/>\n<meta property=\"og:type\" content=\"article\" \/>\n<meta property=\"og:title\" content=\"Sinpro-Rio na luta pelos docentes da UGF\/ UniverCidade: reuni\u00e3o com Amatra para tentar resolver pend\u00eancias - Sinpro-Rio\" \/>\n<meta property=\"og:description\" content=\"02\/06\/2014 Em mais uma tentativa de equacionar os problemas dos professores do Centro Universit\u00e1rio da Cidade (UniverCidade) e da Universidade Gama Filho (UGF), o presidente do Sinpro-Rio, professor Wanderley Qu\u00eado, se reuniu nesta segunda feira, 02 de junho, com o presidente da Associa\u00e7\u00e3o dos Magistrados da Justi\u00e7a do Trabalho (Amatra), Dr. Paulo Guilherme Santos P\u00e9riss\u00e9. [&hellip;]\" \/>\n<meta property=\"og:url\" content=\"https:\/\/www.sinpro-rio.org.br\/principal\/sinpro-rio-na-luta-pelos-docentes-da-ugf-univercidade-reuni-o-com-amatra-para-tentar-resolver-pend-ncias\/\" \/>\n<meta property=\"og:site_name\" content=\"Sinpro-Rio\" \/>\n<meta property=\"article:published_time\" content=\"2014-06-02T00:00:00+00:00\" \/>\n<meta name=\"author\" content=\"rafaelrjp\" \/>\n<meta name=\"twitter:card\" content=\"summary_large_image\" \/>\n<meta name=\"twitter:label1\" content=\"Escrito por\" \/>\n\t<meta name=\"twitter:data1\" content=\"rafaelrjp\" \/>\n\t<meta name=\"twitter:label2\" content=\"Est. tempo de leitura\" \/>\n\t<meta name=\"twitter:data2\" content=\"1 minuto\" \/>\n<script type=\"application\/ld+json\" class=\"yoast-schema-graph\">{\"@context\":\"https:\/\/schema.org\",\"@graph\":[{\"@type\":\"WebPage\",\"@id\":\"https:\/\/www.sinpro-rio.org.br\/principal\/sinpro-rio-na-luta-pelos-docentes-da-ugf-univercidade-reuni-o-com-amatra-para-tentar-resolver-pend-ncias\/\",\"url\":\"https:\/\/www.sinpro-rio.org.br\/principal\/sinpro-rio-na-luta-pelos-docentes-da-ugf-univercidade-reuni-o-com-amatra-para-tentar-resolver-pend-ncias\/\",\"name\":\"Sinpro-Rio na luta pelos docentes da UGF\/ UniverCidade: reuni\u00e3o com Amatra para tentar resolver pend\u00eancias - Sinpro-Rio\",\"isPartOf\":{\"@id\":\"https:\/\/www.sinpro-rio.org.br\/principal\/#website\"},\"datePublished\":\"2014-06-02T00:00:00+00:00\",\"author\":{\"@id\":\"https:\/\/www.sinpro-rio.org.br\/principal\/#\/schema\/person\/49feb585a2f57a31a6bd9f16f78e5be6\"},\"breadcrumb\":{\"@id\":\"https:\/\/www.sinpro-rio.org.br\/principal\/sinpro-rio-na-luta-pelos-docentes-da-ugf-univercidade-reuni-o-com-amatra-para-tentar-resolver-pend-ncias\/#breadcrumb\"},\"inLanguage\":\"pt-BR\",\"potentialAction\":[{\"@type\":\"ReadAction\",\"target\":[\"https:\/\/www.sinpro-rio.org.br\/principal\/sinpro-rio-na-luta-pelos-docentes-da-ugf-univercidade-reuni-o-com-amatra-para-tentar-resolver-pend-ncias\/\"]}]},{\"@type\":\"BreadcrumbList\",\"@id\":\"https:\/\/www.sinpro-rio.org.br\/principal\/sinpro-rio-na-luta-pelos-docentes-da-ugf-univercidade-reuni-o-com-amatra-para-tentar-resolver-pend-ncias\/#breadcrumb\",\"itemListElement\":[{\"@type\":\"ListItem\",\"position\":1,\"name\":\"In\u00edcio\",\"item\":\"https:\/\/www.sinpro-rio.org.br\/principal\/\"},{\"@type\":\"ListItem\",\"position\":2,\"name\":\"Sinpro-Rio na luta pelos docentes da UGF\/ UniverCidade: reuni\u00e3o com Amatra para tentar resolver pend\u00eancias\"}]},{\"@type\":\"WebSite\",\"@id\":\"https:\/\/www.sinpro-rio.org.br\/principal\/#website\",\"url\":\"https:\/\/www.sinpro-rio.org.br\/principal\/\",\"name\":\"Sinpro-Rio\",\"description\":\"Sindicato dos Professores do Munic\u00edpio do Rio de Janeiro e Regi\u00e3o\",\"potentialAction\":[{\"@type\":\"SearchAction\",\"target\":{\"@type\":\"EntryPoint\",\"urlTemplate\":\"https:\/\/www.sinpro-rio.org.br\/principal\/?s={search_term_string}\"},\"query-input\":{\"@type\":\"PropertyValueSpecification\",\"valueRequired\":true,\"valueName\":\"search_term_string\"}}],\"inLanguage\":\"pt-BR\"},{\"@type\":\"Person\",\"@id\":\"https:\/\/www.sinpro-rio.org.br\/principal\/#\/schema\/person\/49feb585a2f57a31a6bd9f16f78e5be6\",\"name\":\"rafaelrjp\",\"image\":{\"@type\":\"ImageObject\",\"inLanguage\":\"pt-BR\",\"@id\":\"https:\/\/www.sinpro-rio.org.br\/principal\/#\/schema\/person\/image\/\",\"url\":\"https:\/\/secure.gravatar.com\/avatar\/489371a0ba4655c340b519882c68cf68?s=96&d=mm&r=g\",\"contentUrl\":\"https:\/\/secure.gravatar.com\/avatar\/489371a0ba4655c340b519882c68cf68?s=96&d=mm&r=g\",\"caption\":\"rafaelrjp\"},\"url\":\"https:\/\/www.sinpro-rio.org.br\/principal\/author\/rafaelrjp\/\"}]}<\/script>\n<!-- \/ Yoast SEO plugin. -->","yoast_head_json":{"title":"Sinpro-Rio na luta pelos docentes da UGF\/ UniverCidade: reuni\u00e3o com Amatra para tentar resolver pend\u00eancias - Sinpro-Rio","robots":{"index":"index","follow":"follow","max-snippet":"max-snippet:-1","max-image-preview":"max-image-preview:large","max-video-preview":"max-video-preview:-1"},"canonical":"https:\/\/www.sinpro-rio.org.br\/principal\/sinpro-rio-na-luta-pelos-docentes-da-ugf-univercidade-reuni-o-com-amatra-para-tentar-resolver-pend-ncias\/","og_locale":"pt_BR","og_type":"article","og_title":"Sinpro-Rio na luta pelos docentes da UGF\/ UniverCidade: reuni\u00e3o com Amatra para tentar resolver pend\u00eancias - Sinpro-Rio","og_description":"02\/06\/2014 Em mais uma tentativa de equacionar os problemas dos professores do Centro Universit\u00e1rio da Cidade (UniverCidade) e da Universidade Gama Filho (UGF), o presidente do Sinpro-Rio, professor Wanderley Qu\u00eado, se reuniu nesta segunda feira, 02 de junho, com o presidente da Associa\u00e7\u00e3o dos Magistrados da Justi\u00e7a do Trabalho (Amatra), Dr. Paulo Guilherme Santos P\u00e9riss\u00e9. [&hellip;]","og_url":"https:\/\/www.sinpro-rio.org.br\/principal\/sinpro-rio-na-luta-pelos-docentes-da-ugf-univercidade-reuni-o-com-amatra-para-tentar-resolver-pend-ncias\/","og_site_name":"Sinpro-Rio","article_published_time":"2014-06-02T00:00:00+00:00","author":"rafaelrjp","twitter_card":"summary_large_image","twitter_misc":{"Escrito por":"rafaelrjp","Est. tempo de leitura":"1 minuto"},"schema":{"@context":"https:\/\/schema.org","@graph":[{"@type":"WebPage","@id":"https:\/\/www.sinpro-rio.org.br\/principal\/sinpro-rio-na-luta-pelos-docentes-da-ugf-univercidade-reuni-o-com-amatra-para-tentar-resolver-pend-ncias\/","url":"https:\/\/www.sinpro-rio.org.br\/principal\/sinpro-rio-na-luta-pelos-docentes-da-ugf-univercidade-reuni-o-com-amatra-para-tentar-resolver-pend-ncias\/","name":"Sinpro-Rio na luta pelos docentes da UGF\/ UniverCidade: reuni\u00e3o com Amatra para tentar resolver pend\u00eancias - Sinpro-Rio","isPartOf":{"@id":"https:\/\/www.sinpro-rio.org.br\/principal\/#website"},"datePublished":"2014-06-02T00:00:00+00:00","author":{"@id":"https:\/\/www.sinpro-rio.org.br\/principal\/#\/schema\/person\/49feb585a2f57a31a6bd9f16f78e5be6"},"breadcrumb":{"@id":"https:\/\/www.sinpro-rio.org.br\/principal\/sinpro-rio-na-luta-pelos-docentes-da-ugf-univercidade-reuni-o-com-amatra-para-tentar-resolver-pend-ncias\/#breadcrumb"},"inLanguage":"pt-BR","potentialAction":[{"@type":"ReadAction","target":["https:\/\/www.sinpro-rio.org.br\/principal\/sinpro-rio-na-luta-pelos-docentes-da-ugf-univercidade-reuni-o-com-amatra-para-tentar-resolver-pend-ncias\/"]}]},{"@type":"BreadcrumbList","@id":"https:\/\/www.sinpro-rio.org.br\/principal\/sinpro-rio-na-luta-pelos-docentes-da-ugf-univercidade-reuni-o-com-amatra-para-tentar-resolver-pend-ncias\/#breadcrumb","itemListElement":[{"@type":"ListItem","position":1,"name":"In\u00edcio","item":"https:\/\/www.sinpro-rio.org.br\/principal\/"},{"@type":"ListItem","position":2,"name":"Sinpro-Rio na luta pelos docentes da UGF\/ UniverCidade: reuni\u00e3o com Amatra para tentar resolver pend\u00eancias"}]},{"@type":"WebSite","@id":"https:\/\/www.sinpro-rio.org.br\/principal\/#website","url":"https:\/\/www.sinpro-rio.org.br\/principal\/","name":"Sinpro-Rio","description":"Sindicato dos Professores do Munic\u00edpio do Rio de Janeiro e Regi\u00e3o","potentialAction":[{"@type":"SearchAction","target":{"@type":"EntryPoint","urlTemplate":"https:\/\/www.sinpro-rio.org.br\/principal\/?s={search_term_string}"},"query-input":{"@type":"PropertyValueSpecification","valueRequired":true,"valueName":"search_term_string"}}],"inLanguage":"pt-BR"},{"@type":"Person","@id":"https:\/\/www.sinpro-rio.org.br\/principal\/#\/schema\/person\/49feb585a2f57a31a6bd9f16f78e5be6","name":"rafaelrjp","image":{"@type":"ImageObject","inLanguage":"pt-BR","@id":"https:\/\/www.sinpro-rio.org.br\/principal\/#\/schema\/person\/image\/","url":"https:\/\/secure.gravatar.com\/avatar\/489371a0ba4655c340b519882c68cf68?s=96&d=mm&r=g","contentUrl":"https:\/\/secure.gravatar.com\/avatar\/489371a0ba4655c340b519882c68cf68?s=96&d=mm&r=g","caption":"rafaelrjp"},"url":"https:\/\/www.sinpro-rio.org.br\/principal\/author\/rafaelrjp\/"}]}},"_links":{"self":[{"href":"https:\/\/www.sinpro-rio.org.br\/principal\/wp-json\/wp\/v2\/posts\/20209","targetHints":{"allow":["GET"]}}],"collection":[{"href":"https:\/\/www.sinpro-rio.org.br\/principal\/wp-json\/wp\/v2\/posts"}],"about":[{"href":"https:\/\/www.sinpro-rio.org.br\/principal\/wp-json\/wp\/v2\/types\/post"}],"author":[{"embeddable":true,"href":"https:\/\/www.sinpro-rio.org.br\/principal\/wp-json\/wp\/v2\/users\/1"}],"replies":[{"embeddable":true,"href":"https:\/\/www.sinpro-rio.org.br\/principal\/wp-json\/wp\/v2\/comments?post=20209"}],"version-history":[{"count":0,"href":"https:\/\/www.sinpro-rio.org.br\/principal\/wp-json\/wp\/v2\/posts\/20209\/revisions"}],"wp:attachment":[{"href":"https:\/\/www.sinpro-rio.org.br\/principal\/wp-json\/wp\/v2\/media?parent=20209"}],"wp:term":[{"taxonomy":"category","embeddable":true,"href":"https:\/\/www.sinpro-rio.org.br\/principal\/wp-json\/wp\/v2\/categories?post=20209"},{"taxonomy":"post_tag","embeddable":true,"href":"https:\/\/www.sinpro-rio.org.br\/principal\/wp-json\/wp\/v2\/tags?post=20209"}],"curies":[{"name":"wp","href":"https:\/\/api.w.org\/{rel}","templated":true}]}}