{"id":20206,"date":"2014-06-09T00:00:00","date_gmt":"2014-06-09T00:00:00","guid":{"rendered":""},"modified":"-0001-11-30T00:00:00","modified_gmt":"-0001-11-30T03:00:00","slug":"esclarecimento-urgente-a-categoria","status":"publish","type":"post","link":"https:\/\/www.sinpro-rio.org.br\/principal\/esclarecimento-urgente-a-categoria\/","title":{"rendered":"Esclarecimento urgente \u00e0 categoria!"},"content":{"rendered":"\n<p>\n <em><br \/>\n  09\/06\/2014<br \/>\n <\/em>\n<\/p>\n<\/p>\n<p><p>\n  <i><br \/>\n   Prezado(a) Professor(a),<br \/>\n  <\/i><\/p>\n<p>\n   Temos conhecimento de que os(as) professores(as) v\u00eam recebendo em sua resid\u00eancia um jornal ap\u00f3crifo e que traz informes sobre as atividades do<br \/>\n   <b><br \/>\n    Sinpro-Rio<br \/>\n   <\/b><br \/>\n   e liga\u00e7\u00f5es em nome da entidade.<\/p>\n<p>\n    <b><br \/>\n     Tais medidas n\u00e3o representam o pensamento da Diretoria e n\u00e3o se configuram como medidas oficiais do Sindicato.<br \/>\n    <\/b><\/p>\n<p>\n     Esclarecemos ainda que n\u00e3o autorizamos nem liberamos uso do cadastro com informa\u00e7\u00f5es da categoria para terceiros, motivo pelo qual estamos averiguando as medidas cab\u00edveis para elucida\u00e7\u00e3o desta poss\u00edvel utiliza\u00e7\u00e3o irregular, que, se confirmada, constitui crime e responder\u00e1 por tais atos.<\/p>\n<p>\n      Por \u00faltimo, repudiamos a antecipa\u00e7\u00e3o do debate relativo \u00e0s elei\u00e7\u00f5es do<br \/>\n      <b><br \/>\n       Sinpro-Rio<br \/>\n      <\/b><br \/>\n      previsto para agosto, tendo em vista que ap\u00f3s as inscri\u00e7\u00f5es das chapas, o sindicato proporciona o envio de propaganda eleitoral em igual n\u00famero para todas as chapas. No momento, a grande maioria da Diretoria encontra-se voltada para as negocia\u00e7\u00f5es das Campanhas Salariais de 2014 e esse \u00e9 o nosso foco.<\/p>\n<p>\n       A Diretoria.\n      <\/p>\n<\/p>\n<\/p>\n<\/p>\n<p>\n <i><br \/>\n  Prezado(a) Professor(a),<br \/>\n <\/i><\/p>\n<p>\n  Temos conhecimento de que os(as) professores(as) v\u00eam recebendo em sua resid\u00eancia um jornal ap\u00f3crifo e que traz informes sobre as atividades do<br \/>\n  <b><br \/>\n   Sinpro-Rio<br \/>\n  <\/b><br \/>\n  e liga\u00e7\u00f5es em nome da entidade.<\/p>\n<p>\n   <b><br \/>\n    Tais medidas n\u00e3o representam o pensamento da Diretoria e n\u00e3o se configuram como medidas oficiais do Sindicato.<br \/>\n   <\/b><\/p>\n<p>\n    Esclarecemos ainda que n\u00e3o autorizamos nem liberamos uso do cadastro com informa\u00e7\u00f5es da categoria para terceiros, motivo pelo qual estamos averiguando as medidas cab\u00edveis para elucida\u00e7\u00e3o desta poss\u00edvel utiliza\u00e7\u00e3o irregular, que, se confirmada, constitui crime e responder\u00e1 por tais atos.<\/p>\n<p>\n     Por \u00faltimo, repudiamos a antecipa\u00e7\u00e3o do debate relativo \u00e0s elei\u00e7\u00f5es do<br \/>\n     <b><br \/>\n      Sinpro-Rio<br \/>\n     <\/b><br \/>\n     previsto para agosto, tendo em vista que ap\u00f3s as inscri\u00e7\u00f5es das chapas, o sindicato proporciona o envio de propaganda eleitoral em igual n\u00famero para todas as chapas. No momento, a grande maioria da Diretoria encontra-se voltada para as negocia\u00e7\u00f5es das Campanhas Salariais de 2014 e esse \u00e9 o nosso foco.<\/p>\n<p>\n      A Diretoria.\n     <\/p>\n<\/p>\n<\/p>\n<\/p>\n<p>\n Temos conhecimento de que os(as) professores(as) v\u00eam recebendo em sua resid\u00eancia um jornal ap\u00f3crifo e que traz informes sobre as atividades do<br \/>\n <b><br \/>\n  Sinpro-Rio<br \/>\n <\/b><br \/>\n e liga\u00e7\u00f5es em nome da entidade.<\/p>\n<p>\n  <b><br \/>\n   Tais medidas n\u00e3o representam o pensamento da Diretoria e n\u00e3o se configuram como medidas oficiais do Sindicato.<br \/>\n  <\/b><\/p>\n<p>\n   Esclarecemos ainda que n\u00e3o autorizamos nem liberamos uso do cadastro com informa\u00e7\u00f5es da categoria para terceiros, motivo pelo qual estamos averiguando as medidas cab\u00edveis para elucida\u00e7\u00e3o desta poss\u00edvel utiliza\u00e7\u00e3o irregular, que, se confirmada, constitui crime e responder\u00e1 por tais atos.<\/p>\n<p>\n    Por \u00faltimo, repudiamos a antecipa\u00e7\u00e3o do debate relativo \u00e0s elei\u00e7\u00f5es do<br \/>\n    <b><br \/>\n     Sinpro-Rio<br \/>\n    <\/b><br \/>\n    previsto para agosto, tendo em vista que ap\u00f3s as inscri\u00e7\u00f5es das chapas, o sindicato proporciona o envio de propaganda eleitoral em igual n\u00famero para todas as chapas. No momento, a grande maioria da Diretoria encontra-se voltada para as negocia\u00e7\u00f5es das Campanhas Salariais de 2014 e esse \u00e9 o nosso foco.<\/p>\n<p>\n     A Diretoria.\n    <\/p>\n<\/p>\n<\/p>\n<p>\n <b><br \/>\n  Tais medidas n\u00e3o representam o pensamento da Diretoria e n\u00e3o se configuram como medidas oficiais do Sindicato.<br \/>\n <\/b><\/p>\n<p>\n  Esclarecemos ainda que n\u00e3o autorizamos nem liberamos uso do cadastro com informa\u00e7\u00f5es da categoria para terceiros, motivo pelo qual estamos averiguando as medidas cab\u00edveis para elucida\u00e7\u00e3o desta poss\u00edvel utiliza\u00e7\u00e3o irregular, que, se confirmada, constitui crime e responder\u00e1 por tais atos.<\/p>\n<p>\n   Por \u00faltimo, repudiamos a antecipa\u00e7\u00e3o do debate relativo \u00e0s elei\u00e7\u00f5es do<br \/>\n   <b><br \/>\n    Sinpro-Rio<br \/>\n   <\/b><br \/>\n   previsto para agosto, tendo em vista que ap\u00f3s as inscri\u00e7\u00f5es das chapas, o sindicato proporciona o envio de propaganda eleitoral em igual n\u00famero para todas as chapas. No momento, a grande maioria da Diretoria encontra-se voltada para as negocia\u00e7\u00f5es das Campanhas Salariais de 2014 e esse \u00e9 o nosso foco.<\/p>\n<p>\n    A Diretoria.\n   <\/p>\n<\/p>\n<\/p>\n<p>\n Esclarecemos ainda que n\u00e3o autorizamos nem liberamos uso do cadastro com informa\u00e7\u00f5es da categoria para terceiros, motivo pelo qual estamos averiguando as medidas cab\u00edveis para elucida\u00e7\u00e3o desta poss\u00edvel utiliza\u00e7\u00e3o irregular, que, se confirmada, constitui crime e responder\u00e1 por tais atos.<\/p>\n<p>\n  Por \u00faltimo, repudiamos a antecipa\u00e7\u00e3o do debate relativo \u00e0s elei\u00e7\u00f5es do<br \/>\n  <b><br \/>\n   Sinpro-Rio<br \/>\n  <\/b><br \/>\n  previsto para agosto, tendo em vista que ap\u00f3s as inscri\u00e7\u00f5es das chapas, o sindicato proporciona o envio de propaganda eleitoral em igual n\u00famero para todas as chapas. No momento, a grande maioria da Diretoria encontra-se voltada para as negocia\u00e7\u00f5es das Campanhas Salariais de 2014 e esse \u00e9 o nosso foco.<\/p>\n<p>\n   A Diretoria.\n  <\/p>\n<\/p>\n<p>\n Por \u00faltimo, repudiamos a antecipa\u00e7\u00e3o do debate relativo \u00e0s elei\u00e7\u00f5es do<br \/>\n <b><br \/>\n  Sinpro-Rio<br \/>\n <\/b><br \/>\n previsto para agosto, tendo em vista que ap\u00f3s as inscri\u00e7\u00f5es das chapas, o sindicato proporciona o envio de propaganda eleitoral em igual n\u00famero para todas as chapas. No momento, a grande maioria da Diretoria encontra-se voltada para as negocia\u00e7\u00f5es das Campanhas Salariais de 2014 e esse \u00e9 o nosso foco.<\/p>\n<p>\n  A Diretoria.\n <\/p>\n<\/p>\n<p>\n A Diretoria.<\/p>\n","protected":false},"excerpt":{"rendered":"<p>09\/06\/2014 Prezado(a) Professor(a), Temos conhecimento de que os(as) professores(as) v\u00eam recebendo em sua resid\u00eancia um jornal ap\u00f3crifo e que traz informes sobre as atividades do Sinpro-Rio e liga\u00e7\u00f5es em nome da entidade. Tais medidas n\u00e3o representam o pensamento da Diretoria e n\u00e3o se configuram como medidas oficiais do Sindicato. Esclarecemos ainda que n\u00e3o autorizamos nem [&hellip;]<\/p>\n","protected":false},"author":1,"featured_media":0,"comment_status":"closed","ping_status":"open","sticky":false,"template":"","format":"standard","meta":{"footnotes":""},"categories":[1],"tags":[],"class_list":["post-20206","post","type-post","status-publish","format-standard","hentry","category-noticias"],"yoast_head":"<!-- This site is optimized with the Yoast SEO plugin v25.7 - https:\/\/yoast.com\/wordpress\/plugins\/seo\/ -->\n<title>Esclarecimento urgente \u00e0 categoria! - Sinpro-Rio<\/title>\n<meta name=\"robots\" content=\"index, follow, max-snippet:-1, max-image-preview:large, max-video-preview:-1\" \/>\n<link rel=\"canonical\" href=\"https:\/\/www.sinpro-rio.org.br\/principal\/esclarecimento-urgente-a-categoria\/\" \/>\n<meta property=\"og:locale\" content=\"pt_BR\" \/>\n<meta property=\"og:type\" content=\"article\" \/>\n<meta property=\"og:title\" content=\"Esclarecimento urgente \u00e0 categoria! - Sinpro-Rio\" \/>\n<meta property=\"og:description\" content=\"09\/06\/2014 Prezado(a) Professor(a), Temos conhecimento de que os(as) professores(as) v\u00eam recebendo em sua resid\u00eancia um jornal ap\u00f3crifo e que traz informes sobre as atividades do Sinpro-Rio e liga\u00e7\u00f5es em nome da entidade. Tais medidas n\u00e3o representam o pensamento da Diretoria e n\u00e3o se configuram como medidas oficiais do Sindicato. Esclarecemos ainda que n\u00e3o autorizamos nem [&hellip;]\" \/>\n<meta property=\"og:url\" content=\"https:\/\/www.sinpro-rio.org.br\/principal\/esclarecimento-urgente-a-categoria\/\" \/>\n<meta property=\"og:site_name\" content=\"Sinpro-Rio\" \/>\n<meta property=\"article:published_time\" content=\"2014-06-09T00:00:00+00:00\" \/>\n<meta name=\"author\" content=\"rafaelrjp\" \/>\n<meta name=\"twitter:card\" content=\"summary_large_image\" \/>\n<meta name=\"twitter:label1\" content=\"Escrito por\" \/>\n\t<meta name=\"twitter:data1\" content=\"rafaelrjp\" \/>\n\t<meta name=\"twitter:label2\" content=\"Est. tempo de leitura\" \/>\n\t<meta name=\"twitter:data2\" content=\"4 minutos\" \/>\n<script type=\"application\/ld+json\" class=\"yoast-schema-graph\">{\"@context\":\"https:\/\/schema.org\",\"@graph\":[{\"@type\":\"WebPage\",\"@id\":\"https:\/\/www.sinpro-rio.org.br\/principal\/esclarecimento-urgente-a-categoria\/\",\"url\":\"https:\/\/www.sinpro-rio.org.br\/principal\/esclarecimento-urgente-a-categoria\/\",\"name\":\"Esclarecimento urgente \u00e0 categoria! - Sinpro-Rio\",\"isPartOf\":{\"@id\":\"https:\/\/www.sinpro-rio.org.br\/principal\/#website\"},\"datePublished\":\"2014-06-09T00:00:00+00:00\",\"author\":{\"@id\":\"https:\/\/www.sinpro-rio.org.br\/principal\/#\/schema\/person\/49feb585a2f57a31a6bd9f16f78e5be6\"},\"breadcrumb\":{\"@id\":\"https:\/\/www.sinpro-rio.org.br\/principal\/esclarecimento-urgente-a-categoria\/#breadcrumb\"},\"inLanguage\":\"pt-BR\",\"potentialAction\":[{\"@type\":\"ReadAction\",\"target\":[\"https:\/\/www.sinpro-rio.org.br\/principal\/esclarecimento-urgente-a-categoria\/\"]}]},{\"@type\":\"BreadcrumbList\",\"@id\":\"https:\/\/www.sinpro-rio.org.br\/principal\/esclarecimento-urgente-a-categoria\/#breadcrumb\",\"itemListElement\":[{\"@type\":\"ListItem\",\"position\":1,\"name\":\"In\u00edcio\",\"item\":\"https:\/\/www.sinpro-rio.org.br\/principal\/\"},{\"@type\":\"ListItem\",\"position\":2,\"name\":\"Esclarecimento urgente \u00e0 categoria!\"}]},{\"@type\":\"WebSite\",\"@id\":\"https:\/\/www.sinpro-rio.org.br\/principal\/#website\",\"url\":\"https:\/\/www.sinpro-rio.org.br\/principal\/\",\"name\":\"Sinpro-Rio\",\"description\":\"Sindicato dos Professores do Munic\u00edpio do Rio de Janeiro e Regi\u00e3o\",\"potentialAction\":[{\"@type\":\"SearchAction\",\"target\":{\"@type\":\"EntryPoint\",\"urlTemplate\":\"https:\/\/www.sinpro-rio.org.br\/principal\/?s={search_term_string}\"},\"query-input\":{\"@type\":\"PropertyValueSpecification\",\"valueRequired\":true,\"valueName\":\"search_term_string\"}}],\"inLanguage\":\"pt-BR\"},{\"@type\":\"Person\",\"@id\":\"https:\/\/www.sinpro-rio.org.br\/principal\/#\/schema\/person\/49feb585a2f57a31a6bd9f16f78e5be6\",\"name\":\"rafaelrjp\",\"image\":{\"@type\":\"ImageObject\",\"inLanguage\":\"pt-BR\",\"@id\":\"https:\/\/www.sinpro-rio.org.br\/principal\/#\/schema\/person\/image\/\",\"url\":\"https:\/\/secure.gravatar.com\/avatar\/489371a0ba4655c340b519882c68cf68?s=96&d=mm&r=g\",\"contentUrl\":\"https:\/\/secure.gravatar.com\/avatar\/489371a0ba4655c340b519882c68cf68?s=96&d=mm&r=g\",\"caption\":\"rafaelrjp\"},\"url\":\"https:\/\/www.sinpro-rio.org.br\/principal\/author\/rafaelrjp\/\"}]}<\/script>\n<!-- \/ Yoast SEO plugin. -->","yoast_head_json":{"title":"Esclarecimento urgente \u00e0 categoria! - Sinpro-Rio","robots":{"index":"index","follow":"follow","max-snippet":"max-snippet:-1","max-image-preview":"max-image-preview:large","max-video-preview":"max-video-preview:-1"},"canonical":"https:\/\/www.sinpro-rio.org.br\/principal\/esclarecimento-urgente-a-categoria\/","og_locale":"pt_BR","og_type":"article","og_title":"Esclarecimento urgente \u00e0 categoria! - Sinpro-Rio","og_description":"09\/06\/2014 Prezado(a) Professor(a), Temos conhecimento de que os(as) professores(as) v\u00eam recebendo em sua resid\u00eancia um jornal ap\u00f3crifo e que traz informes sobre as atividades do Sinpro-Rio e liga\u00e7\u00f5es em nome da entidade. Tais medidas n\u00e3o representam o pensamento da Diretoria e n\u00e3o se configuram como medidas oficiais do Sindicato. Esclarecemos ainda que n\u00e3o autorizamos nem [&hellip;]","og_url":"https:\/\/www.sinpro-rio.org.br\/principal\/esclarecimento-urgente-a-categoria\/","og_site_name":"Sinpro-Rio","article_published_time":"2014-06-09T00:00:00+00:00","author":"rafaelrjp","twitter_card":"summary_large_image","twitter_misc":{"Escrito por":"rafaelrjp","Est. tempo de leitura":"4 minutos"},"schema":{"@context":"https:\/\/schema.org","@graph":[{"@type":"WebPage","@id":"https:\/\/www.sinpro-rio.org.br\/principal\/esclarecimento-urgente-a-categoria\/","url":"https:\/\/www.sinpro-rio.org.br\/principal\/esclarecimento-urgente-a-categoria\/","name":"Esclarecimento urgente \u00e0 categoria! - Sinpro-Rio","isPartOf":{"@id":"https:\/\/www.sinpro-rio.org.br\/principal\/#website"},"datePublished":"2014-06-09T00:00:00+00:00","author":{"@id":"https:\/\/www.sinpro-rio.org.br\/principal\/#\/schema\/person\/49feb585a2f57a31a6bd9f16f78e5be6"},"breadcrumb":{"@id":"https:\/\/www.sinpro-rio.org.br\/principal\/esclarecimento-urgente-a-categoria\/#breadcrumb"},"inLanguage":"pt-BR","potentialAction":[{"@type":"ReadAction","target":["https:\/\/www.sinpro-rio.org.br\/principal\/esclarecimento-urgente-a-categoria\/"]}]},{"@type":"BreadcrumbList","@id":"https:\/\/www.sinpro-rio.org.br\/principal\/esclarecimento-urgente-a-categoria\/#breadcrumb","itemListElement":[{"@type":"ListItem","position":1,"name":"In\u00edcio","item":"https:\/\/www.sinpro-rio.org.br\/principal\/"},{"@type":"ListItem","position":2,"name":"Esclarecimento urgente \u00e0 categoria!"}]},{"@type":"WebSite","@id":"https:\/\/www.sinpro-rio.org.br\/principal\/#website","url":"https:\/\/www.sinpro-rio.org.br\/principal\/","name":"Sinpro-Rio","description":"Sindicato dos Professores do Munic\u00edpio do Rio de Janeiro e Regi\u00e3o","potentialAction":[{"@type":"SearchAction","target":{"@type":"EntryPoint","urlTemplate":"https:\/\/www.sinpro-rio.org.br\/principal\/?s={search_term_string}"},"query-input":{"@type":"PropertyValueSpecification","valueRequired":true,"valueName":"search_term_string"}}],"inLanguage":"pt-BR"},{"@type":"Person","@id":"https:\/\/www.sinpro-rio.org.br\/principal\/#\/schema\/person\/49feb585a2f57a31a6bd9f16f78e5be6","name":"rafaelrjp","image":{"@type":"ImageObject","inLanguage":"pt-BR","@id":"https:\/\/www.sinpro-rio.org.br\/principal\/#\/schema\/person\/image\/","url":"https:\/\/secure.gravatar.com\/avatar\/489371a0ba4655c340b519882c68cf68?s=96&d=mm&r=g","contentUrl":"https:\/\/secure.gravatar.com\/avatar\/489371a0ba4655c340b519882c68cf68?s=96&d=mm&r=g","caption":"rafaelrjp"},"url":"https:\/\/www.sinpro-rio.org.br\/principal\/author\/rafaelrjp\/"}]}},"_links":{"self":[{"href":"https:\/\/www.sinpro-rio.org.br\/principal\/wp-json\/wp\/v2\/posts\/20206","targetHints":{"allow":["GET"]}}],"collection":[{"href":"https:\/\/www.sinpro-rio.org.br\/principal\/wp-json\/wp\/v2\/posts"}],"about":[{"href":"https:\/\/www.sinpro-rio.org.br\/principal\/wp-json\/wp\/v2\/types\/post"}],"author":[{"embeddable":true,"href":"https:\/\/www.sinpro-rio.org.br\/principal\/wp-json\/wp\/v2\/users\/1"}],"replies":[{"embeddable":true,"href":"https:\/\/www.sinpro-rio.org.br\/principal\/wp-json\/wp\/v2\/comments?post=20206"}],"version-history":[{"count":0,"href":"https:\/\/www.sinpro-rio.org.br\/principal\/wp-json\/wp\/v2\/posts\/20206\/revisions"}],"wp:attachment":[{"href":"https:\/\/www.sinpro-rio.org.br\/principal\/wp-json\/wp\/v2\/media?parent=20206"}],"wp:term":[{"taxonomy":"category","embeddable":true,"href":"https:\/\/www.sinpro-rio.org.br\/principal\/wp-json\/wp\/v2\/categories?post=20206"},{"taxonomy":"post_tag","embeddable":true,"href":"https:\/\/www.sinpro-rio.org.br\/principal\/wp-json\/wp\/v2\/tags?post=20206"}],"curies":[{"name":"wp","href":"https:\/\/api.w.org\/{rel}","templated":true}]}}