{"id":20199,"date":"2014-06-23T00:00:00","date_gmt":"2014-06-23T00:00:00","guid":{"rendered":""},"modified":"-0001-11-30T00:00:00","modified_gmt":"-0001-11-30T03:00:00","slug":"prefeito-amplia-feriado-do-dia-25-06-em-virtude-de-jogo-no-maracan","status":"publish","type":"post","link":"https:\/\/www.sinpro-rio.org.br\/principal\/prefeito-amplia-feriado-do-dia-25-06-em-virtude-de-jogo-no-maracan\/","title":{"rendered":"Prefeito amplia feriado do dia 25\/06 em virtude de jogo no Maracan\u00e3"},"content":{"rendered":"\n<p>\n <em><br \/>\n  23\/06\/2014<br \/>\n <\/em>\n<\/p>\n<p>\n O prefeito Eduardo Paes decidiu ampliar o feriado do dia 25 de junho, transformando-o em integral, atrav\u00e9s do Decreto n\u00ba 38.838, no Di\u00e1rio Oficial do Munic\u00edpio de hoje, 23 de junho de 2014.<\/p>\n<p>\n  Para ver a publica\u00e7\u00e3o, clique<br \/>\n  <a href=\"http:\/\/www.sinprorio.pro.br\/site_antigo\/download\/arquivos\/DO-p3.pdf\"><br \/>\n   aqui<br \/>\n  <\/a><br \/>\n  .\n <\/p>\n<\/p>\n<p>\n Para ver a publica\u00e7\u00e3o, clique<br \/>\n <a href=\"http:\/\/www.sinprorio.pro.br\/site_antigo\/download\/arquivos\/DO-p3.pdf\"><br \/>\n  aqui<br \/>\n <\/a><br \/>\n .<\/p>\n","protected":false},"excerpt":{"rendered":"<p>23\/06\/2014 O prefeito Eduardo Paes decidiu ampliar o feriado do dia 25 de junho, transformando-o em integral, atrav\u00e9s do Decreto n\u00ba 38.838, no Di\u00e1rio Oficial do Munic\u00edpio de hoje, 23 de junho de 2014. Para ver a publica\u00e7\u00e3o, clique aqui . Para ver a publica\u00e7\u00e3o, clique aqui .<\/p>\n","protected":false},"author":1,"featured_media":0,"comment_status":"closed","ping_status":"open","sticky":false,"template":"","format":"standard","meta":{"footnotes":""},"categories":[1],"tags":[],"class_list":["post-20199","post","type-post","status-publish","format-standard","hentry","category-noticias"],"yoast_head":"<!-- This site is optimized with the Yoast SEO plugin v25.7 - https:\/\/yoast.com\/wordpress\/plugins\/seo\/ -->\n<title>Prefeito amplia feriado do dia 25\/06 em virtude de jogo no Maracan\u00e3 - Sinpro-Rio<\/title>\n<meta name=\"robots\" content=\"index, follow, max-snippet:-1, max-image-preview:large, max-video-preview:-1\" \/>\n<link rel=\"canonical\" href=\"https:\/\/www.sinpro-rio.org.br\/principal\/prefeito-amplia-feriado-do-dia-25-06-em-virtude-de-jogo-no-maracan\/\" \/>\n<meta property=\"og:locale\" content=\"pt_BR\" \/>\n<meta property=\"og:type\" content=\"article\" \/>\n<meta property=\"og:title\" content=\"Prefeito amplia feriado do dia 25\/06 em virtude de jogo no Maracan\u00e3 - Sinpro-Rio\" \/>\n<meta property=\"og:description\" content=\"23\/06\/2014 O prefeito Eduardo Paes decidiu ampliar o feriado do dia 25 de junho, transformando-o em integral, atrav\u00e9s do Decreto n\u00ba 38.838, no Di\u00e1rio Oficial do Munic\u00edpio de hoje, 23 de junho de 2014. Para ver a publica\u00e7\u00e3o, clique aqui . Para ver a publica\u00e7\u00e3o, clique aqui .\" \/>\n<meta property=\"og:url\" content=\"https:\/\/www.sinpro-rio.org.br\/principal\/prefeito-amplia-feriado-do-dia-25-06-em-virtude-de-jogo-no-maracan\/\" \/>\n<meta property=\"og:site_name\" content=\"Sinpro-Rio\" \/>\n<meta property=\"article:published_time\" content=\"2014-06-23T00:00:00+00:00\" \/>\n<meta name=\"author\" content=\"rafaelrjp\" \/>\n<meta name=\"twitter:card\" content=\"summary_large_image\" \/>\n<meta name=\"twitter:label1\" content=\"Escrito por\" \/>\n\t<meta name=\"twitter:data1\" content=\"rafaelrjp\" \/>\n<script type=\"application\/ld+json\" class=\"yoast-schema-graph\">{\"@context\":\"https:\/\/schema.org\",\"@graph\":[{\"@type\":\"WebPage\",\"@id\":\"https:\/\/www.sinpro-rio.org.br\/principal\/prefeito-amplia-feriado-do-dia-25-06-em-virtude-de-jogo-no-maracan\/\",\"url\":\"https:\/\/www.sinpro-rio.org.br\/principal\/prefeito-amplia-feriado-do-dia-25-06-em-virtude-de-jogo-no-maracan\/\",\"name\":\"Prefeito amplia feriado do dia 25\/06 em virtude de jogo no Maracan\u00e3 - Sinpro-Rio\",\"isPartOf\":{\"@id\":\"https:\/\/www.sinpro-rio.org.br\/principal\/#website\"},\"datePublished\":\"2014-06-23T00:00:00+00:00\",\"author\":{\"@id\":\"https:\/\/www.sinpro-rio.org.br\/principal\/#\/schema\/person\/49feb585a2f57a31a6bd9f16f78e5be6\"},\"breadcrumb\":{\"@id\":\"https:\/\/www.sinpro-rio.org.br\/principal\/prefeito-amplia-feriado-do-dia-25-06-em-virtude-de-jogo-no-maracan\/#breadcrumb\"},\"inLanguage\":\"pt-BR\",\"potentialAction\":[{\"@type\":\"ReadAction\",\"target\":[\"https:\/\/www.sinpro-rio.org.br\/principal\/prefeito-amplia-feriado-do-dia-25-06-em-virtude-de-jogo-no-maracan\/\"]}]},{\"@type\":\"BreadcrumbList\",\"@id\":\"https:\/\/www.sinpro-rio.org.br\/principal\/prefeito-amplia-feriado-do-dia-25-06-em-virtude-de-jogo-no-maracan\/#breadcrumb\",\"itemListElement\":[{\"@type\":\"ListItem\",\"position\":1,\"name\":\"In\u00edcio\",\"item\":\"https:\/\/www.sinpro-rio.org.br\/principal\/\"},{\"@type\":\"ListItem\",\"position\":2,\"name\":\"Prefeito amplia feriado do dia 25\/06 em virtude de jogo no Maracan\u00e3\"}]},{\"@type\":\"WebSite\",\"@id\":\"https:\/\/www.sinpro-rio.org.br\/principal\/#website\",\"url\":\"https:\/\/www.sinpro-rio.org.br\/principal\/\",\"name\":\"Sinpro-Rio\",\"description\":\"Sindicato dos Professores do Munic\u00edpio do Rio de Janeiro e Regi\u00e3o\",\"potentialAction\":[{\"@type\":\"SearchAction\",\"target\":{\"@type\":\"EntryPoint\",\"urlTemplate\":\"https:\/\/www.sinpro-rio.org.br\/principal\/?s={search_term_string}\"},\"query-input\":{\"@type\":\"PropertyValueSpecification\",\"valueRequired\":true,\"valueName\":\"search_term_string\"}}],\"inLanguage\":\"pt-BR\"},{\"@type\":\"Person\",\"@id\":\"https:\/\/www.sinpro-rio.org.br\/principal\/#\/schema\/person\/49feb585a2f57a31a6bd9f16f78e5be6\",\"name\":\"rafaelrjp\",\"image\":{\"@type\":\"ImageObject\",\"inLanguage\":\"pt-BR\",\"@id\":\"https:\/\/www.sinpro-rio.org.br\/principal\/#\/schema\/person\/image\/\",\"url\":\"https:\/\/secure.gravatar.com\/avatar\/489371a0ba4655c340b519882c68cf68?s=96&d=mm&r=g\",\"contentUrl\":\"https:\/\/secure.gravatar.com\/avatar\/489371a0ba4655c340b519882c68cf68?s=96&d=mm&r=g\",\"caption\":\"rafaelrjp\"},\"url\":\"https:\/\/www.sinpro-rio.org.br\/principal\/author\/rafaelrjp\/\"}]}<\/script>\n<!-- \/ Yoast SEO plugin. -->","yoast_head_json":{"title":"Prefeito amplia feriado do dia 25\/06 em virtude de jogo no Maracan\u00e3 - Sinpro-Rio","robots":{"index":"index","follow":"follow","max-snippet":"max-snippet:-1","max-image-preview":"max-image-preview:large","max-video-preview":"max-video-preview:-1"},"canonical":"https:\/\/www.sinpro-rio.org.br\/principal\/prefeito-amplia-feriado-do-dia-25-06-em-virtude-de-jogo-no-maracan\/","og_locale":"pt_BR","og_type":"article","og_title":"Prefeito amplia feriado do dia 25\/06 em virtude de jogo no Maracan\u00e3 - Sinpro-Rio","og_description":"23\/06\/2014 O prefeito Eduardo Paes decidiu ampliar o feriado do dia 25 de junho, transformando-o em integral, atrav\u00e9s do Decreto n\u00ba 38.838, no Di\u00e1rio Oficial do Munic\u00edpio de hoje, 23 de junho de 2014. Para ver a publica\u00e7\u00e3o, clique aqui . Para ver a publica\u00e7\u00e3o, clique aqui .","og_url":"https:\/\/www.sinpro-rio.org.br\/principal\/prefeito-amplia-feriado-do-dia-25-06-em-virtude-de-jogo-no-maracan\/","og_site_name":"Sinpro-Rio","article_published_time":"2014-06-23T00:00:00+00:00","author":"rafaelrjp","twitter_card":"summary_large_image","twitter_misc":{"Escrito por":"rafaelrjp"},"schema":{"@context":"https:\/\/schema.org","@graph":[{"@type":"WebPage","@id":"https:\/\/www.sinpro-rio.org.br\/principal\/prefeito-amplia-feriado-do-dia-25-06-em-virtude-de-jogo-no-maracan\/","url":"https:\/\/www.sinpro-rio.org.br\/principal\/prefeito-amplia-feriado-do-dia-25-06-em-virtude-de-jogo-no-maracan\/","name":"Prefeito amplia feriado do dia 25\/06 em virtude de jogo no Maracan\u00e3 - Sinpro-Rio","isPartOf":{"@id":"https:\/\/www.sinpro-rio.org.br\/principal\/#website"},"datePublished":"2014-06-23T00:00:00+00:00","author":{"@id":"https:\/\/www.sinpro-rio.org.br\/principal\/#\/schema\/person\/49feb585a2f57a31a6bd9f16f78e5be6"},"breadcrumb":{"@id":"https:\/\/www.sinpro-rio.org.br\/principal\/prefeito-amplia-feriado-do-dia-25-06-em-virtude-de-jogo-no-maracan\/#breadcrumb"},"inLanguage":"pt-BR","potentialAction":[{"@type":"ReadAction","target":["https:\/\/www.sinpro-rio.org.br\/principal\/prefeito-amplia-feriado-do-dia-25-06-em-virtude-de-jogo-no-maracan\/"]}]},{"@type":"BreadcrumbList","@id":"https:\/\/www.sinpro-rio.org.br\/principal\/prefeito-amplia-feriado-do-dia-25-06-em-virtude-de-jogo-no-maracan\/#breadcrumb","itemListElement":[{"@type":"ListItem","position":1,"name":"In\u00edcio","item":"https:\/\/www.sinpro-rio.org.br\/principal\/"},{"@type":"ListItem","position":2,"name":"Prefeito amplia feriado do dia 25\/06 em virtude de jogo no Maracan\u00e3"}]},{"@type":"WebSite","@id":"https:\/\/www.sinpro-rio.org.br\/principal\/#website","url":"https:\/\/www.sinpro-rio.org.br\/principal\/","name":"Sinpro-Rio","description":"Sindicato dos Professores do Munic\u00edpio do Rio de Janeiro e Regi\u00e3o","potentialAction":[{"@type":"SearchAction","target":{"@type":"EntryPoint","urlTemplate":"https:\/\/www.sinpro-rio.org.br\/principal\/?s={search_term_string}"},"query-input":{"@type":"PropertyValueSpecification","valueRequired":true,"valueName":"search_term_string"}}],"inLanguage":"pt-BR"},{"@type":"Person","@id":"https:\/\/www.sinpro-rio.org.br\/principal\/#\/schema\/person\/49feb585a2f57a31a6bd9f16f78e5be6","name":"rafaelrjp","image":{"@type":"ImageObject","inLanguage":"pt-BR","@id":"https:\/\/www.sinpro-rio.org.br\/principal\/#\/schema\/person\/image\/","url":"https:\/\/secure.gravatar.com\/avatar\/489371a0ba4655c340b519882c68cf68?s=96&d=mm&r=g","contentUrl":"https:\/\/secure.gravatar.com\/avatar\/489371a0ba4655c340b519882c68cf68?s=96&d=mm&r=g","caption":"rafaelrjp"},"url":"https:\/\/www.sinpro-rio.org.br\/principal\/author\/rafaelrjp\/"}]}},"_links":{"self":[{"href":"https:\/\/www.sinpro-rio.org.br\/principal\/wp-json\/wp\/v2\/posts\/20199","targetHints":{"allow":["GET"]}}],"collection":[{"href":"https:\/\/www.sinpro-rio.org.br\/principal\/wp-json\/wp\/v2\/posts"}],"about":[{"href":"https:\/\/www.sinpro-rio.org.br\/principal\/wp-json\/wp\/v2\/types\/post"}],"author":[{"embeddable":true,"href":"https:\/\/www.sinpro-rio.org.br\/principal\/wp-json\/wp\/v2\/users\/1"}],"replies":[{"embeddable":true,"href":"https:\/\/www.sinpro-rio.org.br\/principal\/wp-json\/wp\/v2\/comments?post=20199"}],"version-history":[{"count":0,"href":"https:\/\/www.sinpro-rio.org.br\/principal\/wp-json\/wp\/v2\/posts\/20199\/revisions"}],"wp:attachment":[{"href":"https:\/\/www.sinpro-rio.org.br\/principal\/wp-json\/wp\/v2\/media?parent=20199"}],"wp:term":[{"taxonomy":"category","embeddable":true,"href":"https:\/\/www.sinpro-rio.org.br\/principal\/wp-json\/wp\/v2\/categories?post=20199"},{"taxonomy":"post_tag","embeddable":true,"href":"https:\/\/www.sinpro-rio.org.br\/principal\/wp-json\/wp\/v2\/tags?post=20199"}],"curies":[{"name":"wp","href":"https:\/\/api.w.org\/{rel}","templated":true}]}}