{"id":20188,"date":"2014-07-21T00:00:00","date_gmt":"2014-07-21T00:00:00","guid":{"rendered":""},"modified":"2023-07-07T14:49:37","modified_gmt":"2023-07-07T17:49:37","slug":"informes-da-campanha-salarial-da-educac-o-superior-em-defesa-da-convenc-o","status":"publish","type":"post","link":"https:\/\/www.sinpro-rio.org.br\/principal\/informes-da-campanha-salarial-da-educac-o-superior-em-defesa-da-convenc-o\/","title":{"rendered":"Informes da Campanha Salarial da Educa\u00e7\u00e3o Superior &#8211; Em defesa da Conven\u00e7\u00e3o"},"content":{"rendered":"\n<p>\n <em><br \/>\n  21\/07\/2014<br \/>\n <\/em>\n<\/p>\n<p>\n H\u00e1 dois anos, o Sinpro-Rio vem participando de exaustivas negocia\u00e7\u00f5es com o sindicato patronal com o objetivo de regular o Ensino a Dist\u00e2ncia, o Plano de Carreira Docente e a P\u00f3s-gradua\u00e7\u00e3o lato sensu. Na presente conjuntura de financeiriza\u00e7\u00e3o e do aumento crescente das pr\u00e1ticas especulativas do mercado no setor da Educa\u00e7\u00e3o Superior, temos realizado o esfor\u00e7o \u00e1rduo para preserva\u00e7\u00e3o da nossa Conven\u00e7\u00e3o Coletiva de Trabalho (CCT). \u00c9 importante destacar que a CCT constitui o patrim\u00f4nio jur\u00eddico da categoria com suas valiosas cl\u00e1usulas sociais e econ\u00f4micas.\n<\/p>\n<p>\n Importantes direitos do magist\u00e9rio da Educa\u00e7\u00e3o Superior &#8211; como a gratuidade de ensino, estabilidade pr\u00e9-aposentadoria e complementa\u00e7\u00e3o de aux\u00edlio-doen\u00e7a, e a fixa\u00e7\u00e3o do maior piso salarial do Brasil, entre outros &#8211; n\u00e3o podem ser perdidos. Cada vez mais esse enfrentamento tem se acirrado e, neste ano, nos deparamos com uma maior resist\u00eancia por parte do patronato em condicionar o reajuste da categoria com a aprova\u00e7\u00e3o de cl\u00e1usulas novas de EAD, o que vem provocando o adiamento do fechamento desse acordo com a preserva\u00e7\u00e3o da integralidade de suas cl\u00e1usulas.\n<\/p>\n<p>\n O Sinpro-Rio tem o compromisso expresso de defesa desse patrim\u00f4nio, e portanto, defendemos os princ\u00edpios j\u00e1 estabelecidos, como a separa\u00e7\u00e3o da EAD no ensino presencial daquela praticada integralmente a dist\u00e2ncia, bem como incorporar aos professores da P\u00f3s-gradua\u00e7\u00e3o os benef\u00edcios da nossa CCT, a saber repouso semanal remunerado, gratifica\u00e7\u00e3o por aprimoramento acad\u00eamico, adicional por tempo de servi\u00e7o, entre outros.\n<\/p>\n<p>\n Entretanto, n\u00e3o podemos pactuar com quaisquer outros que comprometam a integridade da CCT e\/ou n\u00e3o garantam as m\u00ednimas condi\u00e7\u00f5es de trabalho da categoria. Por estes fatores ainda n\u00e3o conclu\u00edmos os trabalhos na parit\u00e1ria, mas j\u00e1 temos alguns apontamentos, tais como um reajuste, com ganho real, retroativo a abril de 2014. Portanto, as negocia\u00e7\u00f5es continuam com serena responsabilidade, sem atropelos e\/ou oportunismos casu\u00edsticos.\n<\/p>\n<p>\n A Diretoria\n<\/p>\n<p>\n Clique na imagem abaixo e veja o novo Boletim do Professor\n<\/p>\n<p>\n <a href=\"http:\/\/www.sinprorio.pro.br\/site_antigo\/download\/boletim\/2014\/boletim_julho.pdf\" target=\"_blank\" rel=\"noopener\"><br \/>\n  <img fetchpriority=\"high\" decoding=\"async\" alt=\"\" height=\"848\" src=\"http:\/\/sinpro-rio.org.br\/news\/Imagens\/boletim.jpg\" width=\"500\"\/><br \/>\n <\/a><\/p>\n","protected":false},"excerpt":{"rendered":"<p>21\/07\/2014 H\u00e1 dois anos, o Sinpro-Rio vem participando de exaustivas negocia\u00e7\u00f5es com o sindicato patronal com o objetivo de regular o Ensino a Dist\u00e2ncia, o Plano de Carreira Docente e a P\u00f3s-gradua\u00e7\u00e3o lato sensu. Na presente conjuntura de financeiriza\u00e7\u00e3o e do aumento crescente das pr\u00e1ticas especulativas do mercado no setor da Educa\u00e7\u00e3o Superior, temos realizado [&hellip;]<\/p>\n","protected":false},"author":1,"featured_media":0,"comment_status":"closed","ping_status":"open","sticky":false,"template":"","format":"standard","meta":{"footnotes":""},"categories":[1],"tags":[619],"class_list":["post-20188","post","type-post","status-publish","format-standard","hentry","category-noticias","tag-convencao-coletiva"],"yoast_head":"<!-- This site is optimized with the Yoast SEO plugin v25.7 - https:\/\/yoast.com\/wordpress\/plugins\/seo\/ -->\n<title>Informes da Campanha Salarial da Educa\u00e7\u00e3o Superior - Em defesa da Conven\u00e7\u00e3o - Sinpro-Rio<\/title>\n<meta name=\"robots\" content=\"index, follow, max-snippet:-1, max-image-preview:large, max-video-preview:-1\" \/>\n<link rel=\"canonical\" href=\"https:\/\/www.sinpro-rio.org.br\/principal\/informes-da-campanha-salarial-da-educac-o-superior-em-defesa-da-convenc-o\/\" \/>\n<meta property=\"og:locale\" content=\"pt_BR\" \/>\n<meta property=\"og:type\" content=\"article\" \/>\n<meta property=\"og:title\" content=\"Informes da Campanha Salarial da Educa\u00e7\u00e3o Superior - Em defesa da Conven\u00e7\u00e3o - Sinpro-Rio\" \/>\n<meta property=\"og:description\" content=\"21\/07\/2014 H\u00e1 dois anos, o Sinpro-Rio vem participando de exaustivas negocia\u00e7\u00f5es com o sindicato patronal com o objetivo de regular o Ensino a Dist\u00e2ncia, o Plano de Carreira Docente e a P\u00f3s-gradua\u00e7\u00e3o lato sensu. Na presente conjuntura de financeiriza\u00e7\u00e3o e do aumento crescente das pr\u00e1ticas especulativas do mercado no setor da Educa\u00e7\u00e3o Superior, temos realizado [&hellip;]\" \/>\n<meta property=\"og:url\" content=\"https:\/\/www.sinpro-rio.org.br\/principal\/informes-da-campanha-salarial-da-educac-o-superior-em-defesa-da-convenc-o\/\" \/>\n<meta property=\"og:site_name\" content=\"Sinpro-Rio\" \/>\n<meta property=\"article:published_time\" content=\"2014-07-21T00:00:00+00:00\" \/>\n<meta property=\"article:modified_time\" content=\"2023-07-07T17:49:37+00:00\" \/>\n<meta property=\"og:image\" content=\"http:\/\/sinpro-rio.org.br\/news\/Imagens\/boletim.jpg\" \/>\n<meta name=\"author\" content=\"rafaelrjp\" \/>\n<meta name=\"twitter:card\" content=\"summary_large_image\" \/>\n<meta name=\"twitter:label1\" content=\"Escrito por\" \/>\n\t<meta name=\"twitter:data1\" content=\"rafaelrjp\" \/>\n\t<meta name=\"twitter:label2\" content=\"Est. tempo de leitura\" \/>\n\t<meta name=\"twitter:data2\" content=\"2 minutos\" \/>\n<script type=\"application\/ld+json\" class=\"yoast-schema-graph\">{\"@context\":\"https:\/\/schema.org\",\"@graph\":[{\"@type\":\"WebPage\",\"@id\":\"https:\/\/www.sinpro-rio.org.br\/principal\/informes-da-campanha-salarial-da-educac-o-superior-em-defesa-da-convenc-o\/\",\"url\":\"https:\/\/www.sinpro-rio.org.br\/principal\/informes-da-campanha-salarial-da-educac-o-superior-em-defesa-da-convenc-o\/\",\"name\":\"Informes da Campanha Salarial da Educa\u00e7\u00e3o Superior - Em defesa da Conven\u00e7\u00e3o - Sinpro-Rio\",\"isPartOf\":{\"@id\":\"https:\/\/www.sinpro-rio.org.br\/principal\/#website\"},\"primaryImageOfPage\":{\"@id\":\"https:\/\/www.sinpro-rio.org.br\/principal\/informes-da-campanha-salarial-da-educac-o-superior-em-defesa-da-convenc-o\/#primaryimage\"},\"image\":{\"@id\":\"https:\/\/www.sinpro-rio.org.br\/principal\/informes-da-campanha-salarial-da-educac-o-superior-em-defesa-da-convenc-o\/#primaryimage\"},\"thumbnailUrl\":\"http:\/\/sinpro-rio.org.br\/news\/Imagens\/boletim.jpg\",\"datePublished\":\"2014-07-21T00:00:00+00:00\",\"dateModified\":\"2023-07-07T17:49:37+00:00\",\"author\":{\"@id\":\"https:\/\/www.sinpro-rio.org.br\/principal\/#\/schema\/person\/49feb585a2f57a31a6bd9f16f78e5be6\"},\"breadcrumb\":{\"@id\":\"https:\/\/www.sinpro-rio.org.br\/principal\/informes-da-campanha-salarial-da-educac-o-superior-em-defesa-da-convenc-o\/#breadcrumb\"},\"inLanguage\":\"pt-BR\",\"potentialAction\":[{\"@type\":\"ReadAction\",\"target\":[\"https:\/\/www.sinpro-rio.org.br\/principal\/informes-da-campanha-salarial-da-educac-o-superior-em-defesa-da-convenc-o\/\"]}]},{\"@type\":\"ImageObject\",\"inLanguage\":\"pt-BR\",\"@id\":\"https:\/\/www.sinpro-rio.org.br\/principal\/informes-da-campanha-salarial-da-educac-o-superior-em-defesa-da-convenc-o\/#primaryimage\",\"url\":\"http:\/\/sinpro-rio.org.br\/news\/Imagens\/boletim.jpg\",\"contentUrl\":\"http:\/\/sinpro-rio.org.br\/news\/Imagens\/boletim.jpg\"},{\"@type\":\"BreadcrumbList\",\"@id\":\"https:\/\/www.sinpro-rio.org.br\/principal\/informes-da-campanha-salarial-da-educac-o-superior-em-defesa-da-convenc-o\/#breadcrumb\",\"itemListElement\":[{\"@type\":\"ListItem\",\"position\":1,\"name\":\"In\u00edcio\",\"item\":\"https:\/\/www.sinpro-rio.org.br\/principal\/\"},{\"@type\":\"ListItem\",\"position\":2,\"name\":\"Informes da Campanha Salarial da Educa\u00e7\u00e3o Superior &#8211; Em defesa da Conven\u00e7\u00e3o\"}]},{\"@type\":\"WebSite\",\"@id\":\"https:\/\/www.sinpro-rio.org.br\/principal\/#website\",\"url\":\"https:\/\/www.sinpro-rio.org.br\/principal\/\",\"name\":\"Sinpro-Rio\",\"description\":\"Sindicato dos Professores do Munic\u00edpio do Rio de Janeiro e Regi\u00e3o\",\"potentialAction\":[{\"@type\":\"SearchAction\",\"target\":{\"@type\":\"EntryPoint\",\"urlTemplate\":\"https:\/\/www.sinpro-rio.org.br\/principal\/?s={search_term_string}\"},\"query-input\":{\"@type\":\"PropertyValueSpecification\",\"valueRequired\":true,\"valueName\":\"search_term_string\"}}],\"inLanguage\":\"pt-BR\"},{\"@type\":\"Person\",\"@id\":\"https:\/\/www.sinpro-rio.org.br\/principal\/#\/schema\/person\/49feb585a2f57a31a6bd9f16f78e5be6\",\"name\":\"rafaelrjp\",\"image\":{\"@type\":\"ImageObject\",\"inLanguage\":\"pt-BR\",\"@id\":\"https:\/\/www.sinpro-rio.org.br\/principal\/#\/schema\/person\/image\/\",\"url\":\"https:\/\/secure.gravatar.com\/avatar\/489371a0ba4655c340b519882c68cf68?s=96&d=mm&r=g\",\"contentUrl\":\"https:\/\/secure.gravatar.com\/avatar\/489371a0ba4655c340b519882c68cf68?s=96&d=mm&r=g\",\"caption\":\"rafaelrjp\"},\"url\":\"https:\/\/www.sinpro-rio.org.br\/principal\/author\/rafaelrjp\/\"}]}<\/script>\n<!-- \/ Yoast SEO plugin. -->","yoast_head_json":{"title":"Informes da Campanha Salarial da Educa\u00e7\u00e3o Superior - Em defesa da Conven\u00e7\u00e3o - Sinpro-Rio","robots":{"index":"index","follow":"follow","max-snippet":"max-snippet:-1","max-image-preview":"max-image-preview:large","max-video-preview":"max-video-preview:-1"},"canonical":"https:\/\/www.sinpro-rio.org.br\/principal\/informes-da-campanha-salarial-da-educac-o-superior-em-defesa-da-convenc-o\/","og_locale":"pt_BR","og_type":"article","og_title":"Informes da Campanha Salarial da Educa\u00e7\u00e3o Superior - Em defesa da Conven\u00e7\u00e3o - Sinpro-Rio","og_description":"21\/07\/2014 H\u00e1 dois anos, o Sinpro-Rio vem participando de exaustivas negocia\u00e7\u00f5es com o sindicato patronal com o objetivo de regular o Ensino a Dist\u00e2ncia, o Plano de Carreira Docente e a P\u00f3s-gradua\u00e7\u00e3o lato sensu. Na presente conjuntura de financeiriza\u00e7\u00e3o e do aumento crescente das pr\u00e1ticas especulativas do mercado no setor da Educa\u00e7\u00e3o Superior, temos realizado [&hellip;]","og_url":"https:\/\/www.sinpro-rio.org.br\/principal\/informes-da-campanha-salarial-da-educac-o-superior-em-defesa-da-convenc-o\/","og_site_name":"Sinpro-Rio","article_published_time":"2014-07-21T00:00:00+00:00","article_modified_time":"2023-07-07T17:49:37+00:00","og_image":[{"url":"http:\/\/sinpro-rio.org.br\/news\/Imagens\/boletim.jpg","type":"","width":"","height":""}],"author":"rafaelrjp","twitter_card":"summary_large_image","twitter_misc":{"Escrito por":"rafaelrjp","Est. tempo de leitura":"2 minutos"},"schema":{"@context":"https:\/\/schema.org","@graph":[{"@type":"WebPage","@id":"https:\/\/www.sinpro-rio.org.br\/principal\/informes-da-campanha-salarial-da-educac-o-superior-em-defesa-da-convenc-o\/","url":"https:\/\/www.sinpro-rio.org.br\/principal\/informes-da-campanha-salarial-da-educac-o-superior-em-defesa-da-convenc-o\/","name":"Informes da Campanha Salarial da Educa\u00e7\u00e3o Superior - Em defesa da Conven\u00e7\u00e3o - Sinpro-Rio","isPartOf":{"@id":"https:\/\/www.sinpro-rio.org.br\/principal\/#website"},"primaryImageOfPage":{"@id":"https:\/\/www.sinpro-rio.org.br\/principal\/informes-da-campanha-salarial-da-educac-o-superior-em-defesa-da-convenc-o\/#primaryimage"},"image":{"@id":"https:\/\/www.sinpro-rio.org.br\/principal\/informes-da-campanha-salarial-da-educac-o-superior-em-defesa-da-convenc-o\/#primaryimage"},"thumbnailUrl":"http:\/\/sinpro-rio.org.br\/news\/Imagens\/boletim.jpg","datePublished":"2014-07-21T00:00:00+00:00","dateModified":"2023-07-07T17:49:37+00:00","author":{"@id":"https:\/\/www.sinpro-rio.org.br\/principal\/#\/schema\/person\/49feb585a2f57a31a6bd9f16f78e5be6"},"breadcrumb":{"@id":"https:\/\/www.sinpro-rio.org.br\/principal\/informes-da-campanha-salarial-da-educac-o-superior-em-defesa-da-convenc-o\/#breadcrumb"},"inLanguage":"pt-BR","potentialAction":[{"@type":"ReadAction","target":["https:\/\/www.sinpro-rio.org.br\/principal\/informes-da-campanha-salarial-da-educac-o-superior-em-defesa-da-convenc-o\/"]}]},{"@type":"ImageObject","inLanguage":"pt-BR","@id":"https:\/\/www.sinpro-rio.org.br\/principal\/informes-da-campanha-salarial-da-educac-o-superior-em-defesa-da-convenc-o\/#primaryimage","url":"http:\/\/sinpro-rio.org.br\/news\/Imagens\/boletim.jpg","contentUrl":"http:\/\/sinpro-rio.org.br\/news\/Imagens\/boletim.jpg"},{"@type":"BreadcrumbList","@id":"https:\/\/www.sinpro-rio.org.br\/principal\/informes-da-campanha-salarial-da-educac-o-superior-em-defesa-da-convenc-o\/#breadcrumb","itemListElement":[{"@type":"ListItem","position":1,"name":"In\u00edcio","item":"https:\/\/www.sinpro-rio.org.br\/principal\/"},{"@type":"ListItem","position":2,"name":"Informes da Campanha Salarial da Educa\u00e7\u00e3o Superior &#8211; Em defesa da Conven\u00e7\u00e3o"}]},{"@type":"WebSite","@id":"https:\/\/www.sinpro-rio.org.br\/principal\/#website","url":"https:\/\/www.sinpro-rio.org.br\/principal\/","name":"Sinpro-Rio","description":"Sindicato dos Professores do Munic\u00edpio do Rio de Janeiro e Regi\u00e3o","potentialAction":[{"@type":"SearchAction","target":{"@type":"EntryPoint","urlTemplate":"https:\/\/www.sinpro-rio.org.br\/principal\/?s={search_term_string}"},"query-input":{"@type":"PropertyValueSpecification","valueRequired":true,"valueName":"search_term_string"}}],"inLanguage":"pt-BR"},{"@type":"Person","@id":"https:\/\/www.sinpro-rio.org.br\/principal\/#\/schema\/person\/49feb585a2f57a31a6bd9f16f78e5be6","name":"rafaelrjp","image":{"@type":"ImageObject","inLanguage":"pt-BR","@id":"https:\/\/www.sinpro-rio.org.br\/principal\/#\/schema\/person\/image\/","url":"https:\/\/secure.gravatar.com\/avatar\/489371a0ba4655c340b519882c68cf68?s=96&d=mm&r=g","contentUrl":"https:\/\/secure.gravatar.com\/avatar\/489371a0ba4655c340b519882c68cf68?s=96&d=mm&r=g","caption":"rafaelrjp"},"url":"https:\/\/www.sinpro-rio.org.br\/principal\/author\/rafaelrjp\/"}]}},"_links":{"self":[{"href":"https:\/\/www.sinpro-rio.org.br\/principal\/wp-json\/wp\/v2\/posts\/20188","targetHints":{"allow":["GET"]}}],"collection":[{"href":"https:\/\/www.sinpro-rio.org.br\/principal\/wp-json\/wp\/v2\/posts"}],"about":[{"href":"https:\/\/www.sinpro-rio.org.br\/principal\/wp-json\/wp\/v2\/types\/post"}],"author":[{"embeddable":true,"href":"https:\/\/www.sinpro-rio.org.br\/principal\/wp-json\/wp\/v2\/users\/1"}],"replies":[{"embeddable":true,"href":"https:\/\/www.sinpro-rio.org.br\/principal\/wp-json\/wp\/v2\/comments?post=20188"}],"version-history":[{"count":1,"href":"https:\/\/www.sinpro-rio.org.br\/principal\/wp-json\/wp\/v2\/posts\/20188\/revisions"}],"predecessor-version":[{"id":36160,"href":"https:\/\/www.sinpro-rio.org.br\/principal\/wp-json\/wp\/v2\/posts\/20188\/revisions\/36160"}],"wp:attachment":[{"href":"https:\/\/www.sinpro-rio.org.br\/principal\/wp-json\/wp\/v2\/media?parent=20188"}],"wp:term":[{"taxonomy":"category","embeddable":true,"href":"https:\/\/www.sinpro-rio.org.br\/principal\/wp-json\/wp\/v2\/categories?post=20188"},{"taxonomy":"post_tag","embeddable":true,"href":"https:\/\/www.sinpro-rio.org.br\/principal\/wp-json\/wp\/v2\/tags?post=20188"}],"curies":[{"name":"wp","href":"https:\/\/api.w.org\/{rel}","templated":true}]}}