{"id":20187,"date":"2014-07-21T00:00:00","date_gmt":"2014-07-21T00:00:00","guid":{"rendered":""},"modified":"-0001-11-30T00:00:00","modified_gmt":"-0001-11-30T03:00:00","slug":"nota-de-pesar-jo-o-ubaldo-ribeiro","status":"publish","type":"post","link":"https:\/\/www.sinpro-rio.org.br\/principal\/nota-de-pesar-jo-o-ubaldo-ribeiro\/","title":{"rendered":"Nota de pesar: Jo\u00e3o Ubaldo Ribeiro"},"content":{"rendered":"\n<p>\n <em><br \/>\n  21\/07\/2014<br \/>\n <\/em>\n<\/p>\n<p>\n O Sinpro-Rio lamenta a morte do jornalista, escritor e acad\u00eamico brasileiro Jo\u00e3o Ubaldo Ribeiro, que faleceu aos 73 anos na \u00faltima sexta-feira, dia 18, v\u00edtima de embolia pulmonar.\n<\/p>\n<p>\n O escritor foi professor da Escola de Administra\u00e7\u00e3o e da Faculdade de Filosofia da Universidade Federal da Bahia e tamb\u00e9m professor da Escola de Administra\u00e7\u00e3o da Universidade Cat\u00f3lica de Salvador.\n<\/p>\n<p>\n Em sua trajet\u00f3ria, Jo\u00e3o Ubaldo, que foi o 7\u00ba ocupante da cadeira de n\u00famero 34 da Academia Brasileira de Letras, tamb\u00e9m foi ganhador do Pr\u00eamio Cam\u00f5es em 2008, o mais importante da literatura em l\u00edngua portuguesa. Ele \u00e9 autor de livros como \u201cSargento Get\u00falio\u201d, \u201cO sorriso dos lagartos\u201d, \u201cA casa dos budas ditosos\u201d e \u201cViva o povo brasileiro\u201d. Tamb\u00e9m ganhou dois pr\u00eamios Jabuti, da C\u00e2mara Brasileira do Livro, em 1972 como melhor autor e em 1984, e melhor romance do ano.\n<\/p>\n<p>\n Ubaldo trabalhou como colunista do jornal Frankfurter Rundschau, na Alemanha, e foi colaborador de diversos jornais e revistas no pa\u00eds e no exterior, entre os quais, al\u00e9m dos citados, Diet Zeit (Alemanha), The Times Literary Supplement (Inglaterra), O Jornal (Portugal), Jornal de Letras (Portugal), Folha de S.Paulo, O Globo, O Estado de S.Paulo, A Tarde e muitos outros.\n<\/p>\n<p>\n Jo\u00e3o Ubaldo deixa esposa e quatro filhos. Seu corpo foi velado na Academia Brasileira de Letras (ABL), no Sal\u00e3o dos Poetas Rom\u00e2nticos e sepultado no s\u00e1bado, dia 19, no Cemit\u00e9rio S\u00e3o Jo\u00e3o Batista, no Mausol\u00e9u dos Imortais da ABL.<\/p>\n","protected":false},"excerpt":{"rendered":"<p>21\/07\/2014 O Sinpro-Rio lamenta a morte do jornalista, escritor e acad\u00eamico brasileiro Jo\u00e3o Ubaldo Ribeiro, que faleceu aos 73 anos na \u00faltima sexta-feira, dia 18, v\u00edtima de embolia pulmonar. O escritor foi professor da Escola de Administra\u00e7\u00e3o e da Faculdade de Filosofia da Universidade Federal da Bahia e tamb\u00e9m professor da Escola de Administra\u00e7\u00e3o da [&hellip;]<\/p>\n","protected":false},"author":1,"featured_media":0,"comment_status":"closed","ping_status":"open","sticky":false,"template":"","format":"standard","meta":{"footnotes":""},"categories":[1],"tags":[],"class_list":["post-20187","post","type-post","status-publish","format-standard","hentry","category-noticias"],"yoast_head":"<!-- This site is optimized with the Yoast SEO plugin v25.7 - https:\/\/yoast.com\/wordpress\/plugins\/seo\/ -->\n<title>Nota de pesar: Jo\u00e3o Ubaldo Ribeiro - Sinpro-Rio<\/title>\n<meta name=\"robots\" content=\"index, follow, max-snippet:-1, max-image-preview:large, max-video-preview:-1\" \/>\n<link rel=\"canonical\" href=\"https:\/\/www.sinpro-rio.org.br\/principal\/nota-de-pesar-jo-o-ubaldo-ribeiro\/\" \/>\n<meta property=\"og:locale\" content=\"pt_BR\" \/>\n<meta property=\"og:type\" content=\"article\" \/>\n<meta property=\"og:title\" content=\"Nota de pesar: Jo\u00e3o Ubaldo Ribeiro - Sinpro-Rio\" \/>\n<meta property=\"og:description\" content=\"21\/07\/2014 O Sinpro-Rio lamenta a morte do jornalista, escritor e acad\u00eamico brasileiro Jo\u00e3o Ubaldo Ribeiro, que faleceu aos 73 anos na \u00faltima sexta-feira, dia 18, v\u00edtima de embolia pulmonar. O escritor foi professor da Escola de Administra\u00e7\u00e3o e da Faculdade de Filosofia da Universidade Federal da Bahia e tamb\u00e9m professor da Escola de Administra\u00e7\u00e3o da [&hellip;]\" \/>\n<meta property=\"og:url\" content=\"https:\/\/www.sinpro-rio.org.br\/principal\/nota-de-pesar-jo-o-ubaldo-ribeiro\/\" \/>\n<meta property=\"og:site_name\" content=\"Sinpro-Rio\" \/>\n<meta property=\"article:published_time\" content=\"2014-07-21T00:00:00+00:00\" \/>\n<meta name=\"author\" content=\"rafaelrjp\" \/>\n<meta name=\"twitter:card\" content=\"summary_large_image\" \/>\n<meta name=\"twitter:label1\" content=\"Escrito por\" \/>\n\t<meta name=\"twitter:data1\" content=\"rafaelrjp\" \/>\n\t<meta name=\"twitter:label2\" content=\"Est. tempo de leitura\" \/>\n\t<meta name=\"twitter:data2\" content=\"1 minuto\" \/>\n<script type=\"application\/ld+json\" class=\"yoast-schema-graph\">{\"@context\":\"https:\/\/schema.org\",\"@graph\":[{\"@type\":\"WebPage\",\"@id\":\"https:\/\/www.sinpro-rio.org.br\/principal\/nota-de-pesar-jo-o-ubaldo-ribeiro\/\",\"url\":\"https:\/\/www.sinpro-rio.org.br\/principal\/nota-de-pesar-jo-o-ubaldo-ribeiro\/\",\"name\":\"Nota de pesar: Jo\u00e3o Ubaldo Ribeiro - Sinpro-Rio\",\"isPartOf\":{\"@id\":\"https:\/\/www.sinpro-rio.org.br\/principal\/#website\"},\"datePublished\":\"2014-07-21T00:00:00+00:00\",\"author\":{\"@id\":\"https:\/\/www.sinpro-rio.org.br\/principal\/#\/schema\/person\/49feb585a2f57a31a6bd9f16f78e5be6\"},\"breadcrumb\":{\"@id\":\"https:\/\/www.sinpro-rio.org.br\/principal\/nota-de-pesar-jo-o-ubaldo-ribeiro\/#breadcrumb\"},\"inLanguage\":\"pt-BR\",\"potentialAction\":[{\"@type\":\"ReadAction\",\"target\":[\"https:\/\/www.sinpro-rio.org.br\/principal\/nota-de-pesar-jo-o-ubaldo-ribeiro\/\"]}]},{\"@type\":\"BreadcrumbList\",\"@id\":\"https:\/\/www.sinpro-rio.org.br\/principal\/nota-de-pesar-jo-o-ubaldo-ribeiro\/#breadcrumb\",\"itemListElement\":[{\"@type\":\"ListItem\",\"position\":1,\"name\":\"In\u00edcio\",\"item\":\"https:\/\/www.sinpro-rio.org.br\/principal\/\"},{\"@type\":\"ListItem\",\"position\":2,\"name\":\"Nota de pesar: Jo\u00e3o Ubaldo Ribeiro\"}]},{\"@type\":\"WebSite\",\"@id\":\"https:\/\/www.sinpro-rio.org.br\/principal\/#website\",\"url\":\"https:\/\/www.sinpro-rio.org.br\/principal\/\",\"name\":\"Sinpro-Rio\",\"description\":\"Sindicato dos Professores do Munic\u00edpio do Rio de Janeiro e Regi\u00e3o\",\"potentialAction\":[{\"@type\":\"SearchAction\",\"target\":{\"@type\":\"EntryPoint\",\"urlTemplate\":\"https:\/\/www.sinpro-rio.org.br\/principal\/?s={search_term_string}\"},\"query-input\":{\"@type\":\"PropertyValueSpecification\",\"valueRequired\":true,\"valueName\":\"search_term_string\"}}],\"inLanguage\":\"pt-BR\"},{\"@type\":\"Person\",\"@id\":\"https:\/\/www.sinpro-rio.org.br\/principal\/#\/schema\/person\/49feb585a2f57a31a6bd9f16f78e5be6\",\"name\":\"rafaelrjp\",\"image\":{\"@type\":\"ImageObject\",\"inLanguage\":\"pt-BR\",\"@id\":\"https:\/\/www.sinpro-rio.org.br\/principal\/#\/schema\/person\/image\/\",\"url\":\"https:\/\/secure.gravatar.com\/avatar\/489371a0ba4655c340b519882c68cf68?s=96&d=mm&r=g\",\"contentUrl\":\"https:\/\/secure.gravatar.com\/avatar\/489371a0ba4655c340b519882c68cf68?s=96&d=mm&r=g\",\"caption\":\"rafaelrjp\"},\"url\":\"https:\/\/www.sinpro-rio.org.br\/principal\/author\/rafaelrjp\/\"}]}<\/script>\n<!-- \/ Yoast SEO plugin. -->","yoast_head_json":{"title":"Nota de pesar: Jo\u00e3o Ubaldo Ribeiro - Sinpro-Rio","robots":{"index":"index","follow":"follow","max-snippet":"max-snippet:-1","max-image-preview":"max-image-preview:large","max-video-preview":"max-video-preview:-1"},"canonical":"https:\/\/www.sinpro-rio.org.br\/principal\/nota-de-pesar-jo-o-ubaldo-ribeiro\/","og_locale":"pt_BR","og_type":"article","og_title":"Nota de pesar: Jo\u00e3o Ubaldo Ribeiro - Sinpro-Rio","og_description":"21\/07\/2014 O Sinpro-Rio lamenta a morte do jornalista, escritor e acad\u00eamico brasileiro Jo\u00e3o Ubaldo Ribeiro, que faleceu aos 73 anos na \u00faltima sexta-feira, dia 18, v\u00edtima de embolia pulmonar. O escritor foi professor da Escola de Administra\u00e7\u00e3o e da Faculdade de Filosofia da Universidade Federal da Bahia e tamb\u00e9m professor da Escola de Administra\u00e7\u00e3o da [&hellip;]","og_url":"https:\/\/www.sinpro-rio.org.br\/principal\/nota-de-pesar-jo-o-ubaldo-ribeiro\/","og_site_name":"Sinpro-Rio","article_published_time":"2014-07-21T00:00:00+00:00","author":"rafaelrjp","twitter_card":"summary_large_image","twitter_misc":{"Escrito por":"rafaelrjp","Est. tempo de leitura":"1 minuto"},"schema":{"@context":"https:\/\/schema.org","@graph":[{"@type":"WebPage","@id":"https:\/\/www.sinpro-rio.org.br\/principal\/nota-de-pesar-jo-o-ubaldo-ribeiro\/","url":"https:\/\/www.sinpro-rio.org.br\/principal\/nota-de-pesar-jo-o-ubaldo-ribeiro\/","name":"Nota de pesar: Jo\u00e3o Ubaldo Ribeiro - Sinpro-Rio","isPartOf":{"@id":"https:\/\/www.sinpro-rio.org.br\/principal\/#website"},"datePublished":"2014-07-21T00:00:00+00:00","author":{"@id":"https:\/\/www.sinpro-rio.org.br\/principal\/#\/schema\/person\/49feb585a2f57a31a6bd9f16f78e5be6"},"breadcrumb":{"@id":"https:\/\/www.sinpro-rio.org.br\/principal\/nota-de-pesar-jo-o-ubaldo-ribeiro\/#breadcrumb"},"inLanguage":"pt-BR","potentialAction":[{"@type":"ReadAction","target":["https:\/\/www.sinpro-rio.org.br\/principal\/nota-de-pesar-jo-o-ubaldo-ribeiro\/"]}]},{"@type":"BreadcrumbList","@id":"https:\/\/www.sinpro-rio.org.br\/principal\/nota-de-pesar-jo-o-ubaldo-ribeiro\/#breadcrumb","itemListElement":[{"@type":"ListItem","position":1,"name":"In\u00edcio","item":"https:\/\/www.sinpro-rio.org.br\/principal\/"},{"@type":"ListItem","position":2,"name":"Nota de pesar: Jo\u00e3o Ubaldo Ribeiro"}]},{"@type":"WebSite","@id":"https:\/\/www.sinpro-rio.org.br\/principal\/#website","url":"https:\/\/www.sinpro-rio.org.br\/principal\/","name":"Sinpro-Rio","description":"Sindicato dos Professores do Munic\u00edpio do Rio de Janeiro e Regi\u00e3o","potentialAction":[{"@type":"SearchAction","target":{"@type":"EntryPoint","urlTemplate":"https:\/\/www.sinpro-rio.org.br\/principal\/?s={search_term_string}"},"query-input":{"@type":"PropertyValueSpecification","valueRequired":true,"valueName":"search_term_string"}}],"inLanguage":"pt-BR"},{"@type":"Person","@id":"https:\/\/www.sinpro-rio.org.br\/principal\/#\/schema\/person\/49feb585a2f57a31a6bd9f16f78e5be6","name":"rafaelrjp","image":{"@type":"ImageObject","inLanguage":"pt-BR","@id":"https:\/\/www.sinpro-rio.org.br\/principal\/#\/schema\/person\/image\/","url":"https:\/\/secure.gravatar.com\/avatar\/489371a0ba4655c340b519882c68cf68?s=96&d=mm&r=g","contentUrl":"https:\/\/secure.gravatar.com\/avatar\/489371a0ba4655c340b519882c68cf68?s=96&d=mm&r=g","caption":"rafaelrjp"},"url":"https:\/\/www.sinpro-rio.org.br\/principal\/author\/rafaelrjp\/"}]}},"_links":{"self":[{"href":"https:\/\/www.sinpro-rio.org.br\/principal\/wp-json\/wp\/v2\/posts\/20187","targetHints":{"allow":["GET"]}}],"collection":[{"href":"https:\/\/www.sinpro-rio.org.br\/principal\/wp-json\/wp\/v2\/posts"}],"about":[{"href":"https:\/\/www.sinpro-rio.org.br\/principal\/wp-json\/wp\/v2\/types\/post"}],"author":[{"embeddable":true,"href":"https:\/\/www.sinpro-rio.org.br\/principal\/wp-json\/wp\/v2\/users\/1"}],"replies":[{"embeddable":true,"href":"https:\/\/www.sinpro-rio.org.br\/principal\/wp-json\/wp\/v2\/comments?post=20187"}],"version-history":[{"count":0,"href":"https:\/\/www.sinpro-rio.org.br\/principal\/wp-json\/wp\/v2\/posts\/20187\/revisions"}],"wp:attachment":[{"href":"https:\/\/www.sinpro-rio.org.br\/principal\/wp-json\/wp\/v2\/media?parent=20187"}],"wp:term":[{"taxonomy":"category","embeddable":true,"href":"https:\/\/www.sinpro-rio.org.br\/principal\/wp-json\/wp\/v2\/categories?post=20187"},{"taxonomy":"post_tag","embeddable":true,"href":"https:\/\/www.sinpro-rio.org.br\/principal\/wp-json\/wp\/v2\/tags?post=20187"}],"curies":[{"name":"wp","href":"https:\/\/api.w.org\/{rel}","templated":true}]}}