{"id":20186,"date":"2014-07-21T00:00:00","date_gmt":"2014-07-21T00:00:00","guid":{"rendered":""},"modified":"-0001-11-30T00:00:00","modified_gmt":"-0001-11-30T03:00:00","slug":"nota-de-pesar-educador-rubem-alves","status":"publish","type":"post","link":"https:\/\/www.sinpro-rio.org.br\/principal\/nota-de-pesar-educador-rubem-alves\/","title":{"rendered":"Nota de pesar: educador Rubem Alves"},"content":{"rendered":"\n<p>\n <em><br \/>\n  21\/07\/2014<br \/>\n <\/em>\n<\/p>\n<p>\n O Sinpro-Rio lamenta a morte do escritor e educador brasileiro Rubem Alves, que faleceu na \u00faltimo s\u00e1bado, dia 19, aos 80 anos, por fal\u00eancia m\u00faltipla dos \u00f3rg\u00e3os.\n<\/p>\n<p>\n Rubem Alves, apaixonado pela Educa\u00e7\u00e3o, escreveu:<br \/>\n <i><br \/>\n  &#8220;Educar n\u00e3o \u00e9 ensinar matem\u00e1tica, f\u00edsica, qu\u00edmica, geografia, portugu\u00eas. Essas coisas podem ser aprendidas nos livros e nos computadores. Dispensam a presen\u00e7a do educador. Educar \u00e9 outra coisa. [&#8230;] A primeira tarefa da educa\u00e7\u00e3o \u00e9 ensinar a ver. [&#8230;] Quem v\u00ea bem nunca fica entediado com a vida. O educador aponta e sorri \u2013 e contempla os olhos do disc\u00edpulo. Quando seus olhos sorriem, ele se sente feliz. Est\u00e3o vendo a mesma coisa. Quando digo que minha paix\u00e3o \u00e9 a educa\u00e7\u00e3o estou dizendo que desejo ter a alegria de ver os olhos dos meus disc\u00edpulos, especialmente os olhos das crian\u00e7as&#8221;<br \/>\n <\/i><br \/>\n .\n<\/p>\n<p>\n Alves, um dos intelectuais mais respeitados do Brasil, publicou diversos textos em jornais e revistas do pa\u00eds e atuou como cronista, pedagogo, poeta, fil\u00f3sofo, contador de hist\u00f3rias, ensa\u00edsta, te\u00f3logo, acad\u00eamico, autor de livros infantis e at\u00e9 psicanalista.\n<\/p>\n<p>\n Em 1974 ingressou no Instituto de Filosofia da Universidade Estadual de Campinas (Unicamp), onde fez a maior parte da sua carreira acad\u00eamica at\u00e9 se aposentar no in\u00edcio da d\u00e9cada de 1990.\n<\/p>\n<p>\n Entre as obras infantis dele est\u00e3o &#8220;A volta do p\u00e1ssaro encantado&#8221; e &#8220;A pipa e a flor&#8221;. Alves escreveu tamb\u00e9m sobre teologia, filosofia, educa\u00e7\u00e3o, al\u00e9m de cr\u00f4nicas. \u00c9 autor de &#8220;Tempus fugit&#8221;, &#8220;O quarto do mist\u00e9rio&#8221;, &#8220;A alegria de ensinar&#8221;, &#8220;Por uma educa\u00e7\u00e3o rom\u00e2ntica&#8221; e &#8220;Filosofia da ci\u00eancia&#8221;, e diversos outros. Em 2009 ficou em 2\u00ba lugar do Pr\u00eamio Jabuti na categoria Contos e Cr\u00f4nicas, com o livro &#8220;Ostra Feliz N\u00e3o Faz P\u00e9rola&#8221;.\n<\/p>\n<p>\n Rubem Alves deixa esposa e tr\u00eas filhos. Seu foi velado na noite de s\u00e1bado na C\u00e2mara de Vereadores de Campinas, em S\u00e3o Paulo. O educador deixou carta, escrita h\u00e1 10 anos, para descrever como gostaria que fosse sua cerim\u00f4nia de morte, desejo que foi atendido pela fam\u00edlia e amigos.<\/p>\n","protected":false},"excerpt":{"rendered":"<p>21\/07\/2014 O Sinpro-Rio lamenta a morte do escritor e educador brasileiro Rubem Alves, que faleceu na \u00faltimo s\u00e1bado, dia 19, aos 80 anos, por fal\u00eancia m\u00faltipla dos \u00f3rg\u00e3os. Rubem Alves, apaixonado pela Educa\u00e7\u00e3o, escreveu: &#8220;Educar n\u00e3o \u00e9 ensinar matem\u00e1tica, f\u00edsica, qu\u00edmica, geografia, portugu\u00eas. Essas coisas podem ser aprendidas nos livros e nos computadores. Dispensam a [&hellip;]<\/p>\n","protected":false},"author":1,"featured_media":0,"comment_status":"closed","ping_status":"open","sticky":false,"template":"","format":"standard","meta":{"footnotes":""},"categories":[1],"tags":[],"class_list":["post-20186","post","type-post","status-publish","format-standard","hentry","category-noticias"],"yoast_head":"<!-- This site is optimized with the Yoast SEO plugin v25.7 - https:\/\/yoast.com\/wordpress\/plugins\/seo\/ -->\n<title>Nota de pesar: educador Rubem Alves - Sinpro-Rio<\/title>\n<meta name=\"robots\" content=\"index, follow, max-snippet:-1, max-image-preview:large, max-video-preview:-1\" \/>\n<link rel=\"canonical\" href=\"https:\/\/www.sinpro-rio.org.br\/principal\/nota-de-pesar-educador-rubem-alves\/\" \/>\n<meta property=\"og:locale\" content=\"pt_BR\" \/>\n<meta property=\"og:type\" content=\"article\" \/>\n<meta property=\"og:title\" content=\"Nota de pesar: educador Rubem Alves - Sinpro-Rio\" \/>\n<meta property=\"og:description\" content=\"21\/07\/2014 O Sinpro-Rio lamenta a morte do escritor e educador brasileiro Rubem Alves, que faleceu na \u00faltimo s\u00e1bado, dia 19, aos 80 anos, por fal\u00eancia m\u00faltipla dos \u00f3rg\u00e3os. Rubem Alves, apaixonado pela Educa\u00e7\u00e3o, escreveu: &#8220;Educar n\u00e3o \u00e9 ensinar matem\u00e1tica, f\u00edsica, qu\u00edmica, geografia, portugu\u00eas. Essas coisas podem ser aprendidas nos livros e nos computadores. Dispensam a [&hellip;]\" \/>\n<meta property=\"og:url\" content=\"https:\/\/www.sinpro-rio.org.br\/principal\/nota-de-pesar-educador-rubem-alves\/\" \/>\n<meta property=\"og:site_name\" content=\"Sinpro-Rio\" \/>\n<meta property=\"article:published_time\" content=\"2014-07-21T00:00:00+00:00\" \/>\n<meta name=\"author\" content=\"rafaelrjp\" \/>\n<meta name=\"twitter:card\" content=\"summary_large_image\" \/>\n<meta name=\"twitter:label1\" content=\"Escrito por\" \/>\n\t<meta name=\"twitter:data1\" content=\"rafaelrjp\" \/>\n\t<meta name=\"twitter:label2\" content=\"Est. tempo de leitura\" \/>\n\t<meta name=\"twitter:data2\" content=\"2 minutos\" \/>\n<script type=\"application\/ld+json\" class=\"yoast-schema-graph\">{\"@context\":\"https:\/\/schema.org\",\"@graph\":[{\"@type\":\"WebPage\",\"@id\":\"https:\/\/www.sinpro-rio.org.br\/principal\/nota-de-pesar-educador-rubem-alves\/\",\"url\":\"https:\/\/www.sinpro-rio.org.br\/principal\/nota-de-pesar-educador-rubem-alves\/\",\"name\":\"Nota de pesar: educador Rubem Alves - Sinpro-Rio\",\"isPartOf\":{\"@id\":\"https:\/\/www.sinpro-rio.org.br\/principal\/#website\"},\"datePublished\":\"2014-07-21T00:00:00+00:00\",\"author\":{\"@id\":\"https:\/\/www.sinpro-rio.org.br\/principal\/#\/schema\/person\/49feb585a2f57a31a6bd9f16f78e5be6\"},\"breadcrumb\":{\"@id\":\"https:\/\/www.sinpro-rio.org.br\/principal\/nota-de-pesar-educador-rubem-alves\/#breadcrumb\"},\"inLanguage\":\"pt-BR\",\"potentialAction\":[{\"@type\":\"ReadAction\",\"target\":[\"https:\/\/www.sinpro-rio.org.br\/principal\/nota-de-pesar-educador-rubem-alves\/\"]}]},{\"@type\":\"BreadcrumbList\",\"@id\":\"https:\/\/www.sinpro-rio.org.br\/principal\/nota-de-pesar-educador-rubem-alves\/#breadcrumb\",\"itemListElement\":[{\"@type\":\"ListItem\",\"position\":1,\"name\":\"In\u00edcio\",\"item\":\"https:\/\/www.sinpro-rio.org.br\/principal\/\"},{\"@type\":\"ListItem\",\"position\":2,\"name\":\"Nota de pesar: educador Rubem Alves\"}]},{\"@type\":\"WebSite\",\"@id\":\"https:\/\/www.sinpro-rio.org.br\/principal\/#website\",\"url\":\"https:\/\/www.sinpro-rio.org.br\/principal\/\",\"name\":\"Sinpro-Rio\",\"description\":\"Sindicato dos Professores do Munic\u00edpio do Rio de Janeiro e Regi\u00e3o\",\"potentialAction\":[{\"@type\":\"SearchAction\",\"target\":{\"@type\":\"EntryPoint\",\"urlTemplate\":\"https:\/\/www.sinpro-rio.org.br\/principal\/?s={search_term_string}\"},\"query-input\":{\"@type\":\"PropertyValueSpecification\",\"valueRequired\":true,\"valueName\":\"search_term_string\"}}],\"inLanguage\":\"pt-BR\"},{\"@type\":\"Person\",\"@id\":\"https:\/\/www.sinpro-rio.org.br\/principal\/#\/schema\/person\/49feb585a2f57a31a6bd9f16f78e5be6\",\"name\":\"rafaelrjp\",\"image\":{\"@type\":\"ImageObject\",\"inLanguage\":\"pt-BR\",\"@id\":\"https:\/\/www.sinpro-rio.org.br\/principal\/#\/schema\/person\/image\/\",\"url\":\"https:\/\/secure.gravatar.com\/avatar\/489371a0ba4655c340b519882c68cf68?s=96&d=mm&r=g\",\"contentUrl\":\"https:\/\/secure.gravatar.com\/avatar\/489371a0ba4655c340b519882c68cf68?s=96&d=mm&r=g\",\"caption\":\"rafaelrjp\"},\"url\":\"https:\/\/www.sinpro-rio.org.br\/principal\/author\/rafaelrjp\/\"}]}<\/script>\n<!-- \/ Yoast SEO plugin. -->","yoast_head_json":{"title":"Nota de pesar: educador Rubem Alves - Sinpro-Rio","robots":{"index":"index","follow":"follow","max-snippet":"max-snippet:-1","max-image-preview":"max-image-preview:large","max-video-preview":"max-video-preview:-1"},"canonical":"https:\/\/www.sinpro-rio.org.br\/principal\/nota-de-pesar-educador-rubem-alves\/","og_locale":"pt_BR","og_type":"article","og_title":"Nota de pesar: educador Rubem Alves - Sinpro-Rio","og_description":"21\/07\/2014 O Sinpro-Rio lamenta a morte do escritor e educador brasileiro Rubem Alves, que faleceu na \u00faltimo s\u00e1bado, dia 19, aos 80 anos, por fal\u00eancia m\u00faltipla dos \u00f3rg\u00e3os. Rubem Alves, apaixonado pela Educa\u00e7\u00e3o, escreveu: &#8220;Educar n\u00e3o \u00e9 ensinar matem\u00e1tica, f\u00edsica, qu\u00edmica, geografia, portugu\u00eas. Essas coisas podem ser aprendidas nos livros e nos computadores. Dispensam a [&hellip;]","og_url":"https:\/\/www.sinpro-rio.org.br\/principal\/nota-de-pesar-educador-rubem-alves\/","og_site_name":"Sinpro-Rio","article_published_time":"2014-07-21T00:00:00+00:00","author":"rafaelrjp","twitter_card":"summary_large_image","twitter_misc":{"Escrito por":"rafaelrjp","Est. tempo de leitura":"2 minutos"},"schema":{"@context":"https:\/\/schema.org","@graph":[{"@type":"WebPage","@id":"https:\/\/www.sinpro-rio.org.br\/principal\/nota-de-pesar-educador-rubem-alves\/","url":"https:\/\/www.sinpro-rio.org.br\/principal\/nota-de-pesar-educador-rubem-alves\/","name":"Nota de pesar: educador Rubem Alves - Sinpro-Rio","isPartOf":{"@id":"https:\/\/www.sinpro-rio.org.br\/principal\/#website"},"datePublished":"2014-07-21T00:00:00+00:00","author":{"@id":"https:\/\/www.sinpro-rio.org.br\/principal\/#\/schema\/person\/49feb585a2f57a31a6bd9f16f78e5be6"},"breadcrumb":{"@id":"https:\/\/www.sinpro-rio.org.br\/principal\/nota-de-pesar-educador-rubem-alves\/#breadcrumb"},"inLanguage":"pt-BR","potentialAction":[{"@type":"ReadAction","target":["https:\/\/www.sinpro-rio.org.br\/principal\/nota-de-pesar-educador-rubem-alves\/"]}]},{"@type":"BreadcrumbList","@id":"https:\/\/www.sinpro-rio.org.br\/principal\/nota-de-pesar-educador-rubem-alves\/#breadcrumb","itemListElement":[{"@type":"ListItem","position":1,"name":"In\u00edcio","item":"https:\/\/www.sinpro-rio.org.br\/principal\/"},{"@type":"ListItem","position":2,"name":"Nota de pesar: educador Rubem Alves"}]},{"@type":"WebSite","@id":"https:\/\/www.sinpro-rio.org.br\/principal\/#website","url":"https:\/\/www.sinpro-rio.org.br\/principal\/","name":"Sinpro-Rio","description":"Sindicato dos Professores do Munic\u00edpio do Rio de Janeiro e Regi\u00e3o","potentialAction":[{"@type":"SearchAction","target":{"@type":"EntryPoint","urlTemplate":"https:\/\/www.sinpro-rio.org.br\/principal\/?s={search_term_string}"},"query-input":{"@type":"PropertyValueSpecification","valueRequired":true,"valueName":"search_term_string"}}],"inLanguage":"pt-BR"},{"@type":"Person","@id":"https:\/\/www.sinpro-rio.org.br\/principal\/#\/schema\/person\/49feb585a2f57a31a6bd9f16f78e5be6","name":"rafaelrjp","image":{"@type":"ImageObject","inLanguage":"pt-BR","@id":"https:\/\/www.sinpro-rio.org.br\/principal\/#\/schema\/person\/image\/","url":"https:\/\/secure.gravatar.com\/avatar\/489371a0ba4655c340b519882c68cf68?s=96&d=mm&r=g","contentUrl":"https:\/\/secure.gravatar.com\/avatar\/489371a0ba4655c340b519882c68cf68?s=96&d=mm&r=g","caption":"rafaelrjp"},"url":"https:\/\/www.sinpro-rio.org.br\/principal\/author\/rafaelrjp\/"}]}},"_links":{"self":[{"href":"https:\/\/www.sinpro-rio.org.br\/principal\/wp-json\/wp\/v2\/posts\/20186","targetHints":{"allow":["GET"]}}],"collection":[{"href":"https:\/\/www.sinpro-rio.org.br\/principal\/wp-json\/wp\/v2\/posts"}],"about":[{"href":"https:\/\/www.sinpro-rio.org.br\/principal\/wp-json\/wp\/v2\/types\/post"}],"author":[{"embeddable":true,"href":"https:\/\/www.sinpro-rio.org.br\/principal\/wp-json\/wp\/v2\/users\/1"}],"replies":[{"embeddable":true,"href":"https:\/\/www.sinpro-rio.org.br\/principal\/wp-json\/wp\/v2\/comments?post=20186"}],"version-history":[{"count":0,"href":"https:\/\/www.sinpro-rio.org.br\/principal\/wp-json\/wp\/v2\/posts\/20186\/revisions"}],"wp:attachment":[{"href":"https:\/\/www.sinpro-rio.org.br\/principal\/wp-json\/wp\/v2\/media?parent=20186"}],"wp:term":[{"taxonomy":"category","embeddable":true,"href":"https:\/\/www.sinpro-rio.org.br\/principal\/wp-json\/wp\/v2\/categories?post=20186"},{"taxonomy":"post_tag","embeddable":true,"href":"https:\/\/www.sinpro-rio.org.br\/principal\/wp-json\/wp\/v2\/tags?post=20186"}],"curies":[{"name":"wp","href":"https:\/\/api.w.org\/{rel}","templated":true}]}}