{"id":20184,"date":"2014-07-22T00:00:00","date_gmt":"2014-07-22T00:00:00","guid":{"rendered":""},"modified":"-0001-11-30T00:00:00","modified_gmt":"-0001-11-30T03:00:00","slug":"moc-o-de-apoio-aos-profissionais-da-educac-o-do-rio-de-janeiro","status":"publish","type":"post","link":"https:\/\/www.sinpro-rio.org.br\/principal\/moc-o-de-apoio-aos-profissionais-da-educac-o-do-rio-de-janeiro\/","title":{"rendered":"Mo\u00e7\u00e3o de apoio aos profissionais da Educa\u00e7\u00e3o do Rio de Janeiro"},"content":{"rendered":"\n<p>\n <em><br \/>\n  22\/07\/2014<br \/>\n <\/em>\n<\/p>\n<p>\n De acordo com a CF, em seu artigo 9\u00ba, e a Lei n\u00b0 7.783\/1989, \u00e9 assegurado \u201co direito de greve, competindo aos trabalhadores decidir sobre a oportunidade de exerc\u00ea-lo\u201d. Portanto, esse \u00e9 um recurso leg\u00edtimo e legal do trabalhador, quando se v\u00ea frustrada, conforme defini\u00e7\u00e3o do art. 3\u00ba dessa mesma lei, \u201ca negocia\u00e7\u00e3o ou verificada a impossibilidade de recursos via arbitral\u201d. Nesse cen\u00e1rio, ao trabalhador \u201c\u00e9 facultada a cessa\u00e7\u00e3o coletiva do trabalho\u201d.\n<\/p>\n<p>\n Dessa forma, os profissionais da Educa\u00e7\u00e3o do Rio de Janeiro que realizaram a greve nos meses de maio e junho, a fizeram em pleno acordo com o direito assegurado na Constitui\u00e7\u00e3o e regulamentada pela lei acima citada. A luta, dirigida e liderada pelo Sepe-RJ, fundamenta-se em reivindica\u00e7\u00f5es justas, que n\u00e3o se limitam \u00e0 quest\u00e3o do aumento salarial, o que por si s\u00f3 j\u00e1 legitimaria o movimento, tendo em vista os sal\u00e1rios aviltados desses profissionais.\n<\/p>\n<p>\n Entre essas reivindica\u00e7\u00f5es, al\u00e9m do reajuste linear de 20%, com paridade para os aposentados, tamb\u00e9m pleiteiam um Plano de Carreira unificado, autonomia pedag\u00f3gica, 30 horas para os funcion\u00e1rios siteistrativos, elei\u00e7\u00e3o direta para diretores, equipara\u00e7\u00e3o salarial da categoria e reconhecimento do cargo de cozinheira. Em contrapartida, as respostas dos governos do Munic\u00edpio do Rio de Janeiro e do Estado, descompassadas com os interesses p\u00fablicos, e em conson\u00e2ncia com conservadorismo do pa\u00eds, utilizam-se da criminaliza\u00e7\u00e3o do movimento dos trabalhadores e a retalia\u00e7\u00e3o siteistrativa.\n<\/p>\n<p>\n Diante desses fatos, o Sinpro-Rio se solidariza com esses profissionais, e coloca-se ao dispor do Sepe-RJ, para, juntos, continuar a luta por uma Educa\u00e7\u00e3o P\u00fablica de qualidade, e repudiar a mercantiliza\u00e7\u00e3o da Educa\u00e7\u00e3o e a privatiza\u00e7\u00e3o indireta da rede p\u00fablica. Nesse sentido, solicitamos que estes governos reabram o di\u00e1logo com o sindicato da categoria, e suspendam as puni\u00e7\u00f5es com descontos dos dias parados, encerrem os inqu\u00e9ritos siteistrativos e retornem os professores as suas lota\u00e7\u00f5es de origem.\n<\/p>\n<p>\n Assim, o<br \/>\n <b><br \/>\n  Sinpro-Rio<br \/>\n <\/b><br \/>\n repudia veementemente a postura truculenta e autorit\u00e1ria dos governos estadual e municipal, a sua falta de compromisso com a Educa\u00e7\u00e3o, o que ofende, inclusive, o regime democr\u00e1tico no pa\u00eds e declara seu total apoio aos profissionais de educa\u00e7\u00e3o do Rio de Janeiro.\n<\/p>\n<p>\n <b><br \/>\n  A Diretoria<br \/>\n <\/b><\/p>\n","protected":false},"excerpt":{"rendered":"<p>22\/07\/2014 De acordo com a CF, em seu artigo 9\u00ba, e a Lei n\u00b0 7.783\/1989, \u00e9 assegurado \u201co direito de greve, competindo aos trabalhadores decidir sobre a oportunidade de exerc\u00ea-lo\u201d. Portanto, esse \u00e9 um recurso leg\u00edtimo e legal do trabalhador, quando se v\u00ea frustrada, conforme defini\u00e7\u00e3o do art. 3\u00ba dessa mesma lei, \u201ca negocia\u00e7\u00e3o ou [&hellip;]<\/p>\n","protected":false},"author":1,"featured_media":0,"comment_status":"closed","ping_status":"open","sticky":false,"template":"","format":"standard","meta":{"footnotes":""},"categories":[1],"tags":[],"class_list":["post-20184","post","type-post","status-publish","format-standard","hentry","category-noticias"],"yoast_head":"<!-- This site is optimized with the Yoast SEO plugin v25.7 - https:\/\/yoast.com\/wordpress\/plugins\/seo\/ -->\n<title>Mo\u00e7\u00e3o de apoio aos profissionais da Educa\u00e7\u00e3o do Rio de Janeiro - Sinpro-Rio<\/title>\n<meta name=\"robots\" content=\"index, follow, max-snippet:-1, max-image-preview:large, max-video-preview:-1\" \/>\n<link rel=\"canonical\" href=\"https:\/\/www.sinpro-rio.org.br\/principal\/moc-o-de-apoio-aos-profissionais-da-educac-o-do-rio-de-janeiro\/\" \/>\n<meta property=\"og:locale\" content=\"pt_BR\" \/>\n<meta property=\"og:type\" content=\"article\" \/>\n<meta property=\"og:title\" content=\"Mo\u00e7\u00e3o de apoio aos profissionais da Educa\u00e7\u00e3o do Rio de Janeiro - Sinpro-Rio\" \/>\n<meta property=\"og:description\" content=\"22\/07\/2014 De acordo com a CF, em seu artigo 9\u00ba, e a Lei n\u00b0 7.783\/1989, \u00e9 assegurado \u201co direito de greve, competindo aos trabalhadores decidir sobre a oportunidade de exerc\u00ea-lo\u201d. Portanto, esse \u00e9 um recurso leg\u00edtimo e legal do trabalhador, quando se v\u00ea frustrada, conforme defini\u00e7\u00e3o do art. 3\u00ba dessa mesma lei, \u201ca negocia\u00e7\u00e3o ou [&hellip;]\" \/>\n<meta property=\"og:url\" content=\"https:\/\/www.sinpro-rio.org.br\/principal\/moc-o-de-apoio-aos-profissionais-da-educac-o-do-rio-de-janeiro\/\" \/>\n<meta property=\"og:site_name\" content=\"Sinpro-Rio\" \/>\n<meta property=\"article:published_time\" content=\"2014-07-22T00:00:00+00:00\" \/>\n<meta name=\"author\" content=\"rafaelrjp\" \/>\n<meta name=\"twitter:card\" content=\"summary_large_image\" \/>\n<meta name=\"twitter:label1\" content=\"Escrito por\" \/>\n\t<meta name=\"twitter:data1\" content=\"rafaelrjp\" \/>\n\t<meta name=\"twitter:label2\" content=\"Est. tempo de leitura\" \/>\n\t<meta name=\"twitter:data2\" content=\"2 minutos\" \/>\n<script type=\"application\/ld+json\" class=\"yoast-schema-graph\">{\"@context\":\"https:\/\/schema.org\",\"@graph\":[{\"@type\":\"WebPage\",\"@id\":\"https:\/\/www.sinpro-rio.org.br\/principal\/moc-o-de-apoio-aos-profissionais-da-educac-o-do-rio-de-janeiro\/\",\"url\":\"https:\/\/www.sinpro-rio.org.br\/principal\/moc-o-de-apoio-aos-profissionais-da-educac-o-do-rio-de-janeiro\/\",\"name\":\"Mo\u00e7\u00e3o de apoio aos profissionais da Educa\u00e7\u00e3o do Rio de Janeiro - Sinpro-Rio\",\"isPartOf\":{\"@id\":\"https:\/\/www.sinpro-rio.org.br\/principal\/#website\"},\"datePublished\":\"2014-07-22T00:00:00+00:00\",\"author\":{\"@id\":\"https:\/\/www.sinpro-rio.org.br\/principal\/#\/schema\/person\/49feb585a2f57a31a6bd9f16f78e5be6\"},\"breadcrumb\":{\"@id\":\"https:\/\/www.sinpro-rio.org.br\/principal\/moc-o-de-apoio-aos-profissionais-da-educac-o-do-rio-de-janeiro\/#breadcrumb\"},\"inLanguage\":\"pt-BR\",\"potentialAction\":[{\"@type\":\"ReadAction\",\"target\":[\"https:\/\/www.sinpro-rio.org.br\/principal\/moc-o-de-apoio-aos-profissionais-da-educac-o-do-rio-de-janeiro\/\"]}]},{\"@type\":\"BreadcrumbList\",\"@id\":\"https:\/\/www.sinpro-rio.org.br\/principal\/moc-o-de-apoio-aos-profissionais-da-educac-o-do-rio-de-janeiro\/#breadcrumb\",\"itemListElement\":[{\"@type\":\"ListItem\",\"position\":1,\"name\":\"In\u00edcio\",\"item\":\"https:\/\/www.sinpro-rio.org.br\/principal\/\"},{\"@type\":\"ListItem\",\"position\":2,\"name\":\"Mo\u00e7\u00e3o de apoio aos profissionais da Educa\u00e7\u00e3o do Rio de Janeiro\"}]},{\"@type\":\"WebSite\",\"@id\":\"https:\/\/www.sinpro-rio.org.br\/principal\/#website\",\"url\":\"https:\/\/www.sinpro-rio.org.br\/principal\/\",\"name\":\"Sinpro-Rio\",\"description\":\"Sindicato dos Professores do Munic\u00edpio do Rio de Janeiro e Regi\u00e3o\",\"potentialAction\":[{\"@type\":\"SearchAction\",\"target\":{\"@type\":\"EntryPoint\",\"urlTemplate\":\"https:\/\/www.sinpro-rio.org.br\/principal\/?s={search_term_string}\"},\"query-input\":{\"@type\":\"PropertyValueSpecification\",\"valueRequired\":true,\"valueName\":\"search_term_string\"}}],\"inLanguage\":\"pt-BR\"},{\"@type\":\"Person\",\"@id\":\"https:\/\/www.sinpro-rio.org.br\/principal\/#\/schema\/person\/49feb585a2f57a31a6bd9f16f78e5be6\",\"name\":\"rafaelrjp\",\"image\":{\"@type\":\"ImageObject\",\"inLanguage\":\"pt-BR\",\"@id\":\"https:\/\/www.sinpro-rio.org.br\/principal\/#\/schema\/person\/image\/\",\"url\":\"https:\/\/secure.gravatar.com\/avatar\/489371a0ba4655c340b519882c68cf68?s=96&d=mm&r=g\",\"contentUrl\":\"https:\/\/secure.gravatar.com\/avatar\/489371a0ba4655c340b519882c68cf68?s=96&d=mm&r=g\",\"caption\":\"rafaelrjp\"},\"url\":\"https:\/\/www.sinpro-rio.org.br\/principal\/author\/rafaelrjp\/\"}]}<\/script>\n<!-- \/ Yoast SEO plugin. -->","yoast_head_json":{"title":"Mo\u00e7\u00e3o de apoio aos profissionais da Educa\u00e7\u00e3o do Rio de Janeiro - Sinpro-Rio","robots":{"index":"index","follow":"follow","max-snippet":"max-snippet:-1","max-image-preview":"max-image-preview:large","max-video-preview":"max-video-preview:-1"},"canonical":"https:\/\/www.sinpro-rio.org.br\/principal\/moc-o-de-apoio-aos-profissionais-da-educac-o-do-rio-de-janeiro\/","og_locale":"pt_BR","og_type":"article","og_title":"Mo\u00e7\u00e3o de apoio aos profissionais da Educa\u00e7\u00e3o do Rio de Janeiro - Sinpro-Rio","og_description":"22\/07\/2014 De acordo com a CF, em seu artigo 9\u00ba, e a Lei n\u00b0 7.783\/1989, \u00e9 assegurado \u201co direito de greve, competindo aos trabalhadores decidir sobre a oportunidade de exerc\u00ea-lo\u201d. Portanto, esse \u00e9 um recurso leg\u00edtimo e legal do trabalhador, quando se v\u00ea frustrada, conforme defini\u00e7\u00e3o do art. 3\u00ba dessa mesma lei, \u201ca negocia\u00e7\u00e3o ou [&hellip;]","og_url":"https:\/\/www.sinpro-rio.org.br\/principal\/moc-o-de-apoio-aos-profissionais-da-educac-o-do-rio-de-janeiro\/","og_site_name":"Sinpro-Rio","article_published_time":"2014-07-22T00:00:00+00:00","author":"rafaelrjp","twitter_card":"summary_large_image","twitter_misc":{"Escrito por":"rafaelrjp","Est. tempo de leitura":"2 minutos"},"schema":{"@context":"https:\/\/schema.org","@graph":[{"@type":"WebPage","@id":"https:\/\/www.sinpro-rio.org.br\/principal\/moc-o-de-apoio-aos-profissionais-da-educac-o-do-rio-de-janeiro\/","url":"https:\/\/www.sinpro-rio.org.br\/principal\/moc-o-de-apoio-aos-profissionais-da-educac-o-do-rio-de-janeiro\/","name":"Mo\u00e7\u00e3o de apoio aos profissionais da Educa\u00e7\u00e3o do Rio de Janeiro - Sinpro-Rio","isPartOf":{"@id":"https:\/\/www.sinpro-rio.org.br\/principal\/#website"},"datePublished":"2014-07-22T00:00:00+00:00","author":{"@id":"https:\/\/www.sinpro-rio.org.br\/principal\/#\/schema\/person\/49feb585a2f57a31a6bd9f16f78e5be6"},"breadcrumb":{"@id":"https:\/\/www.sinpro-rio.org.br\/principal\/moc-o-de-apoio-aos-profissionais-da-educac-o-do-rio-de-janeiro\/#breadcrumb"},"inLanguage":"pt-BR","potentialAction":[{"@type":"ReadAction","target":["https:\/\/www.sinpro-rio.org.br\/principal\/moc-o-de-apoio-aos-profissionais-da-educac-o-do-rio-de-janeiro\/"]}]},{"@type":"BreadcrumbList","@id":"https:\/\/www.sinpro-rio.org.br\/principal\/moc-o-de-apoio-aos-profissionais-da-educac-o-do-rio-de-janeiro\/#breadcrumb","itemListElement":[{"@type":"ListItem","position":1,"name":"In\u00edcio","item":"https:\/\/www.sinpro-rio.org.br\/principal\/"},{"@type":"ListItem","position":2,"name":"Mo\u00e7\u00e3o de apoio aos profissionais da Educa\u00e7\u00e3o do Rio de Janeiro"}]},{"@type":"WebSite","@id":"https:\/\/www.sinpro-rio.org.br\/principal\/#website","url":"https:\/\/www.sinpro-rio.org.br\/principal\/","name":"Sinpro-Rio","description":"Sindicato dos Professores do Munic\u00edpio do Rio de Janeiro e Regi\u00e3o","potentialAction":[{"@type":"SearchAction","target":{"@type":"EntryPoint","urlTemplate":"https:\/\/www.sinpro-rio.org.br\/principal\/?s={search_term_string}"},"query-input":{"@type":"PropertyValueSpecification","valueRequired":true,"valueName":"search_term_string"}}],"inLanguage":"pt-BR"},{"@type":"Person","@id":"https:\/\/www.sinpro-rio.org.br\/principal\/#\/schema\/person\/49feb585a2f57a31a6bd9f16f78e5be6","name":"rafaelrjp","image":{"@type":"ImageObject","inLanguage":"pt-BR","@id":"https:\/\/www.sinpro-rio.org.br\/principal\/#\/schema\/person\/image\/","url":"https:\/\/secure.gravatar.com\/avatar\/489371a0ba4655c340b519882c68cf68?s=96&d=mm&r=g","contentUrl":"https:\/\/secure.gravatar.com\/avatar\/489371a0ba4655c340b519882c68cf68?s=96&d=mm&r=g","caption":"rafaelrjp"},"url":"https:\/\/www.sinpro-rio.org.br\/principal\/author\/rafaelrjp\/"}]}},"_links":{"self":[{"href":"https:\/\/www.sinpro-rio.org.br\/principal\/wp-json\/wp\/v2\/posts\/20184","targetHints":{"allow":["GET"]}}],"collection":[{"href":"https:\/\/www.sinpro-rio.org.br\/principal\/wp-json\/wp\/v2\/posts"}],"about":[{"href":"https:\/\/www.sinpro-rio.org.br\/principal\/wp-json\/wp\/v2\/types\/post"}],"author":[{"embeddable":true,"href":"https:\/\/www.sinpro-rio.org.br\/principal\/wp-json\/wp\/v2\/users\/1"}],"replies":[{"embeddable":true,"href":"https:\/\/www.sinpro-rio.org.br\/principal\/wp-json\/wp\/v2\/comments?post=20184"}],"version-history":[{"count":0,"href":"https:\/\/www.sinpro-rio.org.br\/principal\/wp-json\/wp\/v2\/posts\/20184\/revisions"}],"wp:attachment":[{"href":"https:\/\/www.sinpro-rio.org.br\/principal\/wp-json\/wp\/v2\/media?parent=20184"}],"wp:term":[{"taxonomy":"category","embeddable":true,"href":"https:\/\/www.sinpro-rio.org.br\/principal\/wp-json\/wp\/v2\/categories?post=20184"},{"taxonomy":"post_tag","embeddable":true,"href":"https:\/\/www.sinpro-rio.org.br\/principal\/wp-json\/wp\/v2\/tags?post=20184"}],"curies":[{"name":"wp","href":"https:\/\/api.w.org\/{rel}","templated":true}]}}