{"id":20183,"date":"2014-07-23T00:00:00","date_gmt":"2014-07-23T00:00:00","guid":{"rendered":""},"modified":"-0001-11-30T00:00:00","modified_gmt":"-0001-11-30T03:00:00","slug":"sinpro-rio-consegue-por-meio-de-ac-o-coletiva-implantar-o-repouso-semanal-remunerado-no-salario-mensal-dos-professores-do-sintufrj","status":"publish","type":"post","link":"https:\/\/www.sinpro-rio.org.br\/principal\/sinpro-rio-consegue-por-meio-de-ac-o-coletiva-implantar-o-repouso-semanal-remunerado-no-salario-mensal-dos-professores-do-sintufrj\/","title":{"rendered":"Sinpro-Rio consegue, por meio de A\u00e7\u00e3o Coletiva, implantar o Repouso Semanal Remunerado no sal\u00e1rio mensal dos professores do SINTUFRJ"},"content":{"rendered":"\n<p>\n <em><br \/>\n  23\/07\/2014<br \/>\n <\/em>\n<\/p>\n<p>\n O<br \/>\n <b><br \/>\n  Sinpro-Rio<br \/>\n <\/b><br \/>\n ajuizou, em julho de 2009, A\u00e7\u00e3o Coletiva em face do SINTUFRJ, pretendendo a condena\u00e7\u00e3o da institui\u00e7\u00e3o ao pagamento do repouso semanal remunerado.\n<\/p>\n<p>\n O repouso semanal remunerado \u00e9 devido a todos os professores, j\u00e1 estando pacificado esse direito, conforme pactuado nas in\u00fameras Conven\u00e7\u00f5es Coletivas firmadas pelo<br \/>\n <b><br \/>\n  Sinpro-Rio<br \/>\n <\/b><br \/>\n , bem como por conta das in\u00fameras decis\u00f5es a respeito da mat\u00e9ria.\n<\/p>\n<p>\n Embora seja pac\u00edfico o entendimento no sentido de que a parcela \u00e9 devida, o SINTUFRJ, de forma inexplic\u00e1vel, NUNCA pagou aos seus professores.\n<\/p>\n<p>\n O mais grave: ap\u00f3s o ajuizamento da A\u00e7\u00e3o, o SINTUFRJ resistiu \u00e0 pretens\u00e3o formulada pelo<br \/>\n <b><br \/>\n  Sinpro-Rio<br \/>\n <\/b><br \/>\n , sustentando que a verba n\u00e3o \u00e9 devida aos professores, uma vez que concede outros benef\u00edcios que, no entendimento da institui\u00e7\u00e3o, s\u00e3o mais vantajosos.\n<\/p>\n<p>\n A alega\u00e7\u00e3o do SINTURJ n\u00e3o foi acolhida, tendo a Ju\u00edza da 5a Vara do Trabalho condenado ao pagamento do repouso semanal remunerado. Vale transcrever o seguinte trecho da decis\u00e3o:\n<\/p>\n<p style=\"padding-left: 70px;\">\n <i><br \/>\n  \u201cNem se diga que o referido contrato \u00e9 mais ben\u00e9fico, porquanto n\u00e3o trata especificadamente do repouso semanal remunerado dos professores. Outrossim, os outros benef\u00edcios, arrolados \u00e0s fls. 85, que superariam os valores do descanso hebdomad\u00e1rio com ele n\u00e3o se confundem, nem o afastam. Em verdade, causa esp\u00e9cie ao ju\u00edzo que o r\u00e9u, sindicato de trabalhadores, sustente tal tese em detrimento daquilo que luta em prol de seus associados.<br \/>\n  <br \/>\n  <u><br \/>\n   Deveria, mesmo, envergonhar-se de fundamentar sua conduta em teses repudiadas pelo direito e, principalmente, pelas entidades sindicais. Casa de ferreiro, espeto de pau!?<br \/>\n  <\/u><br \/>\n  (grifamos)\u201d<br \/>\n <\/i>\n<\/p>\n<p>\n O SINTUFRJ interp\u00f4s todos os recursos poss\u00edveis, que foram sempre negados. Ap\u00f3s a \u00faltima decis\u00e3o proferida no processo, o<br \/>\n <b><br \/>\n  Sinpro-Rio<br \/>\n <\/b><br \/>\n iniciou a fase de execu\u00e7\u00e3o e requereu a imediata inclus\u00e3o do repouso semanal remunerado nos sal\u00e1rios dos professores, o que foi deferido pela Ju\u00edza.\n<\/p>\n<p>\n A institui\u00e7\u00e3o foi intimada para cumprir a decis\u00e3o, sob pena de multa, tendo, finalmente, inclu\u00eddo na folha salarial do m\u00eas de maio\/2014.\n<\/p>\n<p>\n Contudo, o processo<br \/>\n <b><br \/>\n  n\u00e3o acabou<br \/>\n <\/b><br \/>\n .\n<\/p>\n<p>\n O<br \/>\n <b><br \/>\n  Sinpro-Rio<br \/>\n <\/b><br \/>\n vai executar, agora, o repouso semanal remunerado do per\u00edodo compreendido entre julho de 2004 a maio\/2014. Ou seja,<br \/>\n <b><br \/>\n  dez anos de repouso semanal remunerado que n\u00e3o foram quitados pela institui\u00e7\u00e3o.<br \/>\n <\/b>\n<\/p>\n<p>\n Mais uma vit\u00f3ria do Sindicato e da categoria.<\/p>\n","protected":false},"excerpt":{"rendered":"<p>23\/07\/2014 O Sinpro-Rio ajuizou, em julho de 2009, A\u00e7\u00e3o Coletiva em face do SINTUFRJ, pretendendo a condena\u00e7\u00e3o da institui\u00e7\u00e3o ao pagamento do repouso semanal remunerado. O repouso semanal remunerado \u00e9 devido a todos os professores, j\u00e1 estando pacificado esse direito, conforme pactuado nas in\u00fameras Conven\u00e7\u00f5es Coletivas firmadas pelo Sinpro-Rio , bem como por conta das [&hellip;]<\/p>\n","protected":false},"author":1,"featured_media":0,"comment_status":"closed","ping_status":"open","sticky":false,"template":"","format":"standard","meta":{"footnotes":""},"categories":[1],"tags":[],"class_list":["post-20183","post","type-post","status-publish","format-standard","hentry","category-noticias"],"yoast_head":"<!-- This site is optimized with the Yoast SEO plugin v25.7 - https:\/\/yoast.com\/wordpress\/plugins\/seo\/ -->\n<title>Sinpro-Rio consegue, por meio de A\u00e7\u00e3o Coletiva, implantar o Repouso Semanal Remunerado no sal\u00e1rio mensal dos professores do SINTUFRJ - Sinpro-Rio<\/title>\n<meta name=\"robots\" content=\"index, follow, max-snippet:-1, max-image-preview:large, max-video-preview:-1\" \/>\n<link rel=\"canonical\" href=\"https:\/\/www.sinpro-rio.org.br\/principal\/sinpro-rio-consegue-por-meio-de-ac-o-coletiva-implantar-o-repouso-semanal-remunerado-no-salario-mensal-dos-professores-do-sintufrj\/\" \/>\n<meta property=\"og:locale\" content=\"pt_BR\" \/>\n<meta property=\"og:type\" content=\"article\" \/>\n<meta property=\"og:title\" content=\"Sinpro-Rio consegue, por meio de A\u00e7\u00e3o Coletiva, implantar o Repouso Semanal Remunerado no sal\u00e1rio mensal dos professores do SINTUFRJ - Sinpro-Rio\" \/>\n<meta property=\"og:description\" content=\"23\/07\/2014 O Sinpro-Rio ajuizou, em julho de 2009, A\u00e7\u00e3o Coletiva em face do SINTUFRJ, pretendendo a condena\u00e7\u00e3o da institui\u00e7\u00e3o ao pagamento do repouso semanal remunerado. O repouso semanal remunerado \u00e9 devido a todos os professores, j\u00e1 estando pacificado esse direito, conforme pactuado nas in\u00fameras Conven\u00e7\u00f5es Coletivas firmadas pelo Sinpro-Rio , bem como por conta das [&hellip;]\" \/>\n<meta property=\"og:url\" content=\"https:\/\/www.sinpro-rio.org.br\/principal\/sinpro-rio-consegue-por-meio-de-ac-o-coletiva-implantar-o-repouso-semanal-remunerado-no-salario-mensal-dos-professores-do-sintufrj\/\" \/>\n<meta property=\"og:site_name\" content=\"Sinpro-Rio\" \/>\n<meta property=\"article:published_time\" content=\"2014-07-23T00:00:00+00:00\" \/>\n<meta name=\"author\" content=\"rafaelrjp\" \/>\n<meta name=\"twitter:card\" content=\"summary_large_image\" \/>\n<meta name=\"twitter:label1\" content=\"Escrito por\" \/>\n\t<meta name=\"twitter:data1\" content=\"rafaelrjp\" \/>\n\t<meta name=\"twitter:label2\" content=\"Est. tempo de leitura\" \/>\n\t<meta name=\"twitter:data2\" content=\"2 minutos\" \/>\n<script type=\"application\/ld+json\" class=\"yoast-schema-graph\">{\"@context\":\"https:\/\/schema.org\",\"@graph\":[{\"@type\":\"WebPage\",\"@id\":\"https:\/\/www.sinpro-rio.org.br\/principal\/sinpro-rio-consegue-por-meio-de-ac-o-coletiva-implantar-o-repouso-semanal-remunerado-no-salario-mensal-dos-professores-do-sintufrj\/\",\"url\":\"https:\/\/www.sinpro-rio.org.br\/principal\/sinpro-rio-consegue-por-meio-de-ac-o-coletiva-implantar-o-repouso-semanal-remunerado-no-salario-mensal-dos-professores-do-sintufrj\/\",\"name\":\"Sinpro-Rio consegue, por meio de A\u00e7\u00e3o Coletiva, implantar o Repouso Semanal Remunerado no sal\u00e1rio mensal dos professores do SINTUFRJ - Sinpro-Rio\",\"isPartOf\":{\"@id\":\"https:\/\/www.sinpro-rio.org.br\/principal\/#website\"},\"datePublished\":\"2014-07-23T00:00:00+00:00\",\"author\":{\"@id\":\"https:\/\/www.sinpro-rio.org.br\/principal\/#\/schema\/person\/49feb585a2f57a31a6bd9f16f78e5be6\"},\"breadcrumb\":{\"@id\":\"https:\/\/www.sinpro-rio.org.br\/principal\/sinpro-rio-consegue-por-meio-de-ac-o-coletiva-implantar-o-repouso-semanal-remunerado-no-salario-mensal-dos-professores-do-sintufrj\/#breadcrumb\"},\"inLanguage\":\"pt-BR\",\"potentialAction\":[{\"@type\":\"ReadAction\",\"target\":[\"https:\/\/www.sinpro-rio.org.br\/principal\/sinpro-rio-consegue-por-meio-de-ac-o-coletiva-implantar-o-repouso-semanal-remunerado-no-salario-mensal-dos-professores-do-sintufrj\/\"]}]},{\"@type\":\"BreadcrumbList\",\"@id\":\"https:\/\/www.sinpro-rio.org.br\/principal\/sinpro-rio-consegue-por-meio-de-ac-o-coletiva-implantar-o-repouso-semanal-remunerado-no-salario-mensal-dos-professores-do-sintufrj\/#breadcrumb\",\"itemListElement\":[{\"@type\":\"ListItem\",\"position\":1,\"name\":\"In\u00edcio\",\"item\":\"https:\/\/www.sinpro-rio.org.br\/principal\/\"},{\"@type\":\"ListItem\",\"position\":2,\"name\":\"Sinpro-Rio consegue, por meio de A\u00e7\u00e3o Coletiva, implantar o Repouso Semanal Remunerado no sal\u00e1rio mensal dos professores do SINTUFRJ\"}]},{\"@type\":\"WebSite\",\"@id\":\"https:\/\/www.sinpro-rio.org.br\/principal\/#website\",\"url\":\"https:\/\/www.sinpro-rio.org.br\/principal\/\",\"name\":\"Sinpro-Rio\",\"description\":\"Sindicato dos Professores do Munic\u00edpio do Rio de Janeiro e Regi\u00e3o\",\"potentialAction\":[{\"@type\":\"SearchAction\",\"target\":{\"@type\":\"EntryPoint\",\"urlTemplate\":\"https:\/\/www.sinpro-rio.org.br\/principal\/?s={search_term_string}\"},\"query-input\":{\"@type\":\"PropertyValueSpecification\",\"valueRequired\":true,\"valueName\":\"search_term_string\"}}],\"inLanguage\":\"pt-BR\"},{\"@type\":\"Person\",\"@id\":\"https:\/\/www.sinpro-rio.org.br\/principal\/#\/schema\/person\/49feb585a2f57a31a6bd9f16f78e5be6\",\"name\":\"rafaelrjp\",\"image\":{\"@type\":\"ImageObject\",\"inLanguage\":\"pt-BR\",\"@id\":\"https:\/\/www.sinpro-rio.org.br\/principal\/#\/schema\/person\/image\/\",\"url\":\"https:\/\/secure.gravatar.com\/avatar\/489371a0ba4655c340b519882c68cf68?s=96&d=mm&r=g\",\"contentUrl\":\"https:\/\/secure.gravatar.com\/avatar\/489371a0ba4655c340b519882c68cf68?s=96&d=mm&r=g\",\"caption\":\"rafaelrjp\"},\"url\":\"https:\/\/www.sinpro-rio.org.br\/principal\/author\/rafaelrjp\/\"}]}<\/script>\n<!-- \/ Yoast SEO plugin. -->","yoast_head_json":{"title":"Sinpro-Rio consegue, por meio de A\u00e7\u00e3o Coletiva, implantar o Repouso Semanal Remunerado no sal\u00e1rio mensal dos professores do SINTUFRJ - Sinpro-Rio","robots":{"index":"index","follow":"follow","max-snippet":"max-snippet:-1","max-image-preview":"max-image-preview:large","max-video-preview":"max-video-preview:-1"},"canonical":"https:\/\/www.sinpro-rio.org.br\/principal\/sinpro-rio-consegue-por-meio-de-ac-o-coletiva-implantar-o-repouso-semanal-remunerado-no-salario-mensal-dos-professores-do-sintufrj\/","og_locale":"pt_BR","og_type":"article","og_title":"Sinpro-Rio consegue, por meio de A\u00e7\u00e3o Coletiva, implantar o Repouso Semanal Remunerado no sal\u00e1rio mensal dos professores do SINTUFRJ - Sinpro-Rio","og_description":"23\/07\/2014 O Sinpro-Rio ajuizou, em julho de 2009, A\u00e7\u00e3o Coletiva em face do SINTUFRJ, pretendendo a condena\u00e7\u00e3o da institui\u00e7\u00e3o ao pagamento do repouso semanal remunerado. O repouso semanal remunerado \u00e9 devido a todos os professores, j\u00e1 estando pacificado esse direito, conforme pactuado nas in\u00fameras Conven\u00e7\u00f5es Coletivas firmadas pelo Sinpro-Rio , bem como por conta das [&hellip;]","og_url":"https:\/\/www.sinpro-rio.org.br\/principal\/sinpro-rio-consegue-por-meio-de-ac-o-coletiva-implantar-o-repouso-semanal-remunerado-no-salario-mensal-dos-professores-do-sintufrj\/","og_site_name":"Sinpro-Rio","article_published_time":"2014-07-23T00:00:00+00:00","author":"rafaelrjp","twitter_card":"summary_large_image","twitter_misc":{"Escrito por":"rafaelrjp","Est. tempo de leitura":"2 minutos"},"schema":{"@context":"https:\/\/schema.org","@graph":[{"@type":"WebPage","@id":"https:\/\/www.sinpro-rio.org.br\/principal\/sinpro-rio-consegue-por-meio-de-ac-o-coletiva-implantar-o-repouso-semanal-remunerado-no-salario-mensal-dos-professores-do-sintufrj\/","url":"https:\/\/www.sinpro-rio.org.br\/principal\/sinpro-rio-consegue-por-meio-de-ac-o-coletiva-implantar-o-repouso-semanal-remunerado-no-salario-mensal-dos-professores-do-sintufrj\/","name":"Sinpro-Rio consegue, por meio de A\u00e7\u00e3o Coletiva, implantar o Repouso Semanal Remunerado no sal\u00e1rio mensal dos professores do SINTUFRJ - Sinpro-Rio","isPartOf":{"@id":"https:\/\/www.sinpro-rio.org.br\/principal\/#website"},"datePublished":"2014-07-23T00:00:00+00:00","author":{"@id":"https:\/\/www.sinpro-rio.org.br\/principal\/#\/schema\/person\/49feb585a2f57a31a6bd9f16f78e5be6"},"breadcrumb":{"@id":"https:\/\/www.sinpro-rio.org.br\/principal\/sinpro-rio-consegue-por-meio-de-ac-o-coletiva-implantar-o-repouso-semanal-remunerado-no-salario-mensal-dos-professores-do-sintufrj\/#breadcrumb"},"inLanguage":"pt-BR","potentialAction":[{"@type":"ReadAction","target":["https:\/\/www.sinpro-rio.org.br\/principal\/sinpro-rio-consegue-por-meio-de-ac-o-coletiva-implantar-o-repouso-semanal-remunerado-no-salario-mensal-dos-professores-do-sintufrj\/"]}]},{"@type":"BreadcrumbList","@id":"https:\/\/www.sinpro-rio.org.br\/principal\/sinpro-rio-consegue-por-meio-de-ac-o-coletiva-implantar-o-repouso-semanal-remunerado-no-salario-mensal-dos-professores-do-sintufrj\/#breadcrumb","itemListElement":[{"@type":"ListItem","position":1,"name":"In\u00edcio","item":"https:\/\/www.sinpro-rio.org.br\/principal\/"},{"@type":"ListItem","position":2,"name":"Sinpro-Rio consegue, por meio de A\u00e7\u00e3o Coletiva, implantar o Repouso Semanal Remunerado no sal\u00e1rio mensal dos professores do SINTUFRJ"}]},{"@type":"WebSite","@id":"https:\/\/www.sinpro-rio.org.br\/principal\/#website","url":"https:\/\/www.sinpro-rio.org.br\/principal\/","name":"Sinpro-Rio","description":"Sindicato dos Professores do Munic\u00edpio do Rio de Janeiro e Regi\u00e3o","potentialAction":[{"@type":"SearchAction","target":{"@type":"EntryPoint","urlTemplate":"https:\/\/www.sinpro-rio.org.br\/principal\/?s={search_term_string}"},"query-input":{"@type":"PropertyValueSpecification","valueRequired":true,"valueName":"search_term_string"}}],"inLanguage":"pt-BR"},{"@type":"Person","@id":"https:\/\/www.sinpro-rio.org.br\/principal\/#\/schema\/person\/49feb585a2f57a31a6bd9f16f78e5be6","name":"rafaelrjp","image":{"@type":"ImageObject","inLanguage":"pt-BR","@id":"https:\/\/www.sinpro-rio.org.br\/principal\/#\/schema\/person\/image\/","url":"https:\/\/secure.gravatar.com\/avatar\/489371a0ba4655c340b519882c68cf68?s=96&d=mm&r=g","contentUrl":"https:\/\/secure.gravatar.com\/avatar\/489371a0ba4655c340b519882c68cf68?s=96&d=mm&r=g","caption":"rafaelrjp"},"url":"https:\/\/www.sinpro-rio.org.br\/principal\/author\/rafaelrjp\/"}]}},"_links":{"self":[{"href":"https:\/\/www.sinpro-rio.org.br\/principal\/wp-json\/wp\/v2\/posts\/20183","targetHints":{"allow":["GET"]}}],"collection":[{"href":"https:\/\/www.sinpro-rio.org.br\/principal\/wp-json\/wp\/v2\/posts"}],"about":[{"href":"https:\/\/www.sinpro-rio.org.br\/principal\/wp-json\/wp\/v2\/types\/post"}],"author":[{"embeddable":true,"href":"https:\/\/www.sinpro-rio.org.br\/principal\/wp-json\/wp\/v2\/users\/1"}],"replies":[{"embeddable":true,"href":"https:\/\/www.sinpro-rio.org.br\/principal\/wp-json\/wp\/v2\/comments?post=20183"}],"version-history":[{"count":0,"href":"https:\/\/www.sinpro-rio.org.br\/principal\/wp-json\/wp\/v2\/posts\/20183\/revisions"}],"wp:attachment":[{"href":"https:\/\/www.sinpro-rio.org.br\/principal\/wp-json\/wp\/v2\/media?parent=20183"}],"wp:term":[{"taxonomy":"category","embeddable":true,"href":"https:\/\/www.sinpro-rio.org.br\/principal\/wp-json\/wp\/v2\/categories?post=20183"},{"taxonomy":"post_tag","embeddable":true,"href":"https:\/\/www.sinpro-rio.org.br\/principal\/wp-json\/wp\/v2\/tags?post=20183"}],"curies":[{"name":"wp","href":"https:\/\/api.w.org\/{rel}","templated":true}]}}