{"id":20182,"date":"2014-07-28T00:00:00","date_gmt":"2014-07-28T00:00:00","guid":{"rendered":""},"modified":"-0001-11-30T00:00:00","modified_gmt":"-0001-11-30T03:00:00","slug":"forum-permanente-de-educac-o-infantil-dia-05-08-as-14h-no-sinpro-rio","status":"publish","type":"post","link":"https:\/\/www.sinpro-rio.org.br\/principal\/forum-permanente-de-educac-o-infantil-dia-05-08-as-14h-no-sinpro-rio\/","title":{"rendered":"F\u00f3rum Permanente de Educa\u00e7\u00e3o Infantil, dia 05\/08, \u00e0s 14h, no Sinpro-Rio"},"content":{"rendered":"\n<p>\n <em><br \/>\n  28\/07\/2014<br \/>\n <\/em>\n<\/p>\n<p>\n A pr\u00f3xima assembleia do F\u00f3rum Permanente de Educa\u00e7\u00e3o Infantil do Estado do Rio de Janeiro (FPEI\/RJ) ser\u00e1 realizada no dia 05 de agosto, \u00e0s 14h, na sede do Sinpro-Rio.\n<\/p>\n<p>\n O FPEI\/RJ tem o compromisso de debater quest\u00f5es pertinentes \u00e0 Educa\u00e7\u00e3o Infantil e para isto, convida todos e todas para a pr\u00f3xima assembleia. Al\u00e9m dos informes, na ocasi\u00e3o ser\u00e1 discutido os seguintes assuntos:\n<\/p>\n<p>\n \u2022<br \/>\n <b><br \/>\n  Planos Municipais pela Primeira Inf\u00e2ncia: experi\u00eancias no Estado do Rio de Janeiro<br \/>\n <\/b><\/p>\n<p style=\"padding-left: 70px;\">\n  <b><br \/>\n   Edson Cordeiro dos Santos<br \/>\n  <\/b><br \/>\n  (Mestre em Educa\u00e7\u00e3o pela UNIRIO e membro da Equipe T\u00e9cnica da Solidariedade Fran\u00e7a-Brasil, PMPI-Nova Igua\u00e7u);<\/p>\n<p>  <b><br \/>\n   Cristina Laclette Porto<br \/>\n  <\/b><br \/>\n  (Consultora do Centro Internacional de Estudos e Pesquisas sobre a Inf\u00e2ncia &#8211; Ciespi-PUC\/Rio, PMPI-Rio).\n <\/p>\n<p>\n  \u2022<br \/>\n  <b><br \/>\n   Informes<br \/>\n  <\/b>\n <\/p>\n<p>\n  A sede do Sinpro-Rio localiza-se \u00e0<br \/>\n  <b><br \/>\n   Rua Pedro Lessa, 35 \u2013 2\u00ba andar \u2013 Centro<br \/>\n  <\/b><br \/>\n  (Pr\u00f3ximo \u00e0 Cinel\u00e2ndia).\n <\/p>\n<p>\n  Entrada franca\n <\/p>\n<\/p>\n<p style=\"padding-left: 70px;\">\n <b><br \/>\n  Edson Cordeiro dos Santos<br \/>\n <\/b><br \/>\n (Mestre em Educa\u00e7\u00e3o pela UNIRIO e membro da Equipe T\u00e9cnica da Solidariedade Fran\u00e7a-Brasil, PMPI-Nova Igua\u00e7u);<\/p>\n<p> <b><br \/>\n  Cristina Laclette Porto<br \/>\n <\/b><br \/>\n (Consultora do Centro Internacional de Estudos e Pesquisas sobre a Inf\u00e2ncia &#8211; Ciespi-PUC\/Rio, PMPI-Rio).\n<\/p>\n<p>\n \u2022<br \/>\n <b><br \/>\n  Informes<br \/>\n <\/b>\n<\/p>\n<p>\n A sede do Sinpro-Rio localiza-se \u00e0<br \/>\n <b><br \/>\n  Rua Pedro Lessa, 35 \u2013 2\u00ba andar \u2013 Centro<br \/>\n <\/b><br \/>\n (Pr\u00f3ximo \u00e0 Cinel\u00e2ndia).\n<\/p>\n<p>\n Entrada franca<\/p>\n","protected":false},"excerpt":{"rendered":"<p>28\/07\/2014 A pr\u00f3xima assembleia do F\u00f3rum Permanente de Educa\u00e7\u00e3o Infantil do Estado do Rio de Janeiro (FPEI\/RJ) ser\u00e1 realizada no dia 05 de agosto, \u00e0s 14h, na sede do Sinpro-Rio. O FPEI\/RJ tem o compromisso de debater quest\u00f5es pertinentes \u00e0 Educa\u00e7\u00e3o Infantil e para isto, convida todos e todas para a pr\u00f3xima assembleia. Al\u00e9m dos [&hellip;]<\/p>\n","protected":false},"author":1,"featured_media":0,"comment_status":"closed","ping_status":"open","sticky":false,"template":"","format":"standard","meta":{"footnotes":""},"categories":[1],"tags":[],"class_list":["post-20182","post","type-post","status-publish","format-standard","hentry","category-noticias"],"yoast_head":"<!-- This site is optimized with the Yoast SEO plugin v25.7 - https:\/\/yoast.com\/wordpress\/plugins\/seo\/ -->\n<title>F\u00f3rum Permanente de Educa\u00e7\u00e3o Infantil, dia 05\/08, \u00e0s 14h, no Sinpro-Rio - Sinpro-Rio<\/title>\n<meta name=\"robots\" content=\"index, follow, max-snippet:-1, max-image-preview:large, max-video-preview:-1\" \/>\n<link rel=\"canonical\" href=\"https:\/\/www.sinpro-rio.org.br\/principal\/forum-permanente-de-educac-o-infantil-dia-05-08-as-14h-no-sinpro-rio\/\" \/>\n<meta property=\"og:locale\" content=\"pt_BR\" \/>\n<meta property=\"og:type\" content=\"article\" \/>\n<meta property=\"og:title\" content=\"F\u00f3rum Permanente de Educa\u00e7\u00e3o Infantil, dia 05\/08, \u00e0s 14h, no Sinpro-Rio - Sinpro-Rio\" \/>\n<meta property=\"og:description\" content=\"28\/07\/2014 A pr\u00f3xima assembleia do F\u00f3rum Permanente de Educa\u00e7\u00e3o Infantil do Estado do Rio de Janeiro (FPEI\/RJ) ser\u00e1 realizada no dia 05 de agosto, \u00e0s 14h, na sede do Sinpro-Rio. O FPEI\/RJ tem o compromisso de debater quest\u00f5es pertinentes \u00e0 Educa\u00e7\u00e3o Infantil e para isto, convida todos e todas para a pr\u00f3xima assembleia. Al\u00e9m dos [&hellip;]\" \/>\n<meta property=\"og:url\" content=\"https:\/\/www.sinpro-rio.org.br\/principal\/forum-permanente-de-educac-o-infantil-dia-05-08-as-14h-no-sinpro-rio\/\" \/>\n<meta property=\"og:site_name\" content=\"Sinpro-Rio\" \/>\n<meta property=\"article:published_time\" content=\"2014-07-28T00:00:00+00:00\" \/>\n<meta name=\"author\" content=\"rafaelrjp\" \/>\n<meta name=\"twitter:card\" content=\"summary_large_image\" \/>\n<meta name=\"twitter:label1\" content=\"Escrito por\" \/>\n\t<meta name=\"twitter:data1\" content=\"rafaelrjp\" \/>\n\t<meta name=\"twitter:label2\" content=\"Est. tempo de leitura\" \/>\n\t<meta name=\"twitter:data2\" content=\"1 minuto\" \/>\n<script type=\"application\/ld+json\" class=\"yoast-schema-graph\">{\"@context\":\"https:\/\/schema.org\",\"@graph\":[{\"@type\":\"WebPage\",\"@id\":\"https:\/\/www.sinpro-rio.org.br\/principal\/forum-permanente-de-educac-o-infantil-dia-05-08-as-14h-no-sinpro-rio\/\",\"url\":\"https:\/\/www.sinpro-rio.org.br\/principal\/forum-permanente-de-educac-o-infantil-dia-05-08-as-14h-no-sinpro-rio\/\",\"name\":\"F\u00f3rum Permanente de Educa\u00e7\u00e3o Infantil, dia 05\/08, \u00e0s 14h, no Sinpro-Rio - Sinpro-Rio\",\"isPartOf\":{\"@id\":\"https:\/\/www.sinpro-rio.org.br\/principal\/#website\"},\"datePublished\":\"2014-07-28T00:00:00+00:00\",\"author\":{\"@id\":\"https:\/\/www.sinpro-rio.org.br\/principal\/#\/schema\/person\/49feb585a2f57a31a6bd9f16f78e5be6\"},\"breadcrumb\":{\"@id\":\"https:\/\/www.sinpro-rio.org.br\/principal\/forum-permanente-de-educac-o-infantil-dia-05-08-as-14h-no-sinpro-rio\/#breadcrumb\"},\"inLanguage\":\"pt-BR\",\"potentialAction\":[{\"@type\":\"ReadAction\",\"target\":[\"https:\/\/www.sinpro-rio.org.br\/principal\/forum-permanente-de-educac-o-infantil-dia-05-08-as-14h-no-sinpro-rio\/\"]}]},{\"@type\":\"BreadcrumbList\",\"@id\":\"https:\/\/www.sinpro-rio.org.br\/principal\/forum-permanente-de-educac-o-infantil-dia-05-08-as-14h-no-sinpro-rio\/#breadcrumb\",\"itemListElement\":[{\"@type\":\"ListItem\",\"position\":1,\"name\":\"In\u00edcio\",\"item\":\"https:\/\/www.sinpro-rio.org.br\/principal\/\"},{\"@type\":\"ListItem\",\"position\":2,\"name\":\"F\u00f3rum Permanente de Educa\u00e7\u00e3o Infantil, dia 05\/08, \u00e0s 14h, no Sinpro-Rio\"}]},{\"@type\":\"WebSite\",\"@id\":\"https:\/\/www.sinpro-rio.org.br\/principal\/#website\",\"url\":\"https:\/\/www.sinpro-rio.org.br\/principal\/\",\"name\":\"Sinpro-Rio\",\"description\":\"Sindicato dos Professores do Munic\u00edpio do Rio de Janeiro e Regi\u00e3o\",\"potentialAction\":[{\"@type\":\"SearchAction\",\"target\":{\"@type\":\"EntryPoint\",\"urlTemplate\":\"https:\/\/www.sinpro-rio.org.br\/principal\/?s={search_term_string}\"},\"query-input\":{\"@type\":\"PropertyValueSpecification\",\"valueRequired\":true,\"valueName\":\"search_term_string\"}}],\"inLanguage\":\"pt-BR\"},{\"@type\":\"Person\",\"@id\":\"https:\/\/www.sinpro-rio.org.br\/principal\/#\/schema\/person\/49feb585a2f57a31a6bd9f16f78e5be6\",\"name\":\"rafaelrjp\",\"image\":{\"@type\":\"ImageObject\",\"inLanguage\":\"pt-BR\",\"@id\":\"https:\/\/www.sinpro-rio.org.br\/principal\/#\/schema\/person\/image\/\",\"url\":\"https:\/\/secure.gravatar.com\/avatar\/489371a0ba4655c340b519882c68cf68?s=96&d=mm&r=g\",\"contentUrl\":\"https:\/\/secure.gravatar.com\/avatar\/489371a0ba4655c340b519882c68cf68?s=96&d=mm&r=g\",\"caption\":\"rafaelrjp\"},\"url\":\"https:\/\/www.sinpro-rio.org.br\/principal\/author\/rafaelrjp\/\"}]}<\/script>\n<!-- \/ Yoast SEO plugin. -->","yoast_head_json":{"title":"F\u00f3rum Permanente de Educa\u00e7\u00e3o Infantil, dia 05\/08, \u00e0s 14h, no Sinpro-Rio - Sinpro-Rio","robots":{"index":"index","follow":"follow","max-snippet":"max-snippet:-1","max-image-preview":"max-image-preview:large","max-video-preview":"max-video-preview:-1"},"canonical":"https:\/\/www.sinpro-rio.org.br\/principal\/forum-permanente-de-educac-o-infantil-dia-05-08-as-14h-no-sinpro-rio\/","og_locale":"pt_BR","og_type":"article","og_title":"F\u00f3rum Permanente de Educa\u00e7\u00e3o Infantil, dia 05\/08, \u00e0s 14h, no Sinpro-Rio - Sinpro-Rio","og_description":"28\/07\/2014 A pr\u00f3xima assembleia do F\u00f3rum Permanente de Educa\u00e7\u00e3o Infantil do Estado do Rio de Janeiro (FPEI\/RJ) ser\u00e1 realizada no dia 05 de agosto, \u00e0s 14h, na sede do Sinpro-Rio. O FPEI\/RJ tem o compromisso de debater quest\u00f5es pertinentes \u00e0 Educa\u00e7\u00e3o Infantil e para isto, convida todos e todas para a pr\u00f3xima assembleia. Al\u00e9m dos [&hellip;]","og_url":"https:\/\/www.sinpro-rio.org.br\/principal\/forum-permanente-de-educac-o-infantil-dia-05-08-as-14h-no-sinpro-rio\/","og_site_name":"Sinpro-Rio","article_published_time":"2014-07-28T00:00:00+00:00","author":"rafaelrjp","twitter_card":"summary_large_image","twitter_misc":{"Escrito por":"rafaelrjp","Est. tempo de leitura":"1 minuto"},"schema":{"@context":"https:\/\/schema.org","@graph":[{"@type":"WebPage","@id":"https:\/\/www.sinpro-rio.org.br\/principal\/forum-permanente-de-educac-o-infantil-dia-05-08-as-14h-no-sinpro-rio\/","url":"https:\/\/www.sinpro-rio.org.br\/principal\/forum-permanente-de-educac-o-infantil-dia-05-08-as-14h-no-sinpro-rio\/","name":"F\u00f3rum Permanente de Educa\u00e7\u00e3o Infantil, dia 05\/08, \u00e0s 14h, no Sinpro-Rio - Sinpro-Rio","isPartOf":{"@id":"https:\/\/www.sinpro-rio.org.br\/principal\/#website"},"datePublished":"2014-07-28T00:00:00+00:00","author":{"@id":"https:\/\/www.sinpro-rio.org.br\/principal\/#\/schema\/person\/49feb585a2f57a31a6bd9f16f78e5be6"},"breadcrumb":{"@id":"https:\/\/www.sinpro-rio.org.br\/principal\/forum-permanente-de-educac-o-infantil-dia-05-08-as-14h-no-sinpro-rio\/#breadcrumb"},"inLanguage":"pt-BR","potentialAction":[{"@type":"ReadAction","target":["https:\/\/www.sinpro-rio.org.br\/principal\/forum-permanente-de-educac-o-infantil-dia-05-08-as-14h-no-sinpro-rio\/"]}]},{"@type":"BreadcrumbList","@id":"https:\/\/www.sinpro-rio.org.br\/principal\/forum-permanente-de-educac-o-infantil-dia-05-08-as-14h-no-sinpro-rio\/#breadcrumb","itemListElement":[{"@type":"ListItem","position":1,"name":"In\u00edcio","item":"https:\/\/www.sinpro-rio.org.br\/principal\/"},{"@type":"ListItem","position":2,"name":"F\u00f3rum Permanente de Educa\u00e7\u00e3o Infantil, dia 05\/08, \u00e0s 14h, no Sinpro-Rio"}]},{"@type":"WebSite","@id":"https:\/\/www.sinpro-rio.org.br\/principal\/#website","url":"https:\/\/www.sinpro-rio.org.br\/principal\/","name":"Sinpro-Rio","description":"Sindicato dos Professores do Munic\u00edpio do Rio de Janeiro e Regi\u00e3o","potentialAction":[{"@type":"SearchAction","target":{"@type":"EntryPoint","urlTemplate":"https:\/\/www.sinpro-rio.org.br\/principal\/?s={search_term_string}"},"query-input":{"@type":"PropertyValueSpecification","valueRequired":true,"valueName":"search_term_string"}}],"inLanguage":"pt-BR"},{"@type":"Person","@id":"https:\/\/www.sinpro-rio.org.br\/principal\/#\/schema\/person\/49feb585a2f57a31a6bd9f16f78e5be6","name":"rafaelrjp","image":{"@type":"ImageObject","inLanguage":"pt-BR","@id":"https:\/\/www.sinpro-rio.org.br\/principal\/#\/schema\/person\/image\/","url":"https:\/\/secure.gravatar.com\/avatar\/489371a0ba4655c340b519882c68cf68?s=96&d=mm&r=g","contentUrl":"https:\/\/secure.gravatar.com\/avatar\/489371a0ba4655c340b519882c68cf68?s=96&d=mm&r=g","caption":"rafaelrjp"},"url":"https:\/\/www.sinpro-rio.org.br\/principal\/author\/rafaelrjp\/"}]}},"_links":{"self":[{"href":"https:\/\/www.sinpro-rio.org.br\/principal\/wp-json\/wp\/v2\/posts\/20182","targetHints":{"allow":["GET"]}}],"collection":[{"href":"https:\/\/www.sinpro-rio.org.br\/principal\/wp-json\/wp\/v2\/posts"}],"about":[{"href":"https:\/\/www.sinpro-rio.org.br\/principal\/wp-json\/wp\/v2\/types\/post"}],"author":[{"embeddable":true,"href":"https:\/\/www.sinpro-rio.org.br\/principal\/wp-json\/wp\/v2\/users\/1"}],"replies":[{"embeddable":true,"href":"https:\/\/www.sinpro-rio.org.br\/principal\/wp-json\/wp\/v2\/comments?post=20182"}],"version-history":[{"count":0,"href":"https:\/\/www.sinpro-rio.org.br\/principal\/wp-json\/wp\/v2\/posts\/20182\/revisions"}],"wp:attachment":[{"href":"https:\/\/www.sinpro-rio.org.br\/principal\/wp-json\/wp\/v2\/media?parent=20182"}],"wp:term":[{"taxonomy":"category","embeddable":true,"href":"https:\/\/www.sinpro-rio.org.br\/principal\/wp-json\/wp\/v2\/categories?post=20182"},{"taxonomy":"post_tag","embeddable":true,"href":"https:\/\/www.sinpro-rio.org.br\/principal\/wp-json\/wp\/v2\/tags?post=20182"}],"curies":[{"name":"wp","href":"https:\/\/api.w.org\/{rel}","templated":true}]}}