{"id":20181,"date":"2014-08-04T00:00:00","date_gmt":"2014-08-04T00:00:00","guid":{"rendered":""},"modified":"-0001-11-30T00:00:00","modified_gmt":"-0001-11-30T03:00:00","slug":"aos-docentes-da-faculdade-machado-de-assis","status":"publish","type":"post","link":"https:\/\/www.sinpro-rio.org.br\/principal\/aos-docentes-da-faculdade-machado-de-assis\/","title":{"rendered":"Aos docentes da Faculdade Machado de Assis"},"content":{"rendered":"\n<p>\n <em><br \/>\n  04\/08\/2014<br \/>\n <\/em>\n<\/p>\n<p>\n Em audi\u00eancia realizada no dia 22 de julho de 2014, \u00e0s 13h30, o Sinpro-Rio compareceu \u00e0 Tribunal Regional do Trabalho para a audi\u00eancia referente ao processo 0010461-35.2014.5.01.0051, o qual reclama sal\u00e1rios n\u00e3o pagos, FGTS, 13\u00ba e f\u00e9rias.\n<\/p>\n<p>\n Rejeitada a possibilidade de concilia\u00e7\u00e3o, a Institui\u00e7\u00e3o revelou n\u00e3o ter realizado o agrupar de todos os documentos devido a instabilidade presente no sistema de inform\u00e1tica. Sendo este fato devido, e para se evitar a possibilidade de se declarar a nulidade do processo em virtude do ocorrido, foi dada \u00e0 IES o prazo de 48 para se juntar todos os documentos.\n<\/p>\n<p>\n Aguardamos agora a senten\u00e7a da ju\u00edza ROBERTA FERME SIVOLELLA, a qual, provavelmente, dever\u00e1 se pronunciar ainda no m\u00eas de agosto. Assim que tivermos mais informes, entraremos em contato; assim como, estaremos em breve na Institui\u00e7\u00e3o para continuarmos o processo de negocia\u00e7\u00e3o das d\u00edvidas pendentes.<\/p>\n","protected":false},"excerpt":{"rendered":"<p>04\/08\/2014 Em audi\u00eancia realizada no dia 22 de julho de 2014, \u00e0s 13h30, o Sinpro-Rio compareceu \u00e0 Tribunal Regional do Trabalho para a audi\u00eancia referente ao processo 0010461-35.2014.5.01.0051, o qual reclama sal\u00e1rios n\u00e3o pagos, FGTS, 13\u00ba e f\u00e9rias. Rejeitada a possibilidade de concilia\u00e7\u00e3o, a Institui\u00e7\u00e3o revelou n\u00e3o ter realizado o agrupar de todos os documentos [&hellip;]<\/p>\n","protected":false},"author":1,"featured_media":0,"comment_status":"closed","ping_status":"open","sticky":false,"template":"","format":"standard","meta":{"footnotes":""},"categories":[1],"tags":[],"class_list":["post-20181","post","type-post","status-publish","format-standard","hentry","category-noticias"],"yoast_head":"<!-- This site is optimized with the Yoast SEO plugin v25.7 - https:\/\/yoast.com\/wordpress\/plugins\/seo\/ -->\n<title>Aos docentes da Faculdade Machado de Assis - Sinpro-Rio<\/title>\n<meta name=\"robots\" content=\"index, follow, max-snippet:-1, max-image-preview:large, max-video-preview:-1\" \/>\n<link rel=\"canonical\" href=\"https:\/\/www.sinpro-rio.org.br\/principal\/aos-docentes-da-faculdade-machado-de-assis\/\" \/>\n<meta property=\"og:locale\" content=\"pt_BR\" \/>\n<meta property=\"og:type\" content=\"article\" \/>\n<meta property=\"og:title\" content=\"Aos docentes da Faculdade Machado de Assis - Sinpro-Rio\" \/>\n<meta property=\"og:description\" content=\"04\/08\/2014 Em audi\u00eancia realizada no dia 22 de julho de 2014, \u00e0s 13h30, o Sinpro-Rio compareceu \u00e0 Tribunal Regional do Trabalho para a audi\u00eancia referente ao processo 0010461-35.2014.5.01.0051, o qual reclama sal\u00e1rios n\u00e3o pagos, FGTS, 13\u00ba e f\u00e9rias. Rejeitada a possibilidade de concilia\u00e7\u00e3o, a Institui\u00e7\u00e3o revelou n\u00e3o ter realizado o agrupar de todos os documentos [&hellip;]\" \/>\n<meta property=\"og:url\" content=\"https:\/\/www.sinpro-rio.org.br\/principal\/aos-docentes-da-faculdade-machado-de-assis\/\" \/>\n<meta property=\"og:site_name\" content=\"Sinpro-Rio\" \/>\n<meta property=\"article:published_time\" content=\"2014-08-04T00:00:00+00:00\" \/>\n<meta name=\"author\" content=\"rafaelrjp\" \/>\n<meta name=\"twitter:card\" content=\"summary_large_image\" \/>\n<meta name=\"twitter:label1\" content=\"Escrito por\" \/>\n\t<meta name=\"twitter:data1\" content=\"rafaelrjp\" \/>\n\t<meta name=\"twitter:label2\" content=\"Est. tempo de leitura\" \/>\n\t<meta name=\"twitter:data2\" content=\"1 minuto\" \/>\n<script type=\"application\/ld+json\" class=\"yoast-schema-graph\">{\"@context\":\"https:\/\/schema.org\",\"@graph\":[{\"@type\":\"WebPage\",\"@id\":\"https:\/\/www.sinpro-rio.org.br\/principal\/aos-docentes-da-faculdade-machado-de-assis\/\",\"url\":\"https:\/\/www.sinpro-rio.org.br\/principal\/aos-docentes-da-faculdade-machado-de-assis\/\",\"name\":\"Aos docentes da Faculdade Machado de Assis - Sinpro-Rio\",\"isPartOf\":{\"@id\":\"https:\/\/www.sinpro-rio.org.br\/principal\/#website\"},\"datePublished\":\"2014-08-04T00:00:00+00:00\",\"author\":{\"@id\":\"https:\/\/www.sinpro-rio.org.br\/principal\/#\/schema\/person\/49feb585a2f57a31a6bd9f16f78e5be6\"},\"breadcrumb\":{\"@id\":\"https:\/\/www.sinpro-rio.org.br\/principal\/aos-docentes-da-faculdade-machado-de-assis\/#breadcrumb\"},\"inLanguage\":\"pt-BR\",\"potentialAction\":[{\"@type\":\"ReadAction\",\"target\":[\"https:\/\/www.sinpro-rio.org.br\/principal\/aos-docentes-da-faculdade-machado-de-assis\/\"]}]},{\"@type\":\"BreadcrumbList\",\"@id\":\"https:\/\/www.sinpro-rio.org.br\/principal\/aos-docentes-da-faculdade-machado-de-assis\/#breadcrumb\",\"itemListElement\":[{\"@type\":\"ListItem\",\"position\":1,\"name\":\"In\u00edcio\",\"item\":\"https:\/\/www.sinpro-rio.org.br\/principal\/\"},{\"@type\":\"ListItem\",\"position\":2,\"name\":\"Aos docentes da Faculdade Machado de Assis\"}]},{\"@type\":\"WebSite\",\"@id\":\"https:\/\/www.sinpro-rio.org.br\/principal\/#website\",\"url\":\"https:\/\/www.sinpro-rio.org.br\/principal\/\",\"name\":\"Sinpro-Rio\",\"description\":\"Sindicato dos Professores do Munic\u00edpio do Rio de Janeiro e Regi\u00e3o\",\"potentialAction\":[{\"@type\":\"SearchAction\",\"target\":{\"@type\":\"EntryPoint\",\"urlTemplate\":\"https:\/\/www.sinpro-rio.org.br\/principal\/?s={search_term_string}\"},\"query-input\":{\"@type\":\"PropertyValueSpecification\",\"valueRequired\":true,\"valueName\":\"search_term_string\"}}],\"inLanguage\":\"pt-BR\"},{\"@type\":\"Person\",\"@id\":\"https:\/\/www.sinpro-rio.org.br\/principal\/#\/schema\/person\/49feb585a2f57a31a6bd9f16f78e5be6\",\"name\":\"rafaelrjp\",\"image\":{\"@type\":\"ImageObject\",\"inLanguage\":\"pt-BR\",\"@id\":\"https:\/\/www.sinpro-rio.org.br\/principal\/#\/schema\/person\/image\/\",\"url\":\"https:\/\/secure.gravatar.com\/avatar\/489371a0ba4655c340b519882c68cf68?s=96&d=mm&r=g\",\"contentUrl\":\"https:\/\/secure.gravatar.com\/avatar\/489371a0ba4655c340b519882c68cf68?s=96&d=mm&r=g\",\"caption\":\"rafaelrjp\"},\"url\":\"https:\/\/www.sinpro-rio.org.br\/principal\/author\/rafaelrjp\/\"}]}<\/script>\n<!-- \/ Yoast SEO plugin. -->","yoast_head_json":{"title":"Aos docentes da Faculdade Machado de Assis - Sinpro-Rio","robots":{"index":"index","follow":"follow","max-snippet":"max-snippet:-1","max-image-preview":"max-image-preview:large","max-video-preview":"max-video-preview:-1"},"canonical":"https:\/\/www.sinpro-rio.org.br\/principal\/aos-docentes-da-faculdade-machado-de-assis\/","og_locale":"pt_BR","og_type":"article","og_title":"Aos docentes da Faculdade Machado de Assis - Sinpro-Rio","og_description":"04\/08\/2014 Em audi\u00eancia realizada no dia 22 de julho de 2014, \u00e0s 13h30, o Sinpro-Rio compareceu \u00e0 Tribunal Regional do Trabalho para a audi\u00eancia referente ao processo 0010461-35.2014.5.01.0051, o qual reclama sal\u00e1rios n\u00e3o pagos, FGTS, 13\u00ba e f\u00e9rias. Rejeitada a possibilidade de concilia\u00e7\u00e3o, a Institui\u00e7\u00e3o revelou n\u00e3o ter realizado o agrupar de todos os documentos [&hellip;]","og_url":"https:\/\/www.sinpro-rio.org.br\/principal\/aos-docentes-da-faculdade-machado-de-assis\/","og_site_name":"Sinpro-Rio","article_published_time":"2014-08-04T00:00:00+00:00","author":"rafaelrjp","twitter_card":"summary_large_image","twitter_misc":{"Escrito por":"rafaelrjp","Est. tempo de leitura":"1 minuto"},"schema":{"@context":"https:\/\/schema.org","@graph":[{"@type":"WebPage","@id":"https:\/\/www.sinpro-rio.org.br\/principal\/aos-docentes-da-faculdade-machado-de-assis\/","url":"https:\/\/www.sinpro-rio.org.br\/principal\/aos-docentes-da-faculdade-machado-de-assis\/","name":"Aos docentes da Faculdade Machado de Assis - Sinpro-Rio","isPartOf":{"@id":"https:\/\/www.sinpro-rio.org.br\/principal\/#website"},"datePublished":"2014-08-04T00:00:00+00:00","author":{"@id":"https:\/\/www.sinpro-rio.org.br\/principal\/#\/schema\/person\/49feb585a2f57a31a6bd9f16f78e5be6"},"breadcrumb":{"@id":"https:\/\/www.sinpro-rio.org.br\/principal\/aos-docentes-da-faculdade-machado-de-assis\/#breadcrumb"},"inLanguage":"pt-BR","potentialAction":[{"@type":"ReadAction","target":["https:\/\/www.sinpro-rio.org.br\/principal\/aos-docentes-da-faculdade-machado-de-assis\/"]}]},{"@type":"BreadcrumbList","@id":"https:\/\/www.sinpro-rio.org.br\/principal\/aos-docentes-da-faculdade-machado-de-assis\/#breadcrumb","itemListElement":[{"@type":"ListItem","position":1,"name":"In\u00edcio","item":"https:\/\/www.sinpro-rio.org.br\/principal\/"},{"@type":"ListItem","position":2,"name":"Aos docentes da Faculdade Machado de Assis"}]},{"@type":"WebSite","@id":"https:\/\/www.sinpro-rio.org.br\/principal\/#website","url":"https:\/\/www.sinpro-rio.org.br\/principal\/","name":"Sinpro-Rio","description":"Sindicato dos Professores do Munic\u00edpio do Rio de Janeiro e Regi\u00e3o","potentialAction":[{"@type":"SearchAction","target":{"@type":"EntryPoint","urlTemplate":"https:\/\/www.sinpro-rio.org.br\/principal\/?s={search_term_string}"},"query-input":{"@type":"PropertyValueSpecification","valueRequired":true,"valueName":"search_term_string"}}],"inLanguage":"pt-BR"},{"@type":"Person","@id":"https:\/\/www.sinpro-rio.org.br\/principal\/#\/schema\/person\/49feb585a2f57a31a6bd9f16f78e5be6","name":"rafaelrjp","image":{"@type":"ImageObject","inLanguage":"pt-BR","@id":"https:\/\/www.sinpro-rio.org.br\/principal\/#\/schema\/person\/image\/","url":"https:\/\/secure.gravatar.com\/avatar\/489371a0ba4655c340b519882c68cf68?s=96&d=mm&r=g","contentUrl":"https:\/\/secure.gravatar.com\/avatar\/489371a0ba4655c340b519882c68cf68?s=96&d=mm&r=g","caption":"rafaelrjp"},"url":"https:\/\/www.sinpro-rio.org.br\/principal\/author\/rafaelrjp\/"}]}},"_links":{"self":[{"href":"https:\/\/www.sinpro-rio.org.br\/principal\/wp-json\/wp\/v2\/posts\/20181","targetHints":{"allow":["GET"]}}],"collection":[{"href":"https:\/\/www.sinpro-rio.org.br\/principal\/wp-json\/wp\/v2\/posts"}],"about":[{"href":"https:\/\/www.sinpro-rio.org.br\/principal\/wp-json\/wp\/v2\/types\/post"}],"author":[{"embeddable":true,"href":"https:\/\/www.sinpro-rio.org.br\/principal\/wp-json\/wp\/v2\/users\/1"}],"replies":[{"embeddable":true,"href":"https:\/\/www.sinpro-rio.org.br\/principal\/wp-json\/wp\/v2\/comments?post=20181"}],"version-history":[{"count":0,"href":"https:\/\/www.sinpro-rio.org.br\/principal\/wp-json\/wp\/v2\/posts\/20181\/revisions"}],"wp:attachment":[{"href":"https:\/\/www.sinpro-rio.org.br\/principal\/wp-json\/wp\/v2\/media?parent=20181"}],"wp:term":[{"taxonomy":"category","embeddable":true,"href":"https:\/\/www.sinpro-rio.org.br\/principal\/wp-json\/wp\/v2\/categories?post=20181"},{"taxonomy":"post_tag","embeddable":true,"href":"https:\/\/www.sinpro-rio.org.br\/principal\/wp-json\/wp\/v2\/tags?post=20181"}],"curies":[{"name":"wp","href":"https:\/\/api.w.org\/{rel}","templated":true}]}}