{"id":20176,"date":"2014-08-13T00:00:00","date_gmt":"2014-08-13T00:00:00","guid":{"rendered":""},"modified":"-0001-11-30T00:00:00","modified_gmt":"-0001-11-30T03:00:00","slug":"comeca-segundo-dia-de-votac-o-das-eleic-es-do-sinpro-rio","status":"publish","type":"post","link":"https:\/\/www.sinpro-rio.org.br\/principal\/comeca-segundo-dia-de-votac-o-das-eleic-es-do-sinpro-rio\/","title":{"rendered":"Come\u00e7a segundo dia de vota\u00e7\u00e3o das elei\u00e7\u00f5es do Sinpro-Rio"},"content":{"rendered":"\n<p>\n <em><br \/>\n  13\/08\/2014<br \/>\n <\/em>\n<\/p>\n<p>\n Professores(as)!<br \/>\n <\/p>\n<p>\n  Come\u00e7ou o segundo dia das elei\u00e7\u00f5es para o tri\u00eanio 2014-2017, que se estender\u00e3o at\u00e9 14 de agosto.<br \/>\nComiss\u00e3o Eleitoral, candidatos das chapas, mes\u00e1rios, advogados e funcion\u00e1rios da entidade est\u00e3o, desde as 5 horas da manh\u00e3, trabalhando para que tudo ocorra conforme o previsto!\n <\/p>\n<p>\n  <b><br \/>\n   Fortale\u00e7a o seu Sindicato e compare\u00e7a \u00e0s urnas<br \/>\n  <\/b><br \/>\n  .<br \/>\n  <br \/>\n  Confira os locais e hor\u00e1rios para vota\u00e7\u00e3o, os programas de lutas no<br \/>\n  <a href=\"\u201dhttp:\/\/www.sinprorio.pro.br\/site_antigo\/atualidades\/publicacoes-jornal-do-professor.php\u201d\"><br \/>\n   Roteiro de Urnas<br \/>\n  <\/a><br \/>\n  e vote.\n <\/p>\n<p>\n  Para novas not\u00edcias, continue acompanhando o nosso portal.\n <\/p>\n<\/p>\n<p>\n Come\u00e7ou o segundo dia das elei\u00e7\u00f5es para o tri\u00eanio 2014-2017, que se estender\u00e3o at\u00e9 14 de agosto.<br \/>\nComiss\u00e3o Eleitoral, candidatos das chapas, mes\u00e1rios, advogados e funcion\u00e1rios da entidade est\u00e3o, desde as 5 horas da manh\u00e3, trabalhando para que tudo ocorra conforme o previsto!\n<\/p>\n<p>\n <b><br \/>\n  Fortale\u00e7a o seu Sindicato e compare\u00e7a \u00e0s urnas<br \/>\n <\/b><br \/>\n .<br \/>\n <br \/>\n Confira os locais e hor\u00e1rios para vota\u00e7\u00e3o, os programas de lutas no<br \/>\n <a href=\"\u201dhttp:\/\/www.sinprorio.pro.br\/site_antigo\/atualidades\/publicacoes-jornal-do-professor.php\u201d\"><br \/>\n  Roteiro de Urnas<br \/>\n <\/a><br \/>\n e vote.\n<\/p>\n<p>\n Para novas not\u00edcias, continue acompanhando o nosso portal.<\/p>\n","protected":false},"excerpt":{"rendered":"<p>13\/08\/2014 Professores(as)! Come\u00e7ou o segundo dia das elei\u00e7\u00f5es para o tri\u00eanio 2014-2017, que se estender\u00e3o at\u00e9 14 de agosto. Comiss\u00e3o Eleitoral, candidatos das chapas, mes\u00e1rios, advogados e funcion\u00e1rios da entidade est\u00e3o, desde as 5 horas da manh\u00e3, trabalhando para que tudo ocorra conforme o previsto! Fortale\u00e7a o seu Sindicato e compare\u00e7a \u00e0s urnas . Confira [&hellip;]<\/p>\n","protected":false},"author":1,"featured_media":0,"comment_status":"closed","ping_status":"open","sticky":false,"template":"","format":"standard","meta":{"footnotes":""},"categories":[1],"tags":[],"class_list":["post-20176","post","type-post","status-publish","format-standard","hentry","category-noticias"],"yoast_head":"<!-- This site is optimized with the Yoast SEO plugin v25.7 - https:\/\/yoast.com\/wordpress\/plugins\/seo\/ -->\n<title>Come\u00e7a segundo dia de vota\u00e7\u00e3o das elei\u00e7\u00f5es do Sinpro-Rio - Sinpro-Rio<\/title>\n<meta name=\"robots\" content=\"index, follow, max-snippet:-1, max-image-preview:large, max-video-preview:-1\" \/>\n<link rel=\"canonical\" href=\"https:\/\/www.sinpro-rio.org.br\/principal\/comeca-segundo-dia-de-votac-o-das-eleic-es-do-sinpro-rio\/\" \/>\n<meta property=\"og:locale\" content=\"pt_BR\" \/>\n<meta property=\"og:type\" content=\"article\" \/>\n<meta property=\"og:title\" content=\"Come\u00e7a segundo dia de vota\u00e7\u00e3o das elei\u00e7\u00f5es do Sinpro-Rio - Sinpro-Rio\" \/>\n<meta property=\"og:description\" content=\"13\/08\/2014 Professores(as)! Come\u00e7ou o segundo dia das elei\u00e7\u00f5es para o tri\u00eanio 2014-2017, que se estender\u00e3o at\u00e9 14 de agosto. Comiss\u00e3o Eleitoral, candidatos das chapas, mes\u00e1rios, advogados e funcion\u00e1rios da entidade est\u00e3o, desde as 5 horas da manh\u00e3, trabalhando para que tudo ocorra conforme o previsto! Fortale\u00e7a o seu Sindicato e compare\u00e7a \u00e0s urnas . Confira [&hellip;]\" \/>\n<meta property=\"og:url\" content=\"https:\/\/www.sinpro-rio.org.br\/principal\/comeca-segundo-dia-de-votac-o-das-eleic-es-do-sinpro-rio\/\" \/>\n<meta property=\"og:site_name\" content=\"Sinpro-Rio\" \/>\n<meta property=\"article:published_time\" content=\"2014-08-13T00:00:00+00:00\" \/>\n<meta name=\"author\" content=\"rafaelrjp\" \/>\n<meta name=\"twitter:card\" content=\"summary_large_image\" \/>\n<meta name=\"twitter:label1\" content=\"Escrito por\" \/>\n\t<meta name=\"twitter:data1\" content=\"rafaelrjp\" \/>\n\t<meta name=\"twitter:label2\" content=\"Est. tempo de leitura\" \/>\n\t<meta name=\"twitter:data2\" content=\"1 minuto\" \/>\n<script type=\"application\/ld+json\" class=\"yoast-schema-graph\">{\"@context\":\"https:\/\/schema.org\",\"@graph\":[{\"@type\":\"WebPage\",\"@id\":\"https:\/\/www.sinpro-rio.org.br\/principal\/comeca-segundo-dia-de-votac-o-das-eleic-es-do-sinpro-rio\/\",\"url\":\"https:\/\/www.sinpro-rio.org.br\/principal\/comeca-segundo-dia-de-votac-o-das-eleic-es-do-sinpro-rio\/\",\"name\":\"Come\u00e7a segundo dia de vota\u00e7\u00e3o das elei\u00e7\u00f5es do Sinpro-Rio - Sinpro-Rio\",\"isPartOf\":{\"@id\":\"https:\/\/www.sinpro-rio.org.br\/principal\/#website\"},\"datePublished\":\"2014-08-13T00:00:00+00:00\",\"author\":{\"@id\":\"https:\/\/www.sinpro-rio.org.br\/principal\/#\/schema\/person\/49feb585a2f57a31a6bd9f16f78e5be6\"},\"breadcrumb\":{\"@id\":\"https:\/\/www.sinpro-rio.org.br\/principal\/comeca-segundo-dia-de-votac-o-das-eleic-es-do-sinpro-rio\/#breadcrumb\"},\"inLanguage\":\"pt-BR\",\"potentialAction\":[{\"@type\":\"ReadAction\",\"target\":[\"https:\/\/www.sinpro-rio.org.br\/principal\/comeca-segundo-dia-de-votac-o-das-eleic-es-do-sinpro-rio\/\"]}]},{\"@type\":\"BreadcrumbList\",\"@id\":\"https:\/\/www.sinpro-rio.org.br\/principal\/comeca-segundo-dia-de-votac-o-das-eleic-es-do-sinpro-rio\/#breadcrumb\",\"itemListElement\":[{\"@type\":\"ListItem\",\"position\":1,\"name\":\"In\u00edcio\",\"item\":\"https:\/\/www.sinpro-rio.org.br\/principal\/\"},{\"@type\":\"ListItem\",\"position\":2,\"name\":\"Come\u00e7a segundo dia de vota\u00e7\u00e3o das elei\u00e7\u00f5es do Sinpro-Rio\"}]},{\"@type\":\"WebSite\",\"@id\":\"https:\/\/www.sinpro-rio.org.br\/principal\/#website\",\"url\":\"https:\/\/www.sinpro-rio.org.br\/principal\/\",\"name\":\"Sinpro-Rio\",\"description\":\"Sindicato dos Professores do Munic\u00edpio do Rio de Janeiro e Regi\u00e3o\",\"potentialAction\":[{\"@type\":\"SearchAction\",\"target\":{\"@type\":\"EntryPoint\",\"urlTemplate\":\"https:\/\/www.sinpro-rio.org.br\/principal\/?s={search_term_string}\"},\"query-input\":{\"@type\":\"PropertyValueSpecification\",\"valueRequired\":true,\"valueName\":\"search_term_string\"}}],\"inLanguage\":\"pt-BR\"},{\"@type\":\"Person\",\"@id\":\"https:\/\/www.sinpro-rio.org.br\/principal\/#\/schema\/person\/49feb585a2f57a31a6bd9f16f78e5be6\",\"name\":\"rafaelrjp\",\"image\":{\"@type\":\"ImageObject\",\"inLanguage\":\"pt-BR\",\"@id\":\"https:\/\/www.sinpro-rio.org.br\/principal\/#\/schema\/person\/image\/\",\"url\":\"https:\/\/secure.gravatar.com\/avatar\/489371a0ba4655c340b519882c68cf68?s=96&d=mm&r=g\",\"contentUrl\":\"https:\/\/secure.gravatar.com\/avatar\/489371a0ba4655c340b519882c68cf68?s=96&d=mm&r=g\",\"caption\":\"rafaelrjp\"},\"url\":\"https:\/\/www.sinpro-rio.org.br\/principal\/author\/rafaelrjp\/\"}]}<\/script>\n<!-- \/ Yoast SEO plugin. -->","yoast_head_json":{"title":"Come\u00e7a segundo dia de vota\u00e7\u00e3o das elei\u00e7\u00f5es do Sinpro-Rio - Sinpro-Rio","robots":{"index":"index","follow":"follow","max-snippet":"max-snippet:-1","max-image-preview":"max-image-preview:large","max-video-preview":"max-video-preview:-1"},"canonical":"https:\/\/www.sinpro-rio.org.br\/principal\/comeca-segundo-dia-de-votac-o-das-eleic-es-do-sinpro-rio\/","og_locale":"pt_BR","og_type":"article","og_title":"Come\u00e7a segundo dia de vota\u00e7\u00e3o das elei\u00e7\u00f5es do Sinpro-Rio - Sinpro-Rio","og_description":"13\/08\/2014 Professores(as)! Come\u00e7ou o segundo dia das elei\u00e7\u00f5es para o tri\u00eanio 2014-2017, que se estender\u00e3o at\u00e9 14 de agosto. Comiss\u00e3o Eleitoral, candidatos das chapas, mes\u00e1rios, advogados e funcion\u00e1rios da entidade est\u00e3o, desde as 5 horas da manh\u00e3, trabalhando para que tudo ocorra conforme o previsto! Fortale\u00e7a o seu Sindicato e compare\u00e7a \u00e0s urnas . Confira [&hellip;]","og_url":"https:\/\/www.sinpro-rio.org.br\/principal\/comeca-segundo-dia-de-votac-o-das-eleic-es-do-sinpro-rio\/","og_site_name":"Sinpro-Rio","article_published_time":"2014-08-13T00:00:00+00:00","author":"rafaelrjp","twitter_card":"summary_large_image","twitter_misc":{"Escrito por":"rafaelrjp","Est. tempo de leitura":"1 minuto"},"schema":{"@context":"https:\/\/schema.org","@graph":[{"@type":"WebPage","@id":"https:\/\/www.sinpro-rio.org.br\/principal\/comeca-segundo-dia-de-votac-o-das-eleic-es-do-sinpro-rio\/","url":"https:\/\/www.sinpro-rio.org.br\/principal\/comeca-segundo-dia-de-votac-o-das-eleic-es-do-sinpro-rio\/","name":"Come\u00e7a segundo dia de vota\u00e7\u00e3o das elei\u00e7\u00f5es do Sinpro-Rio - Sinpro-Rio","isPartOf":{"@id":"https:\/\/www.sinpro-rio.org.br\/principal\/#website"},"datePublished":"2014-08-13T00:00:00+00:00","author":{"@id":"https:\/\/www.sinpro-rio.org.br\/principal\/#\/schema\/person\/49feb585a2f57a31a6bd9f16f78e5be6"},"breadcrumb":{"@id":"https:\/\/www.sinpro-rio.org.br\/principal\/comeca-segundo-dia-de-votac-o-das-eleic-es-do-sinpro-rio\/#breadcrumb"},"inLanguage":"pt-BR","potentialAction":[{"@type":"ReadAction","target":["https:\/\/www.sinpro-rio.org.br\/principal\/comeca-segundo-dia-de-votac-o-das-eleic-es-do-sinpro-rio\/"]}]},{"@type":"BreadcrumbList","@id":"https:\/\/www.sinpro-rio.org.br\/principal\/comeca-segundo-dia-de-votac-o-das-eleic-es-do-sinpro-rio\/#breadcrumb","itemListElement":[{"@type":"ListItem","position":1,"name":"In\u00edcio","item":"https:\/\/www.sinpro-rio.org.br\/principal\/"},{"@type":"ListItem","position":2,"name":"Come\u00e7a segundo dia de vota\u00e7\u00e3o das elei\u00e7\u00f5es do Sinpro-Rio"}]},{"@type":"WebSite","@id":"https:\/\/www.sinpro-rio.org.br\/principal\/#website","url":"https:\/\/www.sinpro-rio.org.br\/principal\/","name":"Sinpro-Rio","description":"Sindicato dos Professores do Munic\u00edpio do Rio de Janeiro e Regi\u00e3o","potentialAction":[{"@type":"SearchAction","target":{"@type":"EntryPoint","urlTemplate":"https:\/\/www.sinpro-rio.org.br\/principal\/?s={search_term_string}"},"query-input":{"@type":"PropertyValueSpecification","valueRequired":true,"valueName":"search_term_string"}}],"inLanguage":"pt-BR"},{"@type":"Person","@id":"https:\/\/www.sinpro-rio.org.br\/principal\/#\/schema\/person\/49feb585a2f57a31a6bd9f16f78e5be6","name":"rafaelrjp","image":{"@type":"ImageObject","inLanguage":"pt-BR","@id":"https:\/\/www.sinpro-rio.org.br\/principal\/#\/schema\/person\/image\/","url":"https:\/\/secure.gravatar.com\/avatar\/489371a0ba4655c340b519882c68cf68?s=96&d=mm&r=g","contentUrl":"https:\/\/secure.gravatar.com\/avatar\/489371a0ba4655c340b519882c68cf68?s=96&d=mm&r=g","caption":"rafaelrjp"},"url":"https:\/\/www.sinpro-rio.org.br\/principal\/author\/rafaelrjp\/"}]}},"_links":{"self":[{"href":"https:\/\/www.sinpro-rio.org.br\/principal\/wp-json\/wp\/v2\/posts\/20176","targetHints":{"allow":["GET"]}}],"collection":[{"href":"https:\/\/www.sinpro-rio.org.br\/principal\/wp-json\/wp\/v2\/posts"}],"about":[{"href":"https:\/\/www.sinpro-rio.org.br\/principal\/wp-json\/wp\/v2\/types\/post"}],"author":[{"embeddable":true,"href":"https:\/\/www.sinpro-rio.org.br\/principal\/wp-json\/wp\/v2\/users\/1"}],"replies":[{"embeddable":true,"href":"https:\/\/www.sinpro-rio.org.br\/principal\/wp-json\/wp\/v2\/comments?post=20176"}],"version-history":[{"count":0,"href":"https:\/\/www.sinpro-rio.org.br\/principal\/wp-json\/wp\/v2\/posts\/20176\/revisions"}],"wp:attachment":[{"href":"https:\/\/www.sinpro-rio.org.br\/principal\/wp-json\/wp\/v2\/media?parent=20176"}],"wp:term":[{"taxonomy":"category","embeddable":true,"href":"https:\/\/www.sinpro-rio.org.br\/principal\/wp-json\/wp\/v2\/categories?post=20176"},{"taxonomy":"post_tag","embeddable":true,"href":"https:\/\/www.sinpro-rio.org.br\/principal\/wp-json\/wp\/v2\/tags?post=20176"}],"curies":[{"name":"wp","href":"https:\/\/api.w.org\/{rel}","templated":true}]}}