{"id":20173,"date":"2014-09-15T00:00:00","date_gmt":"2014-09-15T00:00:00","guid":{"rendered":""},"modified":"-0001-11-30T00:00:00","modified_gmt":"-0001-11-30T03:00:00","slug":"posse-da-nova-diretoria-19-09-20h-no-colegio-pedro-ii","status":"publish","type":"post","link":"https:\/\/www.sinpro-rio.org.br\/principal\/posse-da-nova-diretoria-19-09-20h-no-colegio-pedro-ii\/","title":{"rendered":"Posse da nova diretoria: 19\/09, 20h, no Col\u00e9gio Pedro II"},"content":{"rendered":"\n<p>\n <em><br \/>\n  15\/09\/2014<br \/>\n <\/em>\n<\/p>\n<p>\n A nova diretoria do Sinpro-Rio, eleita para o tri\u00eanio 2014-2017, tomar\u00e1 posse em solenidade que ser\u00e1 no dia 19 de setembro, \u00e0s 20 horas, no Col\u00e9gio Pedro II, unidade Tijuca.<\/p>\n<p>\n  Conhe\u00e7a a nova diretoria eleita:<\/p>\n<p>\n   <b><br \/>\n    DIRETORIA EXECUTIVA<br \/>\n   <\/b><br \/>\n   <br \/>\n   Presidente: Oswaldo Luis Cordeiro Teles<br \/>\n   <br \/>\n   1\u00ba Vice-Presidente: Afonso Celso Teixeira<br \/>\n   <br \/>\n   2\u00ba Vice-Presidente: Dilson Ribeiro da Silveira<br \/>\n   <br \/>\n   1\u00ba Secret\u00e1rio: Marcelo Pereira<br \/>\n   <br \/>\n   2\u00ba Secret\u00e1rio: Jo\u00e3o Jorge de Ara\u00fajo Arm\u00eanio<br \/>\n   <br \/>\n   1\u00ba Tesoureiro: Antonio Rodrigues da Silva<br \/>\n   <br \/>\n   2\u00ba Tesoureiro: Arnaldo Borba Junior<br \/>\n   <br \/>\n   Procurador: Elson Sim\u00f5es de Paiva<br \/>\n   <br \/>\n   2\u00ba do Jur\u00eddico: F\u00e1tima Rodrigues da Silva<br \/>\n   <br \/>\n   Diretor de organiza\u00e7\u00e3o Sindical: H\u00e9lio de Oliveira Maia<br \/>\n   <br \/>\n   Diretor de Comunica\u00e7\u00e3o: M\u00e1rcio Franco Xavier Vieira<br \/>\n   <br \/>\n   2\u00ba  Diretor de Comunica\u00e7\u00e3o: Marina Job Vasques de Freitas Esp\u00edrito Santo<br \/>\n   <br \/>\n   Diretor de Patrim\u00f4nio: Leila dos Santos Azevedo<br \/>\n   <br \/>\n   Diretor de Educa\u00e7\u00e3o e Cultura: Yara Maria Pereira<br \/>\n   <br \/>\n   2\u00ba Diretor de Educa\u00e7\u00e3o e Cultura: Ana Cl\u00e1udia de Souza Nogueira<\/p>\n<p>\n    <b><br \/>\n     CONSELHO FISCAL<br \/>\n    <\/b><br \/>\n    <br \/>\n    Titulares<br \/>\n    <br \/>\n    Jo\u00e3o Paulo C\u00e2mara Chaves<br \/>\n    <br \/>\n    Wellington Freitas da Silva<br \/>\n    <br \/>\n    Fernando Luis Di Giorgio<br \/>\n    <br \/>\n    Suplentes<br \/>\n    <br \/>\n    Marcos Alexandre Souza Gomes<br \/>\n    <br \/>\n    Ricardo Carvalho de Faria<br \/>\n    <br \/>\n    Adalgiza Burity Silva<\/p>\n<p>\n     <b><br \/>\n      FEDERA\u00c7\u00c3O<br \/>\n     <\/b><br \/>\n     <br \/>\n     Titulares<br \/>\n     <br \/>\n     F\u00e1bio Rodrigo Conde<br \/>\n     <br \/>\n     Deyse  de Souza Coutinho<br \/>\n     <br \/>\n     Suplentes<br \/>\n     <br \/>\n     Paulo Roberto Gentil Leal<br \/>\n     <br \/>\n     Luciano Wilser da Costa Zarur<\/p>\n<p>\n      <b><br \/>\n       DIRETORES DE ZONAIS<br \/>\n      <\/b><br \/>\n      <br \/>\n      Zonal Centro<br \/>\n      <br \/>\n      V\u00e2nia Siciliano Aieta<br \/>\n      <br \/>\n      F\u00e1bio Tadeu de Macedo Santana<br \/>\n      <br \/>\n      Zonal Sul<br \/>\n      <br \/>\n      Ant\u00f4nio C\u00e9sar Pereira<br \/>\n      <br \/>\n      Neide Hanan<br \/>\n      <br \/>\n      Zonal Tijuca<br \/>\n      <br \/>\n      Maria Marta de Andrade Cerqueira<br \/>\n      <br \/>\n      Ivan Guimar\u00e3es Proen\u00e7a<br \/>\n      <br \/>\n      Zonal Barra\/Jacarepagu\u00e1<br \/>\n      <br \/>\n      Ireni Felizardo<br \/>\n      <br \/>\n      Gustavo Henrique Corn\u00e9lio<br \/>\n      <br \/>\n      Zonal M\u00e9ier<br \/>\n      <br \/>\n      Marco T\u00falio Paolino<br \/>\n      <br \/>\n      Jayram Saraiva Uchoa<br \/>\n      <br \/>\n      Zonal Central<br \/>\n      <br \/>\n      Luiz Henrique Rodrigues Bandeira<br \/>\n      <br \/>\n      Eliza Barbosa de Souza Estev\u00e3o<br \/>\n      <br \/>\n      Zonal Oeste (Campo Grande)<br \/>\n      <br \/>\n      Cristina Teodoro<br \/>\n      <br \/>\n      Val\u00e9ria Cristina Rezende Lobo<br \/>\n      <br \/>\n      Zonal Leopoldina<br \/>\n      <br \/>\n      M\u00e1rcio Ant\u00f4nio Guimar\u00e3es Aguiar<br \/>\n      <br \/>\n      Andr\u00e9 Luiz de Azevedo<br \/>\n      <br \/>\n      Zonal Ilha do Governador<br \/>\n      <br \/>\n      Orlando Falsett Filho<br \/>\n      <br \/>\n      Marcelo Ferreira de Santanna\n     <\/p>\n<\/p>\n<\/p>\n<\/p>\n<p>\n Conhe\u00e7a a nova diretoria eleita:<\/p>\n<p>\n  <b><br \/>\n   DIRETORIA EXECUTIVA<br \/>\n  <\/b><br \/>\n  <br \/>\n  Presidente: Oswaldo Luis Cordeiro Teles<br \/>\n  <br \/>\n  1\u00ba Vice-Presidente: Afonso Celso Teixeira<br \/>\n  <br \/>\n  2\u00ba Vice-Presidente: Dilson Ribeiro da Silveira<br \/>\n  <br \/>\n  1\u00ba Secret\u00e1rio: Marcelo Pereira<br \/>\n  <br \/>\n  2\u00ba Secret\u00e1rio: Jo\u00e3o Jorge de Ara\u00fajo Arm\u00eanio<br \/>\n  <br \/>\n  1\u00ba Tesoureiro: Antonio Rodrigues da Silva<br \/>\n  <br \/>\n  2\u00ba Tesoureiro: Arnaldo Borba Junior<br \/>\n  <br \/>\n  Procurador: Elson Sim\u00f5es de Paiva<br \/>\n  <br \/>\n  2\u00ba do Jur\u00eddico: F\u00e1tima Rodrigues da Silva<br \/>\n  <br \/>\n  Diretor de organiza\u00e7\u00e3o Sindical: H\u00e9lio de Oliveira Maia<br \/>\n  <br \/>\n  Diretor de Comunica\u00e7\u00e3o: M\u00e1rcio Franco Xavier Vieira<br \/>\n  <br \/>\n  2\u00ba  Diretor de Comunica\u00e7\u00e3o: Marina Job Vasques de Freitas Esp\u00edrito Santo<br \/>\n  <br \/>\n  Diretor de Patrim\u00f4nio: Leila dos Santos Azevedo<br \/>\n  <br \/>\n  Diretor de Educa\u00e7\u00e3o e Cultura: Yara Maria Pereira<br \/>\n  <br \/>\n  2\u00ba Diretor de Educa\u00e7\u00e3o e Cultura: Ana Cl\u00e1udia de Souza Nogueira<\/p>\n<p>\n   <b><br \/>\n    CONSELHO FISCAL<br \/>\n   <\/b><br \/>\n   <br \/>\n   Titulares<br \/>\n   <br \/>\n   Jo\u00e3o Paulo C\u00e2mara Chaves<br \/>\n   <br \/>\n   Wellington Freitas da Silva<br \/>\n   <br \/>\n   Fernando Luis Di Giorgio<br \/>\n   <br \/>\n   Suplentes<br \/>\n   <br \/>\n   Marcos Alexandre Souza Gomes<br \/>\n   <br \/>\n   Ricardo Carvalho de Faria<br \/>\n   <br \/>\n   Adalgiza Burity Silva<\/p>\n<p>\n    <b><br \/>\n     FEDERA\u00c7\u00c3O<br \/>\n    <\/b><br \/>\n    <br \/>\n    Titulares<br \/>\n    <br \/>\n    F\u00e1bio Rodrigo Conde<br \/>\n    <br \/>\n    Deyse  de Souza Coutinho<br \/>\n    <br \/>\n    Suplentes<br \/>\n    <br \/>\n    Paulo Roberto Gentil Leal<br \/>\n    <br \/>\n    Luciano Wilser da Costa Zarur<\/p>\n<p>\n     <b><br \/>\n      DIRETORES DE ZONAIS<br \/>\n     <\/b><br \/>\n     <br \/>\n     Zonal Centro<br \/>\n     <br \/>\n     V\u00e2nia Siciliano Aieta<br \/>\n     <br \/>\n     F\u00e1bio Tadeu de Macedo Santana<br \/>\n     <br \/>\n     Zonal Sul<br \/>\n     <br \/>\n     Ant\u00f4nio C\u00e9sar Pereira<br \/>\n     <br \/>\n     Neide Hanan<br \/>\n     <br \/>\n     Zonal Tijuca<br \/>\n     <br \/>\n     Maria Marta de Andrade Cerqueira<br \/>\n     <br \/>\n     Ivan Guimar\u00e3es Proen\u00e7a<br \/>\n     <br \/>\n     Zonal Barra\/Jacarepagu\u00e1<br \/>\n     <br \/>\n     Ireni Felizardo<br \/>\n     <br \/>\n     Gustavo Henrique Corn\u00e9lio<br \/>\n     <br \/>\n     Zonal M\u00e9ier<br \/>\n     <br \/>\n     Marco T\u00falio Paolino<br \/>\n     <br \/>\n     Jayram Saraiva Uchoa<br \/>\n     <br \/>\n     Zonal Central<br \/>\n     <br \/>\n     Luiz Henrique Rodrigues Bandeira<br \/>\n     <br \/>\n     Eliza Barbosa de Souza Estev\u00e3o<br \/>\n     <br \/>\n     Zonal Oeste (Campo Grande)<br \/>\n     <br \/>\n     Cristina Teodoro<br \/>\n     <br \/>\n     Val\u00e9ria Cristina Rezende Lobo<br \/>\n     <br \/>\n     Zonal Leopoldina<br \/>\n     <br \/>\n     M\u00e1rcio Ant\u00f4nio Guimar\u00e3es Aguiar<br \/>\n     <br \/>\n     Andr\u00e9 Luiz de Azevedo<br \/>\n     <br \/>\n     Zonal Ilha do Governador<br \/>\n     <br \/>\n     Orlando Falsett Filho<br \/>\n     <br \/>\n     Marcelo Ferreira de Santanna\n    <\/p>\n<\/p>\n<\/p>\n<p>\n <b><br \/>\n  DIRETORIA EXECUTIVA<br \/>\n <\/b><br \/>\n <br \/>\n Presidente: Oswaldo Luis Cordeiro Teles<br \/>\n <br \/>\n 1\u00ba Vice-Presidente: Afonso Celso Teixeira<br \/>\n <br \/>\n 2\u00ba Vice-Presidente: Dilson Ribeiro da Silveira<br \/>\n <br \/>\n 1\u00ba Secret\u00e1rio: Marcelo Pereira<br \/>\n <br \/>\n 2\u00ba Secret\u00e1rio: Jo\u00e3o Jorge de Ara\u00fajo Arm\u00eanio<br \/>\n <br \/>\n 1\u00ba Tesoureiro: Antonio Rodrigues da Silva<br \/>\n <br \/>\n 2\u00ba Tesoureiro: Arnaldo Borba Junior<br \/>\n <br \/>\n Procurador: Elson Sim\u00f5es de Paiva<br \/>\n <br \/>\n 2\u00ba do Jur\u00eddico: F\u00e1tima Rodrigues da Silva<br \/>\n <br \/>\n Diretor de organiza\u00e7\u00e3o Sindical: H\u00e9lio de Oliveira Maia<br \/>\n <br \/>\n Diretor de Comunica\u00e7\u00e3o: M\u00e1rcio Franco Xavier Vieira<br \/>\n <br \/>\n 2\u00ba  Diretor de Comunica\u00e7\u00e3o: Marina Job Vasques de Freitas Esp\u00edrito Santo<br \/>\n <br \/>\n Diretor de Patrim\u00f4nio: Leila dos Santos Azevedo<br \/>\n <br \/>\n Diretor de Educa\u00e7\u00e3o e Cultura: Yara Maria Pereira<br \/>\n <br \/>\n 2\u00ba Diretor de Educa\u00e7\u00e3o e Cultura: Ana Cl\u00e1udia de Souza Nogueira<\/p>\n<p>\n  <b><br \/>\n   CONSELHO FISCAL<br \/>\n  <\/b><br \/>\n  <br \/>\n  Titulares<br \/>\n  <br \/>\n  Jo\u00e3o Paulo C\u00e2mara Chaves<br \/>\n  <br \/>\n  Wellington Freitas da Silva<br \/>\n  <br \/>\n  Fernando Luis Di Giorgio<br \/>\n  <br \/>\n  Suplentes<br \/>\n  <br \/>\n  Marcos Alexandre Souza Gomes<br \/>\n  <br \/>\n  Ricardo Carvalho de Faria<br \/>\n  <br \/>\n  Adalgiza Burity Silva<\/p>\n<p>\n   <b><br \/>\n    FEDERA\u00c7\u00c3O<br \/>\n   <\/b><br \/>\n   <br \/>\n   Titulares<br \/>\n   <br \/>\n   F\u00e1bio Rodrigo Conde<br \/>\n   <br \/>\n   Deyse  de Souza Coutinho<br \/>\n   <br \/>\n   Suplentes<br \/>\n   <br \/>\n   Paulo Roberto Gentil Leal<br \/>\n   <br \/>\n   Luciano Wilser da Costa Zarur<\/p>\n<p>\n    <b><br \/>\n     DIRETORES DE ZONAIS<br \/>\n    <\/b><br \/>\n    <br \/>\n    Zonal Centro<br \/>\n    <br \/>\n    V\u00e2nia Siciliano Aieta<br \/>\n    <br \/>\n    F\u00e1bio Tadeu de Macedo Santana<br \/>\n    <br \/>\n    Zonal Sul<br \/>\n    <br \/>\n    Ant\u00f4nio C\u00e9sar Pereira<br \/>\n    <br \/>\n    Neide Hanan<br \/>\n    <br \/>\n    Zonal Tijuca<br \/>\n    <br \/>\n    Maria Marta de Andrade Cerqueira<br \/>\n    <br \/>\n    Ivan Guimar\u00e3es Proen\u00e7a<br \/>\n    <br \/>\n    Zonal Barra\/Jacarepagu\u00e1<br \/>\n    <br \/>\n    Ireni Felizardo<br \/>\n    <br \/>\n    Gustavo Henrique Corn\u00e9lio<br \/>\n    <br \/>\n    Zonal M\u00e9ier<br \/>\n    <br \/>\n    Marco T\u00falio Paolino<br \/>\n    <br \/>\n    Jayram Saraiva Uchoa<br \/>\n    <br \/>\n    Zonal Central<br \/>\n    <br \/>\n    Luiz Henrique Rodrigues Bandeira<br \/>\n    <br \/>\n    Eliza Barbosa de Souza Estev\u00e3o<br \/>\n    <br \/>\n    Zonal Oeste (Campo Grande)<br \/>\n    <br \/>\n    Cristina Teodoro<br \/>\n    <br \/>\n    Val\u00e9ria Cristina Rezende Lobo<br \/>\n    <br \/>\n    Zonal Leopoldina<br \/>\n    <br \/>\n    M\u00e1rcio Ant\u00f4nio Guimar\u00e3es Aguiar<br \/>\n    <br \/>\n    Andr\u00e9 Luiz de Azevedo<br \/>\n    <br \/>\n    Zonal Ilha do Governador<br \/>\n    <br \/>\n    Orlando Falsett Filho<br \/>\n    <br \/>\n    Marcelo Ferreira de Santanna\n   <\/p>\n<\/p>\n<\/p>\n<p>\n <b><br \/>\n  CONSELHO FISCAL<br \/>\n <\/b><br \/>\n <br \/>\n Titulares<br \/>\n <br \/>\n Jo\u00e3o Paulo C\u00e2mara Chaves<br \/>\n <br \/>\n Wellington Freitas da Silva<br \/>\n <br \/>\n Fernando Luis Di Giorgio<br \/>\n <br \/>\n Suplentes<br \/>\n <br \/>\n Marcos Alexandre Souza Gomes<br \/>\n <br \/>\n Ricardo Carvalho de Faria<br \/>\n <br \/>\n Adalgiza Burity Silva<\/p>\n<p>\n  <b><br \/>\n   FEDERA\u00c7\u00c3O<br \/>\n  <\/b><br \/>\n  <br \/>\n  Titulares<br \/>\n  <br \/>\n  F\u00e1bio Rodrigo Conde<br \/>\n  <br \/>\n  Deyse  de Souza Coutinho<br \/>\n  <br \/>\n  Suplentes<br \/>\n  <br \/>\n  Paulo Roberto Gentil Leal<br \/>\n  <br \/>\n  Luciano Wilser da Costa Zarur<\/p>\n<p>\n   <b><br \/>\n    DIRETORES DE ZONAIS<br \/>\n   <\/b><br \/>\n   <br \/>\n   Zonal Centro<br \/>\n   <br \/>\n   V\u00e2nia Siciliano Aieta<br \/>\n   <br \/>\n   F\u00e1bio Tadeu de Macedo Santana<br \/>\n   <br \/>\n   Zonal Sul<br \/>\n   <br \/>\n   Ant\u00f4nio C\u00e9sar Pereira<br \/>\n   <br \/>\n   Neide Hanan<br \/>\n   <br \/>\n   Zonal Tijuca<br \/>\n   <br \/>\n   Maria Marta de Andrade Cerqueira<br \/>\n   <br \/>\n   Ivan Guimar\u00e3es Proen\u00e7a<br \/>\n   <br \/>\n   Zonal Barra\/Jacarepagu\u00e1<br \/>\n   <br \/>\n   Ireni Felizardo<br \/>\n   <br \/>\n   Gustavo Henrique Corn\u00e9lio<br \/>\n   <br \/>\n   Zonal M\u00e9ier<br \/>\n   <br \/>\n   Marco T\u00falio Paolino<br \/>\n   <br \/>\n   Jayram Saraiva Uchoa<br \/>\n   <br \/>\n   Zonal Central<br \/>\n   <br \/>\n   Luiz Henrique Rodrigues Bandeira<br \/>\n   <br \/>\n   Eliza Barbosa de Souza Estev\u00e3o<br \/>\n   <br \/>\n   Zonal Oeste (Campo Grande)<br \/>\n   <br \/>\n   Cristina Teodoro<br \/>\n   <br \/>\n   Val\u00e9ria Cristina Rezende Lobo<br \/>\n   <br \/>\n   Zonal Leopoldina<br \/>\n   <br \/>\n   M\u00e1rcio Ant\u00f4nio Guimar\u00e3es Aguiar<br \/>\n   <br \/>\n   Andr\u00e9 Luiz de Azevedo<br \/>\n   <br \/>\n   Zonal Ilha do Governador<br \/>\n   <br \/>\n   Orlando Falsett Filho<br \/>\n   <br \/>\n   Marcelo Ferreira de Santanna\n  <\/p>\n<\/p>\n<p>\n <b><br \/>\n  FEDERA\u00c7\u00c3O<br \/>\n <\/b><br \/>\n <br \/>\n Titulares<br \/>\n <br \/>\n F\u00e1bio Rodrigo Conde<br \/>\n <br \/>\n Deyse  de Souza Coutinho<br \/>\n <br \/>\n Suplentes<br \/>\n <br \/>\n Paulo Roberto Gentil Leal<br \/>\n <br \/>\n Luciano Wilser da Costa Zarur<\/p>\n<p>\n  <b><br \/>\n   DIRETORES DE ZONAIS<br \/>\n  <\/b><br \/>\n  <br \/>\n  Zonal Centro<br \/>\n  <br \/>\n  V\u00e2nia Siciliano Aieta<br \/>\n  <br \/>\n  F\u00e1bio Tadeu de Macedo Santana<br \/>\n  <br \/>\n  Zonal Sul<br \/>\n  <br \/>\n  Ant\u00f4nio C\u00e9sar Pereira<br \/>\n  <br \/>\n  Neide Hanan<br \/>\n  <br \/>\n  Zonal Tijuca<br \/>\n  <br \/>\n  Maria Marta de Andrade Cerqueira<br \/>\n  <br \/>\n  Ivan Guimar\u00e3es Proen\u00e7a<br \/>\n  <br \/>\n  Zonal Barra\/Jacarepagu\u00e1<br \/>\n  <br \/>\n  Ireni Felizardo<br \/>\n  <br \/>\n  Gustavo Henrique Corn\u00e9lio<br \/>\n  <br \/>\n  Zonal M\u00e9ier<br \/>\n  <br \/>\n  Marco T\u00falio Paolino<br \/>\n  <br \/>\n  Jayram Saraiva Uchoa<br \/>\n  <br \/>\n  Zonal Central<br \/>\n  <br \/>\n  Luiz Henrique Rodrigues Bandeira<br \/>\n  <br \/>\n  Eliza Barbosa de Souza Estev\u00e3o<br \/>\n  <br \/>\n  Zonal Oeste (Campo Grande)<br \/>\n  <br \/>\n  Cristina Teodoro<br \/>\n  <br \/>\n  Val\u00e9ria Cristina Rezende Lobo<br \/>\n  <br \/>\n  Zonal Leopoldina<br \/>\n  <br \/>\n  M\u00e1rcio Ant\u00f4nio Guimar\u00e3es Aguiar<br \/>\n  <br \/>\n  Andr\u00e9 Luiz de Azevedo<br \/>\n  <br \/>\n  Zonal Ilha do Governador<br \/>\n  <br \/>\n  Orlando Falsett Filho<br \/>\n  <br \/>\n  Marcelo Ferreira de Santanna\n <\/p>\n<\/p>\n<p>\n <b><br \/>\n  DIRETORES DE ZONAIS<br \/>\n <\/b><br \/>\n <br \/>\n Zonal Centro<br \/>\n <br \/>\n V\u00e2nia Siciliano Aieta<br \/>\n <br \/>\n F\u00e1bio Tadeu de Macedo Santana<br \/>\n <br \/>\n Zonal Sul<br \/>\n <br \/>\n Ant\u00f4nio C\u00e9sar Pereira<br \/>\n <br \/>\n Neide Hanan<br \/>\n <br \/>\n Zonal Tijuca<br \/>\n <br \/>\n Maria Marta de Andrade Cerqueira<br \/>\n <br \/>\n Ivan Guimar\u00e3es Proen\u00e7a<br \/>\n <br \/>\n Zonal Barra\/Jacarepagu\u00e1<br \/>\n <br \/>\n Ireni Felizardo<br \/>\n <br \/>\n Gustavo Henrique Corn\u00e9lio<br \/>\n <br \/>\n Zonal M\u00e9ier<br \/>\n <br \/>\n Marco T\u00falio Paolino<br \/>\n <br \/>\n Jayram Saraiva Uchoa<br \/>\n <br \/>\n Zonal Central<br \/>\n <br \/>\n Luiz Henrique Rodrigues Bandeira<br \/>\n <br \/>\n Eliza Barbosa de Souza Estev\u00e3o<br \/>\n <br \/>\n Zonal Oeste (Campo Grande)<br \/>\n <br \/>\n Cristina Teodoro<br \/>\n <br \/>\n Val\u00e9ria Cristina Rezende Lobo<br \/>\n <br \/>\n Zonal Leopoldina<br \/>\n <br \/>\n M\u00e1rcio Ant\u00f4nio Guimar\u00e3es Aguiar<br \/>\n <br \/>\n Andr\u00e9 Luiz de Azevedo<br \/>\n <br \/>\n Zonal Ilha do Governador<br \/>\n <br \/>\n Orlando Falsett Filho<br \/>\n <br \/>\n Marcelo Ferreira de Santanna<\/p>\n","protected":false},"excerpt":{"rendered":"<p>15\/09\/2014 A nova diretoria do Sinpro-Rio, eleita para o tri\u00eanio 2014-2017, tomar\u00e1 posse em solenidade que ser\u00e1 no dia 19 de setembro, \u00e0s 20 horas, no Col\u00e9gio Pedro II, unidade Tijuca. Conhe\u00e7a a nova diretoria eleita: DIRETORIA EXECUTIVA Presidente: Oswaldo Luis Cordeiro Teles 1\u00ba Vice-Presidente: Afonso Celso Teixeira 2\u00ba Vice-Presidente: Dilson Ribeiro da Silveira 1\u00ba [&hellip;]<\/p>\n","protected":false},"author":1,"featured_media":0,"comment_status":"closed","ping_status":"open","sticky":false,"template":"","format":"standard","meta":{"footnotes":""},"categories":[1],"tags":[],"class_list":["post-20173","post","type-post","status-publish","format-standard","hentry","category-noticias"],"yoast_head":"<!-- This site is optimized with the Yoast SEO plugin v25.7 - https:\/\/yoast.com\/wordpress\/plugins\/seo\/ -->\n<title>Posse da nova diretoria: 19\/09, 20h, no Col\u00e9gio Pedro II - Sinpro-Rio<\/title>\n<meta name=\"robots\" content=\"index, follow, max-snippet:-1, max-image-preview:large, max-video-preview:-1\" \/>\n<link rel=\"canonical\" href=\"https:\/\/www.sinpro-rio.org.br\/principal\/posse-da-nova-diretoria-19-09-20h-no-colegio-pedro-ii\/\" \/>\n<meta property=\"og:locale\" content=\"pt_BR\" \/>\n<meta property=\"og:type\" content=\"article\" \/>\n<meta property=\"og:title\" content=\"Posse da nova diretoria: 19\/09, 20h, no Col\u00e9gio Pedro II - Sinpro-Rio\" \/>\n<meta property=\"og:description\" content=\"15\/09\/2014 A nova diretoria do Sinpro-Rio, eleita para o tri\u00eanio 2014-2017, tomar\u00e1 posse em solenidade que ser\u00e1 no dia 19 de setembro, \u00e0s 20 horas, no Col\u00e9gio Pedro II, unidade Tijuca. Conhe\u00e7a a nova diretoria eleita: DIRETORIA EXECUTIVA Presidente: Oswaldo Luis Cordeiro Teles 1\u00ba Vice-Presidente: Afonso Celso Teixeira 2\u00ba Vice-Presidente: Dilson Ribeiro da Silveira 1\u00ba [&hellip;]\" \/>\n<meta property=\"og:url\" content=\"https:\/\/www.sinpro-rio.org.br\/principal\/posse-da-nova-diretoria-19-09-20h-no-colegio-pedro-ii\/\" \/>\n<meta property=\"og:site_name\" content=\"Sinpro-Rio\" \/>\n<meta property=\"article:published_time\" content=\"2014-09-15T00:00:00+00:00\" \/>\n<meta name=\"author\" content=\"rafaelrjp\" \/>\n<meta name=\"twitter:card\" content=\"summary_large_image\" \/>\n<meta name=\"twitter:label1\" content=\"Escrito por\" \/>\n\t<meta name=\"twitter:data1\" content=\"rafaelrjp\" \/>\n\t<meta name=\"twitter:label2\" content=\"Est. tempo de leitura\" \/>\n\t<meta name=\"twitter:data2\" content=\"6 minutos\" \/>\n<script type=\"application\/ld+json\" class=\"yoast-schema-graph\">{\"@context\":\"https:\/\/schema.org\",\"@graph\":[{\"@type\":\"WebPage\",\"@id\":\"https:\/\/www.sinpro-rio.org.br\/principal\/posse-da-nova-diretoria-19-09-20h-no-colegio-pedro-ii\/\",\"url\":\"https:\/\/www.sinpro-rio.org.br\/principal\/posse-da-nova-diretoria-19-09-20h-no-colegio-pedro-ii\/\",\"name\":\"Posse da nova diretoria: 19\/09, 20h, no Col\u00e9gio Pedro II - Sinpro-Rio\",\"isPartOf\":{\"@id\":\"https:\/\/www.sinpro-rio.org.br\/principal\/#website\"},\"datePublished\":\"2014-09-15T00:00:00+00:00\",\"author\":{\"@id\":\"https:\/\/www.sinpro-rio.org.br\/principal\/#\/schema\/person\/49feb585a2f57a31a6bd9f16f78e5be6\"},\"breadcrumb\":{\"@id\":\"https:\/\/www.sinpro-rio.org.br\/principal\/posse-da-nova-diretoria-19-09-20h-no-colegio-pedro-ii\/#breadcrumb\"},\"inLanguage\":\"pt-BR\",\"potentialAction\":[{\"@type\":\"ReadAction\",\"target\":[\"https:\/\/www.sinpro-rio.org.br\/principal\/posse-da-nova-diretoria-19-09-20h-no-colegio-pedro-ii\/\"]}]},{\"@type\":\"BreadcrumbList\",\"@id\":\"https:\/\/www.sinpro-rio.org.br\/principal\/posse-da-nova-diretoria-19-09-20h-no-colegio-pedro-ii\/#breadcrumb\",\"itemListElement\":[{\"@type\":\"ListItem\",\"position\":1,\"name\":\"In\u00edcio\",\"item\":\"https:\/\/www.sinpro-rio.org.br\/principal\/\"},{\"@type\":\"ListItem\",\"position\":2,\"name\":\"Posse da nova diretoria: 19\/09, 20h, no Col\u00e9gio Pedro II\"}]},{\"@type\":\"WebSite\",\"@id\":\"https:\/\/www.sinpro-rio.org.br\/principal\/#website\",\"url\":\"https:\/\/www.sinpro-rio.org.br\/principal\/\",\"name\":\"Sinpro-Rio\",\"description\":\"Sindicato dos Professores do Munic\u00edpio do Rio de Janeiro e Regi\u00e3o\",\"potentialAction\":[{\"@type\":\"SearchAction\",\"target\":{\"@type\":\"EntryPoint\",\"urlTemplate\":\"https:\/\/www.sinpro-rio.org.br\/principal\/?s={search_term_string}\"},\"query-input\":{\"@type\":\"PropertyValueSpecification\",\"valueRequired\":true,\"valueName\":\"search_term_string\"}}],\"inLanguage\":\"pt-BR\"},{\"@type\":\"Person\",\"@id\":\"https:\/\/www.sinpro-rio.org.br\/principal\/#\/schema\/person\/49feb585a2f57a31a6bd9f16f78e5be6\",\"name\":\"rafaelrjp\",\"image\":{\"@type\":\"ImageObject\",\"inLanguage\":\"pt-BR\",\"@id\":\"https:\/\/www.sinpro-rio.org.br\/principal\/#\/schema\/person\/image\/\",\"url\":\"https:\/\/secure.gravatar.com\/avatar\/489371a0ba4655c340b519882c68cf68?s=96&d=mm&r=g\",\"contentUrl\":\"https:\/\/secure.gravatar.com\/avatar\/489371a0ba4655c340b519882c68cf68?s=96&d=mm&r=g\",\"caption\":\"rafaelrjp\"},\"url\":\"https:\/\/www.sinpro-rio.org.br\/principal\/author\/rafaelrjp\/\"}]}<\/script>\n<!-- \/ Yoast SEO plugin. -->","yoast_head_json":{"title":"Posse da nova diretoria: 19\/09, 20h, no Col\u00e9gio Pedro II - Sinpro-Rio","robots":{"index":"index","follow":"follow","max-snippet":"max-snippet:-1","max-image-preview":"max-image-preview:large","max-video-preview":"max-video-preview:-1"},"canonical":"https:\/\/www.sinpro-rio.org.br\/principal\/posse-da-nova-diretoria-19-09-20h-no-colegio-pedro-ii\/","og_locale":"pt_BR","og_type":"article","og_title":"Posse da nova diretoria: 19\/09, 20h, no Col\u00e9gio Pedro II - Sinpro-Rio","og_description":"15\/09\/2014 A nova diretoria do Sinpro-Rio, eleita para o tri\u00eanio 2014-2017, tomar\u00e1 posse em solenidade que ser\u00e1 no dia 19 de setembro, \u00e0s 20 horas, no Col\u00e9gio Pedro II, unidade Tijuca. Conhe\u00e7a a nova diretoria eleita: DIRETORIA EXECUTIVA Presidente: Oswaldo Luis Cordeiro Teles 1\u00ba Vice-Presidente: Afonso Celso Teixeira 2\u00ba Vice-Presidente: Dilson Ribeiro da Silveira 1\u00ba [&hellip;]","og_url":"https:\/\/www.sinpro-rio.org.br\/principal\/posse-da-nova-diretoria-19-09-20h-no-colegio-pedro-ii\/","og_site_name":"Sinpro-Rio","article_published_time":"2014-09-15T00:00:00+00:00","author":"rafaelrjp","twitter_card":"summary_large_image","twitter_misc":{"Escrito por":"rafaelrjp","Est. tempo de leitura":"6 minutos"},"schema":{"@context":"https:\/\/schema.org","@graph":[{"@type":"WebPage","@id":"https:\/\/www.sinpro-rio.org.br\/principal\/posse-da-nova-diretoria-19-09-20h-no-colegio-pedro-ii\/","url":"https:\/\/www.sinpro-rio.org.br\/principal\/posse-da-nova-diretoria-19-09-20h-no-colegio-pedro-ii\/","name":"Posse da nova diretoria: 19\/09, 20h, no Col\u00e9gio Pedro II - Sinpro-Rio","isPartOf":{"@id":"https:\/\/www.sinpro-rio.org.br\/principal\/#website"},"datePublished":"2014-09-15T00:00:00+00:00","author":{"@id":"https:\/\/www.sinpro-rio.org.br\/principal\/#\/schema\/person\/49feb585a2f57a31a6bd9f16f78e5be6"},"breadcrumb":{"@id":"https:\/\/www.sinpro-rio.org.br\/principal\/posse-da-nova-diretoria-19-09-20h-no-colegio-pedro-ii\/#breadcrumb"},"inLanguage":"pt-BR","potentialAction":[{"@type":"ReadAction","target":["https:\/\/www.sinpro-rio.org.br\/principal\/posse-da-nova-diretoria-19-09-20h-no-colegio-pedro-ii\/"]}]},{"@type":"BreadcrumbList","@id":"https:\/\/www.sinpro-rio.org.br\/principal\/posse-da-nova-diretoria-19-09-20h-no-colegio-pedro-ii\/#breadcrumb","itemListElement":[{"@type":"ListItem","position":1,"name":"In\u00edcio","item":"https:\/\/www.sinpro-rio.org.br\/principal\/"},{"@type":"ListItem","position":2,"name":"Posse da nova diretoria: 19\/09, 20h, no Col\u00e9gio Pedro II"}]},{"@type":"WebSite","@id":"https:\/\/www.sinpro-rio.org.br\/principal\/#website","url":"https:\/\/www.sinpro-rio.org.br\/principal\/","name":"Sinpro-Rio","description":"Sindicato dos Professores do Munic\u00edpio do Rio de Janeiro e Regi\u00e3o","potentialAction":[{"@type":"SearchAction","target":{"@type":"EntryPoint","urlTemplate":"https:\/\/www.sinpro-rio.org.br\/principal\/?s={search_term_string}"},"query-input":{"@type":"PropertyValueSpecification","valueRequired":true,"valueName":"search_term_string"}}],"inLanguage":"pt-BR"},{"@type":"Person","@id":"https:\/\/www.sinpro-rio.org.br\/principal\/#\/schema\/person\/49feb585a2f57a31a6bd9f16f78e5be6","name":"rafaelrjp","image":{"@type":"ImageObject","inLanguage":"pt-BR","@id":"https:\/\/www.sinpro-rio.org.br\/principal\/#\/schema\/person\/image\/","url":"https:\/\/secure.gravatar.com\/avatar\/489371a0ba4655c340b519882c68cf68?s=96&d=mm&r=g","contentUrl":"https:\/\/secure.gravatar.com\/avatar\/489371a0ba4655c340b519882c68cf68?s=96&d=mm&r=g","caption":"rafaelrjp"},"url":"https:\/\/www.sinpro-rio.org.br\/principal\/author\/rafaelrjp\/"}]}},"_links":{"self":[{"href":"https:\/\/www.sinpro-rio.org.br\/principal\/wp-json\/wp\/v2\/posts\/20173","targetHints":{"allow":["GET"]}}],"collection":[{"href":"https:\/\/www.sinpro-rio.org.br\/principal\/wp-json\/wp\/v2\/posts"}],"about":[{"href":"https:\/\/www.sinpro-rio.org.br\/principal\/wp-json\/wp\/v2\/types\/post"}],"author":[{"embeddable":true,"href":"https:\/\/www.sinpro-rio.org.br\/principal\/wp-json\/wp\/v2\/users\/1"}],"replies":[{"embeddable":true,"href":"https:\/\/www.sinpro-rio.org.br\/principal\/wp-json\/wp\/v2\/comments?post=20173"}],"version-history":[{"count":0,"href":"https:\/\/www.sinpro-rio.org.br\/principal\/wp-json\/wp\/v2\/posts\/20173\/revisions"}],"wp:attachment":[{"href":"https:\/\/www.sinpro-rio.org.br\/principal\/wp-json\/wp\/v2\/media?parent=20173"}],"wp:term":[{"taxonomy":"category","embeddable":true,"href":"https:\/\/www.sinpro-rio.org.br\/principal\/wp-json\/wp\/v2\/categories?post=20173"},{"taxonomy":"post_tag","embeddable":true,"href":"https:\/\/www.sinpro-rio.org.br\/principal\/wp-json\/wp\/v2\/tags?post=20173"}],"curies":[{"name":"wp","href":"https:\/\/api.w.org\/{rel}","templated":true}]}}