{"id":20150,"date":"2014-10-14T00:00:00","date_gmt":"2014-10-14T00:00:00","guid":{"rendered":""},"modified":"-0001-11-30T00:00:00","modified_gmt":"-0001-11-30T03:00:00","slug":"porque-dilma-e-o-melhor-para-o-brasil","status":"publish","type":"post","link":"https:\/\/www.sinpro-rio.org.br\/principal\/porque-dilma-e-o-melhor-para-o-brasil\/","title":{"rendered":"Porque Dilma \u00e9 o melhor para o Brasil."},"content":{"rendered":"\n<p>\n <em><br \/>\n  14\/10\/2014<br \/>\n <\/em>\n<\/p>\n<p>\n Como fez com Vargas, na d\u00e9cada de 50, e com Jo\u00e3o Goulart, no in\u00edcio dos anos 60, a \u201cgrande\u201d m\u00eddia tenta criar uma crise no Brasil. Uma crise que \u00e9 mundial<br \/>\ne que o nosso pa\u00eds, mesmo com um crescimento abaixo do esperado, conseguiu suplantar, mantendo o emprego dos nossos trabalhadores, com o mais baixo \u00edndice de<br \/>\ndesemprego das \u00faltimas d\u00e9cadas, mantendo, inclusive, investimentos sociais \u2013 coisa que a Europa e os Estados Unidos n\u00e3o conseguiram \u2013 o que incomoda as for\u00e7as<br \/>\nelitistas que sempre defenderam a privatiza\u00e7\u00e3o de nossas empresas estrat\u00e9gicas e que sempre favoreceram sem limita\u00e7\u00f5es o capital internacional voraz.<\/p>\n<p>\n  Os ataques dessa m\u00eddia \u00e0 presidenta Dilma e ao PT se intensificaram quando o ent\u00e3o presidente Lula defendeu os interesses nacionais e regulamentou a<br \/>\nexplora\u00e7\u00e3o do petr\u00f3leo, destinando 70% dos royalts do cobi\u00e7ado pr\u00e9-sal \u00e0 educa\u00e7\u00e3o. Na verdade, tais ataques s\u00e3o uma tentativa desesperada dessa direita<br \/>\n\u201cbrasileira\u201d de criar uma atmosfera prop\u00edcia a sua volta ao poder, para que, novamente, tente privatizar a Petrobr\u00e1s (que o Governo FHC denominou Petrobrax,<br \/>\npara torn\u00e1-la palat\u00e1vel ao mercado internacional), al\u00e9m de flexibilizar os nossos direitos trabalhistas e fechar os olhos para a destrui\u00e7\u00e3o das nossas<br \/>\nreservas naturais pelos inescrupulosos agro negociantes.<\/p>\n<p>\n   Entendermos que, nesse momento, devemos votar no projeto vigente de um Brasil soberano que tirou milh\u00f5es de brasileiros da mis\u00e9ria, dinamizou a ind\u00fastria<br \/>\nnaval, possibilitou o ingresso do filho do trabalhador na universidade, deu poder de compra ao sal\u00e1rio m\u00ednimo, dando ao pobre o direito de frequentar os<br \/>\nshoppings e os aeroportos, territ\u00f3rios antes restritos \u00e0s elites. \u00c9 tamb\u00e9m o governo que investiu nas estradas, portos e aeroportos, na mobilidade urbana, na<br \/>\nhabita\u00e7\u00e3o popular, com o bem sucedido Minha Casa Minha Vida, na agricultura familiar e na sa\u00fade do homem do interior do Brasil, com o projeto Mais de 10.000<br \/>\nM\u00e9dicos. Governo que criou 18 universidades e 422 escolas t\u00e9cnicas com o PRONATEC, isso sem falar no PROUNI, no REUNI e ENADE, dedicando \u00e0 Educa\u00e7\u00e3o 10% do PIB.<\/p>\n<p>\n    Por tudo isso, professores(as), n\u00e3o vemos outro nome, se n\u00e3o o de Dilma Roussef, para seguir na constru\u00e7\u00e3o de uma verdadeira democracia participativa \u2013<br \/>\niniciada no governo do oper\u00e1rio Lu\u00eds In\u00e1cio Lula da Silva, que protagonizou a maior revolu\u00e7\u00e3o democr\u00e1tica e pac\u00edfica do Brasil \u2013 ouvindo os movimentos<br \/>\npopulares, aliando-se aos que defendem a paz, a fraternidade, a vida e o respeito irrestrito a TODOS os brasileiros e brasileiras.<\/p>\n<p>\n     Assinam esse texto:<br \/>\n     <br \/>\n     HELIO MAIA<br \/>\n     <br \/>\n     ELSON PAIVA<br \/>\n     <br \/>\n     GUSTAVO CORN\u00c9LIO<br \/>\n     <br \/>\n     DILSON RIBEIRO<br \/>\n     <br \/>\n     ARNALDO BORBA<br \/>\n     <br \/>\n     MARCIO FRANCO<br \/>\n     <br \/>\n     MARCELO PEREIRA<br \/>\n     <br \/>\n     MARCOS ALEXANDRE<br \/>\n     <br \/>\n     DEYSE COUTINHO<br \/>\n     <br \/>\n     JO\u00c3O PAULO CHAVES<br \/>\n     <br \/>\n     MARINA ESP\u00cdRITO SANTO<br \/>\n     <br \/>\n     AFONSO CELSO<br \/>\n     <br \/>\n     OSWALDO TELES<br \/>\n     <br \/>\n     MARIO MATURO<br \/>\n     <br \/>\n     TULIO PAOLINO<br \/>\n     <br \/>\n     ADALGIZA BURITY<br \/>\n     <br \/>\n     LEILA AZEVEDO<br \/>\n     <br \/>\n     F\u00c1TIMA RODRIGUES DA SILVA<br \/>\n     <br \/>\n     LUIZ HENRIQUE R. BANDEIRA<br \/>\n     <br \/>\n     PATRICIA DETULIO<br \/>\n     <br \/>\n     JAYRAM UCH\u00d4A<br \/>\n     <br \/>\n     ANTONIO RODRIGUES<br \/>\n     <br \/>\n     YARA PEREIRA<br \/>\n     <br \/>\n     ANTONIO CESAR PEREIRA<br \/>\n     <br \/>\n     RICARDO CARVALHO DE FARIA<br \/>\n     <br \/>\n     CARLOS ABSAL\u00c3O\n    <\/p>\n<\/p>\n<\/p>\n<p>\n Os ataques dessa m\u00eddia \u00e0 presidenta Dilma e ao PT se intensificaram quando o ent\u00e3o presidente Lula defendeu os interesses nacionais e regulamentou a<br \/>\nexplora\u00e7\u00e3o do petr\u00f3leo, destinando 70% dos royalts do cobi\u00e7ado pr\u00e9-sal \u00e0 educa\u00e7\u00e3o. Na verdade, tais ataques s\u00e3o uma tentativa desesperada dessa direita<br \/>\n\u201cbrasileira\u201d de criar uma atmosfera prop\u00edcia a sua volta ao poder, para que, novamente, tente privatizar a Petrobr\u00e1s (que o Governo FHC denominou Petrobrax,<br \/>\npara torn\u00e1-la palat\u00e1vel ao mercado internacional), al\u00e9m de flexibilizar os nossos direitos trabalhistas e fechar os olhos para a destrui\u00e7\u00e3o das nossas<br \/>\nreservas naturais pelos inescrupulosos agro negociantes.<\/p>\n<p>\n  Entendermos que, nesse momento, devemos votar no projeto vigente de um Brasil soberano que tirou milh\u00f5es de brasileiros da mis\u00e9ria, dinamizou a ind\u00fastria<br \/>\nnaval, possibilitou o ingresso do filho do trabalhador na universidade, deu poder de compra ao sal\u00e1rio m\u00ednimo, dando ao pobre o direito de frequentar os<br \/>\nshoppings e os aeroportos, territ\u00f3rios antes restritos \u00e0s elites. \u00c9 tamb\u00e9m o governo que investiu nas estradas, portos e aeroportos, na mobilidade urbana, na<br \/>\nhabita\u00e7\u00e3o popular, com o bem sucedido Minha Casa Minha Vida, na agricultura familiar e na sa\u00fade do homem do interior do Brasil, com o projeto Mais de 10.000<br \/>\nM\u00e9dicos. Governo que criou 18 universidades e 422 escolas t\u00e9cnicas com o PRONATEC, isso sem falar no PROUNI, no REUNI e ENADE, dedicando \u00e0 Educa\u00e7\u00e3o 10% do PIB.<\/p>\n<p>\n   Por tudo isso, professores(as), n\u00e3o vemos outro nome, se n\u00e3o o de Dilma Roussef, para seguir na constru\u00e7\u00e3o de uma verdadeira democracia participativa \u2013<br \/>\niniciada no governo do oper\u00e1rio Lu\u00eds In\u00e1cio Lula da Silva, que protagonizou a maior revolu\u00e7\u00e3o democr\u00e1tica e pac\u00edfica do Brasil \u2013 ouvindo os movimentos<br \/>\npopulares, aliando-se aos que defendem a paz, a fraternidade, a vida e o respeito irrestrito a TODOS os brasileiros e brasileiras.<\/p>\n<p>\n    Assinam esse texto:<br \/>\n    <br \/>\n    HELIO MAIA<br \/>\n    <br \/>\n    ELSON PAIVA<br \/>\n    <br \/>\n    GUSTAVO CORN\u00c9LIO<br \/>\n    <br \/>\n    DILSON RIBEIRO<br \/>\n    <br \/>\n    ARNALDO BORBA<br \/>\n    <br \/>\n    MARCIO FRANCO<br \/>\n    <br \/>\n    MARCELO PEREIRA<br \/>\n    <br \/>\n    MARCOS ALEXANDRE<br \/>\n    <br \/>\n    DEYSE COUTINHO<br \/>\n    <br \/>\n    JO\u00c3O PAULO CHAVES<br \/>\n    <br \/>\n    MARINA ESP\u00cdRITO SANTO<br \/>\n    <br \/>\n    AFONSO CELSO<br \/>\n    <br \/>\n    OSWALDO TELES<br \/>\n    <br \/>\n    MARIO MATURO<br \/>\n    <br \/>\n    TULIO PAOLINO<br \/>\n    <br \/>\n    ADALGIZA BURITY<br \/>\n    <br \/>\n    LEILA AZEVEDO<br \/>\n    <br \/>\n    F\u00c1TIMA RODRIGUES DA SILVA<br \/>\n    <br \/>\n    LUIZ HENRIQUE R. BANDEIRA<br \/>\n    <br \/>\n    PATRICIA DETULIO<br \/>\n    <br \/>\n    JAYRAM UCH\u00d4A<br \/>\n    <br \/>\n    ANTONIO RODRIGUES<br \/>\n    <br \/>\n    YARA PEREIRA<br \/>\n    <br \/>\n    ANTONIO CESAR PEREIRA<br \/>\n    <br \/>\n    RICARDO CARVALHO DE FARIA<br \/>\n    <br \/>\n    CARLOS ABSAL\u00c3O\n   <\/p>\n<\/p>\n<\/p>\n<p>\n Entendermos que, nesse momento, devemos votar no projeto vigente de um Brasil soberano que tirou milh\u00f5es de brasileiros da mis\u00e9ria, dinamizou a ind\u00fastria<br \/>\nnaval, possibilitou o ingresso do filho do trabalhador na universidade, deu poder de compra ao sal\u00e1rio m\u00ednimo, dando ao pobre o direito de frequentar os<br \/>\nshoppings e os aeroportos, territ\u00f3rios antes restritos \u00e0s elites. \u00c9 tamb\u00e9m o governo que investiu nas estradas, portos e aeroportos, na mobilidade urbana, na<br \/>\nhabita\u00e7\u00e3o popular, com o bem sucedido Minha Casa Minha Vida, na agricultura familiar e na sa\u00fade do homem do interior do Brasil, com o projeto Mais de 10.000<br \/>\nM\u00e9dicos. Governo que criou 18 universidades e 422 escolas t\u00e9cnicas com o PRONATEC, isso sem falar no PROUNI, no REUNI e ENADE, dedicando \u00e0 Educa\u00e7\u00e3o 10% do PIB.<\/p>\n<p>\n  Por tudo isso, professores(as), n\u00e3o vemos outro nome, se n\u00e3o o de Dilma Roussef, para seguir na constru\u00e7\u00e3o de uma verdadeira democracia participativa \u2013<br \/>\niniciada no governo do oper\u00e1rio Lu\u00eds In\u00e1cio Lula da Silva, que protagonizou a maior revolu\u00e7\u00e3o democr\u00e1tica e pac\u00edfica do Brasil \u2013 ouvindo os movimentos<br \/>\npopulares, aliando-se aos que defendem a paz, a fraternidade, a vida e o respeito irrestrito a TODOS os brasileiros e brasileiras.<\/p>\n<p>\n   Assinam esse texto:<br \/>\n   <br \/>\n   HELIO MAIA<br \/>\n   <br \/>\n   ELSON PAIVA<br \/>\n   <br \/>\n   GUSTAVO CORN\u00c9LIO<br \/>\n   <br \/>\n   DILSON RIBEIRO<br \/>\n   <br \/>\n   ARNALDO BORBA<br \/>\n   <br \/>\n   MARCIO FRANCO<br \/>\n   <br \/>\n   MARCELO PEREIRA<br \/>\n   <br \/>\n   MARCOS ALEXANDRE<br \/>\n   <br \/>\n   DEYSE COUTINHO<br \/>\n   <br \/>\n   JO\u00c3O PAULO CHAVES<br \/>\n   <br \/>\n   MARINA ESP\u00cdRITO SANTO<br \/>\n   <br \/>\n   AFONSO CELSO<br \/>\n   <br \/>\n   OSWALDO TELES<br \/>\n   <br \/>\n   MARIO MATURO<br \/>\n   <br \/>\n   TULIO PAOLINO<br \/>\n   <br \/>\n   ADALGIZA BURITY<br \/>\n   <br \/>\n   LEILA AZEVEDO<br \/>\n   <br \/>\n   F\u00c1TIMA RODRIGUES DA SILVA<br \/>\n   <br \/>\n   LUIZ HENRIQUE R. BANDEIRA<br \/>\n   <br \/>\n   PATRICIA DETULIO<br \/>\n   <br \/>\n   JAYRAM UCH\u00d4A<br \/>\n   <br \/>\n   ANTONIO RODRIGUES<br \/>\n   <br \/>\n   YARA PEREIRA<br \/>\n   <br \/>\n   ANTONIO CESAR PEREIRA<br \/>\n   <br \/>\n   RICARDO CARVALHO DE FARIA<br \/>\n   <br \/>\n   CARLOS ABSAL\u00c3O\n  <\/p>\n<\/p>\n<p>\n Por tudo isso, professores(as), n\u00e3o vemos outro nome, se n\u00e3o o de Dilma Roussef, para seguir na constru\u00e7\u00e3o de uma verdadeira democracia participativa \u2013<br \/>\niniciada no governo do oper\u00e1rio Lu\u00eds In\u00e1cio Lula da Silva, que protagonizou a maior revolu\u00e7\u00e3o democr\u00e1tica e pac\u00edfica do Brasil \u2013 ouvindo os movimentos<br \/>\npopulares, aliando-se aos que defendem a paz, a fraternidade, a vida e o respeito irrestrito a TODOS os brasileiros e brasileiras.<\/p>\n<p>\n  Assinam esse texto:<br \/>\n  <br \/>\n  HELIO MAIA<br \/>\n  <br \/>\n  ELSON PAIVA<br \/>\n  <br \/>\n  GUSTAVO CORN\u00c9LIO<br \/>\n  <br \/>\n  DILSON RIBEIRO<br \/>\n  <br \/>\n  ARNALDO BORBA<br \/>\n  <br \/>\n  MARCIO FRANCO<br \/>\n  <br \/>\n  MARCELO PEREIRA<br \/>\n  <br \/>\n  MARCOS ALEXANDRE<br \/>\n  <br \/>\n  DEYSE COUTINHO<br \/>\n  <br \/>\n  JO\u00c3O PAULO CHAVES<br \/>\n  <br \/>\n  MARINA ESP\u00cdRITO SANTO<br \/>\n  <br \/>\n  AFONSO CELSO<br \/>\n  <br \/>\n  OSWALDO TELES<br \/>\n  <br \/>\n  MARIO MATURO<br \/>\n  <br \/>\n  TULIO PAOLINO<br \/>\n  <br \/>\n  ADALGIZA BURITY<br \/>\n  <br \/>\n  LEILA AZEVEDO<br \/>\n  <br \/>\n  F\u00c1TIMA RODRIGUES DA SILVA<br \/>\n  <br \/>\n  LUIZ HENRIQUE R. BANDEIRA<br \/>\n  <br \/>\n  PATRICIA DETULIO<br \/>\n  <br \/>\n  JAYRAM UCH\u00d4A<br \/>\n  <br \/>\n  ANTONIO RODRIGUES<br \/>\n  <br \/>\n  YARA PEREIRA<br \/>\n  <br \/>\n  ANTONIO CESAR PEREIRA<br \/>\n  <br \/>\n  RICARDO CARVALHO DE FARIA<br \/>\n  <br \/>\n  CARLOS ABSAL\u00c3O\n <\/p>\n<\/p>\n<p>\n Assinam esse texto:<br \/>\n <br \/>\n HELIO MAIA<br \/>\n <br \/>\n ELSON PAIVA<br \/>\n <br \/>\n GUSTAVO CORN\u00c9LIO<br \/>\n <br \/>\n DILSON RIBEIRO<br \/>\n <br \/>\n ARNALDO BORBA<br \/>\n <br \/>\n MARCIO FRANCO<br \/>\n <br \/>\n MARCELO PEREIRA<br \/>\n <br \/>\n MARCOS ALEXANDRE<br \/>\n <br \/>\n DEYSE COUTINHO<br \/>\n <br \/>\n JO\u00c3O PAULO CHAVES<br \/>\n <br \/>\n MARINA ESP\u00cdRITO SANTO<br \/>\n <br \/>\n AFONSO CELSO<br \/>\n <br \/>\n OSWALDO TELES<br \/>\n <br \/>\n MARIO MATURO<br \/>\n <br \/>\n TULIO PAOLINO<br \/>\n <br \/>\n ADALGIZA BURITY<br \/>\n <br \/>\n LEILA AZEVEDO<br \/>\n <br \/>\n F\u00c1TIMA RODRIGUES DA SILVA<br \/>\n <br \/>\n LUIZ HENRIQUE R. BANDEIRA<br \/>\n <br \/>\n PATRICIA DETULIO<br \/>\n <br \/>\n JAYRAM UCH\u00d4A<br \/>\n <br \/>\n ANTONIO RODRIGUES<br \/>\n <br \/>\n YARA PEREIRA<br \/>\n <br \/>\n ANTONIO CESAR PEREIRA<br \/>\n <br \/>\n RICARDO CARVALHO DE FARIA<br \/>\n <br \/>\n CARLOS ABSAL\u00c3O<\/p>\n","protected":false},"excerpt":{"rendered":"<p>14\/10\/2014 Como fez com Vargas, na d\u00e9cada de 50, e com Jo\u00e3o Goulart, no in\u00edcio dos anos 60, a \u201cgrande\u201d m\u00eddia tenta criar uma crise no Brasil. Uma crise que \u00e9 mundial e que o nosso pa\u00eds, mesmo com um crescimento abaixo do esperado, conseguiu suplantar, mantendo o emprego dos nossos trabalhadores, com o mais [&hellip;]<\/p>\n","protected":false},"author":1,"featured_media":0,"comment_status":"closed","ping_status":"open","sticky":false,"template":"","format":"standard","meta":{"footnotes":""},"categories":[1],"tags":[],"class_list":["post-20150","post","type-post","status-publish","format-standard","hentry","category-noticias"],"yoast_head":"<!-- This site is optimized with the Yoast SEO plugin v25.7 - https:\/\/yoast.com\/wordpress\/plugins\/seo\/ -->\n<title>Porque Dilma \u00e9 o melhor para o Brasil. - Sinpro-Rio<\/title>\n<meta name=\"robots\" content=\"index, follow, max-snippet:-1, max-image-preview:large, max-video-preview:-1\" \/>\n<link rel=\"canonical\" href=\"https:\/\/www.sinpro-rio.org.br\/principal\/porque-dilma-e-o-melhor-para-o-brasil\/\" \/>\n<meta property=\"og:locale\" content=\"pt_BR\" \/>\n<meta property=\"og:type\" content=\"article\" \/>\n<meta property=\"og:title\" content=\"Porque Dilma \u00e9 o melhor para o Brasil. - Sinpro-Rio\" \/>\n<meta property=\"og:description\" content=\"14\/10\/2014 Como fez com Vargas, na d\u00e9cada de 50, e com Jo\u00e3o Goulart, no in\u00edcio dos anos 60, a \u201cgrande\u201d m\u00eddia tenta criar uma crise no Brasil. Uma crise que \u00e9 mundial e que o nosso pa\u00eds, mesmo com um crescimento abaixo do esperado, conseguiu suplantar, mantendo o emprego dos nossos trabalhadores, com o mais [&hellip;]\" \/>\n<meta property=\"og:url\" content=\"https:\/\/www.sinpro-rio.org.br\/principal\/porque-dilma-e-o-melhor-para-o-brasil\/\" \/>\n<meta property=\"og:site_name\" content=\"Sinpro-Rio\" \/>\n<meta property=\"article:published_time\" content=\"2014-10-14T00:00:00+00:00\" \/>\n<meta name=\"author\" content=\"rafaelrjp\" \/>\n<meta name=\"twitter:card\" content=\"summary_large_image\" \/>\n<meta name=\"twitter:label1\" content=\"Escrito por\" \/>\n\t<meta name=\"twitter:data1\" content=\"rafaelrjp\" \/>\n\t<meta name=\"twitter:label2\" content=\"Est. tempo de leitura\" \/>\n\t<meta name=\"twitter:data2\" content=\"7 minutos\" \/>\n<script type=\"application\/ld+json\" class=\"yoast-schema-graph\">{\"@context\":\"https:\/\/schema.org\",\"@graph\":[{\"@type\":\"WebPage\",\"@id\":\"https:\/\/www.sinpro-rio.org.br\/principal\/porque-dilma-e-o-melhor-para-o-brasil\/\",\"url\":\"https:\/\/www.sinpro-rio.org.br\/principal\/porque-dilma-e-o-melhor-para-o-brasil\/\",\"name\":\"Porque Dilma \u00e9 o melhor para o Brasil. - Sinpro-Rio\",\"isPartOf\":{\"@id\":\"https:\/\/www.sinpro-rio.org.br\/principal\/#website\"},\"datePublished\":\"2014-10-14T00:00:00+00:00\",\"author\":{\"@id\":\"https:\/\/www.sinpro-rio.org.br\/principal\/#\/schema\/person\/49feb585a2f57a31a6bd9f16f78e5be6\"},\"breadcrumb\":{\"@id\":\"https:\/\/www.sinpro-rio.org.br\/principal\/porque-dilma-e-o-melhor-para-o-brasil\/#breadcrumb\"},\"inLanguage\":\"pt-BR\",\"potentialAction\":[{\"@type\":\"ReadAction\",\"target\":[\"https:\/\/www.sinpro-rio.org.br\/principal\/porque-dilma-e-o-melhor-para-o-brasil\/\"]}]},{\"@type\":\"BreadcrumbList\",\"@id\":\"https:\/\/www.sinpro-rio.org.br\/principal\/porque-dilma-e-o-melhor-para-o-brasil\/#breadcrumb\",\"itemListElement\":[{\"@type\":\"ListItem\",\"position\":1,\"name\":\"In\u00edcio\",\"item\":\"https:\/\/www.sinpro-rio.org.br\/principal\/\"},{\"@type\":\"ListItem\",\"position\":2,\"name\":\"Porque Dilma \u00e9 o melhor para o Brasil.\"}]},{\"@type\":\"WebSite\",\"@id\":\"https:\/\/www.sinpro-rio.org.br\/principal\/#website\",\"url\":\"https:\/\/www.sinpro-rio.org.br\/principal\/\",\"name\":\"Sinpro-Rio\",\"description\":\"Sindicato dos Professores do Munic\u00edpio do Rio de Janeiro e Regi\u00e3o\",\"potentialAction\":[{\"@type\":\"SearchAction\",\"target\":{\"@type\":\"EntryPoint\",\"urlTemplate\":\"https:\/\/www.sinpro-rio.org.br\/principal\/?s={search_term_string}\"},\"query-input\":{\"@type\":\"PropertyValueSpecification\",\"valueRequired\":true,\"valueName\":\"search_term_string\"}}],\"inLanguage\":\"pt-BR\"},{\"@type\":\"Person\",\"@id\":\"https:\/\/www.sinpro-rio.org.br\/principal\/#\/schema\/person\/49feb585a2f57a31a6bd9f16f78e5be6\",\"name\":\"rafaelrjp\",\"image\":{\"@type\":\"ImageObject\",\"inLanguage\":\"pt-BR\",\"@id\":\"https:\/\/www.sinpro-rio.org.br\/principal\/#\/schema\/person\/image\/\",\"url\":\"https:\/\/secure.gravatar.com\/avatar\/489371a0ba4655c340b519882c68cf68?s=96&d=mm&r=g\",\"contentUrl\":\"https:\/\/secure.gravatar.com\/avatar\/489371a0ba4655c340b519882c68cf68?s=96&d=mm&r=g\",\"caption\":\"rafaelrjp\"},\"url\":\"https:\/\/www.sinpro-rio.org.br\/principal\/author\/rafaelrjp\/\"}]}<\/script>\n<!-- \/ Yoast SEO plugin. -->","yoast_head_json":{"title":"Porque Dilma \u00e9 o melhor para o Brasil. - Sinpro-Rio","robots":{"index":"index","follow":"follow","max-snippet":"max-snippet:-1","max-image-preview":"max-image-preview:large","max-video-preview":"max-video-preview:-1"},"canonical":"https:\/\/www.sinpro-rio.org.br\/principal\/porque-dilma-e-o-melhor-para-o-brasil\/","og_locale":"pt_BR","og_type":"article","og_title":"Porque Dilma \u00e9 o melhor para o Brasil. - Sinpro-Rio","og_description":"14\/10\/2014 Como fez com Vargas, na d\u00e9cada de 50, e com Jo\u00e3o Goulart, no in\u00edcio dos anos 60, a \u201cgrande\u201d m\u00eddia tenta criar uma crise no Brasil. Uma crise que \u00e9 mundial e que o nosso pa\u00eds, mesmo com um crescimento abaixo do esperado, conseguiu suplantar, mantendo o emprego dos nossos trabalhadores, com o mais [&hellip;]","og_url":"https:\/\/www.sinpro-rio.org.br\/principal\/porque-dilma-e-o-melhor-para-o-brasil\/","og_site_name":"Sinpro-Rio","article_published_time":"2014-10-14T00:00:00+00:00","author":"rafaelrjp","twitter_card":"summary_large_image","twitter_misc":{"Escrito por":"rafaelrjp","Est. tempo de leitura":"7 minutos"},"schema":{"@context":"https:\/\/schema.org","@graph":[{"@type":"WebPage","@id":"https:\/\/www.sinpro-rio.org.br\/principal\/porque-dilma-e-o-melhor-para-o-brasil\/","url":"https:\/\/www.sinpro-rio.org.br\/principal\/porque-dilma-e-o-melhor-para-o-brasil\/","name":"Porque Dilma \u00e9 o melhor para o Brasil. - Sinpro-Rio","isPartOf":{"@id":"https:\/\/www.sinpro-rio.org.br\/principal\/#website"},"datePublished":"2014-10-14T00:00:00+00:00","author":{"@id":"https:\/\/www.sinpro-rio.org.br\/principal\/#\/schema\/person\/49feb585a2f57a31a6bd9f16f78e5be6"},"breadcrumb":{"@id":"https:\/\/www.sinpro-rio.org.br\/principal\/porque-dilma-e-o-melhor-para-o-brasil\/#breadcrumb"},"inLanguage":"pt-BR","potentialAction":[{"@type":"ReadAction","target":["https:\/\/www.sinpro-rio.org.br\/principal\/porque-dilma-e-o-melhor-para-o-brasil\/"]}]},{"@type":"BreadcrumbList","@id":"https:\/\/www.sinpro-rio.org.br\/principal\/porque-dilma-e-o-melhor-para-o-brasil\/#breadcrumb","itemListElement":[{"@type":"ListItem","position":1,"name":"In\u00edcio","item":"https:\/\/www.sinpro-rio.org.br\/principal\/"},{"@type":"ListItem","position":2,"name":"Porque Dilma \u00e9 o melhor para o Brasil."}]},{"@type":"WebSite","@id":"https:\/\/www.sinpro-rio.org.br\/principal\/#website","url":"https:\/\/www.sinpro-rio.org.br\/principal\/","name":"Sinpro-Rio","description":"Sindicato dos Professores do Munic\u00edpio do Rio de Janeiro e Regi\u00e3o","potentialAction":[{"@type":"SearchAction","target":{"@type":"EntryPoint","urlTemplate":"https:\/\/www.sinpro-rio.org.br\/principal\/?s={search_term_string}"},"query-input":{"@type":"PropertyValueSpecification","valueRequired":true,"valueName":"search_term_string"}}],"inLanguage":"pt-BR"},{"@type":"Person","@id":"https:\/\/www.sinpro-rio.org.br\/principal\/#\/schema\/person\/49feb585a2f57a31a6bd9f16f78e5be6","name":"rafaelrjp","image":{"@type":"ImageObject","inLanguage":"pt-BR","@id":"https:\/\/www.sinpro-rio.org.br\/principal\/#\/schema\/person\/image\/","url":"https:\/\/secure.gravatar.com\/avatar\/489371a0ba4655c340b519882c68cf68?s=96&d=mm&r=g","contentUrl":"https:\/\/secure.gravatar.com\/avatar\/489371a0ba4655c340b519882c68cf68?s=96&d=mm&r=g","caption":"rafaelrjp"},"url":"https:\/\/www.sinpro-rio.org.br\/principal\/author\/rafaelrjp\/"}]}},"_links":{"self":[{"href":"https:\/\/www.sinpro-rio.org.br\/principal\/wp-json\/wp\/v2\/posts\/20150","targetHints":{"allow":["GET"]}}],"collection":[{"href":"https:\/\/www.sinpro-rio.org.br\/principal\/wp-json\/wp\/v2\/posts"}],"about":[{"href":"https:\/\/www.sinpro-rio.org.br\/principal\/wp-json\/wp\/v2\/types\/post"}],"author":[{"embeddable":true,"href":"https:\/\/www.sinpro-rio.org.br\/principal\/wp-json\/wp\/v2\/users\/1"}],"replies":[{"embeddable":true,"href":"https:\/\/www.sinpro-rio.org.br\/principal\/wp-json\/wp\/v2\/comments?post=20150"}],"version-history":[{"count":0,"href":"https:\/\/www.sinpro-rio.org.br\/principal\/wp-json\/wp\/v2\/posts\/20150\/revisions"}],"wp:attachment":[{"href":"https:\/\/www.sinpro-rio.org.br\/principal\/wp-json\/wp\/v2\/media?parent=20150"}],"wp:term":[{"taxonomy":"category","embeddable":true,"href":"https:\/\/www.sinpro-rio.org.br\/principal\/wp-json\/wp\/v2\/categories?post=20150"},{"taxonomy":"post_tag","embeddable":true,"href":"https:\/\/www.sinpro-rio.org.br\/principal\/wp-json\/wp\/v2\/tags?post=20150"}],"curies":[{"name":"wp","href":"https:\/\/api.w.org\/{rel}","templated":true}]}}