{"id":20149,"date":"2014-10-14T00:00:00","date_gmt":"2014-10-14T00:00:00","guid":{"rendered":""},"modified":"-0001-11-30T00:00:00","modified_gmt":"-0001-11-30T03:00:00","slug":"dia-do-professor-nossa-homenagem-a-todos","status":"publish","type":"post","link":"https:\/\/www.sinpro-rio.org.br\/principal\/dia-do-professor-nossa-homenagem-a-todos\/","title":{"rendered":"Dia do Professor: nossa homenagem a todos!"},"content":{"rendered":"\n<p>\n <em><br \/>\n  14\/10\/2014<br \/>\n <\/em>\n<\/p>\n<p>\n Neste dia do Professor, a  Diretoria eleita do<br \/>\n <b><br \/>\n  Sinpro-Rio<br \/>\n <\/b><br \/>\n conclama toda a categoria a reocupar o Sindicato, que sempre foi seu, por direito, como um espa\u00e7o de encontro, mobiliza\u00e7\u00e3o e luta; como um instrumento de transforma\u00e7\u00e3o da realidade, em defesa dos direitos e conquistas de professores e professoras e da constru\u00e7\u00e3o de um novo modelo de sociedade.<\/p>\n<p>\n  A a\u00e7\u00e3o sindical, hoje, no mundo, \u00e9 o grande foco de resist\u00eancia a favor do trabalhador, na crise capitalista que vivemos. \u00c9 importante repensar pap\u00e9is e atitudes para reconstruirmos um Sindicato comprometido com uma Educa\u00e7\u00e3o libert\u00e1ria e com uma sociedade mais justa e fraterna. Esse processo s\u00f3 ser\u00e1 verdadeiro com a participa\u00e7\u00e3o democr\u00e1tica e protagonista da categoria.<\/p>\n<p>\n   Neste 15 de outubro, o<br \/>\n   <b><br \/>\n    Sinpro-Rio<br \/>\n   <\/b><br \/>\n   quer brindar \u00e0 energia e \u00e0 alegria que s\u00f3 a constru\u00e7\u00e3o da luta solid\u00e1ria alimenta. Quer chamar todos os professores e professoras a construir um Sindicato Democr\u00e1tico, Transparente e Participativo. Quer celebrar o retorno do movimento combativo que transforma a entidade num Sindicato vivo! S\u00f3 juntos podemos avan\u00e7ar nas nossas conquistas!<\/p>\n<p>\n    Parab\u00e9ns, Professora. Parab\u00e9ns, Professor.<\/p>\n<p>\n     Nossa homenagem a todos!<\/p>\n<p>\n      <b><br \/>\n       A Diretoria.<br \/>\n      <\/b>\n     <\/p>\n<\/p>\n<\/p>\n<\/p>\n<p>\n A a\u00e7\u00e3o sindical, hoje, no mundo, \u00e9 o grande foco de resist\u00eancia a favor do trabalhador, na crise capitalista que vivemos. \u00c9 importante repensar pap\u00e9is e atitudes para reconstruirmos um Sindicato comprometido com uma Educa\u00e7\u00e3o libert\u00e1ria e com uma sociedade mais justa e fraterna. Esse processo s\u00f3 ser\u00e1 verdadeiro com a participa\u00e7\u00e3o democr\u00e1tica e protagonista da categoria.<\/p>\n<p>\n  Neste 15 de outubro, o<br \/>\n  <b><br \/>\n   Sinpro-Rio<br \/>\n  <\/b><br \/>\n  quer brindar \u00e0 energia e \u00e0 alegria que s\u00f3 a constru\u00e7\u00e3o da luta solid\u00e1ria alimenta. Quer chamar todos os professores e professoras a construir um Sindicato Democr\u00e1tico, Transparente e Participativo. Quer celebrar o retorno do movimento combativo que transforma a entidade num Sindicato vivo! S\u00f3 juntos podemos avan\u00e7ar nas nossas conquistas!<\/p>\n<p>\n   Parab\u00e9ns, Professora. Parab\u00e9ns, Professor.<\/p>\n<p>\n    Nossa homenagem a todos!<\/p>\n<p>\n     <b><br \/>\n      A Diretoria.<br \/>\n     <\/b>\n    <\/p>\n<\/p>\n<\/p>\n<p>\n Neste 15 de outubro, o<br \/>\n <b><br \/>\n  Sinpro-Rio<br \/>\n <\/b><br \/>\n quer brindar \u00e0 energia e \u00e0 alegria que s\u00f3 a constru\u00e7\u00e3o da luta solid\u00e1ria alimenta. Quer chamar todos os professores e professoras a construir um Sindicato Democr\u00e1tico, Transparente e Participativo. Quer celebrar o retorno do movimento combativo que transforma a entidade num Sindicato vivo! S\u00f3 juntos podemos avan\u00e7ar nas nossas conquistas!<\/p>\n<p>\n  Parab\u00e9ns, Professora. Parab\u00e9ns, Professor.<\/p>\n<p>\n   Nossa homenagem a todos!<\/p>\n<p>\n    <b><br \/>\n     A Diretoria.<br \/>\n    <\/b>\n   <\/p>\n<\/p>\n<\/p>\n<p>\n Parab\u00e9ns, Professora. Parab\u00e9ns, Professor.<\/p>\n<p>\n  Nossa homenagem a todos!<\/p>\n<p>\n   <b><br \/>\n    A Diretoria.<br \/>\n   <\/b>\n  <\/p>\n<\/p>\n<p>\n Nossa homenagem a todos!<\/p>\n<p>\n  <b><br \/>\n   A Diretoria.<br \/>\n  <\/b>\n <\/p>\n<\/p>\n<p>\n <b><br \/>\n  A Diretoria.<br \/>\n <\/b><\/p>\n","protected":false},"excerpt":{"rendered":"<p>14\/10\/2014 Neste dia do Professor, a Diretoria eleita do Sinpro-Rio conclama toda a categoria a reocupar o Sindicato, que sempre foi seu, por direito, como um espa\u00e7o de encontro, mobiliza\u00e7\u00e3o e luta; como um instrumento de transforma\u00e7\u00e3o da realidade, em defesa dos direitos e conquistas de professores e professoras e da constru\u00e7\u00e3o de um novo [&hellip;]<\/p>\n","protected":false},"author":1,"featured_media":0,"comment_status":"closed","ping_status":"open","sticky":false,"template":"","format":"standard","meta":{"footnotes":""},"categories":[1],"tags":[],"class_list":["post-20149","post","type-post","status-publish","format-standard","hentry","category-noticias"],"yoast_head":"<!-- This site is optimized with the Yoast SEO plugin v25.7 - https:\/\/yoast.com\/wordpress\/plugins\/seo\/ -->\n<title>Dia do Professor: nossa homenagem a todos! - Sinpro-Rio<\/title>\n<meta name=\"robots\" content=\"index, follow, max-snippet:-1, max-image-preview:large, max-video-preview:-1\" \/>\n<link rel=\"canonical\" href=\"https:\/\/www.sinpro-rio.org.br\/principal\/dia-do-professor-nossa-homenagem-a-todos\/\" \/>\n<meta property=\"og:locale\" content=\"pt_BR\" \/>\n<meta property=\"og:type\" content=\"article\" \/>\n<meta property=\"og:title\" content=\"Dia do Professor: nossa homenagem a todos! - Sinpro-Rio\" \/>\n<meta property=\"og:description\" content=\"14\/10\/2014 Neste dia do Professor, a Diretoria eleita do Sinpro-Rio conclama toda a categoria a reocupar o Sindicato, que sempre foi seu, por direito, como um espa\u00e7o de encontro, mobiliza\u00e7\u00e3o e luta; como um instrumento de transforma\u00e7\u00e3o da realidade, em defesa dos direitos e conquistas de professores e professoras e da constru\u00e7\u00e3o de um novo [&hellip;]\" \/>\n<meta property=\"og:url\" content=\"https:\/\/www.sinpro-rio.org.br\/principal\/dia-do-professor-nossa-homenagem-a-todos\/\" \/>\n<meta property=\"og:site_name\" content=\"Sinpro-Rio\" \/>\n<meta property=\"article:published_time\" content=\"2014-10-14T00:00:00+00:00\" \/>\n<meta name=\"author\" content=\"rafaelrjp\" \/>\n<meta name=\"twitter:card\" content=\"summary_large_image\" \/>\n<meta name=\"twitter:label1\" content=\"Escrito por\" \/>\n\t<meta name=\"twitter:data1\" content=\"rafaelrjp\" \/>\n\t<meta name=\"twitter:label2\" content=\"Est. tempo de leitura\" \/>\n\t<meta name=\"twitter:data2\" content=\"2 minutos\" \/>\n<script type=\"application\/ld+json\" class=\"yoast-schema-graph\">{\"@context\":\"https:\/\/schema.org\",\"@graph\":[{\"@type\":\"WebPage\",\"@id\":\"https:\/\/www.sinpro-rio.org.br\/principal\/dia-do-professor-nossa-homenagem-a-todos\/\",\"url\":\"https:\/\/www.sinpro-rio.org.br\/principal\/dia-do-professor-nossa-homenagem-a-todos\/\",\"name\":\"Dia do Professor: nossa homenagem a todos! - Sinpro-Rio\",\"isPartOf\":{\"@id\":\"https:\/\/www.sinpro-rio.org.br\/principal\/#website\"},\"datePublished\":\"2014-10-14T00:00:00+00:00\",\"author\":{\"@id\":\"https:\/\/www.sinpro-rio.org.br\/principal\/#\/schema\/person\/49feb585a2f57a31a6bd9f16f78e5be6\"},\"breadcrumb\":{\"@id\":\"https:\/\/www.sinpro-rio.org.br\/principal\/dia-do-professor-nossa-homenagem-a-todos\/#breadcrumb\"},\"inLanguage\":\"pt-BR\",\"potentialAction\":[{\"@type\":\"ReadAction\",\"target\":[\"https:\/\/www.sinpro-rio.org.br\/principal\/dia-do-professor-nossa-homenagem-a-todos\/\"]}]},{\"@type\":\"BreadcrumbList\",\"@id\":\"https:\/\/www.sinpro-rio.org.br\/principal\/dia-do-professor-nossa-homenagem-a-todos\/#breadcrumb\",\"itemListElement\":[{\"@type\":\"ListItem\",\"position\":1,\"name\":\"In\u00edcio\",\"item\":\"https:\/\/www.sinpro-rio.org.br\/principal\/\"},{\"@type\":\"ListItem\",\"position\":2,\"name\":\"Dia do Professor: nossa homenagem a todos!\"}]},{\"@type\":\"WebSite\",\"@id\":\"https:\/\/www.sinpro-rio.org.br\/principal\/#website\",\"url\":\"https:\/\/www.sinpro-rio.org.br\/principal\/\",\"name\":\"Sinpro-Rio\",\"description\":\"Sindicato dos Professores do Munic\u00edpio do Rio de Janeiro e Regi\u00e3o\",\"potentialAction\":[{\"@type\":\"SearchAction\",\"target\":{\"@type\":\"EntryPoint\",\"urlTemplate\":\"https:\/\/www.sinpro-rio.org.br\/principal\/?s={search_term_string}\"},\"query-input\":{\"@type\":\"PropertyValueSpecification\",\"valueRequired\":true,\"valueName\":\"search_term_string\"}}],\"inLanguage\":\"pt-BR\"},{\"@type\":\"Person\",\"@id\":\"https:\/\/www.sinpro-rio.org.br\/principal\/#\/schema\/person\/49feb585a2f57a31a6bd9f16f78e5be6\",\"name\":\"rafaelrjp\",\"image\":{\"@type\":\"ImageObject\",\"inLanguage\":\"pt-BR\",\"@id\":\"https:\/\/www.sinpro-rio.org.br\/principal\/#\/schema\/person\/image\/\",\"url\":\"https:\/\/secure.gravatar.com\/avatar\/489371a0ba4655c340b519882c68cf68?s=96&d=mm&r=g\",\"contentUrl\":\"https:\/\/secure.gravatar.com\/avatar\/489371a0ba4655c340b519882c68cf68?s=96&d=mm&r=g\",\"caption\":\"rafaelrjp\"},\"url\":\"https:\/\/www.sinpro-rio.org.br\/principal\/author\/rafaelrjp\/\"}]}<\/script>\n<!-- \/ Yoast SEO plugin. -->","yoast_head_json":{"title":"Dia do Professor: nossa homenagem a todos! - Sinpro-Rio","robots":{"index":"index","follow":"follow","max-snippet":"max-snippet:-1","max-image-preview":"max-image-preview:large","max-video-preview":"max-video-preview:-1"},"canonical":"https:\/\/www.sinpro-rio.org.br\/principal\/dia-do-professor-nossa-homenagem-a-todos\/","og_locale":"pt_BR","og_type":"article","og_title":"Dia do Professor: nossa homenagem a todos! - Sinpro-Rio","og_description":"14\/10\/2014 Neste dia do Professor, a Diretoria eleita do Sinpro-Rio conclama toda a categoria a reocupar o Sindicato, que sempre foi seu, por direito, como um espa\u00e7o de encontro, mobiliza\u00e7\u00e3o e luta; como um instrumento de transforma\u00e7\u00e3o da realidade, em defesa dos direitos e conquistas de professores e professoras e da constru\u00e7\u00e3o de um novo [&hellip;]","og_url":"https:\/\/www.sinpro-rio.org.br\/principal\/dia-do-professor-nossa-homenagem-a-todos\/","og_site_name":"Sinpro-Rio","article_published_time":"2014-10-14T00:00:00+00:00","author":"rafaelrjp","twitter_card":"summary_large_image","twitter_misc":{"Escrito por":"rafaelrjp","Est. tempo de leitura":"2 minutos"},"schema":{"@context":"https:\/\/schema.org","@graph":[{"@type":"WebPage","@id":"https:\/\/www.sinpro-rio.org.br\/principal\/dia-do-professor-nossa-homenagem-a-todos\/","url":"https:\/\/www.sinpro-rio.org.br\/principal\/dia-do-professor-nossa-homenagem-a-todos\/","name":"Dia do Professor: nossa homenagem a todos! - Sinpro-Rio","isPartOf":{"@id":"https:\/\/www.sinpro-rio.org.br\/principal\/#website"},"datePublished":"2014-10-14T00:00:00+00:00","author":{"@id":"https:\/\/www.sinpro-rio.org.br\/principal\/#\/schema\/person\/49feb585a2f57a31a6bd9f16f78e5be6"},"breadcrumb":{"@id":"https:\/\/www.sinpro-rio.org.br\/principal\/dia-do-professor-nossa-homenagem-a-todos\/#breadcrumb"},"inLanguage":"pt-BR","potentialAction":[{"@type":"ReadAction","target":["https:\/\/www.sinpro-rio.org.br\/principal\/dia-do-professor-nossa-homenagem-a-todos\/"]}]},{"@type":"BreadcrumbList","@id":"https:\/\/www.sinpro-rio.org.br\/principal\/dia-do-professor-nossa-homenagem-a-todos\/#breadcrumb","itemListElement":[{"@type":"ListItem","position":1,"name":"In\u00edcio","item":"https:\/\/www.sinpro-rio.org.br\/principal\/"},{"@type":"ListItem","position":2,"name":"Dia do Professor: nossa homenagem a todos!"}]},{"@type":"WebSite","@id":"https:\/\/www.sinpro-rio.org.br\/principal\/#website","url":"https:\/\/www.sinpro-rio.org.br\/principal\/","name":"Sinpro-Rio","description":"Sindicato dos Professores do Munic\u00edpio do Rio de Janeiro e Regi\u00e3o","potentialAction":[{"@type":"SearchAction","target":{"@type":"EntryPoint","urlTemplate":"https:\/\/www.sinpro-rio.org.br\/principal\/?s={search_term_string}"},"query-input":{"@type":"PropertyValueSpecification","valueRequired":true,"valueName":"search_term_string"}}],"inLanguage":"pt-BR"},{"@type":"Person","@id":"https:\/\/www.sinpro-rio.org.br\/principal\/#\/schema\/person\/49feb585a2f57a31a6bd9f16f78e5be6","name":"rafaelrjp","image":{"@type":"ImageObject","inLanguage":"pt-BR","@id":"https:\/\/www.sinpro-rio.org.br\/principal\/#\/schema\/person\/image\/","url":"https:\/\/secure.gravatar.com\/avatar\/489371a0ba4655c340b519882c68cf68?s=96&d=mm&r=g","contentUrl":"https:\/\/secure.gravatar.com\/avatar\/489371a0ba4655c340b519882c68cf68?s=96&d=mm&r=g","caption":"rafaelrjp"},"url":"https:\/\/www.sinpro-rio.org.br\/principal\/author\/rafaelrjp\/"}]}},"_links":{"self":[{"href":"https:\/\/www.sinpro-rio.org.br\/principal\/wp-json\/wp\/v2\/posts\/20149","targetHints":{"allow":["GET"]}}],"collection":[{"href":"https:\/\/www.sinpro-rio.org.br\/principal\/wp-json\/wp\/v2\/posts"}],"about":[{"href":"https:\/\/www.sinpro-rio.org.br\/principal\/wp-json\/wp\/v2\/types\/post"}],"author":[{"embeddable":true,"href":"https:\/\/www.sinpro-rio.org.br\/principal\/wp-json\/wp\/v2\/users\/1"}],"replies":[{"embeddable":true,"href":"https:\/\/www.sinpro-rio.org.br\/principal\/wp-json\/wp\/v2\/comments?post=20149"}],"version-history":[{"count":0,"href":"https:\/\/www.sinpro-rio.org.br\/principal\/wp-json\/wp\/v2\/posts\/20149\/revisions"}],"wp:attachment":[{"href":"https:\/\/www.sinpro-rio.org.br\/principal\/wp-json\/wp\/v2\/media?parent=20149"}],"wp:term":[{"taxonomy":"category","embeddable":true,"href":"https:\/\/www.sinpro-rio.org.br\/principal\/wp-json\/wp\/v2\/categories?post=20149"},{"taxonomy":"post_tag","embeddable":true,"href":"https:\/\/www.sinpro-rio.org.br\/principal\/wp-json\/wp\/v2\/tags?post=20149"}],"curies":[{"name":"wp","href":"https:\/\/api.w.org\/{rel}","templated":true}]}}