{"id":20147,"date":"2014-10-17T00:00:00","date_gmt":"2014-10-17T00:00:00","guid":{"rendered":""},"modified":"-0001-11-30T00:00:00","modified_gmt":"-0001-11-30T03:00:00","slug":"sinpro-rio-empossa-nova-diretoria-da-copap","status":"publish","type":"post","link":"https:\/\/www.sinpro-rio.org.br\/principal\/sinpro-rio-empossa-nova-diretoria-da-copap\/","title":{"rendered":"Sinpro-Rio empossa nova Diretoria da Copap"},"content":{"rendered":"\n<p>\n <em><br \/>\n  17\/10\/2014<br \/>\n <\/em>\n<\/p>\n<p>\n O aumento da participa\u00e7\u00e3o pol\u00edtica dos aposentados nas atividades do Sindicato e a valoriza\u00e7\u00e3o do conhecimento adquirido ao longo do exerc\u00edcio da profiss\u00e3o foram temas abordados por todos que participaram da cerim\u00f4nia de posse da nova Diretoria da Comiss\u00e3o Permanente de Professores Aposentados e Pensionistas (Copap), no dia 17 de outubro, no Sinpro-Rio. O atual presidente do Sindicato, Oswaldo Teles, deu posse aos novos integrantes durante a solenidade, que contou com a presen\u00e7a do ex-presidente Francilio Paes Leme.<\/p>\n<p>\n  Encabe\u00e7ados pela professora Adalgiza Burity, os professores empossados falaram de suas experi\u00eancias profissionais e tamb\u00e9m de como veem o sindicalismo nos dias de hoje. A presidente da Comiss\u00e3o salientou a necessidade de aumentar as viagens e atividades de intera\u00e7\u00e3o dos aposentados e tamb\u00e9m destacou o quanto a sabedoria acumulada desses educadores ajuda no entendimento do que \u00e9 importante para a profiss\u00e3o.<\/p>\n<p>\n   <b><br \/>\n    Quais os planos da Copap  para o pr\u00f3ximo tri\u00eanio?<\/p>\n<p>\n     Adalgiza Burity:\n    <\/p>\n<p>   <\/b><br \/>\n   Vamos voltar a fortalecer as viagens, porque os professores aposentados privilegiam a possibilidade de viajar com pouco dinheiro, j\u00e1 que, sabemos, o aposentado ganha muito pouco. A Copap sempre conseguiu fazer viagens dentro das possibildades dos professores, oferecendo muitas vezes pens\u00e3o completa.  Isso havia acabado e a Copap era apenas um local onde realizavam atividades \u00e0s sextas-feiras.  Nesta retomada, j\u00e1 temos uma viagem programada para o ano que vem para Miguel Pereira, com festa junina, e estamos programando uma viagem para o Chile.<\/p>\n<p>\n    <b><br \/>\n     Para o Sindicato, qual o papel da Copap?<\/p>\n<p>\n      Adalgiza Burity:\n     <\/p>\n<p>    <\/b><br \/>\n    \u00c9 uma quest\u00e3o idealista. Com os aposentados trazemos para esta casa, que \u00e9 a casa dos professores, essa gama de instrumentos que adquirem ao longo de sua vida de trabalho. Eles fortalecem a troca no<br \/>\n    <i><br \/>\n     ensinar e aprender<br \/>\n    <\/i><br \/>\n    dentro da entidade. Um professor, quando chega \u00e0 aposentadoria, acumulou uma bagagem enorme e \u00e9 important\u00edssimo que ela n\u00e3o seja perdida. Com ela, todos n\u00f3s ficamos mais ricos.<\/p>\n<p>\n     Para ver fotos da posse da nova diretoria da Copap, clique<br \/>\n     <a href=\"http:\/\/www.sinprorio.pro.br\/site_antigo\/atualidades\/fotos-2014-out-17-copap.php \"><br \/>\n      aqui<br \/>\n     <\/a><br \/>\n     .\n    <\/p>\n<p>\n     <b><br \/>\n      Nova Diretoria da Copap:<br \/>\n     <\/b><\/p>\n<p>\n      <b><br \/>\n       Adalgiza Burity Silva<br \/>\n      <\/b><br \/>\n      &#8211; Presidente<\/p>\n<p>\n       <b><br \/>\n        Antonio Cezar Pereira<br \/>\n       <\/b><br \/>\n       &#8211; Vice-Presidente<\/p>\n<p>\n        <b><br \/>\n         Eliza Barbosa de Souza Estev\u00e3o<br \/>\n        <\/b><br \/>\n        &#8211; 1\u00aa Secret\u00e1ria<\/p>\n<p>\n         <b><br \/>\n          Clarisse Ara\u00fajo Gurgel<br \/>\n         <\/b><br \/>\n         &#8211; 2\u00aa Secret\u00e1ria<\/p>\n<p>\n          <b><br \/>\n           M\u00e1rio Maturo<br \/>\n          <\/b><br \/>\n          &#8211; Diretor de Comunica\u00e7\u00e3o<\/p>\n<p>\n           <b><br \/>\n            Suel Correa Lima de Azeredo e Silva<br \/>\n           <\/b><br \/>\n           &#8211; 1\u00aa Suplente<\/p>\n<p>\n            <b><br \/>\n             Adelina da Silveira Santos<br \/>\n            <\/b><br \/>\n            &#8211; 2\u00aa Suplente<\/p>\n<p>\n             <b><br \/>\n              Carlinda Monteiro<br \/>\n             <\/b><br \/>\n             &#8211; 3\u00aa Suplente<\/p>\n<p>\n              <b><br \/>\n               Representantes Faaperj:<br \/>\n              <\/b><\/p>\n<p>\n               Leila dos Santos Azevedo<\/p>\n<p>\n                Jo\u00e3o Paulo C\u00e2mara Chaves<\/p>\n<p>\n                 <b><br \/>\n                  Suplentes da Federa\u00e7\u00e3o:<br \/>\n                 <\/b><\/p>\n<p>\n                  Zuleide<\/p>\n<p>\n                   Dalva Cheta<\/p>\n<p>\n                    <b><br \/>\n                     Representantes das Subsedes:<br \/>\n                    <\/b><\/p>\n<p>\n                     <b><br \/>\n                      Dilson Ribeiro da Silveira<br \/>\n                     <\/b><br \/>\n                     &#8211; Campo Grande<\/p>\n<p>\n                      <b><br \/>\n                       Sonia Regina Fernandes<br \/>\n                      <\/b><br \/>\n                      &#8211; Barra da Tijuca<\/p>\n<p>\n                       <b><br \/>\n                        Annibal Alves de Queiroz<br \/>\n                       <\/b><br \/>\n                       &#8211; Madureira<br \/>\n                       <br \/>\n                       <img decoding=\"async\" align=\"right\" alt=\"foto\" src=\"http:\/\/www.sinprorio.pro.br\/site_antigo\/imagens\/noticia\/2014\/copap2015.jpg\" width=\"700\"\/>\n                      <\/p>\n<\/p>\n<\/p>\n<\/p>\n<\/p>\n<\/p>\n<\/p>\n<\/p>\n<\/p>\n<\/p>\n<\/p>\n<\/p>\n<p>\n Encabe\u00e7ados pela professora Adalgiza Burity, os professores empossados falaram de suas experi\u00eancias profissionais e tamb\u00e9m de como veem o sindicalismo nos dias de hoje. A presidente da Comiss\u00e3o salientou a necessidade de aumentar as viagens e atividades de intera\u00e7\u00e3o dos aposentados e tamb\u00e9m destacou o quanto a sabedoria acumulada desses educadores ajuda no entendimento do que \u00e9 importante para a profiss\u00e3o.<\/p>\n<p>\n  <b><br \/>\n   Quais os planos da Copap  para o pr\u00f3ximo tri\u00eanio?<\/p>\n<p>\n    Adalgiza Burity:\n   <\/p>\n<p>  <\/b><br \/>\n  Vamos voltar a fortalecer as viagens, porque os professores aposentados privilegiam a possibilidade de viajar com pouco dinheiro, j\u00e1 que, sabemos, o aposentado ganha muito pouco. A Copap sempre conseguiu fazer viagens dentro das possibildades dos professores, oferecendo muitas vezes pens\u00e3o completa.  Isso havia acabado e a Copap era apenas um local onde realizavam atividades \u00e0s sextas-feiras.  Nesta retomada, j\u00e1 temos uma viagem programada para o ano que vem para Miguel Pereira, com festa junina, e estamos programando uma viagem para o Chile.<\/p>\n<p>\n   <b><br \/>\n    Para o Sindicato, qual o papel da Copap?<\/p>\n<p>\n     Adalgiza Burity:\n    <\/p>\n<p>   <\/b><br \/>\n   \u00c9 uma quest\u00e3o idealista. Com os aposentados trazemos para esta casa, que \u00e9 a casa dos professores, essa gama de instrumentos que adquirem ao longo de sua vida de trabalho. Eles fortalecem a troca no<br \/>\n   <i><br \/>\n    ensinar e aprender<br \/>\n   <\/i><br \/>\n   dentro da entidade. Um professor, quando chega \u00e0 aposentadoria, acumulou uma bagagem enorme e \u00e9 important\u00edssimo que ela n\u00e3o seja perdida. Com ela, todos n\u00f3s ficamos mais ricos.<\/p>\n<p>\n    Para ver fotos da posse da nova diretoria da Copap, clique<br \/>\n    <a href=\"http:\/\/www.sinprorio.pro.br\/site_antigo\/atualidades\/fotos-2014-out-17-copap.php \"><br \/>\n     aqui<br \/>\n    <\/a><br \/>\n    .\n   <\/p>\n<p>\n    <b><br \/>\n     Nova Diretoria da Copap:<br \/>\n    <\/b><\/p>\n<p>\n     <b><br \/>\n      Adalgiza Burity Silva<br \/>\n     <\/b><br \/>\n     &#8211; Presidente<\/p>\n<p>\n      <b><br \/>\n       Antonio Cezar Pereira<br \/>\n      <\/b><br \/>\n      &#8211; Vice-Presidente<\/p>\n<p>\n       <b><br \/>\n        Eliza Barbosa de Souza Estev\u00e3o<br \/>\n       <\/b><br \/>\n       &#8211; 1\u00aa Secret\u00e1ria<\/p>\n<p>\n        <b><br \/>\n         Clarisse Ara\u00fajo Gurgel<br \/>\n        <\/b><br \/>\n        &#8211; 2\u00aa Secret\u00e1ria<\/p>\n<p>\n         <b><br \/>\n          M\u00e1rio Maturo<br \/>\n         <\/b><br \/>\n         &#8211; Diretor de Comunica\u00e7\u00e3o<\/p>\n<p>\n          <b><br \/>\n           Suel Correa Lima de Azeredo e Silva<br \/>\n          <\/b><br \/>\n          &#8211; 1\u00aa Suplente<\/p>\n<p>\n           <b><br \/>\n            Adelina da Silveira Santos<br \/>\n           <\/b><br \/>\n           &#8211; 2\u00aa Suplente<\/p>\n<p>\n            <b><br \/>\n             Carlinda Monteiro<br \/>\n            <\/b><br \/>\n            &#8211; 3\u00aa Suplente<\/p>\n<p>\n             <b><br \/>\n              Representantes Faaperj:<br \/>\n             <\/b><\/p>\n<p>\n              Leila dos Santos Azevedo<\/p>\n<p>\n               Jo\u00e3o Paulo C\u00e2mara Chaves<\/p>\n<p>\n                <b><br \/>\n                 Suplentes da Federa\u00e7\u00e3o:<br \/>\n                <\/b><\/p>\n<p>\n                 Zuleide<\/p>\n<p>\n                  Dalva Cheta<\/p>\n<p>\n                   <b><br \/>\n                    Representantes das Subsedes:<br \/>\n                   <\/b><\/p>\n<p>\n                    <b><br \/>\n                     Dilson Ribeiro da Silveira<br \/>\n                    <\/b><br \/>\n                    &#8211; Campo Grande<\/p>\n<p>\n                     <b><br \/>\n                      Sonia Regina Fernandes<br \/>\n                     <\/b><br \/>\n                     &#8211; Barra da Tijuca<\/p>\n<p>\n                      <b><br \/>\n                       Annibal Alves de Queiroz<br \/>\n                      <\/b><br \/>\n                      &#8211; Madureira<br \/>\n                      <br \/>\n                      <img decoding=\"async\" align=\"right\" alt=\"foto\" src=\"http:\/\/www.sinprorio.pro.br\/site_antigo\/imagens\/noticia\/2014\/copap2015.jpg\" width=\"700\"\/>\n                     <\/p>\n<\/p>\n<\/p>\n<\/p>\n<\/p>\n<\/p>\n<\/p>\n<\/p>\n<\/p>\n<\/p>\n<\/p>\n<\/p>\n<p>\n <b><br \/>\n  Quais os planos da Copap  para o pr\u00f3ximo tri\u00eanio?<\/p>\n<p>\n   Adalgiza Burity:\n  <\/p>\n<p> <\/b><br \/>\n Vamos voltar a fortalecer as viagens, porque os professores aposentados privilegiam a possibilidade de viajar com pouco dinheiro, j\u00e1 que, sabemos, o aposentado ganha muito pouco. A Copap sempre conseguiu fazer viagens dentro das possibildades dos professores, oferecendo muitas vezes pens\u00e3o completa.  Isso havia acabado e a Copap era apenas um local onde realizavam atividades \u00e0s sextas-feiras.  Nesta retomada, j\u00e1 temos uma viagem programada para o ano que vem para Miguel Pereira, com festa junina, e estamos programando uma viagem para o Chile.<\/p>\n<p>\n  <b><br \/>\n   Para o Sindicato, qual o papel da Copap?<\/p>\n<p>\n    Adalgiza Burity:\n   <\/p>\n<p>  <\/b><br \/>\n  \u00c9 uma quest\u00e3o idealista. Com os aposentados trazemos para esta casa, que \u00e9 a casa dos professores, essa gama de instrumentos que adquirem ao longo de sua vida de trabalho. Eles fortalecem a troca no<br \/>\n  <i><br \/>\n   ensinar e aprender<br \/>\n  <\/i><br \/>\n  dentro da entidade. Um professor, quando chega \u00e0 aposentadoria, acumulou uma bagagem enorme e \u00e9 important\u00edssimo que ela n\u00e3o seja perdida. Com ela, todos n\u00f3s ficamos mais ricos.<\/p>\n<p>\n   Para ver fotos da posse da nova diretoria da Copap, clique<br \/>\n   <a href=\"http:\/\/www.sinprorio.pro.br\/site_antigo\/atualidades\/fotos-2014-out-17-copap.php \"><br \/>\n    aqui<br \/>\n   <\/a><br \/>\n   .\n  <\/p>\n<p>\n   <b><br \/>\n    Nova Diretoria da Copap:<br \/>\n   <\/b><\/p>\n<p>\n    <b><br \/>\n     Adalgiza Burity Silva<br \/>\n    <\/b><br \/>\n    &#8211; Presidente<\/p>\n<p>\n     <b><br \/>\n      Antonio Cezar Pereira<br \/>\n     <\/b><br \/>\n     &#8211; Vice-Presidente<\/p>\n<p>\n      <b><br \/>\n       Eliza Barbosa de Souza Estev\u00e3o<br \/>\n      <\/b><br \/>\n      &#8211; 1\u00aa Secret\u00e1ria<\/p>\n<p>\n       <b><br \/>\n        Clarisse Ara\u00fajo Gurgel<br \/>\n       <\/b><br \/>\n       &#8211; 2\u00aa Secret\u00e1ria<\/p>\n<p>\n        <b><br \/>\n         M\u00e1rio Maturo<br \/>\n        <\/b><br \/>\n        &#8211; Diretor de Comunica\u00e7\u00e3o<\/p>\n<p>\n         <b><br \/>\n          Suel Correa Lima de Azeredo e Silva<br \/>\n         <\/b><br \/>\n         &#8211; 1\u00aa Suplente<\/p>\n<p>\n          <b><br \/>\n           Adelina da Silveira Santos<br \/>\n          <\/b><br \/>\n          &#8211; 2\u00aa Suplente<\/p>\n<p>\n           <b><br \/>\n            Carlinda Monteiro<br \/>\n           <\/b><br \/>\n           &#8211; 3\u00aa Suplente<\/p>\n<p>\n            <b><br \/>\n             Representantes Faaperj:<br \/>\n            <\/b><\/p>\n<p>\n             Leila dos Santos Azevedo<\/p>\n<p>\n              Jo\u00e3o Paulo C\u00e2mara Chaves<\/p>\n<p>\n               <b><br \/>\n                Suplentes da Federa\u00e7\u00e3o:<br \/>\n               <\/b><\/p>\n<p>\n                Zuleide<\/p>\n<p>\n                 Dalva Cheta<\/p>\n<p>\n                  <b><br \/>\n                   Representantes das Subsedes:<br \/>\n                  <\/b><\/p>\n<p>\n                   <b><br \/>\n                    Dilson Ribeiro da Silveira<br \/>\n                   <\/b><br \/>\n                   &#8211; Campo Grande<\/p>\n<p>\n                    <b><br \/>\n                     Sonia Regina Fernandes<br \/>\n                    <\/b><br \/>\n                    &#8211; Barra da Tijuca<\/p>\n<p>\n                     <b><br \/>\n                      Annibal Alves de Queiroz<br \/>\n                     <\/b><br \/>\n                     &#8211; Madureira<br \/>\n                     <br \/>\n                     <img decoding=\"async\" align=\"right\" alt=\"foto\" src=\"http:\/\/www.sinprorio.pro.br\/site_antigo\/imagens\/noticia\/2014\/copap2015.jpg\" width=\"700\"\/>\n                    <\/p>\n<\/p>\n<\/p>\n<\/p>\n<\/p>\n<\/p>\n<\/p>\n<\/p>\n<\/p>\n<\/p>\n<\/p>\n<p>\n Adalgiza Burity:\n<\/p>\n<p>\n <b><br \/>\n  Para o Sindicato, qual o papel da Copap?<\/p>\n<p>\n   Adalgiza Burity:\n  <\/p>\n<p> <\/b><br \/>\n \u00c9 uma quest\u00e3o idealista. Com os aposentados trazemos para esta casa, que \u00e9 a casa dos professores, essa gama de instrumentos que adquirem ao longo de sua vida de trabalho. Eles fortalecem a troca no<br \/>\n <i><br \/>\n  ensinar e aprender<br \/>\n <\/i><br \/>\n dentro da entidade. Um professor, quando chega \u00e0 aposentadoria, acumulou uma bagagem enorme e \u00e9 important\u00edssimo que ela n\u00e3o seja perdida. Com ela, todos n\u00f3s ficamos mais ricos.<\/p>\n<p>\n  Para ver fotos da posse da nova diretoria da Copap, clique<br \/>\n  <a href=\"http:\/\/www.sinprorio.pro.br\/site_antigo\/atualidades\/fotos-2014-out-17-copap.php \"><br \/>\n   aqui<br \/>\n  <\/a><br \/>\n  .\n <\/p>\n<p>\n  <b><br \/>\n   Nova Diretoria da Copap:<br \/>\n  <\/b><\/p>\n<p>\n   <b><br \/>\n    Adalgiza Burity Silva<br \/>\n   <\/b><br \/>\n   &#8211; Presidente<\/p>\n<p>\n    <b><br \/>\n     Antonio Cezar Pereira<br \/>\n    <\/b><br \/>\n    &#8211; Vice-Presidente<\/p>\n<p>\n     <b><br \/>\n      Eliza Barbosa de Souza Estev\u00e3o<br \/>\n     <\/b><br \/>\n     &#8211; 1\u00aa Secret\u00e1ria<\/p>\n<p>\n      <b><br \/>\n       Clarisse Ara\u00fajo Gurgel<br \/>\n      <\/b><br \/>\n      &#8211; 2\u00aa Secret\u00e1ria<\/p>\n<p>\n       <b><br \/>\n        M\u00e1rio Maturo<br \/>\n       <\/b><br \/>\n       &#8211; Diretor de Comunica\u00e7\u00e3o<\/p>\n<p>\n        <b><br \/>\n         Suel Correa Lima de Azeredo e Silva<br \/>\n        <\/b><br \/>\n        &#8211; 1\u00aa Suplente<\/p>\n<p>\n         <b><br \/>\n          Adelina da Silveira Santos<br \/>\n         <\/b><br \/>\n         &#8211; 2\u00aa Suplente<\/p>\n<p>\n          <b><br \/>\n           Carlinda Monteiro<br \/>\n          <\/b><br \/>\n          &#8211; 3\u00aa Suplente<\/p>\n<p>\n           <b><br \/>\n            Representantes Faaperj:<br \/>\n           <\/b><\/p>\n<p>\n            Leila dos Santos Azevedo<\/p>\n<p>\n             Jo\u00e3o Paulo C\u00e2mara Chaves<\/p>\n<p>\n              <b><br \/>\n               Suplentes da Federa\u00e7\u00e3o:<br \/>\n              <\/b><\/p>\n<p>\n               Zuleide<\/p>\n<p>\n                Dalva Cheta<\/p>\n<p>\n                 <b><br \/>\n                  Representantes das Subsedes:<br \/>\n                 <\/b><\/p>\n<p>\n                  <b><br \/>\n                   Dilson Ribeiro da Silveira<br \/>\n                  <\/b><br \/>\n                  &#8211; Campo Grande<\/p>\n<p>\n                   <b><br \/>\n                    Sonia Regina Fernandes<br \/>\n                   <\/b><br \/>\n                   &#8211; Barra da Tijuca<\/p>\n<p>\n                    <b><br \/>\n                     Annibal Alves de Queiroz<br \/>\n                    <\/b><br \/>\n                    &#8211; Madureira<br \/>\n                    <br \/>\n                    <img decoding=\"async\" align=\"right\" alt=\"foto\" src=\"http:\/\/www.sinprorio.pro.br\/site_antigo\/imagens\/noticia\/2014\/copap2015.jpg\" width=\"700\"\/>\n                   <\/p>\n<\/p>\n<\/p>\n<\/p>\n<\/p>\n<\/p>\n<\/p>\n<\/p>\n<\/p>\n<\/p>\n<\/p>\n<p>\n Adalgiza Burity:\n<\/p>\n<p>\n Para ver fotos da posse da nova diretoria da Copap, clique<br \/>\n <a href=\"http:\/\/www.sinprorio.pro.br\/site_antigo\/atualidades\/fotos-2014-out-17-copap.php \"><br \/>\n  aqui<br \/>\n <\/a><br \/>\n .\n<\/p>\n<p>\n <b><br \/>\n  Nova Diretoria da Copap:<br \/>\n <\/b><\/p>\n<p>\n  <b><br \/>\n   Adalgiza Burity Silva<br \/>\n  <\/b><br \/>\n  &#8211; Presidente<\/p>\n<p>\n   <b><br \/>\n    Antonio Cezar Pereira<br \/>\n   <\/b><br \/>\n   &#8211; Vice-Presidente<\/p>\n<p>\n    <b><br \/>\n     Eliza Barbosa de Souza Estev\u00e3o<br \/>\n    <\/b><br \/>\n    &#8211; 1\u00aa Secret\u00e1ria<\/p>\n<p>\n     <b><br \/>\n      Clarisse Ara\u00fajo Gurgel<br \/>\n     <\/b><br \/>\n     &#8211; 2\u00aa Secret\u00e1ria<\/p>\n<p>\n      <b><br \/>\n       M\u00e1rio Maturo<br \/>\n      <\/b><br \/>\n      &#8211; Diretor de Comunica\u00e7\u00e3o<\/p>\n<p>\n       <b><br \/>\n        Suel Correa Lima de Azeredo e Silva<br \/>\n       <\/b><br \/>\n       &#8211; 1\u00aa Suplente<\/p>\n<p>\n        <b><br \/>\n         Adelina da Silveira Santos<br \/>\n        <\/b><br \/>\n        &#8211; 2\u00aa Suplente<\/p>\n<p>\n         <b><br \/>\n          Carlinda Monteiro<br \/>\n         <\/b><br \/>\n         &#8211; 3\u00aa Suplente<\/p>\n<p>\n          <b><br \/>\n           Representantes Faaperj:<br \/>\n          <\/b><\/p>\n<p>\n           Leila dos Santos Azevedo<\/p>\n<p>\n            Jo\u00e3o Paulo C\u00e2mara Chaves<\/p>\n<p>\n             <b><br \/>\n              Suplentes da Federa\u00e7\u00e3o:<br \/>\n             <\/b><\/p>\n<p>\n              Zuleide<\/p>\n<p>\n               Dalva Cheta<\/p>\n<p>\n                <b><br \/>\n                 Representantes das Subsedes:<br \/>\n                <\/b><\/p>\n<p>\n                 <b><br \/>\n                  Dilson Ribeiro da Silveira<br \/>\n                 <\/b><br \/>\n                 &#8211; Campo Grande<\/p>\n<p>\n                  <b><br \/>\n                   Sonia Regina Fernandes<br \/>\n                  <\/b><br \/>\n                  &#8211; Barra da Tijuca<\/p>\n<p>\n                   <b><br \/>\n                    Annibal Alves de Queiroz<br \/>\n                   <\/b><br \/>\n                   &#8211; Madureira<br \/>\n                   <br \/>\n                   <img decoding=\"async\" align=\"right\" alt=\"foto\" src=\"http:\/\/www.sinprorio.pro.br\/site_antigo\/imagens\/noticia\/2014\/copap2015.jpg\" width=\"700\"\/>\n                  <\/p>\n<\/p>\n<\/p>\n<\/p>\n<\/p>\n<\/p>\n<\/p>\n<\/p>\n<\/p>\n<\/p>\n<p>\n <b><br \/>\n  Adalgiza Burity Silva<br \/>\n <\/b><br \/>\n &#8211; Presidente<\/p>\n<p>\n  <b><br \/>\n   Antonio Cezar Pereira<br \/>\n  <\/b><br \/>\n  &#8211; Vice-Presidente<\/p>\n<p>\n   <b><br \/>\n    Eliza Barbosa de Souza Estev\u00e3o<br \/>\n   <\/b><br \/>\n   &#8211; 1\u00aa Secret\u00e1ria<\/p>\n<p>\n    <b><br \/>\n     Clarisse Ara\u00fajo Gurgel<br \/>\n    <\/b><br \/>\n    &#8211; 2\u00aa Secret\u00e1ria<\/p>\n<p>\n     <b><br \/>\n      M\u00e1rio Maturo<br \/>\n     <\/b><br \/>\n     &#8211; Diretor de Comunica\u00e7\u00e3o<\/p>\n<p>\n      <b><br \/>\n       Suel Correa Lima de Azeredo e Silva<br \/>\n      <\/b><br \/>\n      &#8211; 1\u00aa Suplente<\/p>\n<p>\n       <b><br \/>\n        Adelina da Silveira Santos<br \/>\n       <\/b><br \/>\n       &#8211; 2\u00aa Suplente<\/p>\n<p>\n        <b><br \/>\n         Carlinda Monteiro<br \/>\n        <\/b><br \/>\n        &#8211; 3\u00aa Suplente<\/p>\n<p>\n         <b><br \/>\n          Representantes Faaperj:<br \/>\n         <\/b><\/p>\n<p>\n          Leila dos Santos Azevedo<\/p>\n<p>\n           Jo\u00e3o Paulo C\u00e2mara Chaves<\/p>\n<p>\n            <b><br \/>\n             Suplentes da Federa\u00e7\u00e3o:<br \/>\n            <\/b><\/p>\n<p>\n             Zuleide<\/p>\n<p>\n              Dalva Cheta<\/p>\n<p>\n               <b><br \/>\n                Representantes das Subsedes:<br \/>\n               <\/b><\/p>\n<p>\n                <b><br \/>\n                 Dilson Ribeiro da Silveira<br \/>\n                <\/b><br \/>\n                &#8211; Campo Grande<\/p>\n<p>\n                 <b><br \/>\n                  Sonia Regina Fernandes<br \/>\n                 <\/b><br \/>\n                 &#8211; Barra da Tijuca<\/p>\n<p>\n                  <b><br \/>\n                   Annibal Alves de Queiroz<br \/>\n                  <\/b><br \/>\n                  &#8211; Madureira<br \/>\n                  <br \/>\n                  <img decoding=\"async\" align=\"right\" alt=\"foto\" src=\"http:\/\/www.sinprorio.pro.br\/site_antigo\/imagens\/noticia\/2014\/copap2015.jpg\" width=\"700\"\/>\n                 <\/p>\n<\/p>\n<\/p>\n<\/p>\n<\/p>\n<\/p>\n<\/p>\n<\/p>\n<\/p>\n<\/p>\n<p>\n <b><br \/>\n  Antonio Cezar Pereira<br \/>\n <\/b><br \/>\n &#8211; Vice-Presidente<\/p>\n<p>\n  <b><br \/>\n   Eliza Barbosa de Souza Estev\u00e3o<br \/>\n  <\/b><br \/>\n  &#8211; 1\u00aa Secret\u00e1ria<\/p>\n<p>\n   <b><br \/>\n    Clarisse Ara\u00fajo Gurgel<br \/>\n   <\/b><br \/>\n   &#8211; 2\u00aa Secret\u00e1ria<\/p>\n<p>\n    <b><br \/>\n     M\u00e1rio Maturo<br \/>\n    <\/b><br \/>\n    &#8211; Diretor de Comunica\u00e7\u00e3o<\/p>\n<p>\n     <b><br \/>\n      Suel Correa Lima de Azeredo e Silva<br \/>\n     <\/b><br \/>\n     &#8211; 1\u00aa Suplente<\/p>\n<p>\n      <b><br \/>\n       Adelina da Silveira Santos<br \/>\n      <\/b><br \/>\n      &#8211; 2\u00aa Suplente<\/p>\n<p>\n       <b><br \/>\n        Carlinda Monteiro<br \/>\n       <\/b><br \/>\n       &#8211; 3\u00aa Suplente<\/p>\n<p>\n        <b><br \/>\n         Representantes Faaperj:<br \/>\n        <\/b><\/p>\n<p>\n         Leila dos Santos Azevedo<\/p>\n<p>\n          Jo\u00e3o Paulo C\u00e2mara Chaves<\/p>\n<p>\n           <b><br \/>\n            Suplentes da Federa\u00e7\u00e3o:<br \/>\n           <\/b><\/p>\n<p>\n            Zuleide<\/p>\n<p>\n             Dalva Cheta<\/p>\n<p>\n              <b><br \/>\n               Representantes das Subsedes:<br \/>\n              <\/b><\/p>\n<p>\n               <b><br \/>\n                Dilson Ribeiro da Silveira<br \/>\n               <\/b><br \/>\n               &#8211; Campo Grande<\/p>\n<p>\n                <b><br \/>\n                 Sonia Regina Fernandes<br \/>\n                <\/b><br \/>\n                &#8211; Barra da Tijuca<\/p>\n<p>\n                 <b><br \/>\n                  Annibal Alves de Queiroz<br \/>\n                 <\/b><br \/>\n                 &#8211; Madureira<br \/>\n                 <br \/>\n                 <img decoding=\"async\" align=\"right\" alt=\"foto\" src=\"http:\/\/www.sinprorio.pro.br\/site_antigo\/imagens\/noticia\/2014\/copap2015.jpg\" width=\"700\"\/>\n                <\/p>\n<\/p>\n<\/p>\n<\/p>\n<\/p>\n<\/p>\n<\/p>\n<\/p>\n<\/p>\n<p>\n <b><br \/>\n  Eliza Barbosa de Souza Estev\u00e3o<br \/>\n <\/b><br \/>\n &#8211; 1\u00aa Secret\u00e1ria<\/p>\n<p>\n  <b><br \/>\n   Clarisse Ara\u00fajo Gurgel<br \/>\n  <\/b><br \/>\n  &#8211; 2\u00aa Secret\u00e1ria<\/p>\n<p>\n   <b><br \/>\n    M\u00e1rio Maturo<br \/>\n   <\/b><br \/>\n   &#8211; Diretor de Comunica\u00e7\u00e3o<\/p>\n<p>\n    <b><br \/>\n     Suel Correa Lima de Azeredo e Silva<br \/>\n    <\/b><br \/>\n    &#8211; 1\u00aa Suplente<\/p>\n<p>\n     <b><br \/>\n      Adelina da Silveira Santos<br \/>\n     <\/b><br \/>\n     &#8211; 2\u00aa Suplente<\/p>\n<p>\n      <b><br \/>\n       Carlinda Monteiro<br \/>\n      <\/b><br \/>\n      &#8211; 3\u00aa Suplente<\/p>\n<p>\n       <b><br \/>\n        Representantes Faaperj:<br \/>\n       <\/b><\/p>\n<p>\n        Leila dos Santos Azevedo<\/p>\n<p>\n         Jo\u00e3o Paulo C\u00e2mara Chaves<\/p>\n<p>\n          <b><br \/>\n           Suplentes da Federa\u00e7\u00e3o:<br \/>\n          <\/b><\/p>\n<p>\n           Zuleide<\/p>\n<p>\n            Dalva Cheta<\/p>\n<p>\n             <b><br \/>\n              Representantes das Subsedes:<br \/>\n             <\/b><\/p>\n<p>\n              <b><br \/>\n               Dilson Ribeiro da Silveira<br \/>\n              <\/b><br \/>\n              &#8211; Campo Grande<\/p>\n<p>\n               <b><br \/>\n                Sonia Regina Fernandes<br \/>\n               <\/b><br \/>\n               &#8211; Barra da Tijuca<\/p>\n<p>\n                <b><br \/>\n                 Annibal Alves de Queiroz<br \/>\n                <\/b><br \/>\n                &#8211; Madureira<br \/>\n                <br \/>\n                <img decoding=\"async\" align=\"right\" alt=\"foto\" src=\"http:\/\/www.sinprorio.pro.br\/site_antigo\/imagens\/noticia\/2014\/copap2015.jpg\" width=\"700\"\/>\n               <\/p>\n<\/p>\n<\/p>\n<\/p>\n<\/p>\n<\/p>\n<\/p>\n<\/p>\n<\/p>\n<p>\n <b><br \/>\n  Clarisse Ara\u00fajo Gurgel<br \/>\n <\/b><br \/>\n &#8211; 2\u00aa Secret\u00e1ria<\/p>\n<p>\n  <b><br \/>\n   M\u00e1rio Maturo<br \/>\n  <\/b><br \/>\n  &#8211; Diretor de Comunica\u00e7\u00e3o<\/p>\n<p>\n   <b><br \/>\n    Suel Correa Lima de Azeredo e Silva<br \/>\n   <\/b><br \/>\n   &#8211; 1\u00aa Suplente<\/p>\n<p>\n    <b><br \/>\n     Adelina da Silveira Santos<br \/>\n    <\/b><br \/>\n    &#8211; 2\u00aa Suplente<\/p>\n<p>\n     <b><br \/>\n      Carlinda Monteiro<br \/>\n     <\/b><br \/>\n     &#8211; 3\u00aa Suplente<\/p>\n<p>\n      <b><br \/>\n       Representantes Faaperj:<br \/>\n      <\/b><\/p>\n<p>\n       Leila dos Santos Azevedo<\/p>\n<p>\n        Jo\u00e3o Paulo C\u00e2mara Chaves<\/p>\n<p>\n         <b><br \/>\n          Suplentes da Federa\u00e7\u00e3o:<br \/>\n         <\/b><\/p>\n<p>\n          Zuleide<\/p>\n<p>\n           Dalva Cheta<\/p>\n<p>\n            <b><br \/>\n             Representantes das Subsedes:<br \/>\n            <\/b><\/p>\n<p>\n             <b><br \/>\n              Dilson Ribeiro da Silveira<br \/>\n             <\/b><br \/>\n             &#8211; Campo Grande<\/p>\n<p>\n              <b><br \/>\n               Sonia Regina Fernandes<br \/>\n              <\/b><br \/>\n              &#8211; Barra da Tijuca<\/p>\n<p>\n               <b><br \/>\n                Annibal Alves de Queiroz<br \/>\n               <\/b><br \/>\n               &#8211; Madureira<br \/>\n               <br \/>\n               <img decoding=\"async\" align=\"right\" alt=\"foto\" src=\"http:\/\/www.sinprorio.pro.br\/site_antigo\/imagens\/noticia\/2014\/copap2015.jpg\" width=\"700\"\/>\n              <\/p>\n<\/p>\n<\/p>\n<\/p>\n<\/p>\n<\/p>\n<\/p>\n<\/p>\n<p>\n <b><br \/>\n  M\u00e1rio Maturo<br \/>\n <\/b><br \/>\n &#8211; Diretor de Comunica\u00e7\u00e3o<\/p>\n<p>\n  <b><br \/>\n   Suel Correa Lima de Azeredo e Silva<br \/>\n  <\/b><br \/>\n  &#8211; 1\u00aa Suplente<\/p>\n<p>\n   <b><br \/>\n    Adelina da Silveira Santos<br \/>\n   <\/b><br \/>\n   &#8211; 2\u00aa Suplente<\/p>\n<p>\n    <b><br \/>\n     Carlinda Monteiro<br \/>\n    <\/b><br \/>\n    &#8211; 3\u00aa Suplente<\/p>\n<p>\n     <b><br \/>\n      Representantes Faaperj:<br \/>\n     <\/b><\/p>\n<p>\n      Leila dos Santos Azevedo<\/p>\n<p>\n       Jo\u00e3o Paulo C\u00e2mara Chaves<\/p>\n<p>\n        <b><br \/>\n         Suplentes da Federa\u00e7\u00e3o:<br \/>\n        <\/b><\/p>\n<p>\n         Zuleide<\/p>\n<p>\n          Dalva Cheta<\/p>\n<p>\n           <b><br \/>\n            Representantes das Subsedes:<br \/>\n           <\/b><\/p>\n<p>\n            <b><br \/>\n             Dilson Ribeiro da Silveira<br \/>\n            <\/b><br \/>\n            &#8211; Campo Grande<\/p>\n<p>\n             <b><br \/>\n              Sonia Regina Fernandes<br \/>\n             <\/b><br \/>\n             &#8211; Barra da Tijuca<\/p>\n<p>\n              <b><br \/>\n               Annibal Alves de Queiroz<br \/>\n              <\/b><br \/>\n              &#8211; Madureira<br \/>\n              <br \/>\n              <img decoding=\"async\" align=\"right\" alt=\"foto\" src=\"http:\/\/www.sinprorio.pro.br\/site_antigo\/imagens\/noticia\/2014\/copap2015.jpg\" width=\"700\"\/>\n             <\/p>\n<\/p>\n<\/p>\n<\/p>\n<\/p>\n<\/p>\n<\/p>\n<\/p>\n<p>\n <b><br \/>\n  Suel Correa Lima de Azeredo e Silva<br \/>\n <\/b><br \/>\n &#8211; 1\u00aa Suplente<\/p>\n<p>\n  <b><br \/>\n   Adelina da Silveira Santos<br \/>\n  <\/b><br \/>\n  &#8211; 2\u00aa Suplente<\/p>\n<p>\n   <b><br \/>\n    Carlinda Monteiro<br \/>\n   <\/b><br \/>\n   &#8211; 3\u00aa Suplente<\/p>\n<p>\n    <b><br \/>\n     Representantes Faaperj:<br \/>\n    <\/b><\/p>\n<p>\n     Leila dos Santos Azevedo<\/p>\n<p>\n      Jo\u00e3o Paulo C\u00e2mara Chaves<\/p>\n<p>\n       <b><br \/>\n        Suplentes da Federa\u00e7\u00e3o:<br \/>\n       <\/b><\/p>\n<p>\n        Zuleide<\/p>\n<p>\n         Dalva Cheta<\/p>\n<p>\n          <b><br \/>\n           Representantes das Subsedes:<br \/>\n          <\/b><\/p>\n<p>\n           <b><br \/>\n            Dilson Ribeiro da Silveira<br \/>\n           <\/b><br \/>\n           &#8211; Campo Grande<\/p>\n<p>\n            <b><br \/>\n             Sonia Regina Fernandes<br \/>\n            <\/b><br \/>\n            &#8211; Barra da Tijuca<\/p>\n<p>\n             <b><br \/>\n              Annibal Alves de Queiroz<br \/>\n             <\/b><br \/>\n             &#8211; Madureira<br \/>\n             <br \/>\n             <img decoding=\"async\" align=\"right\" alt=\"foto\" src=\"http:\/\/www.sinprorio.pro.br\/site_antigo\/imagens\/noticia\/2014\/copap2015.jpg\" width=\"700\"\/>\n            <\/p>\n<\/p>\n<\/p>\n<\/p>\n<\/p>\n<\/p>\n<\/p>\n<p>\n <b><br \/>\n  Adelina da Silveira Santos<br \/>\n <\/b><br \/>\n &#8211; 2\u00aa Suplente<\/p>\n<p>\n  <b><br \/>\n   Carlinda Monteiro<br \/>\n  <\/b><br \/>\n  &#8211; 3\u00aa Suplente<\/p>\n<p>\n   <b><br \/>\n    Representantes Faaperj:<br \/>\n   <\/b><\/p>\n<p>\n    Leila dos Santos Azevedo<\/p>\n<p>\n     Jo\u00e3o Paulo C\u00e2mara Chaves<\/p>\n<p>\n      <b><br \/>\n       Suplentes da Federa\u00e7\u00e3o:<br \/>\n      <\/b><\/p>\n<p>\n       Zuleide<\/p>\n<p>\n        Dalva Cheta<\/p>\n<p>\n         <b><br \/>\n          Representantes das Subsedes:<br \/>\n         <\/b><\/p>\n<p>\n          <b><br \/>\n           Dilson Ribeiro da Silveira<br \/>\n          <\/b><br \/>\n          &#8211; Campo Grande<\/p>\n<p>\n           <b><br \/>\n            Sonia Regina Fernandes<br \/>\n           <\/b><br \/>\n           &#8211; Barra da Tijuca<\/p>\n<p>\n            <b><br \/>\n             Annibal Alves de Queiroz<br \/>\n            <\/b><br \/>\n            &#8211; Madureira<br \/>\n            <br \/>\n            <img decoding=\"async\" align=\"right\" alt=\"foto\" src=\"http:\/\/www.sinprorio.pro.br\/site_antigo\/imagens\/noticia\/2014\/copap2015.jpg\" width=\"700\"\/>\n           <\/p>\n<\/p>\n<\/p>\n<\/p>\n<\/p>\n<\/p>\n<\/p>\n<p>\n <b><br \/>\n  Carlinda Monteiro<br \/>\n <\/b><br \/>\n &#8211; 3\u00aa Suplente<\/p>\n<p>\n  <b><br \/>\n   Representantes Faaperj:<br \/>\n  <\/b><\/p>\n<p>\n   Leila dos Santos Azevedo<\/p>\n<p>\n    Jo\u00e3o Paulo C\u00e2mara Chaves<\/p>\n<p>\n     <b><br \/>\n      Suplentes da Federa\u00e7\u00e3o:<br \/>\n     <\/b><\/p>\n<p>\n      Zuleide<\/p>\n<p>\n       Dalva Cheta<\/p>\n<p>\n        <b><br \/>\n         Representantes das Subsedes:<br \/>\n        <\/b><\/p>\n<p>\n         <b><br \/>\n          Dilson Ribeiro da Silveira<br \/>\n         <\/b><br \/>\n         &#8211; Campo Grande<\/p>\n<p>\n          <b><br \/>\n           Sonia Regina Fernandes<br \/>\n          <\/b><br \/>\n          &#8211; Barra da Tijuca<\/p>\n<p>\n           <b><br \/>\n            Annibal Alves de Queiroz<br \/>\n           <\/b><br \/>\n           &#8211; Madureira<br \/>\n           <br \/>\n           <img decoding=\"async\" align=\"right\" alt=\"foto\" src=\"http:\/\/www.sinprorio.pro.br\/site_antigo\/imagens\/noticia\/2014\/copap2015.jpg\" width=\"700\"\/>\n          <\/p>\n<\/p>\n<\/p>\n<\/p>\n<\/p>\n<\/p>\n<p>\n <b><br \/>\n  Representantes Faaperj:<br \/>\n <\/b><\/p>\n<p>\n  Leila dos Santos Azevedo<\/p>\n<p>\n   Jo\u00e3o Paulo C\u00e2mara Chaves<\/p>\n<p>\n    <b><br \/>\n     Suplentes da Federa\u00e7\u00e3o:<br \/>\n    <\/b><\/p>\n<p>\n     Zuleide<\/p>\n<p>\n      Dalva Cheta<\/p>\n<p>\n       <b><br \/>\n        Representantes das Subsedes:<br \/>\n       <\/b><\/p>\n<p>\n        <b><br \/>\n         Dilson Ribeiro da Silveira<br \/>\n        <\/b><br \/>\n        &#8211; Campo Grande<\/p>\n<p>\n         <b><br \/>\n          Sonia Regina Fernandes<br \/>\n         <\/b><br \/>\n         &#8211; Barra da Tijuca<\/p>\n<p>\n          <b><br \/>\n           Annibal Alves de Queiroz<br \/>\n          <\/b><br \/>\n          &#8211; Madureira<br \/>\n          <br \/>\n          <img decoding=\"async\" align=\"right\" alt=\"foto\" src=\"http:\/\/www.sinprorio.pro.br\/site_antigo\/imagens\/noticia\/2014\/copap2015.jpg\" width=\"700\"\/>\n         <\/p>\n<\/p>\n<\/p>\n<\/p>\n<\/p>\n<\/p>\n<p>\n Leila dos Santos Azevedo<\/p>\n<p>\n  Jo\u00e3o Paulo C\u00e2mara Chaves<\/p>\n<p>\n   <b><br \/>\n    Suplentes da Federa\u00e7\u00e3o:<br \/>\n   <\/b><\/p>\n<p>\n    Zuleide<\/p>\n<p>\n     Dalva Cheta<\/p>\n<p>\n      <b><br \/>\n       Representantes das Subsedes:<br \/>\n      <\/b><\/p>\n<p>\n       <b><br \/>\n        Dilson Ribeiro da Silveira<br \/>\n       <\/b><br \/>\n       &#8211; Campo Grande<\/p>\n<p>\n        <b><br \/>\n         Sonia Regina Fernandes<br \/>\n        <\/b><br \/>\n        &#8211; Barra da Tijuca<\/p>\n<p>\n         <b><br \/>\n          Annibal Alves de Queiroz<br \/>\n         <\/b><br \/>\n         &#8211; Madureira<br \/>\n         <br \/>\n         <img decoding=\"async\" align=\"right\" alt=\"foto\" src=\"http:\/\/www.sinprorio.pro.br\/site_antigo\/imagens\/noticia\/2014\/copap2015.jpg\" width=\"700\"\/>\n        <\/p>\n<\/p>\n<\/p>\n<\/p>\n<\/p>\n<p>\n Jo\u00e3o Paulo C\u00e2mara Chaves<\/p>\n<p>\n  <b><br \/>\n   Suplentes da Federa\u00e7\u00e3o:<br \/>\n  <\/b><\/p>\n<p>\n   Zuleide<\/p>\n<p>\n    Dalva Cheta<\/p>\n<p>\n     <b><br \/>\n      Representantes das Subsedes:<br \/>\n     <\/b><\/p>\n<p>\n      <b><br \/>\n       Dilson Ribeiro da Silveira<br \/>\n      <\/b><br \/>\n      &#8211; Campo Grande<\/p>\n<p>\n       <b><br \/>\n        Sonia Regina Fernandes<br \/>\n       <\/b><br \/>\n       &#8211; Barra da Tijuca<\/p>\n<p>\n        <b><br \/>\n         Annibal Alves de Queiroz<br \/>\n        <\/b><br \/>\n        &#8211; Madureira<br \/>\n        <br \/>\n        <img decoding=\"async\" align=\"right\" alt=\"foto\" src=\"http:\/\/www.sinprorio.pro.br\/site_antigo\/imagens\/noticia\/2014\/copap2015.jpg\" width=\"700\"\/>\n       <\/p>\n<\/p>\n<\/p>\n<\/p>\n<\/p>\n<p>\n <b><br \/>\n  Suplentes da Federa\u00e7\u00e3o:<br \/>\n <\/b><\/p>\n<p>\n  Zuleide<\/p>\n<p>\n   Dalva Cheta<\/p>\n<p>\n    <b><br \/>\n     Representantes das Subsedes:<br \/>\n    <\/b><\/p>\n<p>\n     <b><br \/>\n      Dilson Ribeiro da Silveira<br \/>\n     <\/b><br \/>\n     &#8211; Campo Grande<\/p>\n<p>\n      <b><br \/>\n       Sonia Regina Fernandes<br \/>\n      <\/b><br \/>\n      &#8211; Barra da Tijuca<\/p>\n<p>\n       <b><br \/>\n        Annibal Alves de Queiroz<br \/>\n       <\/b><br \/>\n       &#8211; Madureira<br \/>\n       <br \/>\n       <img decoding=\"async\" align=\"right\" alt=\"foto\" src=\"http:\/\/www.sinprorio.pro.br\/site_antigo\/imagens\/noticia\/2014\/copap2015.jpg\" width=\"700\"\/>\n      <\/p>\n<\/p>\n<\/p>\n<\/p>\n<p>\n Zuleide<\/p>\n<p>\n  Dalva Cheta<\/p>\n<p>\n   <b><br \/>\n    Representantes das Subsedes:<br \/>\n   <\/b><\/p>\n<p>\n    <b><br \/>\n     Dilson Ribeiro da Silveira<br \/>\n    <\/b><br \/>\n    &#8211; Campo Grande<\/p>\n<p>\n     <b><br \/>\n      Sonia Regina Fernandes<br \/>\n     <\/b><br \/>\n     &#8211; Barra da Tijuca<\/p>\n<p>\n      <b><br \/>\n       Annibal Alves de Queiroz<br \/>\n      <\/b><br \/>\n      &#8211; Madureira<br \/>\n      <br \/>\n      <img decoding=\"async\" align=\"right\" alt=\"foto\" src=\"http:\/\/www.sinprorio.pro.br\/site_antigo\/imagens\/noticia\/2014\/copap2015.jpg\" width=\"700\"\/>\n     <\/p>\n<\/p>\n<\/p>\n<\/p>\n<p>\n Dalva Cheta<\/p>\n<p>\n  <b><br \/>\n   Representantes das Subsedes:<br \/>\n  <\/b><\/p>\n<p>\n   <b><br \/>\n    Dilson Ribeiro da Silveira<br \/>\n   <\/b><br \/>\n   &#8211; Campo Grande<\/p>\n<p>\n    <b><br \/>\n     Sonia Regina Fernandes<br \/>\n    <\/b><br \/>\n    &#8211; Barra da Tijuca<\/p>\n<p>\n     <b><br \/>\n      Annibal Alves de Queiroz<br \/>\n     <\/b><br \/>\n     &#8211; Madureira<br \/>\n     <br \/>\n     <img decoding=\"async\" align=\"right\" alt=\"foto\" src=\"http:\/\/www.sinprorio.pro.br\/site_antigo\/imagens\/noticia\/2014\/copap2015.jpg\" width=\"700\"\/>\n    <\/p>\n<\/p>\n<\/p>\n<p>\n <b><br \/>\n  Representantes das Subsedes:<br \/>\n <\/b><\/p>\n<p>\n  <b><br \/>\n   Dilson Ribeiro da Silveira<br \/>\n  <\/b><br \/>\n  &#8211; Campo Grande<\/p>\n<p>\n   <b><br \/>\n    Sonia Regina Fernandes<br \/>\n   <\/b><br \/>\n   &#8211; Barra da Tijuca<\/p>\n<p>\n    <b><br \/>\n     Annibal Alves de Queiroz<br \/>\n    <\/b><br \/>\n    &#8211; Madureira<br \/>\n    <br \/>\n    <img decoding=\"async\" align=\"right\" alt=\"foto\" src=\"http:\/\/www.sinprorio.pro.br\/site_antigo\/imagens\/noticia\/2014\/copap2015.jpg\" width=\"700\"\/>\n   <\/p>\n<\/p>\n<\/p>\n<p>\n <b><br \/>\n  Dilson Ribeiro da Silveira<br \/>\n <\/b><br \/>\n &#8211; Campo Grande<\/p>\n<p>\n  <b><br \/>\n   Sonia Regina Fernandes<br \/>\n  <\/b><br \/>\n  &#8211; Barra da Tijuca<\/p>\n<p>\n   <b><br \/>\n    Annibal Alves de Queiroz<br \/>\n   <\/b><br \/>\n   &#8211; Madureira<br \/>\n   <br \/>\n   <img decoding=\"async\" align=\"right\" alt=\"foto\" src=\"http:\/\/www.sinprorio.pro.br\/site_antigo\/imagens\/noticia\/2014\/copap2015.jpg\" width=\"700\"\/>\n  <\/p>\n<\/p>\n<p>\n <b><br \/>\n  Sonia Regina Fernandes<br \/>\n <\/b><br \/>\n &#8211; Barra da Tijuca<\/p>\n<p>\n  <b><br \/>\n   Annibal Alves de Queiroz<br \/>\n  <\/b><br \/>\n  &#8211; Madureira<br \/>\n  <br \/>\n  <img decoding=\"async\" align=\"right\" alt=\"foto\" src=\"http:\/\/www.sinprorio.pro.br\/site_antigo\/imagens\/noticia\/2014\/copap2015.jpg\" width=\"700\"\/>\n <\/p>\n<\/p>\n<p>\n <b><br \/>\n  Annibal Alves de Queiroz<br \/>\n <\/b><br \/>\n &#8211; Madureira<br \/>\n <br \/>\n <img decoding=\"async\" align=\"right\" alt=\"foto\" src=\"http:\/\/www.sinprorio.pro.br\/site_antigo\/imagens\/noticia\/2014\/copap2015.jpg\" width=\"700\"\/><\/p>\n","protected":false},"excerpt":{"rendered":"<p>17\/10\/2014 O aumento da participa\u00e7\u00e3o pol\u00edtica dos aposentados nas atividades do Sindicato e a valoriza\u00e7\u00e3o do conhecimento adquirido ao longo do exerc\u00edcio da profiss\u00e3o foram temas abordados por todos que participaram da cerim\u00f4nia de posse da nova Diretoria da Comiss\u00e3o Permanente de Professores Aposentados e Pensionistas (Copap), no dia 17 de outubro, no Sinpro-Rio. O [&hellip;]<\/p>\n","protected":false},"author":1,"featured_media":0,"comment_status":"closed","ping_status":"open","sticky":false,"template":"","format":"standard","meta":{"footnotes":""},"categories":[1],"tags":[],"class_list":["post-20147","post","type-post","status-publish","format-standard","hentry","category-noticias"],"yoast_head":"<!-- This site is optimized with the Yoast SEO plugin v25.7 - https:\/\/yoast.com\/wordpress\/plugins\/seo\/ -->\n<title>Sinpro-Rio empossa nova Diretoria da Copap - Sinpro-Rio<\/title>\n<meta name=\"robots\" content=\"index, follow, max-snippet:-1, max-image-preview:large, max-video-preview:-1\" \/>\n<link rel=\"canonical\" href=\"https:\/\/www.sinpro-rio.org.br\/principal\/sinpro-rio-empossa-nova-diretoria-da-copap\/\" \/>\n<meta property=\"og:locale\" content=\"pt_BR\" \/>\n<meta property=\"og:type\" content=\"article\" \/>\n<meta property=\"og:title\" content=\"Sinpro-Rio empossa nova Diretoria da Copap - Sinpro-Rio\" \/>\n<meta property=\"og:description\" content=\"17\/10\/2014 O aumento da participa\u00e7\u00e3o pol\u00edtica dos aposentados nas atividades do Sindicato e a valoriza\u00e7\u00e3o do conhecimento adquirido ao longo do exerc\u00edcio da profiss\u00e3o foram temas abordados por todos que participaram da cerim\u00f4nia de posse da nova Diretoria da Comiss\u00e3o Permanente de Professores Aposentados e Pensionistas (Copap), no dia 17 de outubro, no Sinpro-Rio. O [&hellip;]\" \/>\n<meta property=\"og:url\" content=\"https:\/\/www.sinpro-rio.org.br\/principal\/sinpro-rio-empossa-nova-diretoria-da-copap\/\" \/>\n<meta property=\"og:site_name\" content=\"Sinpro-Rio\" \/>\n<meta property=\"article:published_time\" content=\"2014-10-17T00:00:00+00:00\" \/>\n<meta property=\"og:image\" content=\"http:\/\/www.sinprorio.pro.br\/site_antigo\/imagens\/noticia\/2014\/copap2015.jpg\" \/>\n<meta name=\"author\" content=\"rafaelrjp\" \/>\n<meta name=\"twitter:card\" content=\"summary_large_image\" \/>\n<meta name=\"twitter:label1\" content=\"Escrito por\" \/>\n\t<meta name=\"twitter:data1\" content=\"rafaelrjp\" \/>\n\t<meta name=\"twitter:label2\" content=\"Est. tempo de leitura\" \/>\n\t<meta name=\"twitter:data2\" content=\"11 minutos\" \/>\n<script type=\"application\/ld+json\" class=\"yoast-schema-graph\">{\"@context\":\"https:\/\/schema.org\",\"@graph\":[{\"@type\":\"WebPage\",\"@id\":\"https:\/\/www.sinpro-rio.org.br\/principal\/sinpro-rio-empossa-nova-diretoria-da-copap\/\",\"url\":\"https:\/\/www.sinpro-rio.org.br\/principal\/sinpro-rio-empossa-nova-diretoria-da-copap\/\",\"name\":\"Sinpro-Rio empossa nova Diretoria da Copap - Sinpro-Rio\",\"isPartOf\":{\"@id\":\"https:\/\/www.sinpro-rio.org.br\/principal\/#website\"},\"primaryImageOfPage\":{\"@id\":\"https:\/\/www.sinpro-rio.org.br\/principal\/sinpro-rio-empossa-nova-diretoria-da-copap\/#primaryimage\"},\"image\":{\"@id\":\"https:\/\/www.sinpro-rio.org.br\/principal\/sinpro-rio-empossa-nova-diretoria-da-copap\/#primaryimage\"},\"thumbnailUrl\":\"http:\/\/www.sinprorio.pro.br\/site_antigo\/imagens\/noticia\/2014\/copap2015.jpg\",\"datePublished\":\"2014-10-17T00:00:00+00:00\",\"author\":{\"@id\":\"https:\/\/www.sinpro-rio.org.br\/principal\/#\/schema\/person\/49feb585a2f57a31a6bd9f16f78e5be6\"},\"breadcrumb\":{\"@id\":\"https:\/\/www.sinpro-rio.org.br\/principal\/sinpro-rio-empossa-nova-diretoria-da-copap\/#breadcrumb\"},\"inLanguage\":\"pt-BR\",\"potentialAction\":[{\"@type\":\"ReadAction\",\"target\":[\"https:\/\/www.sinpro-rio.org.br\/principal\/sinpro-rio-empossa-nova-diretoria-da-copap\/\"]}]},{\"@type\":\"ImageObject\",\"inLanguage\":\"pt-BR\",\"@id\":\"https:\/\/www.sinpro-rio.org.br\/principal\/sinpro-rio-empossa-nova-diretoria-da-copap\/#primaryimage\",\"url\":\"http:\/\/www.sinprorio.pro.br\/site_antigo\/imagens\/noticia\/2014\/copap2015.jpg\",\"contentUrl\":\"http:\/\/www.sinprorio.pro.br\/site_antigo\/imagens\/noticia\/2014\/copap2015.jpg\"},{\"@type\":\"BreadcrumbList\",\"@id\":\"https:\/\/www.sinpro-rio.org.br\/principal\/sinpro-rio-empossa-nova-diretoria-da-copap\/#breadcrumb\",\"itemListElement\":[{\"@type\":\"ListItem\",\"position\":1,\"name\":\"In\u00edcio\",\"item\":\"https:\/\/www.sinpro-rio.org.br\/principal\/\"},{\"@type\":\"ListItem\",\"position\":2,\"name\":\"Sinpro-Rio empossa nova Diretoria da Copap\"}]},{\"@type\":\"WebSite\",\"@id\":\"https:\/\/www.sinpro-rio.org.br\/principal\/#website\",\"url\":\"https:\/\/www.sinpro-rio.org.br\/principal\/\",\"name\":\"Sinpro-Rio\",\"description\":\"Sindicato dos Professores do Munic\u00edpio do Rio de Janeiro e Regi\u00e3o\",\"potentialAction\":[{\"@type\":\"SearchAction\",\"target\":{\"@type\":\"EntryPoint\",\"urlTemplate\":\"https:\/\/www.sinpro-rio.org.br\/principal\/?s={search_term_string}\"},\"query-input\":{\"@type\":\"PropertyValueSpecification\",\"valueRequired\":true,\"valueName\":\"search_term_string\"}}],\"inLanguage\":\"pt-BR\"},{\"@type\":\"Person\",\"@id\":\"https:\/\/www.sinpro-rio.org.br\/principal\/#\/schema\/person\/49feb585a2f57a31a6bd9f16f78e5be6\",\"name\":\"rafaelrjp\",\"image\":{\"@type\":\"ImageObject\",\"inLanguage\":\"pt-BR\",\"@id\":\"https:\/\/www.sinpro-rio.org.br\/principal\/#\/schema\/person\/image\/\",\"url\":\"https:\/\/secure.gravatar.com\/avatar\/489371a0ba4655c340b519882c68cf68?s=96&d=mm&r=g\",\"contentUrl\":\"https:\/\/secure.gravatar.com\/avatar\/489371a0ba4655c340b519882c68cf68?s=96&d=mm&r=g\",\"caption\":\"rafaelrjp\"},\"url\":\"https:\/\/www.sinpro-rio.org.br\/principal\/author\/rafaelrjp\/\"}]}<\/script>\n<!-- \/ Yoast SEO plugin. -->","yoast_head_json":{"title":"Sinpro-Rio empossa nova Diretoria da Copap - Sinpro-Rio","robots":{"index":"index","follow":"follow","max-snippet":"max-snippet:-1","max-image-preview":"max-image-preview:large","max-video-preview":"max-video-preview:-1"},"canonical":"https:\/\/www.sinpro-rio.org.br\/principal\/sinpro-rio-empossa-nova-diretoria-da-copap\/","og_locale":"pt_BR","og_type":"article","og_title":"Sinpro-Rio empossa nova Diretoria da Copap - Sinpro-Rio","og_description":"17\/10\/2014 O aumento da participa\u00e7\u00e3o pol\u00edtica dos aposentados nas atividades do Sindicato e a valoriza\u00e7\u00e3o do conhecimento adquirido ao longo do exerc\u00edcio da profiss\u00e3o foram temas abordados por todos que participaram da cerim\u00f4nia de posse da nova Diretoria da Comiss\u00e3o Permanente de Professores Aposentados e Pensionistas (Copap), no dia 17 de outubro, no Sinpro-Rio. O [&hellip;]","og_url":"https:\/\/www.sinpro-rio.org.br\/principal\/sinpro-rio-empossa-nova-diretoria-da-copap\/","og_site_name":"Sinpro-Rio","article_published_time":"2014-10-17T00:00:00+00:00","og_image":[{"url":"http:\/\/www.sinprorio.pro.br\/site_antigo\/imagens\/noticia\/2014\/copap2015.jpg","type":"","width":"","height":""}],"author":"rafaelrjp","twitter_card":"summary_large_image","twitter_misc":{"Escrito por":"rafaelrjp","Est. tempo de leitura":"11 minutos"},"schema":{"@context":"https:\/\/schema.org","@graph":[{"@type":"WebPage","@id":"https:\/\/www.sinpro-rio.org.br\/principal\/sinpro-rio-empossa-nova-diretoria-da-copap\/","url":"https:\/\/www.sinpro-rio.org.br\/principal\/sinpro-rio-empossa-nova-diretoria-da-copap\/","name":"Sinpro-Rio empossa nova Diretoria da Copap - Sinpro-Rio","isPartOf":{"@id":"https:\/\/www.sinpro-rio.org.br\/principal\/#website"},"primaryImageOfPage":{"@id":"https:\/\/www.sinpro-rio.org.br\/principal\/sinpro-rio-empossa-nova-diretoria-da-copap\/#primaryimage"},"image":{"@id":"https:\/\/www.sinpro-rio.org.br\/principal\/sinpro-rio-empossa-nova-diretoria-da-copap\/#primaryimage"},"thumbnailUrl":"http:\/\/www.sinprorio.pro.br\/site_antigo\/imagens\/noticia\/2014\/copap2015.jpg","datePublished":"2014-10-17T00:00:00+00:00","author":{"@id":"https:\/\/www.sinpro-rio.org.br\/principal\/#\/schema\/person\/49feb585a2f57a31a6bd9f16f78e5be6"},"breadcrumb":{"@id":"https:\/\/www.sinpro-rio.org.br\/principal\/sinpro-rio-empossa-nova-diretoria-da-copap\/#breadcrumb"},"inLanguage":"pt-BR","potentialAction":[{"@type":"ReadAction","target":["https:\/\/www.sinpro-rio.org.br\/principal\/sinpro-rio-empossa-nova-diretoria-da-copap\/"]}]},{"@type":"ImageObject","inLanguage":"pt-BR","@id":"https:\/\/www.sinpro-rio.org.br\/principal\/sinpro-rio-empossa-nova-diretoria-da-copap\/#primaryimage","url":"http:\/\/www.sinprorio.pro.br\/site_antigo\/imagens\/noticia\/2014\/copap2015.jpg","contentUrl":"http:\/\/www.sinprorio.pro.br\/site_antigo\/imagens\/noticia\/2014\/copap2015.jpg"},{"@type":"BreadcrumbList","@id":"https:\/\/www.sinpro-rio.org.br\/principal\/sinpro-rio-empossa-nova-diretoria-da-copap\/#breadcrumb","itemListElement":[{"@type":"ListItem","position":1,"name":"In\u00edcio","item":"https:\/\/www.sinpro-rio.org.br\/principal\/"},{"@type":"ListItem","position":2,"name":"Sinpro-Rio empossa nova Diretoria da Copap"}]},{"@type":"WebSite","@id":"https:\/\/www.sinpro-rio.org.br\/principal\/#website","url":"https:\/\/www.sinpro-rio.org.br\/principal\/","name":"Sinpro-Rio","description":"Sindicato dos Professores do Munic\u00edpio do Rio de Janeiro e Regi\u00e3o","potentialAction":[{"@type":"SearchAction","target":{"@type":"EntryPoint","urlTemplate":"https:\/\/www.sinpro-rio.org.br\/principal\/?s={search_term_string}"},"query-input":{"@type":"PropertyValueSpecification","valueRequired":true,"valueName":"search_term_string"}}],"inLanguage":"pt-BR"},{"@type":"Person","@id":"https:\/\/www.sinpro-rio.org.br\/principal\/#\/schema\/person\/49feb585a2f57a31a6bd9f16f78e5be6","name":"rafaelrjp","image":{"@type":"ImageObject","inLanguage":"pt-BR","@id":"https:\/\/www.sinpro-rio.org.br\/principal\/#\/schema\/person\/image\/","url":"https:\/\/secure.gravatar.com\/avatar\/489371a0ba4655c340b519882c68cf68?s=96&d=mm&r=g","contentUrl":"https:\/\/secure.gravatar.com\/avatar\/489371a0ba4655c340b519882c68cf68?s=96&d=mm&r=g","caption":"rafaelrjp"},"url":"https:\/\/www.sinpro-rio.org.br\/principal\/author\/rafaelrjp\/"}]}},"_links":{"self":[{"href":"https:\/\/www.sinpro-rio.org.br\/principal\/wp-json\/wp\/v2\/posts\/20147","targetHints":{"allow":["GET"]}}],"collection":[{"href":"https:\/\/www.sinpro-rio.org.br\/principal\/wp-json\/wp\/v2\/posts"}],"about":[{"href":"https:\/\/www.sinpro-rio.org.br\/principal\/wp-json\/wp\/v2\/types\/post"}],"author":[{"embeddable":true,"href":"https:\/\/www.sinpro-rio.org.br\/principal\/wp-json\/wp\/v2\/users\/1"}],"replies":[{"embeddable":true,"href":"https:\/\/www.sinpro-rio.org.br\/principal\/wp-json\/wp\/v2\/comments?post=20147"}],"version-history":[{"count":0,"href":"https:\/\/www.sinpro-rio.org.br\/principal\/wp-json\/wp\/v2\/posts\/20147\/revisions"}],"wp:attachment":[{"href":"https:\/\/www.sinpro-rio.org.br\/principal\/wp-json\/wp\/v2\/media?parent=20147"}],"wp:term":[{"taxonomy":"category","embeddable":true,"href":"https:\/\/www.sinpro-rio.org.br\/principal\/wp-json\/wp\/v2\/categories?post=20147"},{"taxonomy":"post_tag","embeddable":true,"href":"https:\/\/www.sinpro-rio.org.br\/principal\/wp-json\/wp\/v2\/tags?post=20147"}],"curies":[{"name":"wp","href":"https:\/\/api.w.org\/{rel}","templated":true}]}}