{"id":20130,"date":"2014-11-04T00:00:00","date_gmt":"2014-11-04T00:00:00","guid":{"rendered":""},"modified":"-0001-11-30T00:00:00","modified_gmt":"-0001-11-30T03:00:00","slug":"curso-de-extens-o-universitaria-marxismo-e-filosofia-contempor-nea","status":"publish","type":"post","link":"https:\/\/www.sinpro-rio.org.br\/principal\/curso-de-extens-o-universitaria-marxismo-e-filosofia-contempor-nea\/","title":{"rendered":"Curso de extens\u00e3o universit\u00e1ria \u201cMarxismo e filosofia contempor\u00e2nea\u201d"},"content":{"rendered":"\n<p>\n <em><br \/>\n  04\/11\/2014<br \/>\n <\/em>\n<\/p>\n<p>\n <b><br \/>\n  P\u00fablico Alvo: Estudantes universit\u00e1rios das \u00e1reas de ci\u00eancia social que tem interesse em aprender mais sobre o marxismo.<br \/>\n <\/b><br \/>\n <br \/>\n <b><br \/>\n  In\u00edcio Previsto:<br \/>\n <\/b><br \/>\n 13\/11\/014<br \/>\n <br \/>\n <b><br \/>\n  Professor:<br \/>\n <\/b><br \/>\n Roberto Ponciano &#8211; Mestre em Filosofia, com livro lan\u00e7ado sobre a rela\u00e7\u00e3o entre o marxismo e a filosofia contempor\u00e2nea.<br \/>\n <br \/>\n <b><br \/>\n  Material:<br \/>\n <\/b><br \/>\n Livro, &#8220;Marxismos e filosofia contempor\u00e2nea&#8221;, a ser adquirido na matr\u00edcula.<br \/>\n <br \/>\n <b><br \/>\n  Valor do livro:<br \/>\n <\/b><br \/>\n R$40,00.<br \/>\n <br \/>\n <b><br \/>\n  Datas Previstas para transmiss\u00e3o AO VIVO:<br \/>\n <\/b><br \/>\n 13\/11; 27\/11; 04\/12; 11\/12; e 18\/12\/2014.<\/p>\n<p>\n  <br \/>\n  <b><br \/>\n   Programa\u00e7\u00e3o:<br \/>\n  <\/b><br \/>\n  <br \/>\n  1. Marx &#8211; Ideologia, invers\u00e3o do mundo, &#8220;boa&#8221; e &#8220;m\u00e1&#8221; ideologia. Dial\u00e9tica.<br \/>\n  <br \/>\n  2. Viol\u00eancia em Marx, \u00e9 poss\u00edvel se falar numa \u00e9tica marxista?<br \/>\n  <br \/>\n  3. Teses sobre Feuerbach, base da filosofia marxista.<br \/>\n  <br \/>\n  4. Althusser, aparelhos ideol\u00f3gicos de Estado, sujeitos coletivos.<br \/>\n  <br \/>\n  5. Badiou, Evento, Ruptura, Simulacro, Trai\u00e7\u00e3o.<br \/>\n  <br \/>\n  6. Marx e Luk\u00e1cs, Fetiche e Aliena\u00e7\u00e3o.<br \/>\n  <br \/>\n  7. Marx \u00e9 M\u00e9sz\u00e1ros, para al\u00e9m do capital.<\/p>\n<p>\n   <b><br \/>\n    Observa\u00e7\u00e3o:<br \/>\n   <\/b><br \/>\n   <br \/>\n   Disponibilidade curso: Cento e oitenta dias, a serem contados a partir da data em que a aula estiver dispon\u00edvel.<br \/>\n   <br \/>\n   N\u00famero de visualiza\u00e7\u00f5es para cada v\u00eddeo: 05 (cinco).<br \/>\n   <br \/>\n   Transmiss\u00e3o AO VIVO: A via de transmiss\u00e3o ser\u00e1 o canal do aluno, o Extranet.<\/p>\n<p>\n    Saiba mais<br \/>\n    <a href=\"hhttps:\/\/www.youtube.com\/watch?v=N4Ugo6isIbk#t=17\"><br \/>\n     aqui<br \/>\n    <\/a><br \/>\n    . Para inscri\u00e7\u00f5es acesse<br \/>\n    <a href=\"https:\/\/www.cursomultiplus.com.br\/lojavirtual\/produtodemo\/852\/CURSO-DE-EXTENSAO-UNIVERSITARIA-MARXISMO-E-FILOSOFIA-CONTEMPORANEA\"><br \/>\n     aqui<br \/>\n    <\/a><br \/>\n    .\n   <\/p>\n<\/p>\n<\/p>\n<p>\n <br \/>\n <b><br \/>\n  Programa\u00e7\u00e3o:<br \/>\n <\/b><br \/>\n <br \/>\n 1. Marx &#8211; Ideologia, invers\u00e3o do mundo, &#8220;boa&#8221; e &#8220;m\u00e1&#8221; ideologia. Dial\u00e9tica.<br \/>\n <br \/>\n 2. Viol\u00eancia em Marx, \u00e9 poss\u00edvel se falar numa \u00e9tica marxista?<br \/>\n <br \/>\n 3. Teses sobre Feuerbach, base da filosofia marxista.<br \/>\n <br \/>\n 4. Althusser, aparelhos ideol\u00f3gicos de Estado, sujeitos coletivos.<br \/>\n <br \/>\n 5. Badiou, Evento, Ruptura, Simulacro, Trai\u00e7\u00e3o.<br \/>\n <br \/>\n 6. Marx e Luk\u00e1cs, Fetiche e Aliena\u00e7\u00e3o.<br \/>\n <br \/>\n 7. Marx \u00e9 M\u00e9sz\u00e1ros, para al\u00e9m do capital.<\/p>\n<p>\n  <b><br \/>\n   Observa\u00e7\u00e3o:<br \/>\n  <\/b><br \/>\n  <br \/>\n  Disponibilidade curso: Cento e oitenta dias, a serem contados a partir da data em que a aula estiver dispon\u00edvel.<br \/>\n  <br \/>\n  N\u00famero de visualiza\u00e7\u00f5es para cada v\u00eddeo: 05 (cinco).<br \/>\n  <br \/>\n  Transmiss\u00e3o AO VIVO: A via de transmiss\u00e3o ser\u00e1 o canal do aluno, o Extranet.<\/p>\n<p>\n   Saiba mais<br \/>\n   <a href=\"hhttps:\/\/www.youtube.com\/watch?v=N4Ugo6isIbk#t=17\"><br \/>\n    aqui<br \/>\n   <\/a><br \/>\n   . Para inscri\u00e7\u00f5es acesse<br \/>\n   <a href=\"https:\/\/www.cursomultiplus.com.br\/lojavirtual\/produtodemo\/852\/CURSO-DE-EXTENSAO-UNIVERSITARIA-MARXISMO-E-FILOSOFIA-CONTEMPORANEA\"><br \/>\n    aqui<br \/>\n   <\/a><br \/>\n   .\n  <\/p>\n<\/p>\n<p>\n <b><br \/>\n  Observa\u00e7\u00e3o:<br \/>\n <\/b><br \/>\n <br \/>\n Disponibilidade curso: Cento e oitenta dias, a serem contados a partir da data em que a aula estiver dispon\u00edvel.<br \/>\n <br \/>\n N\u00famero de visualiza\u00e7\u00f5es para cada v\u00eddeo: 05 (cinco).<br \/>\n <br \/>\n Transmiss\u00e3o AO VIVO: A via de transmiss\u00e3o ser\u00e1 o canal do aluno, o Extranet.<\/p>\n<p>\n  Saiba mais<br \/>\n  <a href=\"hhttps:\/\/www.youtube.com\/watch?v=N4Ugo6isIbk#t=17\"><br \/>\n   aqui<br \/>\n  <\/a><br \/>\n  . Para inscri\u00e7\u00f5es acesse<br \/>\n  <a href=\"https:\/\/www.cursomultiplus.com.br\/lojavirtual\/produtodemo\/852\/CURSO-DE-EXTENSAO-UNIVERSITARIA-MARXISMO-E-FILOSOFIA-CONTEMPORANEA\"><br \/>\n   aqui<br \/>\n  <\/a><br \/>\n  .\n <\/p>\n<\/p>\n<p>\n Saiba mais<br \/>\n <a href=\"hhttps:\/\/www.youtube.com\/watch?v=N4Ugo6isIbk#t=17\"><br \/>\n  aqui<br \/>\n <\/a><br \/>\n . Para inscri\u00e7\u00f5es acesse<br \/>\n <a href=\"https:\/\/www.cursomultiplus.com.br\/lojavirtual\/produtodemo\/852\/CURSO-DE-EXTENSAO-UNIVERSITARIA-MARXISMO-E-FILOSOFIA-CONTEMPORANEA\"><br \/>\n  aqui<br \/>\n <\/a><br \/>\n .<\/p>\n","protected":false},"excerpt":{"rendered":"<p>04\/11\/2014 P\u00fablico Alvo: Estudantes universit\u00e1rios das \u00e1reas de ci\u00eancia social que tem interesse em aprender mais sobre o marxismo. In\u00edcio Previsto: 13\/11\/014 Professor: Roberto Ponciano &#8211; Mestre em Filosofia, com livro lan\u00e7ado sobre a rela\u00e7\u00e3o entre o marxismo e a filosofia contempor\u00e2nea. Material: Livro, &#8220;Marxismos e filosofia contempor\u00e2nea&#8221;, a ser adquirido na matr\u00edcula. Valor do [&hellip;]<\/p>\n","protected":false},"author":1,"featured_media":0,"comment_status":"closed","ping_status":"open","sticky":false,"template":"","format":"standard","meta":{"footnotes":""},"categories":[1],"tags":[],"class_list":["post-20130","post","type-post","status-publish","format-standard","hentry","category-noticias"],"yoast_head":"<!-- This site is optimized with the Yoast SEO plugin v25.7 - https:\/\/yoast.com\/wordpress\/plugins\/seo\/ -->\n<title>Curso de extens\u00e3o universit\u00e1ria \u201cMarxismo e filosofia contempor\u00e2nea\u201d - Sinpro-Rio<\/title>\n<meta name=\"robots\" content=\"index, follow, max-snippet:-1, max-image-preview:large, max-video-preview:-1\" \/>\n<link rel=\"canonical\" href=\"https:\/\/www.sinpro-rio.org.br\/principal\/curso-de-extens-o-universitaria-marxismo-e-filosofia-contempor-nea\/\" \/>\n<meta property=\"og:locale\" content=\"pt_BR\" \/>\n<meta property=\"og:type\" content=\"article\" \/>\n<meta property=\"og:title\" content=\"Curso de extens\u00e3o universit\u00e1ria \u201cMarxismo e filosofia contempor\u00e2nea\u201d - Sinpro-Rio\" \/>\n<meta property=\"og:description\" content=\"04\/11\/2014 P\u00fablico Alvo: Estudantes universit\u00e1rios das \u00e1reas de ci\u00eancia social que tem interesse em aprender mais sobre o marxismo. In\u00edcio Previsto: 13\/11\/014 Professor: Roberto Ponciano &#8211; Mestre em Filosofia, com livro lan\u00e7ado sobre a rela\u00e7\u00e3o entre o marxismo e a filosofia contempor\u00e2nea. Material: Livro, &#8220;Marxismos e filosofia contempor\u00e2nea&#8221;, a ser adquirido na matr\u00edcula. Valor do [&hellip;]\" \/>\n<meta property=\"og:url\" content=\"https:\/\/www.sinpro-rio.org.br\/principal\/curso-de-extens-o-universitaria-marxismo-e-filosofia-contempor-nea\/\" \/>\n<meta property=\"og:site_name\" content=\"Sinpro-Rio\" \/>\n<meta property=\"article:published_time\" content=\"2014-11-04T00:00:00+00:00\" \/>\n<meta name=\"author\" content=\"rafaelrjp\" \/>\n<meta name=\"twitter:card\" content=\"summary_large_image\" \/>\n<meta name=\"twitter:label1\" content=\"Escrito por\" \/>\n\t<meta name=\"twitter:data1\" content=\"rafaelrjp\" \/>\n\t<meta name=\"twitter:label2\" content=\"Est. tempo de leitura\" \/>\n\t<meta name=\"twitter:data2\" content=\"2 minutos\" \/>\n<script type=\"application\/ld+json\" class=\"yoast-schema-graph\">{\"@context\":\"https:\/\/schema.org\",\"@graph\":[{\"@type\":\"WebPage\",\"@id\":\"https:\/\/www.sinpro-rio.org.br\/principal\/curso-de-extens-o-universitaria-marxismo-e-filosofia-contempor-nea\/\",\"url\":\"https:\/\/www.sinpro-rio.org.br\/principal\/curso-de-extens-o-universitaria-marxismo-e-filosofia-contempor-nea\/\",\"name\":\"Curso de extens\u00e3o universit\u00e1ria \u201cMarxismo e filosofia contempor\u00e2nea\u201d - Sinpro-Rio\",\"isPartOf\":{\"@id\":\"https:\/\/www.sinpro-rio.org.br\/principal\/#website\"},\"datePublished\":\"2014-11-04T00:00:00+00:00\",\"author\":{\"@id\":\"https:\/\/www.sinpro-rio.org.br\/principal\/#\/schema\/person\/49feb585a2f57a31a6bd9f16f78e5be6\"},\"breadcrumb\":{\"@id\":\"https:\/\/www.sinpro-rio.org.br\/principal\/curso-de-extens-o-universitaria-marxismo-e-filosofia-contempor-nea\/#breadcrumb\"},\"inLanguage\":\"pt-BR\",\"potentialAction\":[{\"@type\":\"ReadAction\",\"target\":[\"https:\/\/www.sinpro-rio.org.br\/principal\/curso-de-extens-o-universitaria-marxismo-e-filosofia-contempor-nea\/\"]}]},{\"@type\":\"BreadcrumbList\",\"@id\":\"https:\/\/www.sinpro-rio.org.br\/principal\/curso-de-extens-o-universitaria-marxismo-e-filosofia-contempor-nea\/#breadcrumb\",\"itemListElement\":[{\"@type\":\"ListItem\",\"position\":1,\"name\":\"In\u00edcio\",\"item\":\"https:\/\/www.sinpro-rio.org.br\/principal\/\"},{\"@type\":\"ListItem\",\"position\":2,\"name\":\"Curso de extens\u00e3o universit\u00e1ria \u201cMarxismo e filosofia contempor\u00e2nea\u201d\"}]},{\"@type\":\"WebSite\",\"@id\":\"https:\/\/www.sinpro-rio.org.br\/principal\/#website\",\"url\":\"https:\/\/www.sinpro-rio.org.br\/principal\/\",\"name\":\"Sinpro-Rio\",\"description\":\"Sindicato dos Professores do Munic\u00edpio do Rio de Janeiro e Regi\u00e3o\",\"potentialAction\":[{\"@type\":\"SearchAction\",\"target\":{\"@type\":\"EntryPoint\",\"urlTemplate\":\"https:\/\/www.sinpro-rio.org.br\/principal\/?s={search_term_string}\"},\"query-input\":{\"@type\":\"PropertyValueSpecification\",\"valueRequired\":true,\"valueName\":\"search_term_string\"}}],\"inLanguage\":\"pt-BR\"},{\"@type\":\"Person\",\"@id\":\"https:\/\/www.sinpro-rio.org.br\/principal\/#\/schema\/person\/49feb585a2f57a31a6bd9f16f78e5be6\",\"name\":\"rafaelrjp\",\"image\":{\"@type\":\"ImageObject\",\"inLanguage\":\"pt-BR\",\"@id\":\"https:\/\/www.sinpro-rio.org.br\/principal\/#\/schema\/person\/image\/\",\"url\":\"https:\/\/secure.gravatar.com\/avatar\/489371a0ba4655c340b519882c68cf68?s=96&d=mm&r=g\",\"contentUrl\":\"https:\/\/secure.gravatar.com\/avatar\/489371a0ba4655c340b519882c68cf68?s=96&d=mm&r=g\",\"caption\":\"rafaelrjp\"},\"url\":\"https:\/\/www.sinpro-rio.org.br\/principal\/author\/rafaelrjp\/\"}]}<\/script>\n<!-- \/ Yoast SEO plugin. -->","yoast_head_json":{"title":"Curso de extens\u00e3o universit\u00e1ria \u201cMarxismo e filosofia contempor\u00e2nea\u201d - Sinpro-Rio","robots":{"index":"index","follow":"follow","max-snippet":"max-snippet:-1","max-image-preview":"max-image-preview:large","max-video-preview":"max-video-preview:-1"},"canonical":"https:\/\/www.sinpro-rio.org.br\/principal\/curso-de-extens-o-universitaria-marxismo-e-filosofia-contempor-nea\/","og_locale":"pt_BR","og_type":"article","og_title":"Curso de extens\u00e3o universit\u00e1ria \u201cMarxismo e filosofia contempor\u00e2nea\u201d - Sinpro-Rio","og_description":"04\/11\/2014 P\u00fablico Alvo: Estudantes universit\u00e1rios das \u00e1reas de ci\u00eancia social que tem interesse em aprender mais sobre o marxismo. In\u00edcio Previsto: 13\/11\/014 Professor: Roberto Ponciano &#8211; Mestre em Filosofia, com livro lan\u00e7ado sobre a rela\u00e7\u00e3o entre o marxismo e a filosofia contempor\u00e2nea. Material: Livro, &#8220;Marxismos e filosofia contempor\u00e2nea&#8221;, a ser adquirido na matr\u00edcula. Valor do [&hellip;]","og_url":"https:\/\/www.sinpro-rio.org.br\/principal\/curso-de-extens-o-universitaria-marxismo-e-filosofia-contempor-nea\/","og_site_name":"Sinpro-Rio","article_published_time":"2014-11-04T00:00:00+00:00","author":"rafaelrjp","twitter_card":"summary_large_image","twitter_misc":{"Escrito por":"rafaelrjp","Est. tempo de leitura":"2 minutos"},"schema":{"@context":"https:\/\/schema.org","@graph":[{"@type":"WebPage","@id":"https:\/\/www.sinpro-rio.org.br\/principal\/curso-de-extens-o-universitaria-marxismo-e-filosofia-contempor-nea\/","url":"https:\/\/www.sinpro-rio.org.br\/principal\/curso-de-extens-o-universitaria-marxismo-e-filosofia-contempor-nea\/","name":"Curso de extens\u00e3o universit\u00e1ria \u201cMarxismo e filosofia contempor\u00e2nea\u201d - Sinpro-Rio","isPartOf":{"@id":"https:\/\/www.sinpro-rio.org.br\/principal\/#website"},"datePublished":"2014-11-04T00:00:00+00:00","author":{"@id":"https:\/\/www.sinpro-rio.org.br\/principal\/#\/schema\/person\/49feb585a2f57a31a6bd9f16f78e5be6"},"breadcrumb":{"@id":"https:\/\/www.sinpro-rio.org.br\/principal\/curso-de-extens-o-universitaria-marxismo-e-filosofia-contempor-nea\/#breadcrumb"},"inLanguage":"pt-BR","potentialAction":[{"@type":"ReadAction","target":["https:\/\/www.sinpro-rio.org.br\/principal\/curso-de-extens-o-universitaria-marxismo-e-filosofia-contempor-nea\/"]}]},{"@type":"BreadcrumbList","@id":"https:\/\/www.sinpro-rio.org.br\/principal\/curso-de-extens-o-universitaria-marxismo-e-filosofia-contempor-nea\/#breadcrumb","itemListElement":[{"@type":"ListItem","position":1,"name":"In\u00edcio","item":"https:\/\/www.sinpro-rio.org.br\/principal\/"},{"@type":"ListItem","position":2,"name":"Curso de extens\u00e3o universit\u00e1ria \u201cMarxismo e filosofia contempor\u00e2nea\u201d"}]},{"@type":"WebSite","@id":"https:\/\/www.sinpro-rio.org.br\/principal\/#website","url":"https:\/\/www.sinpro-rio.org.br\/principal\/","name":"Sinpro-Rio","description":"Sindicato dos Professores do Munic\u00edpio do Rio de Janeiro e Regi\u00e3o","potentialAction":[{"@type":"SearchAction","target":{"@type":"EntryPoint","urlTemplate":"https:\/\/www.sinpro-rio.org.br\/principal\/?s={search_term_string}"},"query-input":{"@type":"PropertyValueSpecification","valueRequired":true,"valueName":"search_term_string"}}],"inLanguage":"pt-BR"},{"@type":"Person","@id":"https:\/\/www.sinpro-rio.org.br\/principal\/#\/schema\/person\/49feb585a2f57a31a6bd9f16f78e5be6","name":"rafaelrjp","image":{"@type":"ImageObject","inLanguage":"pt-BR","@id":"https:\/\/www.sinpro-rio.org.br\/principal\/#\/schema\/person\/image\/","url":"https:\/\/secure.gravatar.com\/avatar\/489371a0ba4655c340b519882c68cf68?s=96&d=mm&r=g","contentUrl":"https:\/\/secure.gravatar.com\/avatar\/489371a0ba4655c340b519882c68cf68?s=96&d=mm&r=g","caption":"rafaelrjp"},"url":"https:\/\/www.sinpro-rio.org.br\/principal\/author\/rafaelrjp\/"}]}},"_links":{"self":[{"href":"https:\/\/www.sinpro-rio.org.br\/principal\/wp-json\/wp\/v2\/posts\/20130","targetHints":{"allow":["GET"]}}],"collection":[{"href":"https:\/\/www.sinpro-rio.org.br\/principal\/wp-json\/wp\/v2\/posts"}],"about":[{"href":"https:\/\/www.sinpro-rio.org.br\/principal\/wp-json\/wp\/v2\/types\/post"}],"author":[{"embeddable":true,"href":"https:\/\/www.sinpro-rio.org.br\/principal\/wp-json\/wp\/v2\/users\/1"}],"replies":[{"embeddable":true,"href":"https:\/\/www.sinpro-rio.org.br\/principal\/wp-json\/wp\/v2\/comments?post=20130"}],"version-history":[{"count":0,"href":"https:\/\/www.sinpro-rio.org.br\/principal\/wp-json\/wp\/v2\/posts\/20130\/revisions"}],"wp:attachment":[{"href":"https:\/\/www.sinpro-rio.org.br\/principal\/wp-json\/wp\/v2\/media?parent=20130"}],"wp:term":[{"taxonomy":"category","embeddable":true,"href":"https:\/\/www.sinpro-rio.org.br\/principal\/wp-json\/wp\/v2\/categories?post=20130"},{"taxonomy":"post_tag","embeddable":true,"href":"https:\/\/www.sinpro-rio.org.br\/principal\/wp-json\/wp\/v2\/tags?post=20130"}],"curies":[{"name":"wp","href":"https:\/\/api.w.org\/{rel}","templated":true}]}}