{"id":20101,"date":"2014-12-04T00:00:00","date_gmt":"2014-12-04T00:00:00","guid":{"rendered":""},"modified":"-0001-11-30T00:00:00","modified_gmt":"-0001-11-30T03:00:00","slug":"vitoria-do-sinpro-rio-e-dos-docentes-da-uerj-e-materia-no-jornal-o-dia-de-hoje-04-12","status":"publish","type":"post","link":"https:\/\/www.sinpro-rio.org.br\/principal\/vitoria-do-sinpro-rio-e-dos-docentes-da-uerj-e-materia-no-jornal-o-dia-de-hoje-04-12\/","title":{"rendered":"Vit\u00f3ria do Sinpro-Rio e dos docentes da Uerj \u00e9 mat\u00e9ria no jornal O Dia de hoje, 04\/12"},"content":{"rendered":"\n<p>\n <em><br \/>\n  04\/12\/2014<br \/>\n <\/em>\n<\/p>\n<p>\n Rio &#8211; Fim de 25 anos de espera para 1.574 docentes da Universidade do Estado do Rio de Janeiro (Uerj).<br \/>\nEles brigavam na Justi\u00e7a pelo recebimento de verbas trabalhistas n\u00e3o pagas na \u00e9poca em que foi institu\u00eddo o Regime Jur\u00eddico \u00danico (RJU) e houve migra\u00e7\u00e3o do sistema celetista para o estatut\u00e1rio.<br \/>\nO acordo foi fechado ontem entre representantes da institui\u00e7\u00e3o e do Sindicato dos Professores do Munic\u00edpio do Rio (Sinpro-Rio), no valor l\u00edquido de R$149.637.170.<\/p>\n<p>\n  Veja a mat\u00e9ria na<br \/>\n  <a href=\"http:\/\/odia.ig.com.br\/noticia\/economia\/2014-12-04\/docentes-da-uerj-r-150-milhoes-em-indenizacoes.html\"><br \/>\n   \u00edntegra<br \/>\n  <\/a><br \/>\n  direto do site do jornal O Dia.\n <\/p>\n<\/p>\n<p>\n Veja a mat\u00e9ria na<br \/>\n <a href=\"http:\/\/odia.ig.com.br\/noticia\/economia\/2014-12-04\/docentes-da-uerj-r-150-milhoes-em-indenizacoes.html\"><br \/>\n  \u00edntegra<br \/>\n <\/a><br \/>\n direto do site do jornal O Dia.<\/p>\n","protected":false},"excerpt":{"rendered":"<p>04\/12\/2014 Rio &#8211; Fim de 25 anos de espera para 1.574 docentes da Universidade do Estado do Rio de Janeiro (Uerj). Eles brigavam na Justi\u00e7a pelo recebimento de verbas trabalhistas n\u00e3o pagas na \u00e9poca em que foi institu\u00eddo o Regime Jur\u00eddico \u00danico (RJU) e houve migra\u00e7\u00e3o do sistema celetista para o estatut\u00e1rio. O acordo foi [&hellip;]<\/p>\n","protected":false},"author":1,"featured_media":0,"comment_status":"closed","ping_status":"open","sticky":false,"template":"","format":"standard","meta":{"footnotes":""},"categories":[1],"tags":[],"class_list":["post-20101","post","type-post","status-publish","format-standard","hentry","category-noticias"],"yoast_head":"<!-- This site is optimized with the Yoast SEO plugin v25.7 - https:\/\/yoast.com\/wordpress\/plugins\/seo\/ -->\n<title>Vit\u00f3ria do Sinpro-Rio e dos docentes da Uerj \u00e9 mat\u00e9ria no jornal O Dia de hoje, 04\/12 - Sinpro-Rio<\/title>\n<meta name=\"robots\" content=\"index, follow, max-snippet:-1, max-image-preview:large, max-video-preview:-1\" \/>\n<link rel=\"canonical\" href=\"https:\/\/www.sinpro-rio.org.br\/principal\/vitoria-do-sinpro-rio-e-dos-docentes-da-uerj-e-materia-no-jornal-o-dia-de-hoje-04-12\/\" \/>\n<meta property=\"og:locale\" content=\"pt_BR\" \/>\n<meta property=\"og:type\" content=\"article\" \/>\n<meta property=\"og:title\" content=\"Vit\u00f3ria do Sinpro-Rio e dos docentes da Uerj \u00e9 mat\u00e9ria no jornal O Dia de hoje, 04\/12 - Sinpro-Rio\" \/>\n<meta property=\"og:description\" content=\"04\/12\/2014 Rio &#8211; Fim de 25 anos de espera para 1.574 docentes da Universidade do Estado do Rio de Janeiro (Uerj). Eles brigavam na Justi\u00e7a pelo recebimento de verbas trabalhistas n\u00e3o pagas na \u00e9poca em que foi institu\u00eddo o Regime Jur\u00eddico \u00danico (RJU) e houve migra\u00e7\u00e3o do sistema celetista para o estatut\u00e1rio. O acordo foi [&hellip;]\" \/>\n<meta property=\"og:url\" content=\"https:\/\/www.sinpro-rio.org.br\/principal\/vitoria-do-sinpro-rio-e-dos-docentes-da-uerj-e-materia-no-jornal-o-dia-de-hoje-04-12\/\" \/>\n<meta property=\"og:site_name\" content=\"Sinpro-Rio\" \/>\n<meta property=\"article:published_time\" content=\"2014-12-04T00:00:00+00:00\" \/>\n<meta name=\"author\" content=\"rafaelrjp\" \/>\n<meta name=\"twitter:card\" content=\"summary_large_image\" \/>\n<meta name=\"twitter:label1\" content=\"Escrito por\" \/>\n\t<meta name=\"twitter:data1\" content=\"rafaelrjp\" \/>\n\t<meta name=\"twitter:label2\" content=\"Est. tempo de leitura\" \/>\n\t<meta name=\"twitter:data2\" content=\"1 minuto\" \/>\n<script type=\"application\/ld+json\" class=\"yoast-schema-graph\">{\"@context\":\"https:\/\/schema.org\",\"@graph\":[{\"@type\":\"WebPage\",\"@id\":\"https:\/\/www.sinpro-rio.org.br\/principal\/vitoria-do-sinpro-rio-e-dos-docentes-da-uerj-e-materia-no-jornal-o-dia-de-hoje-04-12\/\",\"url\":\"https:\/\/www.sinpro-rio.org.br\/principal\/vitoria-do-sinpro-rio-e-dos-docentes-da-uerj-e-materia-no-jornal-o-dia-de-hoje-04-12\/\",\"name\":\"Vit\u00f3ria do Sinpro-Rio e dos docentes da Uerj \u00e9 mat\u00e9ria no jornal O Dia de hoje, 04\/12 - Sinpro-Rio\",\"isPartOf\":{\"@id\":\"https:\/\/www.sinpro-rio.org.br\/principal\/#website\"},\"datePublished\":\"2014-12-04T00:00:00+00:00\",\"author\":{\"@id\":\"https:\/\/www.sinpro-rio.org.br\/principal\/#\/schema\/person\/49feb585a2f57a31a6bd9f16f78e5be6\"},\"breadcrumb\":{\"@id\":\"https:\/\/www.sinpro-rio.org.br\/principal\/vitoria-do-sinpro-rio-e-dos-docentes-da-uerj-e-materia-no-jornal-o-dia-de-hoje-04-12\/#breadcrumb\"},\"inLanguage\":\"pt-BR\",\"potentialAction\":[{\"@type\":\"ReadAction\",\"target\":[\"https:\/\/www.sinpro-rio.org.br\/principal\/vitoria-do-sinpro-rio-e-dos-docentes-da-uerj-e-materia-no-jornal-o-dia-de-hoje-04-12\/\"]}]},{\"@type\":\"BreadcrumbList\",\"@id\":\"https:\/\/www.sinpro-rio.org.br\/principal\/vitoria-do-sinpro-rio-e-dos-docentes-da-uerj-e-materia-no-jornal-o-dia-de-hoje-04-12\/#breadcrumb\",\"itemListElement\":[{\"@type\":\"ListItem\",\"position\":1,\"name\":\"In\u00edcio\",\"item\":\"https:\/\/www.sinpro-rio.org.br\/principal\/\"},{\"@type\":\"ListItem\",\"position\":2,\"name\":\"Vit\u00f3ria do Sinpro-Rio e dos docentes da Uerj \u00e9 mat\u00e9ria no jornal O Dia de hoje, 04\/12\"}]},{\"@type\":\"WebSite\",\"@id\":\"https:\/\/www.sinpro-rio.org.br\/principal\/#website\",\"url\":\"https:\/\/www.sinpro-rio.org.br\/principal\/\",\"name\":\"Sinpro-Rio\",\"description\":\"Sindicato dos Professores do Munic\u00edpio do Rio de Janeiro e Regi\u00e3o\",\"potentialAction\":[{\"@type\":\"SearchAction\",\"target\":{\"@type\":\"EntryPoint\",\"urlTemplate\":\"https:\/\/www.sinpro-rio.org.br\/principal\/?s={search_term_string}\"},\"query-input\":{\"@type\":\"PropertyValueSpecification\",\"valueRequired\":true,\"valueName\":\"search_term_string\"}}],\"inLanguage\":\"pt-BR\"},{\"@type\":\"Person\",\"@id\":\"https:\/\/www.sinpro-rio.org.br\/principal\/#\/schema\/person\/49feb585a2f57a31a6bd9f16f78e5be6\",\"name\":\"rafaelrjp\",\"image\":{\"@type\":\"ImageObject\",\"inLanguage\":\"pt-BR\",\"@id\":\"https:\/\/www.sinpro-rio.org.br\/principal\/#\/schema\/person\/image\/\",\"url\":\"https:\/\/secure.gravatar.com\/avatar\/489371a0ba4655c340b519882c68cf68?s=96&d=mm&r=g\",\"contentUrl\":\"https:\/\/secure.gravatar.com\/avatar\/489371a0ba4655c340b519882c68cf68?s=96&d=mm&r=g\",\"caption\":\"rafaelrjp\"},\"url\":\"https:\/\/www.sinpro-rio.org.br\/principal\/author\/rafaelrjp\/\"}]}<\/script>\n<!-- \/ Yoast SEO plugin. -->","yoast_head_json":{"title":"Vit\u00f3ria do Sinpro-Rio e dos docentes da Uerj \u00e9 mat\u00e9ria no jornal O Dia de hoje, 04\/12 - Sinpro-Rio","robots":{"index":"index","follow":"follow","max-snippet":"max-snippet:-1","max-image-preview":"max-image-preview:large","max-video-preview":"max-video-preview:-1"},"canonical":"https:\/\/www.sinpro-rio.org.br\/principal\/vitoria-do-sinpro-rio-e-dos-docentes-da-uerj-e-materia-no-jornal-o-dia-de-hoje-04-12\/","og_locale":"pt_BR","og_type":"article","og_title":"Vit\u00f3ria do Sinpro-Rio e dos docentes da Uerj \u00e9 mat\u00e9ria no jornal O Dia de hoje, 04\/12 - Sinpro-Rio","og_description":"04\/12\/2014 Rio &#8211; Fim de 25 anos de espera para 1.574 docentes da Universidade do Estado do Rio de Janeiro (Uerj). Eles brigavam na Justi\u00e7a pelo recebimento de verbas trabalhistas n\u00e3o pagas na \u00e9poca em que foi institu\u00eddo o Regime Jur\u00eddico \u00danico (RJU) e houve migra\u00e7\u00e3o do sistema celetista para o estatut\u00e1rio. O acordo foi [&hellip;]","og_url":"https:\/\/www.sinpro-rio.org.br\/principal\/vitoria-do-sinpro-rio-e-dos-docentes-da-uerj-e-materia-no-jornal-o-dia-de-hoje-04-12\/","og_site_name":"Sinpro-Rio","article_published_time":"2014-12-04T00:00:00+00:00","author":"rafaelrjp","twitter_card":"summary_large_image","twitter_misc":{"Escrito por":"rafaelrjp","Est. tempo de leitura":"1 minuto"},"schema":{"@context":"https:\/\/schema.org","@graph":[{"@type":"WebPage","@id":"https:\/\/www.sinpro-rio.org.br\/principal\/vitoria-do-sinpro-rio-e-dos-docentes-da-uerj-e-materia-no-jornal-o-dia-de-hoje-04-12\/","url":"https:\/\/www.sinpro-rio.org.br\/principal\/vitoria-do-sinpro-rio-e-dos-docentes-da-uerj-e-materia-no-jornal-o-dia-de-hoje-04-12\/","name":"Vit\u00f3ria do Sinpro-Rio e dos docentes da Uerj \u00e9 mat\u00e9ria no jornal O Dia de hoje, 04\/12 - Sinpro-Rio","isPartOf":{"@id":"https:\/\/www.sinpro-rio.org.br\/principal\/#website"},"datePublished":"2014-12-04T00:00:00+00:00","author":{"@id":"https:\/\/www.sinpro-rio.org.br\/principal\/#\/schema\/person\/49feb585a2f57a31a6bd9f16f78e5be6"},"breadcrumb":{"@id":"https:\/\/www.sinpro-rio.org.br\/principal\/vitoria-do-sinpro-rio-e-dos-docentes-da-uerj-e-materia-no-jornal-o-dia-de-hoje-04-12\/#breadcrumb"},"inLanguage":"pt-BR","potentialAction":[{"@type":"ReadAction","target":["https:\/\/www.sinpro-rio.org.br\/principal\/vitoria-do-sinpro-rio-e-dos-docentes-da-uerj-e-materia-no-jornal-o-dia-de-hoje-04-12\/"]}]},{"@type":"BreadcrumbList","@id":"https:\/\/www.sinpro-rio.org.br\/principal\/vitoria-do-sinpro-rio-e-dos-docentes-da-uerj-e-materia-no-jornal-o-dia-de-hoje-04-12\/#breadcrumb","itemListElement":[{"@type":"ListItem","position":1,"name":"In\u00edcio","item":"https:\/\/www.sinpro-rio.org.br\/principal\/"},{"@type":"ListItem","position":2,"name":"Vit\u00f3ria do Sinpro-Rio e dos docentes da Uerj \u00e9 mat\u00e9ria no jornal O Dia de hoje, 04\/12"}]},{"@type":"WebSite","@id":"https:\/\/www.sinpro-rio.org.br\/principal\/#website","url":"https:\/\/www.sinpro-rio.org.br\/principal\/","name":"Sinpro-Rio","description":"Sindicato dos Professores do Munic\u00edpio do Rio de Janeiro e Regi\u00e3o","potentialAction":[{"@type":"SearchAction","target":{"@type":"EntryPoint","urlTemplate":"https:\/\/www.sinpro-rio.org.br\/principal\/?s={search_term_string}"},"query-input":{"@type":"PropertyValueSpecification","valueRequired":true,"valueName":"search_term_string"}}],"inLanguage":"pt-BR"},{"@type":"Person","@id":"https:\/\/www.sinpro-rio.org.br\/principal\/#\/schema\/person\/49feb585a2f57a31a6bd9f16f78e5be6","name":"rafaelrjp","image":{"@type":"ImageObject","inLanguage":"pt-BR","@id":"https:\/\/www.sinpro-rio.org.br\/principal\/#\/schema\/person\/image\/","url":"https:\/\/secure.gravatar.com\/avatar\/489371a0ba4655c340b519882c68cf68?s=96&d=mm&r=g","contentUrl":"https:\/\/secure.gravatar.com\/avatar\/489371a0ba4655c340b519882c68cf68?s=96&d=mm&r=g","caption":"rafaelrjp"},"url":"https:\/\/www.sinpro-rio.org.br\/principal\/author\/rafaelrjp\/"}]}},"_links":{"self":[{"href":"https:\/\/www.sinpro-rio.org.br\/principal\/wp-json\/wp\/v2\/posts\/20101","targetHints":{"allow":["GET"]}}],"collection":[{"href":"https:\/\/www.sinpro-rio.org.br\/principal\/wp-json\/wp\/v2\/posts"}],"about":[{"href":"https:\/\/www.sinpro-rio.org.br\/principal\/wp-json\/wp\/v2\/types\/post"}],"author":[{"embeddable":true,"href":"https:\/\/www.sinpro-rio.org.br\/principal\/wp-json\/wp\/v2\/users\/1"}],"replies":[{"embeddable":true,"href":"https:\/\/www.sinpro-rio.org.br\/principal\/wp-json\/wp\/v2\/comments?post=20101"}],"version-history":[{"count":0,"href":"https:\/\/www.sinpro-rio.org.br\/principal\/wp-json\/wp\/v2\/posts\/20101\/revisions"}],"wp:attachment":[{"href":"https:\/\/www.sinpro-rio.org.br\/principal\/wp-json\/wp\/v2\/media?parent=20101"}],"wp:term":[{"taxonomy":"category","embeddable":true,"href":"https:\/\/www.sinpro-rio.org.br\/principal\/wp-json\/wp\/v2\/categories?post=20101"},{"taxonomy":"post_tag","embeddable":true,"href":"https:\/\/www.sinpro-rio.org.br\/principal\/wp-json\/wp\/v2\/tags?post=20101"}],"curies":[{"name":"wp","href":"https:\/\/api.w.org\/{rel}","templated":true}]}}